{"id":3501,"date":"2008-12-08T12:57:36","date_gmt":"2008-12-08T11:57:36","guid":{"rendered":"http:\/\/www.mojabochnia.pl\/?p=3501"},"modified":"2008-12-06T13:13:39","modified_gmt":"2008-12-06T12:13:39","slug":"%e2%80%9eblizej-natury%e2%80%9d-w-bochenskiej-bibliotece","status":"publish","type":"post","link":"https:\/\/www.mojabochnia.pl\/?p=3501","title":{"rendered":"\u201eBli\u017cej natury\u201d w boche\u0144skiej bibliotece"},"content":{"rendered":"<p>Wernisa\u017c, na kt\u00f3ry zaprasza Powiatowa i Miejska Biblioteka Publiczna w Bochni odb\u0119dzie si\u0119 w ramach XLVI Salonu Artystyczno &#8211; Literackiego. Otwarcie wystawy zaplanowano na godz. 18.00 w sali Klubu Biblioteki. <\/p>\n<p>Podczas wernisa\u017cu wyst\u0105pi\u0105: Katarzyna Bielewicz (\u015bpiew), Joanna \u017bo\u0142na (instrumenty klawiszowe) i Magdalena \u017bo\u0142na (skrzypce).<\/p>\n<p>Wystaw\u0119 mo\u017cna zwiedza\u0107 do ko\u0144ca lutego 2009 r.<\/p>\n<p><strong>Henryk Kopa\u0144czyk <\/strong>urodzi\u0142 si\u0119 w 1954 roku w \u0141om\u017cy. Jest absolwentem PLSP w Nowym Wi\u015bniczu ze specjalno\u015bci\u0105 ceramika artystyczna i Instytutu Sztuki Akademii Pedagogicznej w Krakowie. Od 1977 roku pracuje jako nauczyciel ceramiki artystycznej w Liceum Plastycznym im. Jana Matejki w Nowym Wi\u015bniczu.<\/p>\n<p>Uczestniczy\u0142 w 48 wystawach krajowych i zagranicznych (m. in. we Frechen &#8211; Niemcy). Prezentowa\u0142 prace na Og\u00f3lnopolskim Przegl\u0105dzie Ceramiki w Opat\u00f3wku. Autor 10 wystaw indywidualnych w: Bochni, Tarnowie, Krakowie, Libi\u0105\u017cu, Nowym Wi\u015bniczu, My\u015blenicach, Lipnicy Murowanej, Limanowej, Che\u0142mie. Jego ceramiczne realizacje rze\u017abiarskie oraz kompozycje \u015bcienne znajduj\u0105 si\u0119 w kolekcjach prywatnych w kraju i za granic\u0105 (Niemcy, Szwecja, Finlandia, USA) <\/p>\n<p>Jest cz\u0142onkiem i za\u0142o\u017cycielem Stowarzyszenia Artyst\u00f3w Pedagog\u00f3w Ceramiki i Rze\u017aby oraz uczestnikiem corocznych Og\u00f3lnopolskich Plener\u00f3w Ceramicznych dla Nauczycieli Szk\u00f3\u0142 Plastycznych w Nowym Wi\u015bniczu. Wsp\u00f3\u0142organizowa\u0142 dwa plenery ceramiczno-rze\u017abiarskie \u201eCeramiczne Dialogi\u201d i \u201eSpotkania po latach\u201d<\/p>\n<p>Od kilku lat prowadzi warsztaty ceramiczne dla uczni\u00f3w szk\u00f3\u0142 podstawowych i gimnazj\u00f3w.<br \/>\nO prezentowanej tw\u00f3rczo\u015bci artysta m\u00f3wi: \u201eEksponowane na wystawie prace to efekt zmaga\u0144 z glin\u0105, w\u0142asnych eksperyment\u00f3w, poszukiwa\u0144, przemy\u015ble\u0144. Inspiracji staram si\u0119 szuka\u0107 w otaczaj\u0105cym mnie \u015bwiecie, a szczeg\u00f3lnie naturze niedo\u015bcignionej w swojej doskona\u0142o\u015bci.\u201d <\/p>\n","protected":false},"excerpt":{"rendered":"<p>Wystawa ceramiki artystycznej autorstwa Henryka Kopa\u0144czyka zatytu\u0142owana \u201eBli\u017cej natury\u201d zago\u015bci w boche\u0144skiej bibliotece. Otwarcie ekspozycji zaplanowana na jutrzejszy wiecz\u00f3r.<\/p>\n","protected":false},"author":1,"featured_media":0,"comment_status":"open","ping_status":"closed","sticky":false,"template":"","format":"standard","meta":{"_acf_changed":false,"footnotes":""},"categories":[92],"tags":[17162,94,564,1281,1892,685,1142,17135,17742,17375,17118,93,1666,669,17274,17159,17157],"class_list":["post-3501","post","type-post","status-publish","format-standard","hentry","category-kultura","tag-biblioteka","tag-ceramika","tag-czas-wolny","tag-ekspozycja","tag-henryk-kopanczyk","tag-jan-matejko","tag-klub-biblioteki","tag-kultura","tag-liceum-sztuk-plastycznych","tag-nauczyciele","tag-wisnicz","tag-plener","tag-sala-klubu","tag-salon-artystyczno-literacki","tag-sztuka","tag-wernisaz","tag-wystawa"],"acf":[],"yoast_head":"<!-- This site is optimized with the Yoast SEO plugin v26.9 - https:\/\/yoast.com\/product\/yoast-seo-wordpress\/ -->\n<title>\u201eBli\u017cej natury\u201d w boche\u0144skiej bibliotece - mojabochnia.pl - portal informacyjny<\/title>\n<meta name=\"robots\" content=\"index, follow, max-snippet:-1, max-image-preview:large, max-video-preview:-1\" \/>\n<link rel=\"canonical\" href=\"https:\/\/www.mojabochnia.pl\/?p=3501\" \/>\n<meta property=\"og:locale\" content=\"pl_PL\" \/>\n<meta property=\"og:type\" content=\"article\" \/>\n<meta property=\"og:title\" content=\"\u201eBli\u017cej natury\u201d w boche\u0144skiej bibliotece - mojabochnia.pl - portal informacyjny\" \/>\n<meta property=\"og:description\" content=\"Wystawa ceramiki artystycznej autorstwa Henryka Kopa\u0144czyka zatytu\u0142owana \u201eBli\u017cej natury\u201d zago\u015bci w boche\u0144skiej bibliotece. Otwarcie ekspozycji zaplanowana na jutrzejszy wiecz\u00f3r.\" \/>\n<meta property=\"og:url\" content=\"https:\/\/www.mojabochnia.pl\/?p=3501\" \/>\n<meta property=\"og:site_name\" content=\"mojabochnia.pl - portal informacyjny\" \/>\n<meta property=\"article:publisher\" content=\"https:\/\/www.facebook.com\/mojabochnia\" \/>\n<meta property=\"article:published_time\" content=\"2008-12-08T11:57:36+00:00\" \/>\n<meta name=\"author\" content=\"administrator\" \/>\n<meta name=\"twitter:card\" content=\"summary_large_image\" \/>\n<meta name=\"twitter:label1\" content=\"Written by\" \/>\n\t<meta name=\"twitter:data1\" content=\"administrator\" \/>\n\t<meta name=\"twitter:label2\" content=\"Est. reading time\" \/>\n\t<meta name=\"twitter:data2\" content=\"1 minuta\" \/>\n<script type=\"application\/ld+json\" class=\"yoast-schema-graph\">{\"@context\":\"https:\/\/schema.org\",\"@graph\":[{\"@type\":\"Article\",\"@id\":\"https:\/\/www.mojabochnia.pl\/?p=3501#article\",\"isPartOf\":{\"@id\":\"https:\/\/www.mojabochnia.pl\/?p=3501\"},\"author\":{\"name\":\"administrator\",\"@id\":\"https:\/\/www.mojabochnia.pl\/#\/schema\/person\/c00e1f64e6fa0e6de6d410f2c340017f\"},\"headline\":\"\u201eBli\u017cej natury\u201d w boche\u0144skiej bibliotece\",\"datePublished\":\"2008-12-08T11:57:36+00:00\",\"mainEntityOfPage\":{\"@id\":\"https:\/\/www.mojabochnia.pl\/?p=3501\"},\"wordCount\":277,\"commentCount\":0,\"publisher\":{\"@id\":\"https:\/\/www.mojabochnia.pl\/#organization\"},\"keywords\":[\"biblioteka\",\"ceramika\",\"czas wolny\",\"ekspozycja\",\"henryk kopa\u0144czyk\",\"jan matejko\",\"klub biblioteki\",\"kultura\",\"liceum sztuk plastycznych\",\"nauczyciele\",\"Nowy Wi\u015bnicz\",\"plener\",\"sala klubu\",\"salon artystyczno-literacki\",\"sztuka\",\"wernisa\u017c\",\"wystawa\"],\"articleSection\":[\"kultura\"],\"inLanguage\":\"pl-PL\",\"potentialAction\":[{\"@type\":\"CommentAction\",\"name\":\"Comment\",\"target\":[\"https:\/\/www.mojabochnia.pl\/?p=3501#respond\"]}]},{\"@type\":\"WebPage\",\"@id\":\"https:\/\/www.mojabochnia.pl\/?p=3501\",\"url\":\"https:\/\/www.mojabochnia.pl\/?p=3501\",\"name\":\"\u201eBli\u017cej natury\u201d w boche\u0144skiej bibliotece - mojabochnia.pl - portal informacyjny\",\"isPartOf\":{\"@id\":\"https:\/\/www.mojabochnia.pl\/#website\"},\"datePublished\":\"2008-12-08T11:57:36+00:00\",\"breadcrumb\":{\"@id\":\"https:\/\/www.mojabochnia.pl\/?p=3501#breadcrumb\"},\"inLanguage\":\"pl-PL\",\"potentialAction\":[{\"@type\":\"ReadAction\",\"target\":[\"https:\/\/www.mojabochnia.pl\/?p=3501\"]}]},{\"@type\":\"BreadcrumbList\",\"@id\":\"https:\/\/www.mojabochnia.pl\/?p=3501#breadcrumb\",\"itemListElement\":[{\"@type\":\"ListItem\",\"position\":1,\"name\":\"Home\",\"item\":\"https:\/\/www.mojabochnia.pl\/\"},{\"@type\":\"ListItem\",\"position\":2,\"name\":\"\u201eBli\u017cej natury\u201d w boche\u0144skiej bibliotece\"}]},{\"@type\":\"WebSite\",\"@id\":\"https:\/\/www.mojabochnia.pl\/#website\",\"url\":\"https:\/\/www.mojabochnia.pl\/\",\"name\":\"mojabochnia.pl - portal informacyjny\",\"description\":\"mojaBochnia to portal informacyjny o Bochni. Codziennie o Bochni piszemy i pokazujemy najwa\u017cniejsze wydarzenia\",\"publisher\":{\"@id\":\"https:\/\/www.mojabochnia.pl\/#organization\"},\"potentialAction\":[{\"@type\":\"SearchAction\",\"target\":{\"@type\":\"EntryPoint\",\"urlTemplate\":\"https:\/\/www.mojabochnia.pl\/?s={search_term_string}\"},\"query-input\":{\"@type\":\"PropertyValueSpecification\",\"valueRequired\":true,\"valueName\":\"search_term_string\"}}],\"inLanguage\":\"pl-PL\"},{\"@type\":\"Organization\",\"@id\":\"https:\/\/www.mojabochnia.pl\/#organization\",\"name\":\"mojabochnia.pl - portal informacyjny\",\"url\":\"https:\/\/www.mojabochnia.pl\/\",\"logo\":{\"@type\":\"ImageObject\",\"inLanguage\":\"pl-PL\",\"@id\":\"https:\/\/www.mojabochnia.pl\/#\/schema\/logo\/image\/\",\"url\":\"https:\/\/www.mojabochnia.pl\/wp-content\/uploads\/2017\/08\/logo-mb-opt.png\",\"contentUrl\":\"https:\/\/www.mojabochnia.pl\/wp-content\/uploads\/2017\/08\/logo-mb-opt.png\",\"width\":250,\"height\":48,\"caption\":\"mojabochnia.pl - portal informacyjny\"},\"image\":{\"@id\":\"https:\/\/www.mojabochnia.pl\/#\/schema\/logo\/image\/\"},\"sameAs\":[\"https:\/\/www.facebook.com\/mojabochnia\"]},{\"@type\":\"Person\",\"@id\":\"https:\/\/www.mojabochnia.pl\/#\/schema\/person\/c00e1f64e6fa0e6de6d410f2c340017f\",\"name\":\"administrator\",\"url\":\"https:\/\/www.mojabochnia.pl\/?author=1\"}]}<\/script>\n<!-- \/ Yoast SEO plugin. -->","yoast_head_json":{"title":"\u201eBli\u017cej natury\u201d w boche\u0144skiej bibliotece - mojabochnia.pl - portal informacyjny","robots":{"index":"index","follow":"follow","max-snippet":"max-snippet:-1","max-image-preview":"max-image-preview:large","max-video-preview":"max-video-preview:-1"},"canonical":"https:\/\/www.mojabochnia.pl\/?p=3501","og_locale":"pl_PL","og_type":"article","og_title":"\u201eBli\u017cej natury\u201d w boche\u0144skiej bibliotece - mojabochnia.pl - portal informacyjny","og_description":"Wystawa ceramiki artystycznej autorstwa Henryka Kopa\u0144czyka zatytu\u0142owana \u201eBli\u017cej natury\u201d zago\u015bci w boche\u0144skiej bibliotece. Otwarcie ekspozycji zaplanowana na jutrzejszy wiecz\u00f3r.","og_url":"https:\/\/www.mojabochnia.pl\/?p=3501","og_site_name":"mojabochnia.pl - portal informacyjny","article_publisher":"https:\/\/www.facebook.com\/mojabochnia","article_published_time":"2008-12-08T11:57:36+00:00","author":"administrator","twitter_card":"summary_large_image","twitter_misc":{"Written by":"administrator","Est. reading time":"1 minuta"},"schema":{"@context":"https:\/\/schema.org","@graph":[{"@type":"Article","@id":"https:\/\/www.mojabochnia.pl\/?p=3501#article","isPartOf":{"@id":"https:\/\/www.mojabochnia.pl\/?p=3501"},"author":{"name":"administrator","@id":"https:\/\/www.mojabochnia.pl\/#\/schema\/person\/c00e1f64e6fa0e6de6d410f2c340017f"},"headline":"\u201eBli\u017cej natury\u201d w boche\u0144skiej bibliotece","datePublished":"2008-12-08T11:57:36+00:00","mainEntityOfPage":{"@id":"https:\/\/www.mojabochnia.pl\/?p=3501"},"wordCount":277,"commentCount":0,"publisher":{"@id":"https:\/\/www.mojabochnia.pl\/#organization"},"keywords":["biblioteka","ceramika","czas wolny","ekspozycja","henryk kopa\u0144czyk","jan matejko","klub biblioteki","kultura","liceum sztuk plastycznych","nauczyciele","Nowy Wi\u015bnicz","plener","sala klubu","salon artystyczno-literacki","sztuka","wernisa\u017c","wystawa"],"articleSection":["kultura"],"inLanguage":"pl-PL","potentialAction":[{"@type":"CommentAction","name":"Comment","target":["https:\/\/www.mojabochnia.pl\/?p=3501#respond"]}]},{"@type":"WebPage","@id":"https:\/\/www.mojabochnia.pl\/?p=3501","url":"https:\/\/www.mojabochnia.pl\/?p=3501","name":"\u201eBli\u017cej natury\u201d w boche\u0144skiej bibliotece - mojabochnia.pl - portal informacyjny","isPartOf":{"@id":"https:\/\/www.mojabochnia.pl\/#website"},"datePublished":"2008-12-08T11:57:36+00:00","breadcrumb":{"@id":"https:\/\/www.mojabochnia.pl\/?p=3501#breadcrumb"},"inLanguage":"pl-PL","potentialAction":[{"@type":"ReadAction","target":["https:\/\/www.mojabochnia.pl\/?p=3501"]}]},{"@type":"BreadcrumbList","@id":"https:\/\/www.mojabochnia.pl\/?p=3501#breadcrumb","itemListElement":[{"@type":"ListItem","position":1,"name":"Home","item":"https:\/\/www.mojabochnia.pl\/"},{"@type":"ListItem","position":2,"name":"\u201eBli\u017cej natury\u201d w boche\u0144skiej bibliotece"}]},{"@type":"WebSite","@id":"https:\/\/www.mojabochnia.pl\/#website","url":"https:\/\/www.mojabochnia.pl\/","name":"mojabochnia.pl - portal informacyjny","description":"mojaBochnia to portal informacyjny o Bochni. Codziennie o Bochni piszemy i pokazujemy najwa\u017cniejsze wydarzenia","publisher":{"@id":"https:\/\/www.mojabochnia.pl\/#organization"},"potentialAction":[{"@type":"SearchAction","target":{"@type":"EntryPoint","urlTemplate":"https:\/\/www.mojabochnia.pl\/?s={search_term_string}"},"query-input":{"@type":"PropertyValueSpecification","valueRequired":true,"valueName":"search_term_string"}}],"inLanguage":"pl-PL"},{"@type":"Organization","@id":"https:\/\/www.mojabochnia.pl\/#organization","name":"mojabochnia.pl - portal informacyjny","url":"https:\/\/www.mojabochnia.pl\/","logo":{"@type":"ImageObject","inLanguage":"pl-PL","@id":"https:\/\/www.mojabochnia.pl\/#\/schema\/logo\/image\/","url":"https:\/\/www.mojabochnia.pl\/wp-content\/uploads\/2017\/08\/logo-mb-opt.png","contentUrl":"https:\/\/www.mojabochnia.pl\/wp-content\/uploads\/2017\/08\/logo-mb-opt.png","width":250,"height":48,"caption":"mojabochnia.pl - portal informacyjny"},"image":{"@id":"https:\/\/www.mojabochnia.pl\/#\/schema\/logo\/image\/"},"sameAs":["https:\/\/www.facebook.com\/mojabochnia"]},{"@type":"Person","@id":"https:\/\/www.mojabochnia.pl\/#\/schema\/person\/c00e1f64e6fa0e6de6d410f2c340017f","name":"administrator","url":"https:\/\/www.mojabochnia.pl\/?author=1"}]}},"_links":{"self":[{"href":"https:\/\/www.mojabochnia.pl\/index.php?rest_route=\/wp\/v2\/posts\/3501","targetHints":{"allow":["GET"]}}],"collection":[{"href":"https:\/\/www.mojabochnia.pl\/index.php?rest_route=\/wp\/v2\/posts"}],"about":[{"href":"https:\/\/www.mojabochnia.pl\/index.php?rest_route=\/wp\/v2\/types\/post"}],"author":[{"embeddable":true,"href":"https:\/\/www.mojabochnia.pl\/index.php?rest_route=\/wp\/v2\/users\/1"}],"replies":[{"embeddable":true,"href":"https:\/\/www.mojabochnia.pl\/index.php?rest_route=%2Fwp%2Fv2%2Fcomments&post=3501"}],"version-history":[{"count":0,"href":"https:\/\/www.mojabochnia.pl\/index.php?rest_route=\/wp\/v2\/posts\/3501\/revisions"}],"wp:attachment":[{"href":"https:\/\/www.mojabochnia.pl\/index.php?rest_route=%2Fwp%2Fv2%2Fmedia&parent=3501"}],"wp:term":[{"taxonomy":"category","embeddable":true,"href":"https:\/\/www.mojabochnia.pl\/index.php?rest_route=%2Fwp%2Fv2%2Fcategories&post=3501"},{"taxonomy":"post_tag","embeddable":true,"href":"https:\/\/www.mojabochnia.pl\/index.php?rest_route=%2Fwp%2Fv2%2Ftags&post=3501"}],"curies":[{"name":"wp","href":"https:\/\/api.w.org\/{rel}","templated":true}]}}