{"id":35007,"date":"2010-09-22T11:16:22","date_gmt":"2010-09-22T09:16:22","guid":{"rendered":"http:\/\/www.mojabochnia.pl\/?p=35007"},"modified":"2010-09-22T13:43:41","modified_gmt":"2010-09-22T11:43:41","slug":"kantor-demarczyk-szymborska-i-wielu-innych-od-dzisiaj-w-wisnickim-zamku","status":"publish","type":"post","link":"https:\/\/www.mojabochnia.pl\/?p=35007","title":{"rendered":"Kantor, Demarczyk, Szymborska i wielu innych &#8211; od dzisiaj w wi\u015bnickim zamku"},"content":{"rendered":"<p><strong>Ma\u0142gorzata Olkuska<\/strong> &#8211; urodzona 6 czerwca 1953 r. w Krakowie, absolwentka wydzia\u0142u rze\u017aby krakowskiej Akademii Sztuk Pi\u0119knych. Jest profesorem w Instytucie Sztuki Akademii Pedagogicznej w Krakowie. Uprawia rze\u017ab\u0119 i medalierstwo. <\/p>\n<p>Wieloletni pedagog, kt\u00f3ry wykszta\u0142cil wielu artyst\u00f3w, nauczycieli wychowania plastycznego. Artystka, kt\u00f3rej prace mo\u017cna by\u0142o ogl\u0105da\u0107 na wielu wystawach indywidualnych i zbiorowych, zar\u00f3wno w kraju jak i za granic\u0105.<\/p>\n<p>Artystka jest zwi\u0105zana z ziemi\u0105 wi\u015bnick\u0105. Uczestniczy\u0142a tu w wielu plenerach ceramicznych, wykszta\u0142ci\u0142a wielu platyk\u00f3w z terenu Wi\u015bnicza i okolic, a jej tw\u00f3rczo\u015b\u0107 jest bardzo dobrze znana osobom, kt\u00f3re interesuj\u0105 si\u0119 sztuk\u0105.<\/p>\n<p>Jak m\u00f3wi Renata JOnak, kustosz wi\u015bnickiego muzeum &#8211; wystawa prac artystki nie bez powody nosi tytu\u0142 &#8222;Postacie Ma\u0142gorzaty Olkuskiej w Wi\u015bnickim Zamku&#8221;. &#8211; <em>Pani Malgorzata wyrze\u017abi\u0142a postacie os\u00f3b znanych ze \u015bwiata polityki, czy sztuki. Jest wi\u0119c tu portret Matki Teresy z Kalkuty, J\u00f3zefa Pi\u0142sudskiego, Ewy Demarczyk, Tadeusza Kantora, Piotra Skrzyneckiego, Wiis\u0142awy Szymborskiej, Zofii Jaroszewskiej&#8230;<\/em> Ale to jedynie cz\u0119\u015b\u0107 nazwisk prezentowanych postaci. <\/p>\n<p>Rze\u017aby b\u0119dzie mo\u017cna ogl\u0105da\u0107 od dzisiaj w piwnicach p\u00f3lnocnego bastionu zamku. Wcze\u015bniej jednak go\u015bcie zapraszani s\u0105 na 2 pi\u0119tro, gdzie artystka opowie o najwa\u017cniejszych w\u0142asnych realizacjach, kt\u00f3rych na wystawie nie b\u0119dzie mo\u017cna ogl\u0105da\u0107. &#8211; <em>Atmosfera, kt\u00f3ra b\u0119dzie towarzyszy\u0142a prezentacji &#8211; b\u0119dzie niesamowita. Postacie wygladaj\u0105 jak duchy, gdy\u017c ich zdj\u0119cia nie s\u0105 pokazywane na ekranie, lecz rzucane na \u015bcian\u0119<\/em> &#8211; zdradza Renata Jonak.<\/p>\n<p>Spotkanie na zamku rozpocznie si\u0119 dzisiaj (22.09) o godzinie 17.00.<\/p>\n","protected":false},"excerpt":{"rendered":"<p>Dzi\u015b po po\u0142udniu w wi\u015bnickim zamku otwarta zostanie wystawa rze\u017ab Ma\u0142gorzaty Olkuskiej. Prezentowane rze\u017aby to postacie ze \u015bwiata polityki, czy sztuki. B\u0119dzie je mo\u017cna ogl\u0105da\u0107 przez najbli\u017csze trzy miesi\u0105ce.<\/p>\n","protected":false},"author":25,"featured_media":0,"comment_status":"open","ping_status":"closed","sticky":false,"template":"","format":"standard","meta":{"_acf_changed":false,"footnotes":""},"categories":[5,92,6250],"tags":[17135,7556,7555,17274,17159,17157,17726],"class_list":["post-35007","post","type-post","status-publish","format-standard","hentry","category-biezace-wydarzenia","category-kultura","category-tematyka","tag-kultura","tag-malgorzata-olkuska","tag-rzezby","tag-sztuka","tag-wernisaz","tag-wystawa","tag-zamek-w-wisniczu"],"acf":[],"yoast_head":"<!-- This site is optimized with the Yoast SEO plugin v26.9 - https:\/\/yoast.com\/product\/yoast-seo-wordpress\/ -->\n<title>Kantor, Demarczyk, Szymborska i wielu innych - od dzisiaj w wi\u015bnickim zamku - mojabochnia.pl - portal informacyjny<\/title>\n<meta name=\"robots\" content=\"index, follow, max-snippet:-1, max-image-preview:large, max-video-preview:-1\" \/>\n<link rel=\"canonical\" href=\"https:\/\/www.mojabochnia.pl\/?p=35007\" \/>\n<meta property=\"og:locale\" content=\"pl_PL\" \/>\n<meta property=\"og:type\" content=\"article\" \/>\n<meta property=\"og:title\" content=\"Kantor, Demarczyk, Szymborska i wielu innych - od dzisiaj w wi\u015bnickim zamku - mojabochnia.pl - portal informacyjny\" \/>\n<meta property=\"og:description\" content=\"Dzi\u015b po po\u0142udniu w wi\u015bnickim zamku otwarta zostanie wystawa rze\u017ab Ma\u0142gorzaty Olkuskiej. Prezentowane rze\u017aby to postacie ze \u015bwiata polityki, czy sztuki. B\u0119dzie je mo\u017cna ogl\u0105da\u0107 przez najbli\u017csze trzy miesi\u0105ce.\" \/>\n<meta property=\"og:url\" content=\"https:\/\/www.mojabochnia.pl\/?p=35007\" \/>\n<meta property=\"og:site_name\" content=\"mojabochnia.pl - portal informacyjny\" \/>\n<meta property=\"article:publisher\" content=\"https:\/\/www.facebook.com\/mojabochnia\" \/>\n<meta property=\"article:published_time\" content=\"2010-09-22T09:16:22+00:00\" \/>\n<meta property=\"article:modified_time\" content=\"2010-09-22T11:43:41+00:00\" \/>\n<meta name=\"author\" content=\"Weronika Kucharska\" \/>\n<meta name=\"twitter:card\" content=\"summary_large_image\" \/>\n<meta name=\"twitter:label1\" content=\"Written by\" \/>\n\t<meta name=\"twitter:data1\" content=\"Weronika Kucharska\" \/>\n\t<meta name=\"twitter:label2\" content=\"Est. reading time\" \/>\n\t<meta name=\"twitter:data2\" content=\"1 minuta\" \/>\n<script type=\"application\/ld+json\" class=\"yoast-schema-graph\">{\"@context\":\"https:\/\/schema.org\",\"@graph\":[{\"@type\":\"Article\",\"@id\":\"https:\/\/www.mojabochnia.pl\/?p=35007#article\",\"isPartOf\":{\"@id\":\"https:\/\/www.mojabochnia.pl\/?p=35007\"},\"author\":{\"name\":\"Weronika Kucharska\",\"@id\":\"https:\/\/www.mojabochnia.pl\/#\/schema\/person\/8515edb0b31efb661d6df7949969c0ff\"},\"headline\":\"Kantor, Demarczyk, Szymborska i wielu innych &#8211; od dzisiaj w wi\u015bnickim zamku\",\"datePublished\":\"2010-09-22T09:16:22+00:00\",\"dateModified\":\"2010-09-22T11:43:41+00:00\",\"mainEntityOfPage\":{\"@id\":\"https:\/\/www.mojabochnia.pl\/?p=35007\"},\"wordCount\":283,\"commentCount\":2,\"publisher\":{\"@id\":\"https:\/\/www.mojabochnia.pl\/#organization\"},\"keywords\":[\"kultura\",\"ma\u0142gorzata olkuska\",\"rze\u017aby\",\"sztuka\",\"wernisa\u017c\",\"wystawa\",\"zamek w wi\u015bniczu\"],\"articleSection\":[\"2_ostatnie\",\"kultura\",\"tematyka\"],\"inLanguage\":\"pl-PL\",\"potentialAction\":[{\"@type\":\"CommentAction\",\"name\":\"Comment\",\"target\":[\"https:\/\/www.mojabochnia.pl\/?p=35007#respond\"]}]},{\"@type\":\"WebPage\",\"@id\":\"https:\/\/www.mojabochnia.pl\/?p=35007\",\"url\":\"https:\/\/www.mojabochnia.pl\/?p=35007\",\"name\":\"Kantor, Demarczyk, Szymborska i wielu innych - od dzisiaj w wi\u015bnickim zamku - mojabochnia.pl - portal informacyjny\",\"isPartOf\":{\"@id\":\"https:\/\/www.mojabochnia.pl\/#website\"},\"datePublished\":\"2010-09-22T09:16:22+00:00\",\"dateModified\":\"2010-09-22T11:43:41+00:00\",\"breadcrumb\":{\"@id\":\"https:\/\/www.mojabochnia.pl\/?p=35007#breadcrumb\"},\"inLanguage\":\"pl-PL\",\"potentialAction\":[{\"@type\":\"ReadAction\",\"target\":[\"https:\/\/www.mojabochnia.pl\/?p=35007\"]}]},{\"@type\":\"BreadcrumbList\",\"@id\":\"https:\/\/www.mojabochnia.pl\/?p=35007#breadcrumb\",\"itemListElement\":[{\"@type\":\"ListItem\",\"position\":1,\"name\":\"Home\",\"item\":\"https:\/\/www.mojabochnia.pl\/\"},{\"@type\":\"ListItem\",\"position\":2,\"name\":\"Kantor, Demarczyk, Szymborska i wielu innych &#8211; od dzisiaj w wi\u015bnickim zamku\"}]},{\"@type\":\"WebSite\",\"@id\":\"https:\/\/www.mojabochnia.pl\/#website\",\"url\":\"https:\/\/www.mojabochnia.pl\/\",\"name\":\"mojabochnia.pl - portal informacyjny\",\"description\":\"mojaBochnia to portal informacyjny o Bochni. Codziennie o Bochni piszemy i pokazujemy najwa\u017cniejsze wydarzenia\",\"publisher\":{\"@id\":\"https:\/\/www.mojabochnia.pl\/#organization\"},\"potentialAction\":[{\"@type\":\"SearchAction\",\"target\":{\"@type\":\"EntryPoint\",\"urlTemplate\":\"https:\/\/www.mojabochnia.pl\/?s={search_term_string}\"},\"query-input\":{\"@type\":\"PropertyValueSpecification\",\"valueRequired\":true,\"valueName\":\"search_term_string\"}}],\"inLanguage\":\"pl-PL\"},{\"@type\":\"Organization\",\"@id\":\"https:\/\/www.mojabochnia.pl\/#organization\",\"name\":\"mojabochnia.pl - portal informacyjny\",\"url\":\"https:\/\/www.mojabochnia.pl\/\",\"logo\":{\"@type\":\"ImageObject\",\"inLanguage\":\"pl-PL\",\"@id\":\"https:\/\/www.mojabochnia.pl\/#\/schema\/logo\/image\/\",\"url\":\"https:\/\/www.mojabochnia.pl\/wp-content\/uploads\/2017\/08\/logo-mb-opt.png\",\"contentUrl\":\"https:\/\/www.mojabochnia.pl\/wp-content\/uploads\/2017\/08\/logo-mb-opt.png\",\"width\":250,\"height\":48,\"caption\":\"mojabochnia.pl - portal informacyjny\"},\"image\":{\"@id\":\"https:\/\/www.mojabochnia.pl\/#\/schema\/logo\/image\/\"},\"sameAs\":[\"https:\/\/www.facebook.com\/mojabochnia\"]},{\"@type\":\"Person\",\"@id\":\"https:\/\/www.mojabochnia.pl\/#\/schema\/person\/8515edb0b31efb661d6df7949969c0ff\",\"name\":\"Weronika Kucharska\",\"url\":\"https:\/\/www.mojabochnia.pl\/?author=25\"}]}<\/script>\n<!-- \/ Yoast SEO plugin. -->","yoast_head_json":{"title":"Kantor, Demarczyk, Szymborska i wielu innych - od dzisiaj w wi\u015bnickim zamku - mojabochnia.pl - portal informacyjny","robots":{"index":"index","follow":"follow","max-snippet":"max-snippet:-1","max-image-preview":"max-image-preview:large","max-video-preview":"max-video-preview:-1"},"canonical":"https:\/\/www.mojabochnia.pl\/?p=35007","og_locale":"pl_PL","og_type":"article","og_title":"Kantor, Demarczyk, Szymborska i wielu innych - od dzisiaj w wi\u015bnickim zamku - mojabochnia.pl - portal informacyjny","og_description":"Dzi\u015b po po\u0142udniu w wi\u015bnickim zamku otwarta zostanie wystawa rze\u017ab Ma\u0142gorzaty Olkuskiej. Prezentowane rze\u017aby to postacie ze \u015bwiata polityki, czy sztuki. B\u0119dzie je mo\u017cna ogl\u0105da\u0107 przez najbli\u017csze trzy miesi\u0105ce.","og_url":"https:\/\/www.mojabochnia.pl\/?p=35007","og_site_name":"mojabochnia.pl - portal informacyjny","article_publisher":"https:\/\/www.facebook.com\/mojabochnia","article_published_time":"2010-09-22T09:16:22+00:00","article_modified_time":"2010-09-22T11:43:41+00:00","author":"Weronika Kucharska","twitter_card":"summary_large_image","twitter_misc":{"Written by":"Weronika Kucharska","Est. reading time":"1 minuta"},"schema":{"@context":"https:\/\/schema.org","@graph":[{"@type":"Article","@id":"https:\/\/www.mojabochnia.pl\/?p=35007#article","isPartOf":{"@id":"https:\/\/www.mojabochnia.pl\/?p=35007"},"author":{"name":"Weronika Kucharska","@id":"https:\/\/www.mojabochnia.pl\/#\/schema\/person\/8515edb0b31efb661d6df7949969c0ff"},"headline":"Kantor, Demarczyk, Szymborska i wielu innych &#8211; od dzisiaj w wi\u015bnickim zamku","datePublished":"2010-09-22T09:16:22+00:00","dateModified":"2010-09-22T11:43:41+00:00","mainEntityOfPage":{"@id":"https:\/\/www.mojabochnia.pl\/?p=35007"},"wordCount":283,"commentCount":2,"publisher":{"@id":"https:\/\/www.mojabochnia.pl\/#organization"},"keywords":["kultura","ma\u0142gorzata olkuska","rze\u017aby","sztuka","wernisa\u017c","wystawa","zamek w wi\u015bniczu"],"articleSection":["2_ostatnie","kultura","tematyka"],"inLanguage":"pl-PL","potentialAction":[{"@type":"CommentAction","name":"Comment","target":["https:\/\/www.mojabochnia.pl\/?p=35007#respond"]}]},{"@type":"WebPage","@id":"https:\/\/www.mojabochnia.pl\/?p=35007","url":"https:\/\/www.mojabochnia.pl\/?p=35007","name":"Kantor, Demarczyk, Szymborska i wielu innych - od dzisiaj w wi\u015bnickim zamku - mojabochnia.pl - portal informacyjny","isPartOf":{"@id":"https:\/\/www.mojabochnia.pl\/#website"},"datePublished":"2010-09-22T09:16:22+00:00","dateModified":"2010-09-22T11:43:41+00:00","breadcrumb":{"@id":"https:\/\/www.mojabochnia.pl\/?p=35007#breadcrumb"},"inLanguage":"pl-PL","potentialAction":[{"@type":"ReadAction","target":["https:\/\/www.mojabochnia.pl\/?p=35007"]}]},{"@type":"BreadcrumbList","@id":"https:\/\/www.mojabochnia.pl\/?p=35007#breadcrumb","itemListElement":[{"@type":"ListItem","position":1,"name":"Home","item":"https:\/\/www.mojabochnia.pl\/"},{"@type":"ListItem","position":2,"name":"Kantor, Demarczyk, Szymborska i wielu innych &#8211; od dzisiaj w wi\u015bnickim zamku"}]},{"@type":"WebSite","@id":"https:\/\/www.mojabochnia.pl\/#website","url":"https:\/\/www.mojabochnia.pl\/","name":"mojabochnia.pl - portal informacyjny","description":"mojaBochnia to portal informacyjny o Bochni. Codziennie o Bochni piszemy i pokazujemy najwa\u017cniejsze wydarzenia","publisher":{"@id":"https:\/\/www.mojabochnia.pl\/#organization"},"potentialAction":[{"@type":"SearchAction","target":{"@type":"EntryPoint","urlTemplate":"https:\/\/www.mojabochnia.pl\/?s={search_term_string}"},"query-input":{"@type":"PropertyValueSpecification","valueRequired":true,"valueName":"search_term_string"}}],"inLanguage":"pl-PL"},{"@type":"Organization","@id":"https:\/\/www.mojabochnia.pl\/#organization","name":"mojabochnia.pl - portal informacyjny","url":"https:\/\/www.mojabochnia.pl\/","logo":{"@type":"ImageObject","inLanguage":"pl-PL","@id":"https:\/\/www.mojabochnia.pl\/#\/schema\/logo\/image\/","url":"https:\/\/www.mojabochnia.pl\/wp-content\/uploads\/2017\/08\/logo-mb-opt.png","contentUrl":"https:\/\/www.mojabochnia.pl\/wp-content\/uploads\/2017\/08\/logo-mb-opt.png","width":250,"height":48,"caption":"mojabochnia.pl - portal informacyjny"},"image":{"@id":"https:\/\/www.mojabochnia.pl\/#\/schema\/logo\/image\/"},"sameAs":["https:\/\/www.facebook.com\/mojabochnia"]},{"@type":"Person","@id":"https:\/\/www.mojabochnia.pl\/#\/schema\/person\/8515edb0b31efb661d6df7949969c0ff","name":"Weronika Kucharska","url":"https:\/\/www.mojabochnia.pl\/?author=25"}]}},"_links":{"self":[{"href":"https:\/\/www.mojabochnia.pl\/index.php?rest_route=\/wp\/v2\/posts\/35007","targetHints":{"allow":["GET"]}}],"collection":[{"href":"https:\/\/www.mojabochnia.pl\/index.php?rest_route=\/wp\/v2\/posts"}],"about":[{"href":"https:\/\/www.mojabochnia.pl\/index.php?rest_route=\/wp\/v2\/types\/post"}],"author":[{"embeddable":true,"href":"https:\/\/www.mojabochnia.pl\/index.php?rest_route=\/wp\/v2\/users\/25"}],"replies":[{"embeddable":true,"href":"https:\/\/www.mojabochnia.pl\/index.php?rest_route=%2Fwp%2Fv2%2Fcomments&post=35007"}],"version-history":[{"count":0,"href":"https:\/\/www.mojabochnia.pl\/index.php?rest_route=\/wp\/v2\/posts\/35007\/revisions"}],"wp:attachment":[{"href":"https:\/\/www.mojabochnia.pl\/index.php?rest_route=%2Fwp%2Fv2%2Fmedia&parent=35007"}],"wp:term":[{"taxonomy":"category","embeddable":true,"href":"https:\/\/www.mojabochnia.pl\/index.php?rest_route=%2Fwp%2Fv2%2Fcategories&post=35007"},{"taxonomy":"post_tag","embeddable":true,"href":"https:\/\/www.mojabochnia.pl\/index.php?rest_route=%2Fwp%2Fv2%2Ftags&post=35007"}],"curies":[{"name":"wp","href":"https:\/\/api.w.org\/{rel}","templated":true}]}}