{"id":34902,"date":"2010-09-22T07:12:15","date_gmt":"2010-09-22T05:12:15","guid":{"rendered":"http:\/\/www.mojabochnia.pl\/?p=34902"},"modified":"2010-09-21T13:39:50","modified_gmt":"2010-09-21T11:39:50","slug":"wtz-proszowki-dobiegaja-konca-remonty-po-powodzi","status":"publish","type":"post","link":"https:\/\/www.mojabochnia.pl\/?p=34902","title":{"rendered":"WTZ Prosz\u00f3wki: dobiegaj\u0105 ko\u0144ca remonty po powodzi"},"content":{"rendered":"<p>Konieczne by\u0142o zrywanie tynk\u00f3w, posadzek, zakup nowych mebli. Dzi\u0119ki pomocy finansowej firmy Novartis, kt\u00f3ra przekaza\u0142a plac\u00f3wce 75 tys. z\u0142, warsztaty wr\u00f3ci\u0142y do stanu sprzed powodzi.<\/p>\n<p>Dzi\u0119ki temu, \u017ce w prac\u0119 przy sprz\u0105taniu oraz remoncie warsztat\u00f3w terapii zaj\u0119ciowej w Prosz\u00f3wkach zaanga\u017cowali si\u0119 uczestnicy warsztat\u00f3w oraz ich rodzice, 95% przekazanej kwoty mo\u017cna by\u0142o przeznaczy\u0107 na zakup nowych urz\u0105dze\u0144 oraz mebli. W WTZ w Prosz\u00f3wkach bior\u0105 udzia\u0142 43 osoby.<\/p>\n<p>12 pa\u017adziernika odb\u0119dzie si\u0119 po\u015bwi\u0119cenie odnowionych warsztat\u00f3w. Przyb\u0119d\u0105 na nie przedstawiciele firmy Novartis oraz szef tarnowskiego oddzia\u0142u Caritas.<\/p>\n\t  \r\n\t\r\n\t    <div class=\"mb-gallery\">\r\n\t    <a href=\"https:\/\/www.mojabochnia.pl\/?attachment_id=34904\" class=\"\"><img loading=\"lazy\" decoding=\"async\" width=\"100\" height=\"56\" src=\"https:\/\/www.mojabochnia.pl\/wp-content\/uploads\/2010\/09\/IMG_3602-120x67.jpg\" class=\"attachment-100x100 size-100x100\" alt=\"\" srcset=\"https:\/\/www.mojabochnia.pl\/wp-content\/uploads\/2010\/09\/IMG_3602-120x67.jpg 120w, https:\/\/www.mojabochnia.pl\/wp-content\/uploads\/2010\/09\/IMG_3602-468x263.jpg 468w, https:\/\/www.mojabochnia.pl\/wp-content\/uploads\/2010\/09\/IMG_3602-660x371.jpg 660w, https:\/\/www.mojabochnia.pl\/wp-content\/uploads\/2010\/09\/IMG_3602.jpg 800w\" sizes=\"auto, (max-width: 100px) 100vw, 100px\" \/><\/a><a href=\"https:\/\/www.mojabochnia.pl\/?attachment_id=34905\" class=\"\"><img loading=\"lazy\" decoding=\"async\" width=\"100\" height=\"56\" src=\"https:\/\/www.mojabochnia.pl\/wp-content\/uploads\/2010\/09\/IMG_3604-120x67.jpg\" class=\"attachment-100x100 size-100x100\" alt=\"\" srcset=\"https:\/\/www.mojabochnia.pl\/wp-content\/uploads\/2010\/09\/IMG_3604-120x67.jpg 120w, https:\/\/www.mojabochnia.pl\/wp-content\/uploads\/2010\/09\/IMG_3604-468x263.jpg 468w, https:\/\/www.mojabochnia.pl\/wp-content\/uploads\/2010\/09\/IMG_3604-660x371.jpg 660w, https:\/\/www.mojabochnia.pl\/wp-content\/uploads\/2010\/09\/IMG_3604.jpg 800w\" sizes=\"auto, (max-width: 100px) 100vw, 100px\" \/><\/a><a href=\"https:\/\/www.mojabochnia.pl\/?attachment_id=34906\" class=\"\"><img loading=\"lazy\" decoding=\"async\" width=\"100\" height=\"56\" src=\"https:\/\/www.mojabochnia.pl\/wp-content\/uploads\/2010\/09\/IMG_3605-120x67.jpg\" class=\"attachment-100x100 size-100x100\" alt=\"\" srcset=\"https:\/\/www.mojabochnia.pl\/wp-content\/uploads\/2010\/09\/IMG_3605-120x67.jpg 120w, https:\/\/www.mojabochnia.pl\/wp-content\/uploads\/2010\/09\/IMG_3605-468x263.jpg 468w, https:\/\/www.mojabochnia.pl\/wp-content\/uploads\/2010\/09\/IMG_3605-660x371.jpg 660w, https:\/\/www.mojabochnia.pl\/wp-content\/uploads\/2010\/09\/IMG_3605.jpg 800w\" sizes=\"auto, (max-width: 100px) 100vw, 100px\" \/><\/a><a href=\"https:\/\/www.mojabochnia.pl\/?attachment_id=34907\" class=\"\"><img loading=\"lazy\" decoding=\"async\" width=\"100\" height=\"56\" src=\"https:\/\/www.mojabochnia.pl\/wp-content\/uploads\/2010\/09\/IMG_3606-120x67.jpg\" class=\"attachment-100x100 size-100x100\" alt=\"\" srcset=\"https:\/\/www.mojabochnia.pl\/wp-content\/uploads\/2010\/09\/IMG_3606-120x67.jpg 120w, https:\/\/www.mojabochnia.pl\/wp-content\/uploads\/2010\/09\/IMG_3606-468x263.jpg 468w, https:\/\/www.mojabochnia.pl\/wp-content\/uploads\/2010\/09\/IMG_3606-660x372.jpg 660w, https:\/\/www.mojabochnia.pl\/wp-content\/uploads\/2010\/09\/IMG_3606.jpg 800w\" sizes=\"auto, (max-width: 100px) 100vw, 100px\" \/><\/a><a href=\"https:\/\/www.mojabochnia.pl\/?attachment_id=34908\" class=\"\"><img loading=\"lazy\" decoding=\"async\" width=\"100\" height=\"56\" src=\"https:\/\/www.mojabochnia.pl\/wp-content\/uploads\/2010\/09\/IMG_3607-120x67.jpg\" class=\"attachment-100x100 size-100x100\" alt=\"\" srcset=\"https:\/\/www.mojabochnia.pl\/wp-content\/uploads\/2010\/09\/IMG_3607-120x67.jpg 120w, https:\/\/www.mojabochnia.pl\/wp-content\/uploads\/2010\/09\/IMG_3607-468x263.jpg 468w, https:\/\/www.mojabochnia.pl\/wp-content\/uploads\/2010\/09\/IMG_3607-660x371.jpg 660w, https:\/\/www.mojabochnia.pl\/wp-content\/uploads\/2010\/09\/IMG_3607.jpg 800w\" sizes=\"auto, (max-width: 100px) 100vw, 100px\" \/><\/a><a href=\"https:\/\/www.mojabochnia.pl\/?attachment_id=34909\" class=\"\"><img loading=\"lazy\" decoding=\"async\" width=\"100\" height=\"56\" src=\"https:\/\/www.mojabochnia.pl\/wp-content\/uploads\/2010\/09\/IMG_3610-120x67.jpg\" class=\"attachment-100x100 size-100x100\" alt=\"\" srcset=\"https:\/\/www.mojabochnia.pl\/wp-content\/uploads\/2010\/09\/IMG_3610-120x67.jpg 120w, https:\/\/www.mojabochnia.pl\/wp-content\/uploads\/2010\/09\/IMG_3610-468x263.jpg 468w, https:\/\/www.mojabochnia.pl\/wp-content\/uploads\/2010\/09\/IMG_3610-660x371.jpg 660w, https:\/\/www.mojabochnia.pl\/wp-content\/uploads\/2010\/09\/IMG_3610.jpg 800w\" sizes=\"auto, (max-width: 100px) 100vw, 100px\" \/><\/a><a href=\"https:\/\/www.mojabochnia.pl\/?attachment_id=34910\" class=\"\"><img loading=\"lazy\" decoding=\"async\" width=\"100\" height=\"56\" src=\"https:\/\/www.mojabochnia.pl\/wp-content\/uploads\/2010\/09\/IMG_3612-120x67.jpg\" class=\"attachment-100x100 size-100x100\" alt=\"\" srcset=\"https:\/\/www.mojabochnia.pl\/wp-content\/uploads\/2010\/09\/IMG_3612-120x67.jpg 120w, https:\/\/www.mojabochnia.pl\/wp-content\/uploads\/2010\/09\/IMG_3612-468x263.jpg 468w, https:\/\/www.mojabochnia.pl\/wp-content\/uploads\/2010\/09\/IMG_3612-660x371.jpg 660w, https:\/\/www.mojabochnia.pl\/wp-content\/uploads\/2010\/09\/IMG_3612.jpg 800w\" sizes=\"auto, (max-width: 100px) 100vw, 100px\" \/><\/a><a href=\"https:\/\/www.mojabochnia.pl\/?attachment_id=34911\" class=\"\"><img loading=\"lazy\" decoding=\"async\" width=\"100\" height=\"56\" src=\"https:\/\/www.mojabochnia.pl\/wp-content\/uploads\/2010\/09\/IMG_3613-120x67.jpg\" class=\"attachment-100x100 size-100x100\" alt=\"\" srcset=\"https:\/\/www.mojabochnia.pl\/wp-content\/uploads\/2010\/09\/IMG_3613-120x67.jpg 120w, https:\/\/www.mojabochnia.pl\/wp-content\/uploads\/2010\/09\/IMG_3613-468x263.jpg 468w, https:\/\/www.mojabochnia.pl\/wp-content\/uploads\/2010\/09\/IMG_3613-660x371.jpg 660w, https:\/\/www.mojabochnia.pl\/wp-content\/uploads\/2010\/09\/IMG_3613.jpg 800w\" sizes=\"auto, (max-width: 100px) 100vw, 100px\" \/><\/a><a href=\"https:\/\/www.mojabochnia.pl\/?attachment_id=34912\" class=\"\"><img loading=\"lazy\" decoding=\"async\" width=\"100\" height=\"56\" src=\"https:\/\/www.mojabochnia.pl\/wp-content\/uploads\/2010\/09\/IMG_3614-120x67.jpg\" class=\"attachment-100x100 size-100x100\" alt=\"\" srcset=\"https:\/\/www.mojabochnia.pl\/wp-content\/uploads\/2010\/09\/IMG_3614-120x67.jpg 120w, https:\/\/www.mojabochnia.pl\/wp-content\/uploads\/2010\/09\/IMG_3614-468x264.jpg 468w, https:\/\/www.mojabochnia.pl\/wp-content\/uploads\/2010\/09\/IMG_3614-660x372.jpg 660w, https:\/\/www.mojabochnia.pl\/wp-content\/uploads\/2010\/09\/IMG_3614.jpg 800w\" sizes=\"auto, (max-width: 100px) 100vw, 100px\" \/><\/a><a href=\"https:\/\/www.mojabochnia.pl\/?attachment_id=34913\" class=\"\"><img loading=\"lazy\" decoding=\"async\" width=\"100\" height=\"56\" src=\"https:\/\/www.mojabochnia.pl\/wp-content\/uploads\/2010\/09\/IMG_3615-120x67.jpg\" class=\"attachment-100x100 size-100x100\" alt=\"\" srcset=\"https:\/\/www.mojabochnia.pl\/wp-content\/uploads\/2010\/09\/IMG_3615-120x67.jpg 120w, https:\/\/www.mojabochnia.pl\/wp-content\/uploads\/2010\/09\/IMG_3615-468x263.jpg 468w, https:\/\/www.mojabochnia.pl\/wp-content\/uploads\/2010\/09\/IMG_3615-660x371.jpg 660w, https:\/\/www.mojabochnia.pl\/wp-content\/uploads\/2010\/09\/IMG_3615.jpg 800w\" sizes=\"auto, (max-width: 100px) 100vw, 100px\" \/><\/a><a href=\"https:\/\/www.mojabochnia.pl\/?attachment_id=34914\" class=\"\"><img loading=\"lazy\" decoding=\"async\" width=\"100\" height=\"56\" src=\"https:\/\/www.mojabochnia.pl\/wp-content\/uploads\/2010\/09\/IMG_3616-120x67.jpg\" class=\"attachment-100x100 size-100x100\" alt=\"\" srcset=\"https:\/\/www.mojabochnia.pl\/wp-content\/uploads\/2010\/09\/IMG_3616-120x67.jpg 120w, https:\/\/www.mojabochnia.pl\/wp-content\/uploads\/2010\/09\/IMG_3616-468x263.jpg 468w, https:\/\/www.mojabochnia.pl\/wp-content\/uploads\/2010\/09\/IMG_3616-660x371.jpg 660w, https:\/\/www.mojabochnia.pl\/wp-content\/uploads\/2010\/09\/IMG_3616.jpg 800w\" sizes=\"auto, (max-width: 100px) 100vw, 100px\" \/><\/a><a href=\"https:\/\/www.mojabochnia.pl\/?attachment_id=34915\" class=\"\"><img loading=\"lazy\" decoding=\"async\" width=\"100\" height=\"56\" src=\"https:\/\/www.mojabochnia.pl\/wp-content\/uploads\/2010\/09\/IMG_3621-120x67.jpg\" class=\"attachment-100x100 size-100x100\" alt=\"\" srcset=\"https:\/\/www.mojabochnia.pl\/wp-content\/uploads\/2010\/09\/IMG_3621-120x67.jpg 120w, https:\/\/www.mojabochnia.pl\/wp-content\/uploads\/2010\/09\/IMG_3621-468x263.jpg 468w, https:\/\/www.mojabochnia.pl\/wp-content\/uploads\/2010\/09\/IMG_3621-660x371.jpg 660w, https:\/\/www.mojabochnia.pl\/wp-content\/uploads\/2010\/09\/IMG_3621.jpg 800w\" sizes=\"auto, (max-width: 100px) 100vw, 100px\" \/><\/a>\t    <\/div>\r\n\t    ","protected":false},"excerpt":{"rendered":"<p>Warsztaty Terapii Zaj\u0119ciowej w Prosz\u00f3wkach ko\u0142o Bochni przywr\u00f3cone do stanu sprzed powodzi. 17 maja woda zala\u0142a wszystkie pomieszczenia warsztat\u00f3w, uszkadzaj\u0105c wi\u0119kszo\u015b\u0107 sprz\u0119tu komputerowego, rehabilitacyjnego, urz\u0105dzenia AGD oraz meble. <\/p>\n","protected":false},"author":4,"featured_media":0,"comment_status":"open","ping_status":"closed","sticky":false,"template":"","format":"standard","meta":{"_acf_changed":false,"footnotes":""},"categories":[5,6251,6250],"tags":[1527,17221,7145,17774,17187,17300,17499],"class_list":["post-34902","post","type-post","status-publish","format-standard","hentry","category-biezace-wydarzenia","category-polityka-i-wydarzenia","category-tematyka","tag-edward-firek","tag-niepelnosprawni","tag-novartis","tag-powodz","tag-proszowki","tag-remont","tag-wtz"],"acf":[],"yoast_head":"<!-- This site is optimized with the Yoast SEO plugin v26.9 - https:\/\/yoast.com\/product\/yoast-seo-wordpress\/ -->\n<title>WTZ Prosz\u00f3wki: dobiegaj\u0105 ko\u0144ca remonty po powodzi - mojabochnia.pl - portal informacyjny<\/title>\n<meta name=\"robots\" content=\"index, follow, max-snippet:-1, max-image-preview:large, max-video-preview:-1\" \/>\n<link rel=\"canonical\" href=\"https:\/\/www.mojabochnia.pl\/?p=34902\" \/>\n<meta property=\"og:locale\" content=\"pl_PL\" \/>\n<meta property=\"og:type\" content=\"article\" \/>\n<meta property=\"og:title\" content=\"WTZ Prosz\u00f3wki: dobiegaj\u0105 ko\u0144ca remonty po powodzi - mojabochnia.pl - portal informacyjny\" \/>\n<meta property=\"og:description\" content=\"Warsztaty Terapii Zaj\u0119ciowej w Prosz\u00f3wkach ko\u0142o Bochni przywr\u00f3cone do stanu sprzed powodzi. 17 maja woda zala\u0142a wszystkie pomieszczenia warsztat\u00f3w, uszkadzaj\u0105c wi\u0119kszo\u015b\u0107 sprz\u0119tu komputerowego, rehabilitacyjnego, urz\u0105dzenia AGD oraz meble.\" \/>\n<meta property=\"og:url\" content=\"https:\/\/www.mojabochnia.pl\/?p=34902\" \/>\n<meta property=\"og:site_name\" content=\"mojabochnia.pl - portal informacyjny\" \/>\n<meta property=\"article:publisher\" content=\"https:\/\/www.facebook.com\/mojabochnia\" \/>\n<meta property=\"article:published_time\" content=\"2010-09-22T05:12:15+00:00\" \/>\n<meta name=\"author\" content=\"Pawe\u0142 Michalczyk\" \/>\n<meta name=\"twitter:card\" content=\"summary_large_image\" \/>\n<meta name=\"twitter:label1\" content=\"Written by\" \/>\n\t<meta name=\"twitter:data1\" content=\"Pawe\u0142 Michalczyk\" \/>\n\t<meta name=\"twitter:label2\" content=\"Est. reading time\" \/>\n\t<meta name=\"twitter:data2\" content=\"1 minuta\" \/>\n<script type=\"application\/ld+json\" class=\"yoast-schema-graph\">{\"@context\":\"https:\/\/schema.org\",\"@graph\":[{\"@type\":\"Article\",\"@id\":\"https:\/\/www.mojabochnia.pl\/?p=34902#article\",\"isPartOf\":{\"@id\":\"https:\/\/www.mojabochnia.pl\/?p=34902\"},\"author\":{\"name\":\"Pawe\u0142 Michalczyk\",\"@id\":\"https:\/\/www.mojabochnia.pl\/#\/schema\/person\/ea042e4724a77627963f02166828ead4\"},\"headline\":\"WTZ Prosz\u00f3wki: dobiegaj\u0105 ko\u0144ca remonty po powodzi\",\"datePublished\":\"2010-09-22T05:12:15+00:00\",\"mainEntityOfPage\":{\"@id\":\"https:\/\/www.mojabochnia.pl\/?p=34902\"},\"wordCount\":115,\"commentCount\":0,\"publisher\":{\"@id\":\"https:\/\/www.mojabochnia.pl\/#organization\"},\"keywords\":[\"edward firek\",\"niepe\u0142nosprawni\",\"novartis\",\"pow\u00f3d\u017a\",\"prosz\u00f3wki\",\"remont\",\"wtz\"],\"articleSection\":[\"2_ostatnie\",\"polityka i wydarzenia\",\"tematyka\"],\"inLanguage\":\"pl-PL\",\"potentialAction\":[{\"@type\":\"CommentAction\",\"name\":\"Comment\",\"target\":[\"https:\/\/www.mojabochnia.pl\/?p=34902#respond\"]}]},{\"@type\":\"WebPage\",\"@id\":\"https:\/\/www.mojabochnia.pl\/?p=34902\",\"url\":\"https:\/\/www.mojabochnia.pl\/?p=34902\",\"name\":\"WTZ Prosz\u00f3wki: dobiegaj\u0105 ko\u0144ca remonty po powodzi - mojabochnia.pl - portal informacyjny\",\"isPartOf\":{\"@id\":\"https:\/\/www.mojabochnia.pl\/#website\"},\"datePublished\":\"2010-09-22T05:12:15+00:00\",\"breadcrumb\":{\"@id\":\"https:\/\/www.mojabochnia.pl\/?p=34902#breadcrumb\"},\"inLanguage\":\"pl-PL\",\"potentialAction\":[{\"@type\":\"ReadAction\",\"target\":[\"https:\/\/www.mojabochnia.pl\/?p=34902\"]}]},{\"@type\":\"BreadcrumbList\",\"@id\":\"https:\/\/www.mojabochnia.pl\/?p=34902#breadcrumb\",\"itemListElement\":[{\"@type\":\"ListItem\",\"position\":1,\"name\":\"Home\",\"item\":\"https:\/\/www.mojabochnia.pl\/\"},{\"@type\":\"ListItem\",\"position\":2,\"name\":\"WTZ Prosz\u00f3wki: dobiegaj\u0105 ko\u0144ca remonty po powodzi\"}]},{\"@type\":\"WebSite\",\"@id\":\"https:\/\/www.mojabochnia.pl\/#website\",\"url\":\"https:\/\/www.mojabochnia.pl\/\",\"name\":\"mojabochnia.pl - portal informacyjny\",\"description\":\"mojaBochnia to portal informacyjny o Bochni. Codziennie o Bochni piszemy i pokazujemy najwa\u017cniejsze wydarzenia\",\"publisher\":{\"@id\":\"https:\/\/www.mojabochnia.pl\/#organization\"},\"potentialAction\":[{\"@type\":\"SearchAction\",\"target\":{\"@type\":\"EntryPoint\",\"urlTemplate\":\"https:\/\/www.mojabochnia.pl\/?s={search_term_string}\"},\"query-input\":{\"@type\":\"PropertyValueSpecification\",\"valueRequired\":true,\"valueName\":\"search_term_string\"}}],\"inLanguage\":\"pl-PL\"},{\"@type\":\"Organization\",\"@id\":\"https:\/\/www.mojabochnia.pl\/#organization\",\"name\":\"mojabochnia.pl - portal informacyjny\",\"url\":\"https:\/\/www.mojabochnia.pl\/\",\"logo\":{\"@type\":\"ImageObject\",\"inLanguage\":\"pl-PL\",\"@id\":\"https:\/\/www.mojabochnia.pl\/#\/schema\/logo\/image\/\",\"url\":\"https:\/\/www.mojabochnia.pl\/wp-content\/uploads\/2017\/08\/logo-mb-opt.png\",\"contentUrl\":\"https:\/\/www.mojabochnia.pl\/wp-content\/uploads\/2017\/08\/logo-mb-opt.png\",\"width\":250,\"height\":48,\"caption\":\"mojabochnia.pl - portal informacyjny\"},\"image\":{\"@id\":\"https:\/\/www.mojabochnia.pl\/#\/schema\/logo\/image\/\"},\"sameAs\":[\"https:\/\/www.facebook.com\/mojabochnia\"]},{\"@type\":\"Person\",\"@id\":\"https:\/\/www.mojabochnia.pl\/#\/schema\/person\/ea042e4724a77627963f02166828ead4\",\"name\":\"Pawe\u0142 Michalczyk\",\"url\":\"https:\/\/www.mojabochnia.pl\/?author=4\"}]}<\/script>\n<!-- \/ Yoast SEO plugin. -->","yoast_head_json":{"title":"WTZ Prosz\u00f3wki: dobiegaj\u0105 ko\u0144ca remonty po powodzi - mojabochnia.pl - portal informacyjny","robots":{"index":"index","follow":"follow","max-snippet":"max-snippet:-1","max-image-preview":"max-image-preview:large","max-video-preview":"max-video-preview:-1"},"canonical":"https:\/\/www.mojabochnia.pl\/?p=34902","og_locale":"pl_PL","og_type":"article","og_title":"WTZ Prosz\u00f3wki: dobiegaj\u0105 ko\u0144ca remonty po powodzi - mojabochnia.pl - portal informacyjny","og_description":"Warsztaty Terapii Zaj\u0119ciowej w Prosz\u00f3wkach ko\u0142o Bochni przywr\u00f3cone do stanu sprzed powodzi. 17 maja woda zala\u0142a wszystkie pomieszczenia warsztat\u00f3w, uszkadzaj\u0105c wi\u0119kszo\u015b\u0107 sprz\u0119tu komputerowego, rehabilitacyjnego, urz\u0105dzenia AGD oraz meble.","og_url":"https:\/\/www.mojabochnia.pl\/?p=34902","og_site_name":"mojabochnia.pl - portal informacyjny","article_publisher":"https:\/\/www.facebook.com\/mojabochnia","article_published_time":"2010-09-22T05:12:15+00:00","author":"Pawe\u0142 Michalczyk","twitter_card":"summary_large_image","twitter_misc":{"Written by":"Pawe\u0142 Michalczyk","Est. reading time":"1 minuta"},"schema":{"@context":"https:\/\/schema.org","@graph":[{"@type":"Article","@id":"https:\/\/www.mojabochnia.pl\/?p=34902#article","isPartOf":{"@id":"https:\/\/www.mojabochnia.pl\/?p=34902"},"author":{"name":"Pawe\u0142 Michalczyk","@id":"https:\/\/www.mojabochnia.pl\/#\/schema\/person\/ea042e4724a77627963f02166828ead4"},"headline":"WTZ Prosz\u00f3wki: dobiegaj\u0105 ko\u0144ca remonty po powodzi","datePublished":"2010-09-22T05:12:15+00:00","mainEntityOfPage":{"@id":"https:\/\/www.mojabochnia.pl\/?p=34902"},"wordCount":115,"commentCount":0,"publisher":{"@id":"https:\/\/www.mojabochnia.pl\/#organization"},"keywords":["edward firek","niepe\u0142nosprawni","novartis","pow\u00f3d\u017a","prosz\u00f3wki","remont","wtz"],"articleSection":["2_ostatnie","polityka i wydarzenia","tematyka"],"inLanguage":"pl-PL","potentialAction":[{"@type":"CommentAction","name":"Comment","target":["https:\/\/www.mojabochnia.pl\/?p=34902#respond"]}]},{"@type":"WebPage","@id":"https:\/\/www.mojabochnia.pl\/?p=34902","url":"https:\/\/www.mojabochnia.pl\/?p=34902","name":"WTZ Prosz\u00f3wki: dobiegaj\u0105 ko\u0144ca remonty po powodzi - mojabochnia.pl - portal informacyjny","isPartOf":{"@id":"https:\/\/www.mojabochnia.pl\/#website"},"datePublished":"2010-09-22T05:12:15+00:00","breadcrumb":{"@id":"https:\/\/www.mojabochnia.pl\/?p=34902#breadcrumb"},"inLanguage":"pl-PL","potentialAction":[{"@type":"ReadAction","target":["https:\/\/www.mojabochnia.pl\/?p=34902"]}]},{"@type":"BreadcrumbList","@id":"https:\/\/www.mojabochnia.pl\/?p=34902#breadcrumb","itemListElement":[{"@type":"ListItem","position":1,"name":"Home","item":"https:\/\/www.mojabochnia.pl\/"},{"@type":"ListItem","position":2,"name":"WTZ Prosz\u00f3wki: dobiegaj\u0105 ko\u0144ca remonty po powodzi"}]},{"@type":"WebSite","@id":"https:\/\/www.mojabochnia.pl\/#website","url":"https:\/\/www.mojabochnia.pl\/","name":"mojabochnia.pl - portal informacyjny","description":"mojaBochnia to portal informacyjny o Bochni. Codziennie o Bochni piszemy i pokazujemy najwa\u017cniejsze wydarzenia","publisher":{"@id":"https:\/\/www.mojabochnia.pl\/#organization"},"potentialAction":[{"@type":"SearchAction","target":{"@type":"EntryPoint","urlTemplate":"https:\/\/www.mojabochnia.pl\/?s={search_term_string}"},"query-input":{"@type":"PropertyValueSpecification","valueRequired":true,"valueName":"search_term_string"}}],"inLanguage":"pl-PL"},{"@type":"Organization","@id":"https:\/\/www.mojabochnia.pl\/#organization","name":"mojabochnia.pl - portal informacyjny","url":"https:\/\/www.mojabochnia.pl\/","logo":{"@type":"ImageObject","inLanguage":"pl-PL","@id":"https:\/\/www.mojabochnia.pl\/#\/schema\/logo\/image\/","url":"https:\/\/www.mojabochnia.pl\/wp-content\/uploads\/2017\/08\/logo-mb-opt.png","contentUrl":"https:\/\/www.mojabochnia.pl\/wp-content\/uploads\/2017\/08\/logo-mb-opt.png","width":250,"height":48,"caption":"mojabochnia.pl - portal informacyjny"},"image":{"@id":"https:\/\/www.mojabochnia.pl\/#\/schema\/logo\/image\/"},"sameAs":["https:\/\/www.facebook.com\/mojabochnia"]},{"@type":"Person","@id":"https:\/\/www.mojabochnia.pl\/#\/schema\/person\/ea042e4724a77627963f02166828ead4","name":"Pawe\u0142 Michalczyk","url":"https:\/\/www.mojabochnia.pl\/?author=4"}]}},"_links":{"self":[{"href":"https:\/\/www.mojabochnia.pl\/index.php?rest_route=\/wp\/v2\/posts\/34902","targetHints":{"allow":["GET"]}}],"collection":[{"href":"https:\/\/www.mojabochnia.pl\/index.php?rest_route=\/wp\/v2\/posts"}],"about":[{"href":"https:\/\/www.mojabochnia.pl\/index.php?rest_route=\/wp\/v2\/types\/post"}],"author":[{"embeddable":true,"href":"https:\/\/www.mojabochnia.pl\/index.php?rest_route=\/wp\/v2\/users\/4"}],"replies":[{"embeddable":true,"href":"https:\/\/www.mojabochnia.pl\/index.php?rest_route=%2Fwp%2Fv2%2Fcomments&post=34902"}],"version-history":[{"count":0,"href":"https:\/\/www.mojabochnia.pl\/index.php?rest_route=\/wp\/v2\/posts\/34902\/revisions"}],"wp:attachment":[{"href":"https:\/\/www.mojabochnia.pl\/index.php?rest_route=%2Fwp%2Fv2%2Fmedia&parent=34902"}],"wp:term":[{"taxonomy":"category","embeddable":true,"href":"https:\/\/www.mojabochnia.pl\/index.php?rest_route=%2Fwp%2Fv2%2Fcategories&post=34902"},{"taxonomy":"post_tag","embeddable":true,"href":"https:\/\/www.mojabochnia.pl\/index.php?rest_route=%2Fwp%2Fv2%2Ftags&post=34902"}],"curies":[{"name":"wp","href":"https:\/\/api.w.org\/{rel}","templated":true}]}}