{"id":333,"date":"2008-07-15T15:04:55","date_gmt":"2008-07-15T13:04:55","guid":{"rendered":"http:\/\/beta.mojabochnia.pl\/?p=333"},"modified":"2008-08-25T13:18:24","modified_gmt":"2008-08-25T11:18:24","slug":"o-kamienicy-podczas-sesji-nadzwyczajnej","status":"publish","type":"post","link":"https:\/\/www.mojabochnia.pl\/?p=333","title":{"rendered":"O kamienicy podczas sesji nadzwyczajnej"},"content":{"rendered":"<p>Burmistrz wypomnia\u0142 dziennikarzom, \u017ce nie drukuj\u0105 orzecze\u0144 s\u0105dowych w sprawie kamienicy, po czym odczyta\u0142 radnym tre\u015b\u0107 orzeczenia. Jest ono dost\u0119pne w formacie PDF poni\u017cej (na stronie miejskiej), oraz w naszym d\u017awi\u0119ku (do ods\u0142uchania obok), w kt\u00f3rym burmistrz cytuje tre\u015b\u0107 orzeczenia. W osobnym d\u017awi\u0119ku mo\u017cna pos\u0142ucha\u0107 odpowiedzi Wojciecha Cholewy, kt\u00f3ry wypomina Kosturkiewiczowi, i\u017c w sprawie kamienicy nie m\u00f3wi ca\u0142ej prawdy.<\/p>\n","protected":false},"excerpt":{"rendered":"<p>Podczas wczorajszej sesji burmistrz powiedzia\u0142 radnym, \u017ce do prokuratury zosta\u0142 skierowany \u201ekolejny donos przez tego samego mieszka\u0144ca\u201d Bochni. Burmistrz stwierdzi\u0142, \u017ce to dobrze. \u2013 Im wi\u0119cej os\u00f3b z organ\u00f3w nadzoru zajmuje si\u0119 t\u0105 spraw\u0105, tym lepiej. Odczyta\u0142 przy okazji orzeczenie S\u0105du Rejonowego w My\u015blenicach z 30 czerwca br., kt\u00f3re \u2013 jak czytamy na stronie miejskiej \u2013 \u201estawia w nowym \u015bwietle spraw\u0119 praw do nieruchomo\u015bci przy Pl. \u015bw. Kingi 1\u201d. <\/p>\n","protected":false},"author":4,"featured_media":0,"comment_status":"open","ping_status":"open","sticky":false,"template":"","format":"standard","meta":{"_acf_changed":false,"footnotes":""},"categories":[5],"tags":[17171,17229,17199],"class_list":["post-333","post","type-post","status-publish","format-standard","hentry","category-biezace-wydarzenia","tag-bogdan-kosturkiewicz","tag-sesja-rady-miasta","tag-wojciech-cholewa"],"acf":[],"yoast_head":"<!-- This site is optimized with the Yoast SEO plugin v26.9 - https:\/\/yoast.com\/product\/yoast-seo-wordpress\/ -->\n<title>O kamienicy podczas sesji nadzwyczajnej - mojabochnia.pl - portal informacyjny<\/title>\n<meta name=\"robots\" content=\"index, follow, max-snippet:-1, max-image-preview:large, max-video-preview:-1\" \/>\n<link rel=\"canonical\" href=\"https:\/\/www.mojabochnia.pl\/?p=333\" \/>\n<meta property=\"og:locale\" content=\"pl_PL\" \/>\n<meta property=\"og:type\" content=\"article\" \/>\n<meta property=\"og:title\" content=\"O kamienicy podczas sesji nadzwyczajnej - mojabochnia.pl - portal informacyjny\" \/>\n<meta property=\"og:description\" content=\"Podczas wczorajszej sesji burmistrz powiedzia\u0142 radnym, \u017ce do prokuratury zosta\u0142 skierowany \u201ekolejny donos przez tego samego mieszka\u0144ca\u201d Bochni. Burmistrz stwierdzi\u0142, \u017ce to dobrze. \u2013 Im wi\u0119cej os\u00f3b z organ\u00f3w nadzoru zajmuje si\u0119 t\u0105 spraw\u0105, tym lepiej. Odczyta\u0142 przy okazji orzeczenie S\u0105du Rejonowego w My\u015blenicach z 30 czerwca br., kt\u00f3re \u2013 jak czytamy na stronie miejskiej \u2013 \u201estawia w nowym \u015bwietle spraw\u0119 praw do nieruchomo\u015bci przy Pl. \u015bw. Kingi 1\u201d.\" \/>\n<meta property=\"og:url\" content=\"https:\/\/www.mojabochnia.pl\/?p=333\" \/>\n<meta property=\"og:site_name\" content=\"mojabochnia.pl - portal informacyjny\" \/>\n<meta property=\"article:publisher\" content=\"https:\/\/www.facebook.com\/mojabochnia\" \/>\n<meta property=\"article:published_time\" content=\"2008-07-15T13:04:55+00:00\" \/>\n<meta property=\"article:modified_time\" content=\"2008-08-25T11:18:24+00:00\" \/>\n<meta name=\"author\" content=\"Pawe\u0142 Michalczyk\" \/>\n<meta name=\"twitter:card\" content=\"summary_large_image\" \/>\n<meta name=\"twitter:label1\" content=\"Written by\" \/>\n\t<meta name=\"twitter:data1\" content=\"Pawe\u0142 Michalczyk\" \/>\n<script type=\"application\/ld+json\" class=\"yoast-schema-graph\">{\"@context\":\"https:\/\/schema.org\",\"@graph\":[{\"@type\":\"Article\",\"@id\":\"https:\/\/www.mojabochnia.pl\/?p=333#article\",\"isPartOf\":{\"@id\":\"https:\/\/www.mojabochnia.pl\/?p=333\"},\"author\":{\"name\":\"Pawe\u0142 Michalczyk\",\"@id\":\"https:\/\/www.mojabochnia.pl\/#\/schema\/person\/ea042e4724a77627963f02166828ead4\"},\"headline\":\"O kamienicy podczas sesji nadzwyczajnej\",\"datePublished\":\"2008-07-15T13:04:55+00:00\",\"dateModified\":\"2008-08-25T11:18:24+00:00\",\"mainEntityOfPage\":{\"@id\":\"https:\/\/www.mojabochnia.pl\/?p=333\"},\"wordCount\":78,\"commentCount\":0,\"publisher\":{\"@id\":\"https:\/\/www.mojabochnia.pl\/#organization\"},\"keywords\":[\"bogdan kosturkiewicz\",\"sesja rady miasta\",\"wojciech cholewa\"],\"articleSection\":[\"2_ostatnie\"],\"inLanguage\":\"pl-PL\",\"potentialAction\":[{\"@type\":\"CommentAction\",\"name\":\"Comment\",\"target\":[\"https:\/\/www.mojabochnia.pl\/?p=333#respond\"]}]},{\"@type\":\"WebPage\",\"@id\":\"https:\/\/www.mojabochnia.pl\/?p=333\",\"url\":\"https:\/\/www.mojabochnia.pl\/?p=333\",\"name\":\"O kamienicy podczas sesji nadzwyczajnej - mojabochnia.pl - portal informacyjny\",\"isPartOf\":{\"@id\":\"https:\/\/www.mojabochnia.pl\/#website\"},\"datePublished\":\"2008-07-15T13:04:55+00:00\",\"dateModified\":\"2008-08-25T11:18:24+00:00\",\"breadcrumb\":{\"@id\":\"https:\/\/www.mojabochnia.pl\/?p=333#breadcrumb\"},\"inLanguage\":\"pl-PL\",\"potentialAction\":[{\"@type\":\"ReadAction\",\"target\":[\"https:\/\/www.mojabochnia.pl\/?p=333\"]}]},{\"@type\":\"BreadcrumbList\",\"@id\":\"https:\/\/www.mojabochnia.pl\/?p=333#breadcrumb\",\"itemListElement\":[{\"@type\":\"ListItem\",\"position\":1,\"name\":\"Home\",\"item\":\"https:\/\/www.mojabochnia.pl\/\"},{\"@type\":\"ListItem\",\"position\":2,\"name\":\"O kamienicy podczas sesji nadzwyczajnej\"}]},{\"@type\":\"WebSite\",\"@id\":\"https:\/\/www.mojabochnia.pl\/#website\",\"url\":\"https:\/\/www.mojabochnia.pl\/\",\"name\":\"mojabochnia.pl - portal informacyjny\",\"description\":\"mojaBochnia to portal informacyjny o Bochni. Codziennie o Bochni piszemy i pokazujemy najwa\u017cniejsze wydarzenia\",\"publisher\":{\"@id\":\"https:\/\/www.mojabochnia.pl\/#organization\"},\"potentialAction\":[{\"@type\":\"SearchAction\",\"target\":{\"@type\":\"EntryPoint\",\"urlTemplate\":\"https:\/\/www.mojabochnia.pl\/?s={search_term_string}\"},\"query-input\":{\"@type\":\"PropertyValueSpecification\",\"valueRequired\":true,\"valueName\":\"search_term_string\"}}],\"inLanguage\":\"pl-PL\"},{\"@type\":\"Organization\",\"@id\":\"https:\/\/www.mojabochnia.pl\/#organization\",\"name\":\"mojabochnia.pl - portal informacyjny\",\"url\":\"https:\/\/www.mojabochnia.pl\/\",\"logo\":{\"@type\":\"ImageObject\",\"inLanguage\":\"pl-PL\",\"@id\":\"https:\/\/www.mojabochnia.pl\/#\/schema\/logo\/image\/\",\"url\":\"https:\/\/www.mojabochnia.pl\/wp-content\/uploads\/2017\/08\/logo-mb-opt.png\",\"contentUrl\":\"https:\/\/www.mojabochnia.pl\/wp-content\/uploads\/2017\/08\/logo-mb-opt.png\",\"width\":250,\"height\":48,\"caption\":\"mojabochnia.pl - portal informacyjny\"},\"image\":{\"@id\":\"https:\/\/www.mojabochnia.pl\/#\/schema\/logo\/image\/\"},\"sameAs\":[\"https:\/\/www.facebook.com\/mojabochnia\"]},{\"@type\":\"Person\",\"@id\":\"https:\/\/www.mojabochnia.pl\/#\/schema\/person\/ea042e4724a77627963f02166828ead4\",\"name\":\"Pawe\u0142 Michalczyk\",\"url\":\"https:\/\/www.mojabochnia.pl\/?author=4\"}]}<\/script>\n<!-- \/ Yoast SEO plugin. -->","yoast_head_json":{"title":"O kamienicy podczas sesji nadzwyczajnej - mojabochnia.pl - portal informacyjny","robots":{"index":"index","follow":"follow","max-snippet":"max-snippet:-1","max-image-preview":"max-image-preview:large","max-video-preview":"max-video-preview:-1"},"canonical":"https:\/\/www.mojabochnia.pl\/?p=333","og_locale":"pl_PL","og_type":"article","og_title":"O kamienicy podczas sesji nadzwyczajnej - mojabochnia.pl - portal informacyjny","og_description":"Podczas wczorajszej sesji burmistrz powiedzia\u0142 radnym, \u017ce do prokuratury zosta\u0142 skierowany \u201ekolejny donos przez tego samego mieszka\u0144ca\u201d Bochni. Burmistrz stwierdzi\u0142, \u017ce to dobrze. \u2013 Im wi\u0119cej os\u00f3b z organ\u00f3w nadzoru zajmuje si\u0119 t\u0105 spraw\u0105, tym lepiej. Odczyta\u0142 przy okazji orzeczenie S\u0105du Rejonowego w My\u015blenicach z 30 czerwca br., kt\u00f3re \u2013 jak czytamy na stronie miejskiej \u2013 \u201estawia w nowym \u015bwietle spraw\u0119 praw do nieruchomo\u015bci przy Pl. \u015bw. Kingi 1\u201d.","og_url":"https:\/\/www.mojabochnia.pl\/?p=333","og_site_name":"mojabochnia.pl - portal informacyjny","article_publisher":"https:\/\/www.facebook.com\/mojabochnia","article_published_time":"2008-07-15T13:04:55+00:00","article_modified_time":"2008-08-25T11:18:24+00:00","author":"Pawe\u0142 Michalczyk","twitter_card":"summary_large_image","twitter_misc":{"Written by":"Pawe\u0142 Michalczyk"},"schema":{"@context":"https:\/\/schema.org","@graph":[{"@type":"Article","@id":"https:\/\/www.mojabochnia.pl\/?p=333#article","isPartOf":{"@id":"https:\/\/www.mojabochnia.pl\/?p=333"},"author":{"name":"Pawe\u0142 Michalczyk","@id":"https:\/\/www.mojabochnia.pl\/#\/schema\/person\/ea042e4724a77627963f02166828ead4"},"headline":"O kamienicy podczas sesji nadzwyczajnej","datePublished":"2008-07-15T13:04:55+00:00","dateModified":"2008-08-25T11:18:24+00:00","mainEntityOfPage":{"@id":"https:\/\/www.mojabochnia.pl\/?p=333"},"wordCount":78,"commentCount":0,"publisher":{"@id":"https:\/\/www.mojabochnia.pl\/#organization"},"keywords":["bogdan kosturkiewicz","sesja rady miasta","wojciech cholewa"],"articleSection":["2_ostatnie"],"inLanguage":"pl-PL","potentialAction":[{"@type":"CommentAction","name":"Comment","target":["https:\/\/www.mojabochnia.pl\/?p=333#respond"]}]},{"@type":"WebPage","@id":"https:\/\/www.mojabochnia.pl\/?p=333","url":"https:\/\/www.mojabochnia.pl\/?p=333","name":"O kamienicy podczas sesji nadzwyczajnej - mojabochnia.pl - portal informacyjny","isPartOf":{"@id":"https:\/\/www.mojabochnia.pl\/#website"},"datePublished":"2008-07-15T13:04:55+00:00","dateModified":"2008-08-25T11:18:24+00:00","breadcrumb":{"@id":"https:\/\/www.mojabochnia.pl\/?p=333#breadcrumb"},"inLanguage":"pl-PL","potentialAction":[{"@type":"ReadAction","target":["https:\/\/www.mojabochnia.pl\/?p=333"]}]},{"@type":"BreadcrumbList","@id":"https:\/\/www.mojabochnia.pl\/?p=333#breadcrumb","itemListElement":[{"@type":"ListItem","position":1,"name":"Home","item":"https:\/\/www.mojabochnia.pl\/"},{"@type":"ListItem","position":2,"name":"O kamienicy podczas sesji nadzwyczajnej"}]},{"@type":"WebSite","@id":"https:\/\/www.mojabochnia.pl\/#website","url":"https:\/\/www.mojabochnia.pl\/","name":"mojabochnia.pl - portal informacyjny","description":"mojaBochnia to portal informacyjny o Bochni. Codziennie o Bochni piszemy i pokazujemy najwa\u017cniejsze wydarzenia","publisher":{"@id":"https:\/\/www.mojabochnia.pl\/#organization"},"potentialAction":[{"@type":"SearchAction","target":{"@type":"EntryPoint","urlTemplate":"https:\/\/www.mojabochnia.pl\/?s={search_term_string}"},"query-input":{"@type":"PropertyValueSpecification","valueRequired":true,"valueName":"search_term_string"}}],"inLanguage":"pl-PL"},{"@type":"Organization","@id":"https:\/\/www.mojabochnia.pl\/#organization","name":"mojabochnia.pl - portal informacyjny","url":"https:\/\/www.mojabochnia.pl\/","logo":{"@type":"ImageObject","inLanguage":"pl-PL","@id":"https:\/\/www.mojabochnia.pl\/#\/schema\/logo\/image\/","url":"https:\/\/www.mojabochnia.pl\/wp-content\/uploads\/2017\/08\/logo-mb-opt.png","contentUrl":"https:\/\/www.mojabochnia.pl\/wp-content\/uploads\/2017\/08\/logo-mb-opt.png","width":250,"height":48,"caption":"mojabochnia.pl - portal informacyjny"},"image":{"@id":"https:\/\/www.mojabochnia.pl\/#\/schema\/logo\/image\/"},"sameAs":["https:\/\/www.facebook.com\/mojabochnia"]},{"@type":"Person","@id":"https:\/\/www.mojabochnia.pl\/#\/schema\/person\/ea042e4724a77627963f02166828ead4","name":"Pawe\u0142 Michalczyk","url":"https:\/\/www.mojabochnia.pl\/?author=4"}]}},"_links":{"self":[{"href":"https:\/\/www.mojabochnia.pl\/index.php?rest_route=\/wp\/v2\/posts\/333","targetHints":{"allow":["GET"]}}],"collection":[{"href":"https:\/\/www.mojabochnia.pl\/index.php?rest_route=\/wp\/v2\/posts"}],"about":[{"href":"https:\/\/www.mojabochnia.pl\/index.php?rest_route=\/wp\/v2\/types\/post"}],"author":[{"embeddable":true,"href":"https:\/\/www.mojabochnia.pl\/index.php?rest_route=\/wp\/v2\/users\/4"}],"replies":[{"embeddable":true,"href":"https:\/\/www.mojabochnia.pl\/index.php?rest_route=%2Fwp%2Fv2%2Fcomments&post=333"}],"version-history":[{"count":0,"href":"https:\/\/www.mojabochnia.pl\/index.php?rest_route=\/wp\/v2\/posts\/333\/revisions"}],"wp:attachment":[{"href":"https:\/\/www.mojabochnia.pl\/index.php?rest_route=%2Fwp%2Fv2%2Fmedia&parent=333"}],"wp:term":[{"taxonomy":"category","embeddable":true,"href":"https:\/\/www.mojabochnia.pl\/index.php?rest_route=%2Fwp%2Fv2%2Fcategories&post=333"},{"taxonomy":"post_tag","embeddable":true,"href":"https:\/\/www.mojabochnia.pl\/index.php?rest_route=%2Fwp%2Fv2%2Ftags&post=333"}],"curies":[{"name":"wp","href":"https:\/\/api.w.org\/{rel}","templated":true}]}}