{"id":3305,"date":"2008-12-01T10:07:06","date_gmt":"2008-12-01T09:07:06","guid":{"rendered":"http:\/\/www.mojabochnia.pl\/?p=3305"},"modified":"2008-11-30T14:16:19","modified_gmt":"2008-11-30T13:16:19","slug":"dzien-zbigniewa-herberta-w-i-lo","status":"publish","type":"post","link":"https:\/\/www.mojabochnia.pl\/?p=3305","title":{"rendered":"Dzie\u0144 Zbigniewa Herberta w I LO"},"content":{"rendered":"<p>Przygotowany przez nauczycieli j\u0119zyka polskiego wraz uczniami Dzie\u0144 Zbigniewa Herberta w I LO nie b\u0119dzie okoliczno\u015bciow\u0105 akademi\u0105 ani sesj\u0105 naukow\u0105 &#8211; ma to by\u0107 przede wszystkim \u201eSpotkanie z cz\u0142owiekiem\u201d. <\/p>\n<p>Organizatorzy zapraszaj\u0105 wi\u0119c na w\u0119dr\u00f3wk\u0119 przez Europ\u0119 \u015bladami Herberta, zach\u0119caj\u0105c do spojrzenia na zabytki przez pryzmat esej\u00f3w z ksi\u0105\u017cki &#8222;Barbarzy\u0144ca w ogrodzie&#8221; oraz proponuj\u0105 ws\u0142uchanie si\u0119 w wiersze czytane nie tylko po polsku. B\u0119dzie mo\u017cna tak\u017ce odwiedzi\u0107 archiwum poety, pos\u0142ucha\u0107 rozmowy z przyjacielem Zbigniewa Herberta &#8211; Ryszardem Krynickim, a za spraw\u0105 wsp\u00f3lnie \u015bpiewanych lwowskich piosenek przenie\u015b\u0107 si\u0119 do rodzinnego miasta autora &#8222;Pana Cogito&#8221;.<\/p>\n<p>Organizatorzy Dnia Zbigniewa Herberta zaznaczaj\u0105, \u017ce dwa ostatnie punkty imprezy maj\u0105 charakter otwarty i zapraszaj\u0105 wszystkich mi\u0142o\u015bnik\u00f3w tw\u00f3rczo\u015bci poety. <\/p>\n<p>\u015apiewnik z piosenkami lwowskimi mo\u017cna znale\u017a\u0107 na stronie www.1lo.bochnia.pl\/polski. <\/p>\n<p><strong>Program Dnia Zbigniewa Herberta w I LO w Bochni:<\/strong><\/p>\n<p>11.00: Powitanie uczestnik\u00f3w.<br \/>\n11.05-12.35: &#8222;Fresk w ko\u015bciele&#8221; \u2014 projekcja filmu dokumentalnego o \u017cyciu i tw\u00f3rczo\u015bci Zbigniewa Herberta w re\u017cyserii Piotra Za\u0142uskiego.<br \/>\n12.45-13.25: W archiwum Poety \u2014 o archiwaliach Zbigniewa Herberta opowiada Maciej Tabor.<br \/>\n13.35-14.10: Herbert \u2013 obywatel \u015bwiata \u2014 fragmenty esej\u00f3w z ksi\u0105\u017cki &#8222;Barbarzy\u0144ca w ogrodzie&#8221; oraz wiersze Zbigniewa Herberta w przek\u0142adach na j\u0119zyki: angielski, niemiecki, francuski i rosyjski.<br \/>\n14.20-15.00: NIESPODZIANKA<br \/>\n15.15-15.45: &#8222;Dotkn\u0105\u0107 rzeczywisto\u015bci&#8221; \u2014 program poetycki przygotowany w oparciu o fragmenty scenariusza napisanego przez Zbigniewa Herberta w roku 1966 dla Westdeutscher Rundfunk w Kolonii.<br \/>\n16.00-16.45: Spotkanie z Ryszardem Krynickim \u2014 poet\u0105, przyjacielem Zbigniewa Herberta, edytorem i wydawc\u0105.<br \/>\n16.50-17.30: &#8222;Moje Miasto&#8221; \u2014 wsp\u00f3lne \u015bpiewanie piosenek lwowskich i kresowych oraz czytanie wierszy Zbigniewa Herberta o Lwowie.<\/p>\n","protected":false},"excerpt":{"rendered":"<p>Ju\u017c jutro (2 grudnia) na zako\u0144czenie Roku Zbigniewa Herberta I Liceum Og\u00f3lnokszta\u0142c\u0105ce w Bochni organizuje specjalny dzie\u0144 po\u015bwi\u0119cony \u017cyciu i tw\u00f3rczo\u015bci poety. <\/p>\n","protected":false},"author":1,"featured_media":0,"comment_status":"open","ping_status":"closed","sticky":false,"template":"","format":"standard","meta":{"_acf_changed":false,"footnotes":""},"categories":[92],"tags":[17142,17144,1528,17164,17135,17391,17541,17346,17404,1813],"class_list":["post-3305","post","type-post","status-publish","format-standard","hentry","category-kultura","tag-film","tag-i-liceum-ogolnoksztalcace","tag-ilo","tag-ksiazka","tag-kultura","tag-mlodziez","tag-poezja","tag-spotkanie","tag-spotkanie-autorskie","tag-zbigniew-herbert"],"acf":[],"yoast_head":"<!-- This site is optimized with the Yoast SEO plugin v26.9 - https:\/\/yoast.com\/product\/yoast-seo-wordpress\/ -->\n<title>Dzie\u0144 Zbigniewa Herberta w I LO - mojabochnia.pl - portal informacyjny<\/title>\n<meta name=\"robots\" content=\"index, follow, max-snippet:-1, max-image-preview:large, max-video-preview:-1\" \/>\n<link rel=\"canonical\" href=\"https:\/\/www.mojabochnia.pl\/?p=3305\" \/>\n<meta property=\"og:locale\" content=\"pl_PL\" \/>\n<meta property=\"og:type\" content=\"article\" \/>\n<meta property=\"og:title\" content=\"Dzie\u0144 Zbigniewa Herberta w I LO - mojabochnia.pl - portal informacyjny\" \/>\n<meta property=\"og:description\" content=\"Ju\u017c jutro (2 grudnia) na zako\u0144czenie Roku Zbigniewa Herberta I Liceum Og\u00f3lnokszta\u0142c\u0105ce w Bochni organizuje specjalny dzie\u0144 po\u015bwi\u0119cony \u017cyciu i tw\u00f3rczo\u015bci poety.\" \/>\n<meta property=\"og:url\" content=\"https:\/\/www.mojabochnia.pl\/?p=3305\" \/>\n<meta property=\"og:site_name\" content=\"mojabochnia.pl - portal informacyjny\" \/>\n<meta property=\"article:publisher\" content=\"https:\/\/www.facebook.com\/mojabochnia\" \/>\n<meta property=\"article:published_time\" content=\"2008-12-01T09:07:06+00:00\" \/>\n<meta name=\"author\" content=\"administrator\" \/>\n<meta name=\"twitter:card\" content=\"summary_large_image\" \/>\n<meta name=\"twitter:label1\" content=\"Written by\" \/>\n\t<meta name=\"twitter:data1\" content=\"administrator\" \/>\n\t<meta name=\"twitter:label2\" content=\"Est. reading time\" \/>\n\t<meta name=\"twitter:data2\" content=\"1 minuta\" \/>\n<script type=\"application\/ld+json\" class=\"yoast-schema-graph\">{\"@context\":\"https:\/\/schema.org\",\"@graph\":[{\"@type\":\"Article\",\"@id\":\"https:\/\/www.mojabochnia.pl\/?p=3305#article\",\"isPartOf\":{\"@id\":\"https:\/\/www.mojabochnia.pl\/?p=3305\"},\"author\":{\"name\":\"administrator\",\"@id\":\"https:\/\/www.mojabochnia.pl\/#\/schema\/person\/c00e1f64e6fa0e6de6d410f2c340017f\"},\"headline\":\"Dzie\u0144 Zbigniewa Herberta w I LO\",\"datePublished\":\"2008-12-01T09:07:06+00:00\",\"mainEntityOfPage\":{\"@id\":\"https:\/\/www.mojabochnia.pl\/?p=3305\"},\"wordCount\":282,\"commentCount\":0,\"publisher\":{\"@id\":\"https:\/\/www.mojabochnia.pl\/#organization\"},\"keywords\":[\"film\",\"I liceum og\u00f3lnokszta\u0142c\u0105ce\",\"ILO\",\"ksi\u0105\u017cka\",\"kultura\",\"m\u0142odzie\u017c\",\"poezja\",\"spotkanie\",\"spotkanie autorskie\",\"zbigniew herbert\"],\"articleSection\":[\"kultura\"],\"inLanguage\":\"pl-PL\",\"potentialAction\":[{\"@type\":\"CommentAction\",\"name\":\"Comment\",\"target\":[\"https:\/\/www.mojabochnia.pl\/?p=3305#respond\"]}]},{\"@type\":\"WebPage\",\"@id\":\"https:\/\/www.mojabochnia.pl\/?p=3305\",\"url\":\"https:\/\/www.mojabochnia.pl\/?p=3305\",\"name\":\"Dzie\u0144 Zbigniewa Herberta w I LO - mojabochnia.pl - portal informacyjny\",\"isPartOf\":{\"@id\":\"https:\/\/www.mojabochnia.pl\/#website\"},\"datePublished\":\"2008-12-01T09:07:06+00:00\",\"breadcrumb\":{\"@id\":\"https:\/\/www.mojabochnia.pl\/?p=3305#breadcrumb\"},\"inLanguage\":\"pl-PL\",\"potentialAction\":[{\"@type\":\"ReadAction\",\"target\":[\"https:\/\/www.mojabochnia.pl\/?p=3305\"]}]},{\"@type\":\"BreadcrumbList\",\"@id\":\"https:\/\/www.mojabochnia.pl\/?p=3305#breadcrumb\",\"itemListElement\":[{\"@type\":\"ListItem\",\"position\":1,\"name\":\"Home\",\"item\":\"https:\/\/www.mojabochnia.pl\/\"},{\"@type\":\"ListItem\",\"position\":2,\"name\":\"Dzie\u0144 Zbigniewa Herberta w I LO\"}]},{\"@type\":\"WebSite\",\"@id\":\"https:\/\/www.mojabochnia.pl\/#website\",\"url\":\"https:\/\/www.mojabochnia.pl\/\",\"name\":\"mojabochnia.pl - portal informacyjny\",\"description\":\"mojaBochnia to portal informacyjny o Bochni. Codziennie o Bochni piszemy i pokazujemy najwa\u017cniejsze wydarzenia\",\"publisher\":{\"@id\":\"https:\/\/www.mojabochnia.pl\/#organization\"},\"potentialAction\":[{\"@type\":\"SearchAction\",\"target\":{\"@type\":\"EntryPoint\",\"urlTemplate\":\"https:\/\/www.mojabochnia.pl\/?s={search_term_string}\"},\"query-input\":{\"@type\":\"PropertyValueSpecification\",\"valueRequired\":true,\"valueName\":\"search_term_string\"}}],\"inLanguage\":\"pl-PL\"},{\"@type\":\"Organization\",\"@id\":\"https:\/\/www.mojabochnia.pl\/#organization\",\"name\":\"mojabochnia.pl - portal informacyjny\",\"url\":\"https:\/\/www.mojabochnia.pl\/\",\"logo\":{\"@type\":\"ImageObject\",\"inLanguage\":\"pl-PL\",\"@id\":\"https:\/\/www.mojabochnia.pl\/#\/schema\/logo\/image\/\",\"url\":\"https:\/\/www.mojabochnia.pl\/wp-content\/uploads\/2017\/08\/logo-mb-opt.png\",\"contentUrl\":\"https:\/\/www.mojabochnia.pl\/wp-content\/uploads\/2017\/08\/logo-mb-opt.png\",\"width\":250,\"height\":48,\"caption\":\"mojabochnia.pl - portal informacyjny\"},\"image\":{\"@id\":\"https:\/\/www.mojabochnia.pl\/#\/schema\/logo\/image\/\"},\"sameAs\":[\"https:\/\/www.facebook.com\/mojabochnia\"]},{\"@type\":\"Person\",\"@id\":\"https:\/\/www.mojabochnia.pl\/#\/schema\/person\/c00e1f64e6fa0e6de6d410f2c340017f\",\"name\":\"administrator\",\"url\":\"https:\/\/www.mojabochnia.pl\/?author=1\"}]}<\/script>\n<!-- \/ Yoast SEO plugin. -->","yoast_head_json":{"title":"Dzie\u0144 Zbigniewa Herberta w I LO - mojabochnia.pl - portal informacyjny","robots":{"index":"index","follow":"follow","max-snippet":"max-snippet:-1","max-image-preview":"max-image-preview:large","max-video-preview":"max-video-preview:-1"},"canonical":"https:\/\/www.mojabochnia.pl\/?p=3305","og_locale":"pl_PL","og_type":"article","og_title":"Dzie\u0144 Zbigniewa Herberta w I LO - mojabochnia.pl - portal informacyjny","og_description":"Ju\u017c jutro (2 grudnia) na zako\u0144czenie Roku Zbigniewa Herberta I Liceum Og\u00f3lnokszta\u0142c\u0105ce w Bochni organizuje specjalny dzie\u0144 po\u015bwi\u0119cony \u017cyciu i tw\u00f3rczo\u015bci poety.","og_url":"https:\/\/www.mojabochnia.pl\/?p=3305","og_site_name":"mojabochnia.pl - portal informacyjny","article_publisher":"https:\/\/www.facebook.com\/mojabochnia","article_published_time":"2008-12-01T09:07:06+00:00","author":"administrator","twitter_card":"summary_large_image","twitter_misc":{"Written by":"administrator","Est. reading time":"1 minuta"},"schema":{"@context":"https:\/\/schema.org","@graph":[{"@type":"Article","@id":"https:\/\/www.mojabochnia.pl\/?p=3305#article","isPartOf":{"@id":"https:\/\/www.mojabochnia.pl\/?p=3305"},"author":{"name":"administrator","@id":"https:\/\/www.mojabochnia.pl\/#\/schema\/person\/c00e1f64e6fa0e6de6d410f2c340017f"},"headline":"Dzie\u0144 Zbigniewa Herberta w I LO","datePublished":"2008-12-01T09:07:06+00:00","mainEntityOfPage":{"@id":"https:\/\/www.mojabochnia.pl\/?p=3305"},"wordCount":282,"commentCount":0,"publisher":{"@id":"https:\/\/www.mojabochnia.pl\/#organization"},"keywords":["film","I liceum og\u00f3lnokszta\u0142c\u0105ce","ILO","ksi\u0105\u017cka","kultura","m\u0142odzie\u017c","poezja","spotkanie","spotkanie autorskie","zbigniew herbert"],"articleSection":["kultura"],"inLanguage":"pl-PL","potentialAction":[{"@type":"CommentAction","name":"Comment","target":["https:\/\/www.mojabochnia.pl\/?p=3305#respond"]}]},{"@type":"WebPage","@id":"https:\/\/www.mojabochnia.pl\/?p=3305","url":"https:\/\/www.mojabochnia.pl\/?p=3305","name":"Dzie\u0144 Zbigniewa Herberta w I LO - mojabochnia.pl - portal informacyjny","isPartOf":{"@id":"https:\/\/www.mojabochnia.pl\/#website"},"datePublished":"2008-12-01T09:07:06+00:00","breadcrumb":{"@id":"https:\/\/www.mojabochnia.pl\/?p=3305#breadcrumb"},"inLanguage":"pl-PL","potentialAction":[{"@type":"ReadAction","target":["https:\/\/www.mojabochnia.pl\/?p=3305"]}]},{"@type":"BreadcrumbList","@id":"https:\/\/www.mojabochnia.pl\/?p=3305#breadcrumb","itemListElement":[{"@type":"ListItem","position":1,"name":"Home","item":"https:\/\/www.mojabochnia.pl\/"},{"@type":"ListItem","position":2,"name":"Dzie\u0144 Zbigniewa Herberta w I LO"}]},{"@type":"WebSite","@id":"https:\/\/www.mojabochnia.pl\/#website","url":"https:\/\/www.mojabochnia.pl\/","name":"mojabochnia.pl - portal informacyjny","description":"mojaBochnia to portal informacyjny o Bochni. Codziennie o Bochni piszemy i pokazujemy najwa\u017cniejsze wydarzenia","publisher":{"@id":"https:\/\/www.mojabochnia.pl\/#organization"},"potentialAction":[{"@type":"SearchAction","target":{"@type":"EntryPoint","urlTemplate":"https:\/\/www.mojabochnia.pl\/?s={search_term_string}"},"query-input":{"@type":"PropertyValueSpecification","valueRequired":true,"valueName":"search_term_string"}}],"inLanguage":"pl-PL"},{"@type":"Organization","@id":"https:\/\/www.mojabochnia.pl\/#organization","name":"mojabochnia.pl - portal informacyjny","url":"https:\/\/www.mojabochnia.pl\/","logo":{"@type":"ImageObject","inLanguage":"pl-PL","@id":"https:\/\/www.mojabochnia.pl\/#\/schema\/logo\/image\/","url":"https:\/\/www.mojabochnia.pl\/wp-content\/uploads\/2017\/08\/logo-mb-opt.png","contentUrl":"https:\/\/www.mojabochnia.pl\/wp-content\/uploads\/2017\/08\/logo-mb-opt.png","width":250,"height":48,"caption":"mojabochnia.pl - portal informacyjny"},"image":{"@id":"https:\/\/www.mojabochnia.pl\/#\/schema\/logo\/image\/"},"sameAs":["https:\/\/www.facebook.com\/mojabochnia"]},{"@type":"Person","@id":"https:\/\/www.mojabochnia.pl\/#\/schema\/person\/c00e1f64e6fa0e6de6d410f2c340017f","name":"administrator","url":"https:\/\/www.mojabochnia.pl\/?author=1"}]}},"_links":{"self":[{"href":"https:\/\/www.mojabochnia.pl\/index.php?rest_route=\/wp\/v2\/posts\/3305","targetHints":{"allow":["GET"]}}],"collection":[{"href":"https:\/\/www.mojabochnia.pl\/index.php?rest_route=\/wp\/v2\/posts"}],"about":[{"href":"https:\/\/www.mojabochnia.pl\/index.php?rest_route=\/wp\/v2\/types\/post"}],"author":[{"embeddable":true,"href":"https:\/\/www.mojabochnia.pl\/index.php?rest_route=\/wp\/v2\/users\/1"}],"replies":[{"embeddable":true,"href":"https:\/\/www.mojabochnia.pl\/index.php?rest_route=%2Fwp%2Fv2%2Fcomments&post=3305"}],"version-history":[{"count":0,"href":"https:\/\/www.mojabochnia.pl\/index.php?rest_route=\/wp\/v2\/posts\/3305\/revisions"}],"wp:attachment":[{"href":"https:\/\/www.mojabochnia.pl\/index.php?rest_route=%2Fwp%2Fv2%2Fmedia&parent=3305"}],"wp:term":[{"taxonomy":"category","embeddable":true,"href":"https:\/\/www.mojabochnia.pl\/index.php?rest_route=%2Fwp%2Fv2%2Fcategories&post=3305"},{"taxonomy":"post_tag","embeddable":true,"href":"https:\/\/www.mojabochnia.pl\/index.php?rest_route=%2Fwp%2Fv2%2Ftags&post=3305"}],"curies":[{"name":"wp","href":"https:\/\/api.w.org\/{rel}","templated":true}]}}