{"id":3224,"date":"2008-11-27T08:57:27","date_gmt":"2008-11-27T07:57:27","guid":{"rendered":"http:\/\/www.mojabochnia.pl\/?p=3224"},"modified":"2008-11-26T11:40:16","modified_gmt":"2008-11-26T10:40:16","slug":"bochenska-strefa-gospodarcza-wyrozniona","status":"publish","type":"post","link":"https:\/\/www.mojabochnia.pl\/?p=3224","title":{"rendered":"Boche\u0144ska strefa gospodarcza wyr\u00f3\u017cniona"},"content":{"rendered":"<p>Ostatnio zosta\u0142a ona wyr\u00f3\u017cniona w og\u00f3lnopolskim konkursie Grunt na medal 2008. Jak m\u00f3wi burmistrz Bogdan Kosturkiewicz, oznacza to niew\u0105tpliw\u0105 promocj\u0119 boche\u0144skich teren\u00f3w przeznaczonych pod inwestycje. \u2013 <em>Tereny, kt\u00f3rym zosta\u0142o przyznane wyr\u00f3\u017cnienie \u201eGrunt na medal\u201d b\u0119d\u0105 w pierwszej kolejno\u015bci prezentowane potencjalnym inwestorom<\/em>. <\/p>\n<p>Jak m\u00f3wi burmistrz, w sk\u0142ad tych teren\u00f3w wchodzi ok. 50 hektar\u00f3w grunt\u00f3w, po\u0142o\u017conych w pobli\u017cu zjazdu z autostrady. \u2013 <em>Zjazd ten b\u0119dzie budowany w najbli\u017cszym czasie. Ju\u017c w przysz\u0142ym roku Generalna Dyrekcja Dr\u00f3g Krajowych i Autostrad ma rozpocz\u0105\u0107 realizacj\u0119 tego zadania na odcinku Szar\u00f3w \u2013 Tarn\u00f3w. W ramach tego zadania b\u0119dzie budowany r\u00f3wnie\u017c zjazd z autostrady<\/em> \u2013 dodaje burmistrz. <\/p>\n<p>W obszarze boche\u0144skiej strefy aktywno\u015bci gospodarczej b\u0119dzie mo\u017cna realizowa\u0107 inwestycje, kt\u00f3re nie b\u0119d\u0105 szkodliwe dla \u015brodowiska ani uci\u0105\u017cliwe dla otoczenia.<\/p>\n","protected":false},"excerpt":{"rendered":"<p>Bochnia ma blisko 50 hektar\u00f3w teren\u00f3w pod inwestycje. Boche\u0144ska strefa aktywno\u015bci gospodarczej znajduje si\u0119 w pobli\u017cu planowanej autostrady. <\/p>\n","protected":false},"author":4,"featured_media":0,"comment_status":"open","ping_status":"closed","sticky":false,"template":"","format":"standard","meta":{"_acf_changed":false,"footnotes":""},"categories":[5],"tags":[17226,17171,1782,1785,550,17540,1784],"class_list":["post-3224","post","type-post","status-publish","format-standard","hentry","category-biezace-wydarzenia","tag-autostrada","tag-bogdan-kosturkiewicz","tag-grunt-na-medal","tag-inwestorzy","tag-promocja-miasta","tag-strefa-aktywnosci-gospodarczej","tag-zjazd-z-autostrady"],"acf":[],"yoast_head":"<!-- This site is optimized with the Yoast SEO plugin v26.9 - https:\/\/yoast.com\/product\/yoast-seo-wordpress\/ -->\n<title>Boche\u0144ska strefa gospodarcza wyr\u00f3\u017cniona - mojabochnia.pl - portal informacyjny<\/title>\n<meta name=\"robots\" content=\"index, follow, max-snippet:-1, max-image-preview:large, max-video-preview:-1\" \/>\n<link rel=\"canonical\" href=\"https:\/\/www.mojabochnia.pl\/?p=3224\" \/>\n<meta property=\"og:locale\" content=\"pl_PL\" \/>\n<meta property=\"og:type\" content=\"article\" \/>\n<meta property=\"og:title\" content=\"Boche\u0144ska strefa gospodarcza wyr\u00f3\u017cniona - mojabochnia.pl - portal informacyjny\" \/>\n<meta property=\"og:description\" content=\"Bochnia ma blisko 50 hektar\u00f3w teren\u00f3w pod inwestycje. Boche\u0144ska strefa aktywno\u015bci gospodarczej znajduje si\u0119 w pobli\u017cu planowanej autostrady.\" \/>\n<meta property=\"og:url\" content=\"https:\/\/www.mojabochnia.pl\/?p=3224\" \/>\n<meta property=\"og:site_name\" content=\"mojabochnia.pl - portal informacyjny\" \/>\n<meta property=\"article:publisher\" content=\"https:\/\/www.facebook.com\/mojabochnia\" \/>\n<meta property=\"article:published_time\" content=\"2008-11-27T07:57:27+00:00\" \/>\n<meta name=\"author\" content=\"Pawe\u0142 Michalczyk\" \/>\n<meta name=\"twitter:card\" content=\"summary_large_image\" \/>\n<meta name=\"twitter:label1\" content=\"Written by\" \/>\n\t<meta name=\"twitter:data1\" content=\"Pawe\u0142 Michalczyk\" \/>\n\t<meta name=\"twitter:label2\" content=\"Est. reading time\" \/>\n\t<meta name=\"twitter:data2\" content=\"1 minuta\" \/>\n<script type=\"application\/ld+json\" class=\"yoast-schema-graph\">{\"@context\":\"https:\/\/schema.org\",\"@graph\":[{\"@type\":\"Article\",\"@id\":\"https:\/\/www.mojabochnia.pl\/?p=3224#article\",\"isPartOf\":{\"@id\":\"https:\/\/www.mojabochnia.pl\/?p=3224\"},\"author\":{\"name\":\"Pawe\u0142 Michalczyk\",\"@id\":\"https:\/\/www.mojabochnia.pl\/#\/schema\/person\/ea042e4724a77627963f02166828ead4\"},\"headline\":\"Boche\u0144ska strefa gospodarcza wyr\u00f3\u017cniona\",\"datePublished\":\"2008-11-27T07:57:27+00:00\",\"mainEntityOfPage\":{\"@id\":\"https:\/\/www.mojabochnia.pl\/?p=3224\"},\"wordCount\":155,\"commentCount\":0,\"publisher\":{\"@id\":\"https:\/\/www.mojabochnia.pl\/#organization\"},\"keywords\":[\"autostrada\",\"bogdan kosturkiewicz\",\"grunt na medal\",\"inwestorzy\",\"promocja miasta\",\"strefa aktywno\u015bci gospodarczej\",\"zjazd z autostrady\"],\"articleSection\":[\"2_ostatnie\"],\"inLanguage\":\"pl-PL\",\"potentialAction\":[{\"@type\":\"CommentAction\",\"name\":\"Comment\",\"target\":[\"https:\/\/www.mojabochnia.pl\/?p=3224#respond\"]}]},{\"@type\":\"WebPage\",\"@id\":\"https:\/\/www.mojabochnia.pl\/?p=3224\",\"url\":\"https:\/\/www.mojabochnia.pl\/?p=3224\",\"name\":\"Boche\u0144ska strefa gospodarcza wyr\u00f3\u017cniona - mojabochnia.pl - portal informacyjny\",\"isPartOf\":{\"@id\":\"https:\/\/www.mojabochnia.pl\/#website\"},\"datePublished\":\"2008-11-27T07:57:27+00:00\",\"breadcrumb\":{\"@id\":\"https:\/\/www.mojabochnia.pl\/?p=3224#breadcrumb\"},\"inLanguage\":\"pl-PL\",\"potentialAction\":[{\"@type\":\"ReadAction\",\"target\":[\"https:\/\/www.mojabochnia.pl\/?p=3224\"]}]},{\"@type\":\"BreadcrumbList\",\"@id\":\"https:\/\/www.mojabochnia.pl\/?p=3224#breadcrumb\",\"itemListElement\":[{\"@type\":\"ListItem\",\"position\":1,\"name\":\"Home\",\"item\":\"https:\/\/www.mojabochnia.pl\/\"},{\"@type\":\"ListItem\",\"position\":2,\"name\":\"Boche\u0144ska strefa gospodarcza wyr\u00f3\u017cniona\"}]},{\"@type\":\"WebSite\",\"@id\":\"https:\/\/www.mojabochnia.pl\/#website\",\"url\":\"https:\/\/www.mojabochnia.pl\/\",\"name\":\"mojabochnia.pl - portal informacyjny\",\"description\":\"mojaBochnia to portal informacyjny o Bochni. Codziennie o Bochni piszemy i pokazujemy najwa\u017cniejsze wydarzenia\",\"publisher\":{\"@id\":\"https:\/\/www.mojabochnia.pl\/#organization\"},\"potentialAction\":[{\"@type\":\"SearchAction\",\"target\":{\"@type\":\"EntryPoint\",\"urlTemplate\":\"https:\/\/www.mojabochnia.pl\/?s={search_term_string}\"},\"query-input\":{\"@type\":\"PropertyValueSpecification\",\"valueRequired\":true,\"valueName\":\"search_term_string\"}}],\"inLanguage\":\"pl-PL\"},{\"@type\":\"Organization\",\"@id\":\"https:\/\/www.mojabochnia.pl\/#organization\",\"name\":\"mojabochnia.pl - portal informacyjny\",\"url\":\"https:\/\/www.mojabochnia.pl\/\",\"logo\":{\"@type\":\"ImageObject\",\"inLanguage\":\"pl-PL\",\"@id\":\"https:\/\/www.mojabochnia.pl\/#\/schema\/logo\/image\/\",\"url\":\"https:\/\/www.mojabochnia.pl\/wp-content\/uploads\/2017\/08\/logo-mb-opt.png\",\"contentUrl\":\"https:\/\/www.mojabochnia.pl\/wp-content\/uploads\/2017\/08\/logo-mb-opt.png\",\"width\":250,\"height\":48,\"caption\":\"mojabochnia.pl - portal informacyjny\"},\"image\":{\"@id\":\"https:\/\/www.mojabochnia.pl\/#\/schema\/logo\/image\/\"},\"sameAs\":[\"https:\/\/www.facebook.com\/mojabochnia\"]},{\"@type\":\"Person\",\"@id\":\"https:\/\/www.mojabochnia.pl\/#\/schema\/person\/ea042e4724a77627963f02166828ead4\",\"name\":\"Pawe\u0142 Michalczyk\",\"url\":\"https:\/\/www.mojabochnia.pl\/?author=4\"}]}<\/script>\n<!-- \/ Yoast SEO plugin. -->","yoast_head_json":{"title":"Boche\u0144ska strefa gospodarcza wyr\u00f3\u017cniona - mojabochnia.pl - portal informacyjny","robots":{"index":"index","follow":"follow","max-snippet":"max-snippet:-1","max-image-preview":"max-image-preview:large","max-video-preview":"max-video-preview:-1"},"canonical":"https:\/\/www.mojabochnia.pl\/?p=3224","og_locale":"pl_PL","og_type":"article","og_title":"Boche\u0144ska strefa gospodarcza wyr\u00f3\u017cniona - mojabochnia.pl - portal informacyjny","og_description":"Bochnia ma blisko 50 hektar\u00f3w teren\u00f3w pod inwestycje. Boche\u0144ska strefa aktywno\u015bci gospodarczej znajduje si\u0119 w pobli\u017cu planowanej autostrady.","og_url":"https:\/\/www.mojabochnia.pl\/?p=3224","og_site_name":"mojabochnia.pl - portal informacyjny","article_publisher":"https:\/\/www.facebook.com\/mojabochnia","article_published_time":"2008-11-27T07:57:27+00:00","author":"Pawe\u0142 Michalczyk","twitter_card":"summary_large_image","twitter_misc":{"Written by":"Pawe\u0142 Michalczyk","Est. reading time":"1 minuta"},"schema":{"@context":"https:\/\/schema.org","@graph":[{"@type":"Article","@id":"https:\/\/www.mojabochnia.pl\/?p=3224#article","isPartOf":{"@id":"https:\/\/www.mojabochnia.pl\/?p=3224"},"author":{"name":"Pawe\u0142 Michalczyk","@id":"https:\/\/www.mojabochnia.pl\/#\/schema\/person\/ea042e4724a77627963f02166828ead4"},"headline":"Boche\u0144ska strefa gospodarcza wyr\u00f3\u017cniona","datePublished":"2008-11-27T07:57:27+00:00","mainEntityOfPage":{"@id":"https:\/\/www.mojabochnia.pl\/?p=3224"},"wordCount":155,"commentCount":0,"publisher":{"@id":"https:\/\/www.mojabochnia.pl\/#organization"},"keywords":["autostrada","bogdan kosturkiewicz","grunt na medal","inwestorzy","promocja miasta","strefa aktywno\u015bci gospodarczej","zjazd z autostrady"],"articleSection":["2_ostatnie"],"inLanguage":"pl-PL","potentialAction":[{"@type":"CommentAction","name":"Comment","target":["https:\/\/www.mojabochnia.pl\/?p=3224#respond"]}]},{"@type":"WebPage","@id":"https:\/\/www.mojabochnia.pl\/?p=3224","url":"https:\/\/www.mojabochnia.pl\/?p=3224","name":"Boche\u0144ska strefa gospodarcza wyr\u00f3\u017cniona - mojabochnia.pl - portal informacyjny","isPartOf":{"@id":"https:\/\/www.mojabochnia.pl\/#website"},"datePublished":"2008-11-27T07:57:27+00:00","breadcrumb":{"@id":"https:\/\/www.mojabochnia.pl\/?p=3224#breadcrumb"},"inLanguage":"pl-PL","potentialAction":[{"@type":"ReadAction","target":["https:\/\/www.mojabochnia.pl\/?p=3224"]}]},{"@type":"BreadcrumbList","@id":"https:\/\/www.mojabochnia.pl\/?p=3224#breadcrumb","itemListElement":[{"@type":"ListItem","position":1,"name":"Home","item":"https:\/\/www.mojabochnia.pl\/"},{"@type":"ListItem","position":2,"name":"Boche\u0144ska strefa gospodarcza wyr\u00f3\u017cniona"}]},{"@type":"WebSite","@id":"https:\/\/www.mojabochnia.pl\/#website","url":"https:\/\/www.mojabochnia.pl\/","name":"mojabochnia.pl - portal informacyjny","description":"mojaBochnia to portal informacyjny o Bochni. Codziennie o Bochni piszemy i pokazujemy najwa\u017cniejsze wydarzenia","publisher":{"@id":"https:\/\/www.mojabochnia.pl\/#organization"},"potentialAction":[{"@type":"SearchAction","target":{"@type":"EntryPoint","urlTemplate":"https:\/\/www.mojabochnia.pl\/?s={search_term_string}"},"query-input":{"@type":"PropertyValueSpecification","valueRequired":true,"valueName":"search_term_string"}}],"inLanguage":"pl-PL"},{"@type":"Organization","@id":"https:\/\/www.mojabochnia.pl\/#organization","name":"mojabochnia.pl - portal informacyjny","url":"https:\/\/www.mojabochnia.pl\/","logo":{"@type":"ImageObject","inLanguage":"pl-PL","@id":"https:\/\/www.mojabochnia.pl\/#\/schema\/logo\/image\/","url":"https:\/\/www.mojabochnia.pl\/wp-content\/uploads\/2017\/08\/logo-mb-opt.png","contentUrl":"https:\/\/www.mojabochnia.pl\/wp-content\/uploads\/2017\/08\/logo-mb-opt.png","width":250,"height":48,"caption":"mojabochnia.pl - portal informacyjny"},"image":{"@id":"https:\/\/www.mojabochnia.pl\/#\/schema\/logo\/image\/"},"sameAs":["https:\/\/www.facebook.com\/mojabochnia"]},{"@type":"Person","@id":"https:\/\/www.mojabochnia.pl\/#\/schema\/person\/ea042e4724a77627963f02166828ead4","name":"Pawe\u0142 Michalczyk","url":"https:\/\/www.mojabochnia.pl\/?author=4"}]}},"_links":{"self":[{"href":"https:\/\/www.mojabochnia.pl\/index.php?rest_route=\/wp\/v2\/posts\/3224","targetHints":{"allow":["GET"]}}],"collection":[{"href":"https:\/\/www.mojabochnia.pl\/index.php?rest_route=\/wp\/v2\/posts"}],"about":[{"href":"https:\/\/www.mojabochnia.pl\/index.php?rest_route=\/wp\/v2\/types\/post"}],"author":[{"embeddable":true,"href":"https:\/\/www.mojabochnia.pl\/index.php?rest_route=\/wp\/v2\/users\/4"}],"replies":[{"embeddable":true,"href":"https:\/\/www.mojabochnia.pl\/index.php?rest_route=%2Fwp%2Fv2%2Fcomments&post=3224"}],"version-history":[{"count":0,"href":"https:\/\/www.mojabochnia.pl\/index.php?rest_route=\/wp\/v2\/posts\/3224\/revisions"}],"wp:attachment":[{"href":"https:\/\/www.mojabochnia.pl\/index.php?rest_route=%2Fwp%2Fv2%2Fmedia&parent=3224"}],"wp:term":[{"taxonomy":"category","embeddable":true,"href":"https:\/\/www.mojabochnia.pl\/index.php?rest_route=%2Fwp%2Fv2%2Fcategories&post=3224"},{"taxonomy":"post_tag","embeddable":true,"href":"https:\/\/www.mojabochnia.pl\/index.php?rest_route=%2Fwp%2Fv2%2Ftags&post=3224"}],"curies":[{"name":"wp","href":"https:\/\/api.w.org\/{rel}","templated":true}]}}