{"id":3218,"date":"2008-11-27T09:52:05","date_gmt":"2008-11-27T08:52:05","guid":{"rendered":"http:\/\/www.mojabochnia.pl\/?p=3218"},"modified":"2009-11-16T16:43:26","modified_gmt":"2009-11-16T15:43:26","slug":"lipnickie-cuda-%e2%80%9eporanna-kawa%e2%80%9d-z-ks-zbigniewem-krasem","status":"publish","type":"post","link":"https:\/\/www.mojabochnia.pl\/?p=3218","title":{"rendered":"Lipnickie cuda. \u201ePoranna kawa\u201d z ks. Zbigniewem Krasem"},"content":{"rendered":"<p><em>Do \u015bw. Szymona do Lipnicy przyje\u017cd\u017caj\u0105 tak chorzy ludzie, \u017ce niekt\u00f3rzy z nich s\u0105 wnoszeni do ko\u015bcio\u0142a, bo sam nie s\u0105 w stanie wej\u015b\u0107<\/em>\u2013 m\u00f3wi ks. Zbigniew Kras.<\/p>\n<p>Chcesz dowiedzie\u0107 si\u0119, kogo i jak w ostatnim czasie uzdrowi\u0142 \u015bw. Szymon, obejrzyj ca\u0142\u0105 &#8222;Porann\u0105 kaw\u0119\u201d.<\/p>\n<p><strong>Jutro go\u015bciem &#8222;Porannej kawy&#8221; b\u0119dzie Krzysztof Tomasik &#8211; komendant Stra\u017cy Miejskiej w Bochni.<\/strong><\/p>\n","protected":false},"excerpt":{"rendered":"<p>Rozmowa z ks. Zbigniewem Krasem &#8211; jak o sobie m\u00f3wi &#8211; szcz\u0119\u015bliwym proboszczem.<\/p>\n","protected":false},"author":9,"featured_media":0,"comment_status":"open","ping_status":"closed","sticky":false,"template":"","format":"standard","meta":{"_acf_changed":false,"footnotes":""},"categories":[3633,1501,1342],"tags":[1778,1779,67,17197,17125,75,17318,17714,69],"class_list":["post-3218","post","type-post","status-publish","format-standard","hentry","category-tv","category-poranna-kawa","category-zycie-religijne","tag-cud","tag-cuda","tag-kosciol-sw-leonarda","tag-ks-zbigniew-kras","tag-lipnica","tag-sw-szymon","tag-telewizja","tag-tv","tag-unesco"],"acf":[],"yoast_head":"<!-- This site is optimized with the Yoast SEO plugin v26.9 - https:\/\/yoast.com\/product\/yoast-seo-wordpress\/ -->\n<title>Lipnickie cuda. \u201ePoranna kawa\u201d z ks. Zbigniewem Krasem - mojabochnia.pl - portal informacyjny<\/title>\n<meta name=\"robots\" content=\"index, follow, max-snippet:-1, max-image-preview:large, max-video-preview:-1\" \/>\n<link rel=\"canonical\" href=\"https:\/\/www.mojabochnia.pl\/?p=3218\" \/>\n<meta property=\"og:locale\" content=\"pl_PL\" \/>\n<meta property=\"og:type\" content=\"article\" \/>\n<meta property=\"og:title\" content=\"Lipnickie cuda. \u201ePoranna kawa\u201d z ks. Zbigniewem Krasem - mojabochnia.pl - portal informacyjny\" \/>\n<meta property=\"og:description\" content=\"Rozmowa z ks. Zbigniewem Krasem - jak o sobie m\u00f3wi - szcz\u0119\u015bliwym proboszczem.\" \/>\n<meta property=\"og:url\" content=\"https:\/\/www.mojabochnia.pl\/?p=3218\" \/>\n<meta property=\"og:site_name\" content=\"mojabochnia.pl - portal informacyjny\" \/>\n<meta property=\"article:publisher\" content=\"https:\/\/www.facebook.com\/mojabochnia\" \/>\n<meta property=\"article:published_time\" content=\"2008-11-27T08:52:05+00:00\" \/>\n<meta property=\"article:modified_time\" content=\"2009-11-16T15:43:26+00:00\" \/>\n<meta name=\"author\" content=\"Aleksander Rzepecki\" \/>\n<meta name=\"twitter:card\" content=\"summary_large_image\" \/>\n<meta name=\"twitter:label1\" content=\"Written by\" \/>\n\t<meta name=\"twitter:data1\" content=\"Aleksander Rzepecki\" \/>\n<script type=\"application\/ld+json\" class=\"yoast-schema-graph\">{\"@context\":\"https:\/\/schema.org\",\"@graph\":[{\"@type\":\"Article\",\"@id\":\"https:\/\/www.mojabochnia.pl\/?p=3218#article\",\"isPartOf\":{\"@id\":\"https:\/\/www.mojabochnia.pl\/?p=3218\"},\"author\":{\"name\":\"Aleksander Rzepecki\",\"@id\":\"https:\/\/www.mojabochnia.pl\/#\/schema\/person\/6cc2563b6df80713ce6940e6ed184c6c\"},\"headline\":\"Lipnickie cuda. \u201ePoranna kawa\u201d z ks. Zbigniewem Krasem\",\"datePublished\":\"2008-11-27T08:52:05+00:00\",\"dateModified\":\"2009-11-16T15:43:26+00:00\",\"mainEntityOfPage\":{\"@id\":\"https:\/\/www.mojabochnia.pl\/?p=3218\"},\"wordCount\":74,\"commentCount\":0,\"publisher\":{\"@id\":\"https:\/\/www.mojabochnia.pl\/#organization\"},\"keywords\":[\"cud\",\"cuda\",\"ko\u015bci\u00f3\u0142 \u015bw. leonarda\",\"ks. zbigniew kras\",\"Lipnica Murowana\",\"\u015bw. szymon\",\"telewizja\",\"TV\",\"UNESCO\"],\"articleSection\":[\"TV\",\"TV Poranna kawa\",\"\u017bycie religijne\"],\"inLanguage\":\"pl-PL\",\"potentialAction\":[{\"@type\":\"CommentAction\",\"name\":\"Comment\",\"target\":[\"https:\/\/www.mojabochnia.pl\/?p=3218#respond\"]}]},{\"@type\":\"WebPage\",\"@id\":\"https:\/\/www.mojabochnia.pl\/?p=3218\",\"url\":\"https:\/\/www.mojabochnia.pl\/?p=3218\",\"name\":\"Lipnickie cuda. \u201ePoranna kawa\u201d z ks. Zbigniewem Krasem - mojabochnia.pl - portal informacyjny\",\"isPartOf\":{\"@id\":\"https:\/\/www.mojabochnia.pl\/#website\"},\"datePublished\":\"2008-11-27T08:52:05+00:00\",\"dateModified\":\"2009-11-16T15:43:26+00:00\",\"breadcrumb\":{\"@id\":\"https:\/\/www.mojabochnia.pl\/?p=3218#breadcrumb\"},\"inLanguage\":\"pl-PL\",\"potentialAction\":[{\"@type\":\"ReadAction\",\"target\":[\"https:\/\/www.mojabochnia.pl\/?p=3218\"]}]},{\"@type\":\"BreadcrumbList\",\"@id\":\"https:\/\/www.mojabochnia.pl\/?p=3218#breadcrumb\",\"itemListElement\":[{\"@type\":\"ListItem\",\"position\":1,\"name\":\"Home\",\"item\":\"https:\/\/www.mojabochnia.pl\/\"},{\"@type\":\"ListItem\",\"position\":2,\"name\":\"Lipnickie cuda. \u201ePoranna kawa\u201d z ks. Zbigniewem Krasem\"}]},{\"@type\":\"WebSite\",\"@id\":\"https:\/\/www.mojabochnia.pl\/#website\",\"url\":\"https:\/\/www.mojabochnia.pl\/\",\"name\":\"mojabochnia.pl - portal informacyjny\",\"description\":\"mojaBochnia to portal informacyjny o Bochni. Codziennie o Bochni piszemy i pokazujemy najwa\u017cniejsze wydarzenia\",\"publisher\":{\"@id\":\"https:\/\/www.mojabochnia.pl\/#organization\"},\"potentialAction\":[{\"@type\":\"SearchAction\",\"target\":{\"@type\":\"EntryPoint\",\"urlTemplate\":\"https:\/\/www.mojabochnia.pl\/?s={search_term_string}\"},\"query-input\":{\"@type\":\"PropertyValueSpecification\",\"valueRequired\":true,\"valueName\":\"search_term_string\"}}],\"inLanguage\":\"pl-PL\"},{\"@type\":\"Organization\",\"@id\":\"https:\/\/www.mojabochnia.pl\/#organization\",\"name\":\"mojabochnia.pl - portal informacyjny\",\"url\":\"https:\/\/www.mojabochnia.pl\/\",\"logo\":{\"@type\":\"ImageObject\",\"inLanguage\":\"pl-PL\",\"@id\":\"https:\/\/www.mojabochnia.pl\/#\/schema\/logo\/image\/\",\"url\":\"https:\/\/www.mojabochnia.pl\/wp-content\/uploads\/2017\/08\/logo-mb-opt.png\",\"contentUrl\":\"https:\/\/www.mojabochnia.pl\/wp-content\/uploads\/2017\/08\/logo-mb-opt.png\",\"width\":250,\"height\":48,\"caption\":\"mojabochnia.pl - portal informacyjny\"},\"image\":{\"@id\":\"https:\/\/www.mojabochnia.pl\/#\/schema\/logo\/image\/\"},\"sameAs\":[\"https:\/\/www.facebook.com\/mojabochnia\"]},{\"@type\":\"Person\",\"@id\":\"https:\/\/www.mojabochnia.pl\/#\/schema\/person\/6cc2563b6df80713ce6940e6ed184c6c\",\"name\":\"Aleksander Rzepecki\",\"url\":\"https:\/\/www.mojabochnia.pl\/?author=9\"}]}<\/script>\n<!-- \/ Yoast SEO plugin. -->","yoast_head_json":{"title":"Lipnickie cuda. \u201ePoranna kawa\u201d z ks. Zbigniewem Krasem - mojabochnia.pl - portal informacyjny","robots":{"index":"index","follow":"follow","max-snippet":"max-snippet:-1","max-image-preview":"max-image-preview:large","max-video-preview":"max-video-preview:-1"},"canonical":"https:\/\/www.mojabochnia.pl\/?p=3218","og_locale":"pl_PL","og_type":"article","og_title":"Lipnickie cuda. \u201ePoranna kawa\u201d z ks. Zbigniewem Krasem - mojabochnia.pl - portal informacyjny","og_description":"Rozmowa z ks. Zbigniewem Krasem - jak o sobie m\u00f3wi - szcz\u0119\u015bliwym proboszczem.","og_url":"https:\/\/www.mojabochnia.pl\/?p=3218","og_site_name":"mojabochnia.pl - portal informacyjny","article_publisher":"https:\/\/www.facebook.com\/mojabochnia","article_published_time":"2008-11-27T08:52:05+00:00","article_modified_time":"2009-11-16T15:43:26+00:00","author":"Aleksander Rzepecki","twitter_card":"summary_large_image","twitter_misc":{"Written by":"Aleksander Rzepecki"},"schema":{"@context":"https:\/\/schema.org","@graph":[{"@type":"Article","@id":"https:\/\/www.mojabochnia.pl\/?p=3218#article","isPartOf":{"@id":"https:\/\/www.mojabochnia.pl\/?p=3218"},"author":{"name":"Aleksander Rzepecki","@id":"https:\/\/www.mojabochnia.pl\/#\/schema\/person\/6cc2563b6df80713ce6940e6ed184c6c"},"headline":"Lipnickie cuda. \u201ePoranna kawa\u201d z ks. Zbigniewem Krasem","datePublished":"2008-11-27T08:52:05+00:00","dateModified":"2009-11-16T15:43:26+00:00","mainEntityOfPage":{"@id":"https:\/\/www.mojabochnia.pl\/?p=3218"},"wordCount":74,"commentCount":0,"publisher":{"@id":"https:\/\/www.mojabochnia.pl\/#organization"},"keywords":["cud","cuda","ko\u015bci\u00f3\u0142 \u015bw. leonarda","ks. zbigniew kras","Lipnica Murowana","\u015bw. szymon","telewizja","TV","UNESCO"],"articleSection":["TV","TV Poranna kawa","\u017bycie religijne"],"inLanguage":"pl-PL","potentialAction":[{"@type":"CommentAction","name":"Comment","target":["https:\/\/www.mojabochnia.pl\/?p=3218#respond"]}]},{"@type":"WebPage","@id":"https:\/\/www.mojabochnia.pl\/?p=3218","url":"https:\/\/www.mojabochnia.pl\/?p=3218","name":"Lipnickie cuda. \u201ePoranna kawa\u201d z ks. Zbigniewem Krasem - mojabochnia.pl - portal informacyjny","isPartOf":{"@id":"https:\/\/www.mojabochnia.pl\/#website"},"datePublished":"2008-11-27T08:52:05+00:00","dateModified":"2009-11-16T15:43:26+00:00","breadcrumb":{"@id":"https:\/\/www.mojabochnia.pl\/?p=3218#breadcrumb"},"inLanguage":"pl-PL","potentialAction":[{"@type":"ReadAction","target":["https:\/\/www.mojabochnia.pl\/?p=3218"]}]},{"@type":"BreadcrumbList","@id":"https:\/\/www.mojabochnia.pl\/?p=3218#breadcrumb","itemListElement":[{"@type":"ListItem","position":1,"name":"Home","item":"https:\/\/www.mojabochnia.pl\/"},{"@type":"ListItem","position":2,"name":"Lipnickie cuda. \u201ePoranna kawa\u201d z ks. Zbigniewem Krasem"}]},{"@type":"WebSite","@id":"https:\/\/www.mojabochnia.pl\/#website","url":"https:\/\/www.mojabochnia.pl\/","name":"mojabochnia.pl - portal informacyjny","description":"mojaBochnia to portal informacyjny o Bochni. Codziennie o Bochni piszemy i pokazujemy najwa\u017cniejsze wydarzenia","publisher":{"@id":"https:\/\/www.mojabochnia.pl\/#organization"},"potentialAction":[{"@type":"SearchAction","target":{"@type":"EntryPoint","urlTemplate":"https:\/\/www.mojabochnia.pl\/?s={search_term_string}"},"query-input":{"@type":"PropertyValueSpecification","valueRequired":true,"valueName":"search_term_string"}}],"inLanguage":"pl-PL"},{"@type":"Organization","@id":"https:\/\/www.mojabochnia.pl\/#organization","name":"mojabochnia.pl - portal informacyjny","url":"https:\/\/www.mojabochnia.pl\/","logo":{"@type":"ImageObject","inLanguage":"pl-PL","@id":"https:\/\/www.mojabochnia.pl\/#\/schema\/logo\/image\/","url":"https:\/\/www.mojabochnia.pl\/wp-content\/uploads\/2017\/08\/logo-mb-opt.png","contentUrl":"https:\/\/www.mojabochnia.pl\/wp-content\/uploads\/2017\/08\/logo-mb-opt.png","width":250,"height":48,"caption":"mojabochnia.pl - portal informacyjny"},"image":{"@id":"https:\/\/www.mojabochnia.pl\/#\/schema\/logo\/image\/"},"sameAs":["https:\/\/www.facebook.com\/mojabochnia"]},{"@type":"Person","@id":"https:\/\/www.mojabochnia.pl\/#\/schema\/person\/6cc2563b6df80713ce6940e6ed184c6c","name":"Aleksander Rzepecki","url":"https:\/\/www.mojabochnia.pl\/?author=9"}]}},"_links":{"self":[{"href":"https:\/\/www.mojabochnia.pl\/index.php?rest_route=\/wp\/v2\/posts\/3218","targetHints":{"allow":["GET"]}}],"collection":[{"href":"https:\/\/www.mojabochnia.pl\/index.php?rest_route=\/wp\/v2\/posts"}],"about":[{"href":"https:\/\/www.mojabochnia.pl\/index.php?rest_route=\/wp\/v2\/types\/post"}],"author":[{"embeddable":true,"href":"https:\/\/www.mojabochnia.pl\/index.php?rest_route=\/wp\/v2\/users\/9"}],"replies":[{"embeddable":true,"href":"https:\/\/www.mojabochnia.pl\/index.php?rest_route=%2Fwp%2Fv2%2Fcomments&post=3218"}],"version-history":[{"count":0,"href":"https:\/\/www.mojabochnia.pl\/index.php?rest_route=\/wp\/v2\/posts\/3218\/revisions"}],"wp:attachment":[{"href":"https:\/\/www.mojabochnia.pl\/index.php?rest_route=%2Fwp%2Fv2%2Fmedia&parent=3218"}],"wp:term":[{"taxonomy":"category","embeddable":true,"href":"https:\/\/www.mojabochnia.pl\/index.php?rest_route=%2Fwp%2Fv2%2Fcategories&post=3218"},{"taxonomy":"post_tag","embeddable":true,"href":"https:\/\/www.mojabochnia.pl\/index.php?rest_route=%2Fwp%2Fv2%2Ftags&post=3218"}],"curies":[{"name":"wp","href":"https:\/\/api.w.org\/{rel}","templated":true}]}}