{"id":32108,"date":"2010-08-15T08:03:00","date_gmt":"2010-08-15T06:03:00","guid":{"rendered":"http:\/\/www.mojabochnia.pl\/?p=32108"},"modified":"2010-08-16T11:33:12","modified_gmt":"2010-08-16T09:33:12","slug":"refleksje-na-niedziele-wniebowziecie-nmp-czy-jeszcze-ciagle-pragne-nieba","status":"publish","type":"post","link":"https:\/\/www.mojabochnia.pl\/?p=32108","title":{"rendered":"Refleksje na niedziel\u0119: Wniebowzi\u0119cie NMP. Czy jeszcze ci\u0105gle pragn\u0119 nieba?"},"content":{"rendered":"<p>Zdawa\u0107 by si\u0119 mog\u0142o, \u017ce s\u0105 to ju\u017c dwa r\u00f3\u017cne \u015bwiaty. Z jednej strony kolorowy \u015bwiat biznesu, komputer\u00f3w i luksusu, a z drugiej \u015bwiat dewocji, nudnych nabo\u017ce\u0144stw i nieustannego przypominania: \u201eNie wolno!\u201d. Taki podzia\u0142 jest kreowany przez du\u017c\u0105 cz\u0119\u015b\u0107 mass medi\u00f3w i dlatego coraz bardziej utrwala si\u0119 w \u015bwiadomo\u015bci wielu z nas. Czy tak jest jednak rzeczywi\u015bcie?<\/p>\n<p>To prawda, \u017ce wsp\u00f3\u0142czesny \u015bwiat ogarni\u0119ty zosta\u0142 g\u0142\u0119bok\u0105 dechrystianizacj\u0105. Ale dalekie od prawdy by\u0142oby stwierdzenie, \u017ce tam, gdzie nowoczesno\u015b\u0107 i bogactwo, Boga ju\u017c nie ma. Nie jest prawd\u0105, \u017ce mi\u0119dzy nowoczesno\u015bci\u0105 i dobrobytem a pobo\u017cnym \u017cyciem musi istnie\u0107 sprzeczno\u015b\u0107. <\/p>\n<p>Jednak wielu ludzi ulega swoistej propagandzie, kt\u00f3ra domaga si\u0119 usuwania krzy\u017cy i innych symboli religijnych. Dlaczego tak si\u0119 dzieje? Wielu m\u00f3wi, \u017ce to wymogi tolerancji, ale r\u00f3wnie dobrze mo\u017cna powiedzie\u0107, \u017ce to efekt d\u0105\u017cenia do oboj\u0119tno\u015bci, do \u015bwiata w kt\u00f3rym nie b\u0119dzie \u017cadnych g\u0142\u0119bszych, duchowych warto\u015bci, w kt\u00f3rym wszystko b\u0119dzie si\u0119 odnosi\u0142o do ludzkiego rozumu, a nie do bogactwa ludzkiego serca. <\/p>\n<p>W ilu domach widzi si\u0119 coraz cz\u0119\u015bciej zakurzone figurki Maryi \u2013 pami\u0105tki po zmar\u0142ej babci. Dzi\u015b stoj\u0105 niepotrzebne gdzie\u015b z boku, na regale czy w szafie. S\u0105 takie wyblak\u0142e, szczeg\u00f3lnie w por\u00f3wnaniu z kolorowym blaskiem ekranu telewizora. <\/p>\n<p>Nawet nie wiemy, uwik\u0142ani w pogo\u0144 za dobrobytem, jak pi\u0119kny jest ten \u015bwiat Maryi i Jej Syna. Nie wiemy tego z r\u00f3\u017cnych powod\u00f3w. Bo mo\u017ce nigdy tam nie byli\u015bmy, bo mo\u017ce wprowadzono nas w t\u0119 rzeczywisto\u015b\u0107 w bardzo nieudolny spos\u00f3b, a mo\u017ce dali\u015bmy sobie wm\u00f3wi\u0107 natarczywej propagandzie, \u017ce takie s\u0142owa jak \u201eKo\u015bci\u00f3\u0142\u201d, \u201ereligia\u201d, \u201eniebo\u201d, \u201eprzykazania\u201d zwiastuj\u0105 jedynie duchowy zaduch, tandet\u0119 i moralny terror.<\/p>\n<p>Wielu w codziennych rozmowach krytykuje Ko\u015bci\u00f3\u0142, odrzuca jego drog\u0119. A przecie\u017c cz\u0119sto oni sami nigdy nie prze\u017cyli pi\u0119kna kilkudniowych, zamkni\u0119tych rekolekcji, nie przeczytali \u017cadnej wspania\u0142ej ksi\u0105\u017cki o Jezusie, o Maryi. Nigdy nie dane im by\u0142o do\u015bwiadczy\u0107, czym jest \u017cycie w prawdziwej chrze\u015bcija\u0144skiej wsp\u00f3lnocie.<\/p>\n<p>Dla tysi\u0119cy ludzi Ko\u015bci\u00f3\u0142 i religia kojarz\u0105 si\u0119 by\u0107 mo\u017ce z niezbyt ciekawymi lekcjami, z ksi\u0119dzem, kt\u00f3ry spieszy si\u0119, chodz\u0105c po kol\u0119dzie, z kolejk\u0105 przed konfesjona\u0142em, przy kt\u00f3rym nie ma czasu i mo\u017cliwo\u015bci na d\u0142u\u017csz\u0105 i g\u0142\u0119bok\u0105 rozmow\u0119. Kto\u015b powie, \u017ce taki cz\u0119sto jest poziom naszego duszpasterstwa, \u017ce to wszystko wina ksi\u0119\u017cy, kt\u00f3rzy nie potrafi\u0105 prowadzi\u0107 ludzi ku prawdziwie chrze\u015bcija\u0144skiemu \u017cyciu. Zapewne, w jakiej\u015b mierze jest w tym wiele racji. Ale czy ludzie \u2013 ci krytyczni, sceptyczni, nieufni wobec Ko\u015bcio\u0142a \u2013 skorzystali z mo\u017cliwo\u015bci, by wej\u015b\u0107 w ten pi\u0119kny \u015bwiat \u017cycia duchowego. Czy kiedykolwiek zapragn\u0119li odrobin\u0119 \u201enieba na ziemi\u201d?<\/p>\n<p>Wielu z nas \u017cyje w \u015bwiecie, je\u015bli nie grzechu, to jakiej\u015b duchowej przeci\u0119tno\u015bci. I cz\u0119sto nawet nie wiemy o tym, \u017ce sta\u0107 nas na du\u017co wi\u0119cej, \u017ce w \u015bwiecie Jezusa i Maryi poczuliby\u015bmy si\u0119 naprawd\u0119 wspaniale. Jak trudno jest m\u00f3wi\u0107 o niebie. O tej zupe\u0142nie innej rzeczywisto\u015bci, do kt\u00f3rej wst\u0105pienia jeste\u015bmy zaproszeni i powo\u0142ani. Niebo nie jest miejscem, tylko stanem przebywania z Bogiem. Tutaj na ziemi takim miejscem jest ludzkie serce. <\/p>\n<p>Niebo jest wtedy, gdy cz\u0142owiek otwiera swoje serce na drugiego cz\u0142owieka. Maryja nosi\u0142a niebo w swoim niepokalanym sercu. Dla Maryi wzi\u0119cie do nieba by\u0142o konsekwencj\u0105 Jej \u017cycia, podczas kt\u00f3rego ci\u0105gle tego nieba pragn\u0119\u0142a. Mi\u0119dzy Jej umys\u0142em, a sercem zawsze by\u0142a harmonia. <\/p>\n<p>A jak to jest u nas? Czy ci\u0105gle pami\u0119tam o tym, \u017ceby ju\u017c tu na ziemi do\u015bwiadcza\u0107 nieba, poprzez ci\u0105g\u0142e poszukiwanie i pog\u0142\u0119bianie kontaktu z Bogiem? Du\u017co \u0142atwiej jest o krytyk\u0119 innych, ni\u017c o samokrytyk\u0119 i wysi\u0142ek by kiedy\u015b ogl\u0105da\u0107 Oblicze samego Boga.<\/p>\n<p>duszpasterz<\/p>\n","protected":false},"excerpt":{"rendered":"<p>Kiedy patrzymy na to wszystko, co wok\u00f3\u0142 nas, mo\u017ce czasem zadajemy sobie pytanie: czy ten \u015bwiat ma co\u015b wsp\u00f3lnego ze \u015bwiatem Maryi? Czy przypadkiem prawda o wniebowzi\u0119ciu Maryi nie jest tylko pobo\u017cn\u0105 historyjk\u0105 dla ma\u0142ych dzieci, za\u015b te wszystkie kolorowe figurki to tylko przedmiot wzrusze\u0144 starszych pa\u0144 z k\u00f3\u0142ka r\u00f3\u017ca\u0144cowego? <\/p>\n","protected":false},"author":13,"featured_media":0,"comment_status":"open","ping_status":"closed","sticky":false,"template":"","format":"standard","meta":{"_acf_changed":false,"footnotes":""},"categories":[5,6250,1342],"tags":[17557,7361,3182,7356],"class_list":["post-32108","post","type-post","status-publish","format-standard","hentry","category-biezace-wydarzenia","category-tematyka","category-zycie-religijne","tag-maryja","tag-niebo","tag-niedziela","tag-wniebowziecie"],"acf":[],"yoast_head":"<!-- This site is optimized with the Yoast SEO plugin v26.9 - https:\/\/yoast.com\/product\/yoast-seo-wordpress\/ -->\n<title>Refleksje na niedziel\u0119: Wniebowzi\u0119cie NMP. Czy jeszcze ci\u0105gle pragn\u0119 nieba? - mojabochnia.pl - portal informacyjny<\/title>\n<meta name=\"robots\" content=\"index, follow, max-snippet:-1, max-image-preview:large, max-video-preview:-1\" \/>\n<link rel=\"canonical\" href=\"https:\/\/www.mojabochnia.pl\/?p=32108\" \/>\n<meta property=\"og:locale\" content=\"pl_PL\" \/>\n<meta property=\"og:type\" content=\"article\" \/>\n<meta property=\"og:title\" content=\"Refleksje na niedziel\u0119: Wniebowzi\u0119cie NMP. Czy jeszcze ci\u0105gle pragn\u0119 nieba? - mojabochnia.pl - portal informacyjny\" \/>\n<meta property=\"og:description\" content=\"Kiedy patrzymy na to wszystko, co wok\u00f3\u0142 nas, mo\u017ce czasem zadajemy sobie pytanie: czy ten \u015bwiat ma co\u015b wsp\u00f3lnego ze \u015bwiatem Maryi? Czy przypadkiem prawda o wniebowzi\u0119ciu Maryi nie jest tylko pobo\u017cn\u0105 historyjk\u0105 dla ma\u0142ych dzieci, za\u015b te wszystkie kolorowe figurki to tylko przedmiot wzrusze\u0144 starszych pa\u0144 z k\u00f3\u0142ka r\u00f3\u017ca\u0144cowego?\" \/>\n<meta property=\"og:url\" content=\"https:\/\/www.mojabochnia.pl\/?p=32108\" \/>\n<meta property=\"og:site_name\" content=\"mojabochnia.pl - portal informacyjny\" \/>\n<meta property=\"article:publisher\" content=\"https:\/\/www.facebook.com\/mojabochnia\" \/>\n<meta property=\"article:published_time\" content=\"2010-08-15T06:03:00+00:00\" \/>\n<meta property=\"article:modified_time\" content=\"2010-08-16T09:33:12+00:00\" \/>\n<meta name=\"author\" content=\"redakcja\" \/>\n<meta name=\"twitter:card\" content=\"summary_large_image\" \/>\n<meta name=\"twitter:label1\" content=\"Written by\" \/>\n\t<meta name=\"twitter:data1\" content=\"redakcja\" \/>\n\t<meta name=\"twitter:label2\" content=\"Est. reading time\" \/>\n\t<meta name=\"twitter:data2\" content=\"3 minuty\" \/>\n<script type=\"application\/ld+json\" class=\"yoast-schema-graph\">{\"@context\":\"https:\/\/schema.org\",\"@graph\":[{\"@type\":\"Article\",\"@id\":\"https:\/\/www.mojabochnia.pl\/?p=32108#article\",\"isPartOf\":{\"@id\":\"https:\/\/www.mojabochnia.pl\/?p=32108\"},\"author\":{\"name\":\"redakcja\",\"@id\":\"https:\/\/www.mojabochnia.pl\/#\/schema\/person\/7e2f20ead9902216a3384f13606c0ab7\"},\"headline\":\"Refleksje na niedziel\u0119: Wniebowzi\u0119cie NMP. Czy jeszcze ci\u0105gle pragn\u0119 nieba?\",\"datePublished\":\"2010-08-15T06:03:00+00:00\",\"dateModified\":\"2010-08-16T09:33:12+00:00\",\"mainEntityOfPage\":{\"@id\":\"https:\/\/www.mojabochnia.pl\/?p=32108\"},\"wordCount\":684,\"commentCount\":1,\"publisher\":{\"@id\":\"https:\/\/www.mojabochnia.pl\/#organization\"},\"keywords\":[\"maryja\",\"niebo\",\"niedziela\",\"wniebowzi\u0119cie\"],\"articleSection\":[\"2_ostatnie\",\"tematyka\",\"\u017bycie religijne\"],\"inLanguage\":\"pl-PL\",\"potentialAction\":[{\"@type\":\"CommentAction\",\"name\":\"Comment\",\"target\":[\"https:\/\/www.mojabochnia.pl\/?p=32108#respond\"]}]},{\"@type\":\"WebPage\",\"@id\":\"https:\/\/www.mojabochnia.pl\/?p=32108\",\"url\":\"https:\/\/www.mojabochnia.pl\/?p=32108\",\"name\":\"Refleksje na niedziel\u0119: Wniebowzi\u0119cie NMP. Czy jeszcze ci\u0105gle pragn\u0119 nieba? - mojabochnia.pl - portal informacyjny\",\"isPartOf\":{\"@id\":\"https:\/\/www.mojabochnia.pl\/#website\"},\"datePublished\":\"2010-08-15T06:03:00+00:00\",\"dateModified\":\"2010-08-16T09:33:12+00:00\",\"breadcrumb\":{\"@id\":\"https:\/\/www.mojabochnia.pl\/?p=32108#breadcrumb\"},\"inLanguage\":\"pl-PL\",\"potentialAction\":[{\"@type\":\"ReadAction\",\"target\":[\"https:\/\/www.mojabochnia.pl\/?p=32108\"]}]},{\"@type\":\"BreadcrumbList\",\"@id\":\"https:\/\/www.mojabochnia.pl\/?p=32108#breadcrumb\",\"itemListElement\":[{\"@type\":\"ListItem\",\"position\":1,\"name\":\"Home\",\"item\":\"https:\/\/www.mojabochnia.pl\/\"},{\"@type\":\"ListItem\",\"position\":2,\"name\":\"Refleksje na niedziel\u0119: Wniebowzi\u0119cie NMP. Czy jeszcze ci\u0105gle pragn\u0119 nieba?\"}]},{\"@type\":\"WebSite\",\"@id\":\"https:\/\/www.mojabochnia.pl\/#website\",\"url\":\"https:\/\/www.mojabochnia.pl\/\",\"name\":\"mojabochnia.pl - portal informacyjny\",\"description\":\"mojaBochnia to portal informacyjny o Bochni. Codziennie o Bochni piszemy i pokazujemy najwa\u017cniejsze wydarzenia\",\"publisher\":{\"@id\":\"https:\/\/www.mojabochnia.pl\/#organization\"},\"potentialAction\":[{\"@type\":\"SearchAction\",\"target\":{\"@type\":\"EntryPoint\",\"urlTemplate\":\"https:\/\/www.mojabochnia.pl\/?s={search_term_string}\"},\"query-input\":{\"@type\":\"PropertyValueSpecification\",\"valueRequired\":true,\"valueName\":\"search_term_string\"}}],\"inLanguage\":\"pl-PL\"},{\"@type\":\"Organization\",\"@id\":\"https:\/\/www.mojabochnia.pl\/#organization\",\"name\":\"mojabochnia.pl - portal informacyjny\",\"url\":\"https:\/\/www.mojabochnia.pl\/\",\"logo\":{\"@type\":\"ImageObject\",\"inLanguage\":\"pl-PL\",\"@id\":\"https:\/\/www.mojabochnia.pl\/#\/schema\/logo\/image\/\",\"url\":\"https:\/\/www.mojabochnia.pl\/wp-content\/uploads\/2017\/08\/logo-mb-opt.png\",\"contentUrl\":\"https:\/\/www.mojabochnia.pl\/wp-content\/uploads\/2017\/08\/logo-mb-opt.png\",\"width\":250,\"height\":48,\"caption\":\"mojabochnia.pl - portal informacyjny\"},\"image\":{\"@id\":\"https:\/\/www.mojabochnia.pl\/#\/schema\/logo\/image\/\"},\"sameAs\":[\"https:\/\/www.facebook.com\/mojabochnia\"]},{\"@type\":\"Person\",\"@id\":\"https:\/\/www.mojabochnia.pl\/#\/schema\/person\/7e2f20ead9902216a3384f13606c0ab7\",\"name\":\"redakcja\",\"sameAs\":[\"http:\/\/\"],\"url\":\"https:\/\/www.mojabochnia.pl\/?author=13\"}]}<\/script>\n<!-- \/ Yoast SEO plugin. -->","yoast_head_json":{"title":"Refleksje na niedziel\u0119: Wniebowzi\u0119cie NMP. Czy jeszcze ci\u0105gle pragn\u0119 nieba? - mojabochnia.pl - portal informacyjny","robots":{"index":"index","follow":"follow","max-snippet":"max-snippet:-1","max-image-preview":"max-image-preview:large","max-video-preview":"max-video-preview:-1"},"canonical":"https:\/\/www.mojabochnia.pl\/?p=32108","og_locale":"pl_PL","og_type":"article","og_title":"Refleksje na niedziel\u0119: Wniebowzi\u0119cie NMP. Czy jeszcze ci\u0105gle pragn\u0119 nieba? - mojabochnia.pl - portal informacyjny","og_description":"Kiedy patrzymy na to wszystko, co wok\u00f3\u0142 nas, mo\u017ce czasem zadajemy sobie pytanie: czy ten \u015bwiat ma co\u015b wsp\u00f3lnego ze \u015bwiatem Maryi? Czy przypadkiem prawda o wniebowzi\u0119ciu Maryi nie jest tylko pobo\u017cn\u0105 historyjk\u0105 dla ma\u0142ych dzieci, za\u015b te wszystkie kolorowe figurki to tylko przedmiot wzrusze\u0144 starszych pa\u0144 z k\u00f3\u0142ka r\u00f3\u017ca\u0144cowego?","og_url":"https:\/\/www.mojabochnia.pl\/?p=32108","og_site_name":"mojabochnia.pl - portal informacyjny","article_publisher":"https:\/\/www.facebook.com\/mojabochnia","article_published_time":"2010-08-15T06:03:00+00:00","article_modified_time":"2010-08-16T09:33:12+00:00","author":"redakcja","twitter_card":"summary_large_image","twitter_misc":{"Written by":"redakcja","Est. reading time":"3 minuty"},"schema":{"@context":"https:\/\/schema.org","@graph":[{"@type":"Article","@id":"https:\/\/www.mojabochnia.pl\/?p=32108#article","isPartOf":{"@id":"https:\/\/www.mojabochnia.pl\/?p=32108"},"author":{"name":"redakcja","@id":"https:\/\/www.mojabochnia.pl\/#\/schema\/person\/7e2f20ead9902216a3384f13606c0ab7"},"headline":"Refleksje na niedziel\u0119: Wniebowzi\u0119cie NMP. Czy jeszcze ci\u0105gle pragn\u0119 nieba?","datePublished":"2010-08-15T06:03:00+00:00","dateModified":"2010-08-16T09:33:12+00:00","mainEntityOfPage":{"@id":"https:\/\/www.mojabochnia.pl\/?p=32108"},"wordCount":684,"commentCount":1,"publisher":{"@id":"https:\/\/www.mojabochnia.pl\/#organization"},"keywords":["maryja","niebo","niedziela","wniebowzi\u0119cie"],"articleSection":["2_ostatnie","tematyka","\u017bycie religijne"],"inLanguage":"pl-PL","potentialAction":[{"@type":"CommentAction","name":"Comment","target":["https:\/\/www.mojabochnia.pl\/?p=32108#respond"]}]},{"@type":"WebPage","@id":"https:\/\/www.mojabochnia.pl\/?p=32108","url":"https:\/\/www.mojabochnia.pl\/?p=32108","name":"Refleksje na niedziel\u0119: Wniebowzi\u0119cie NMP. Czy jeszcze ci\u0105gle pragn\u0119 nieba? - mojabochnia.pl - portal informacyjny","isPartOf":{"@id":"https:\/\/www.mojabochnia.pl\/#website"},"datePublished":"2010-08-15T06:03:00+00:00","dateModified":"2010-08-16T09:33:12+00:00","breadcrumb":{"@id":"https:\/\/www.mojabochnia.pl\/?p=32108#breadcrumb"},"inLanguage":"pl-PL","potentialAction":[{"@type":"ReadAction","target":["https:\/\/www.mojabochnia.pl\/?p=32108"]}]},{"@type":"BreadcrumbList","@id":"https:\/\/www.mojabochnia.pl\/?p=32108#breadcrumb","itemListElement":[{"@type":"ListItem","position":1,"name":"Home","item":"https:\/\/www.mojabochnia.pl\/"},{"@type":"ListItem","position":2,"name":"Refleksje na niedziel\u0119: Wniebowzi\u0119cie NMP. Czy jeszcze ci\u0105gle pragn\u0119 nieba?"}]},{"@type":"WebSite","@id":"https:\/\/www.mojabochnia.pl\/#website","url":"https:\/\/www.mojabochnia.pl\/","name":"mojabochnia.pl - portal informacyjny","description":"mojaBochnia to portal informacyjny o Bochni. Codziennie o Bochni piszemy i pokazujemy najwa\u017cniejsze wydarzenia","publisher":{"@id":"https:\/\/www.mojabochnia.pl\/#organization"},"potentialAction":[{"@type":"SearchAction","target":{"@type":"EntryPoint","urlTemplate":"https:\/\/www.mojabochnia.pl\/?s={search_term_string}"},"query-input":{"@type":"PropertyValueSpecification","valueRequired":true,"valueName":"search_term_string"}}],"inLanguage":"pl-PL"},{"@type":"Organization","@id":"https:\/\/www.mojabochnia.pl\/#organization","name":"mojabochnia.pl - portal informacyjny","url":"https:\/\/www.mojabochnia.pl\/","logo":{"@type":"ImageObject","inLanguage":"pl-PL","@id":"https:\/\/www.mojabochnia.pl\/#\/schema\/logo\/image\/","url":"https:\/\/www.mojabochnia.pl\/wp-content\/uploads\/2017\/08\/logo-mb-opt.png","contentUrl":"https:\/\/www.mojabochnia.pl\/wp-content\/uploads\/2017\/08\/logo-mb-opt.png","width":250,"height":48,"caption":"mojabochnia.pl - portal informacyjny"},"image":{"@id":"https:\/\/www.mojabochnia.pl\/#\/schema\/logo\/image\/"},"sameAs":["https:\/\/www.facebook.com\/mojabochnia"]},{"@type":"Person","@id":"https:\/\/www.mojabochnia.pl\/#\/schema\/person\/7e2f20ead9902216a3384f13606c0ab7","name":"redakcja","sameAs":["http:\/\/"],"url":"https:\/\/www.mojabochnia.pl\/?author=13"}]}},"_links":{"self":[{"href":"https:\/\/www.mojabochnia.pl\/index.php?rest_route=\/wp\/v2\/posts\/32108","targetHints":{"allow":["GET"]}}],"collection":[{"href":"https:\/\/www.mojabochnia.pl\/index.php?rest_route=\/wp\/v2\/posts"}],"about":[{"href":"https:\/\/www.mojabochnia.pl\/index.php?rest_route=\/wp\/v2\/types\/post"}],"author":[{"embeddable":true,"href":"https:\/\/www.mojabochnia.pl\/index.php?rest_route=\/wp\/v2\/users\/13"}],"replies":[{"embeddable":true,"href":"https:\/\/www.mojabochnia.pl\/index.php?rest_route=%2Fwp%2Fv2%2Fcomments&post=32108"}],"version-history":[{"count":0,"href":"https:\/\/www.mojabochnia.pl\/index.php?rest_route=\/wp\/v2\/posts\/32108\/revisions"}],"wp:attachment":[{"href":"https:\/\/www.mojabochnia.pl\/index.php?rest_route=%2Fwp%2Fv2%2Fmedia&parent=32108"}],"wp:term":[{"taxonomy":"category","embeddable":true,"href":"https:\/\/www.mojabochnia.pl\/index.php?rest_route=%2Fwp%2Fv2%2Fcategories&post=32108"},{"taxonomy":"post_tag","embeddable":true,"href":"https:\/\/www.mojabochnia.pl\/index.php?rest_route=%2Fwp%2Fv2%2Ftags&post=32108"}],"curies":[{"name":"wp","href":"https:\/\/api.w.org\/{rel}","templated":true}]}}