{"id":3198,"date":"2008-11-27T05:40:03","date_gmt":"2008-11-27T04:40:03","guid":{"rendered":"http:\/\/www.mojabochnia.pl\/?p=3198"},"modified":"2008-11-26T09:46:51","modified_gmt":"2008-11-26T08:46:51","slug":"powiat-bochenski-bez-sekretarza","status":"publish","type":"post","link":"https:\/\/www.mojabochnia.pl\/?p=3198","title":{"rendered":"Powiat boche\u0144ski bez sekretarza"},"content":{"rendered":"<p>Od wrze\u015bnia Krzysztof Nowak przebywa na zwolnieniu lekarskim, niedawno mia\u0142 zabieg operacyjny. Na razie nie wiadomo, kiedy powr\u00f3ci do zdrowia. Jak m\u00f3wi starosta Jacek Paj\u0105k, obecna sytuacja jest trudna dla urz\u0119du ze wzgl\u0119d\u00f3w organizacyjnych. \u2013 Jak d\u0142ugo powiat mo\u017ce funkcjonowa\u0107 w takim stanie? Pewnie nied\u0142ugo. Dodaje jednak, \u017ce s\u0105 pewne mechanizmy zabezpieczaj\u0105ce na wypadek takiej sytuacji. \u2013 <em>Podczas nieobecno\u015bci sekretarza, jego funkcj\u0119 i rol\u0119 wype\u0142nia (i to dobrze wype\u0142nia, trzeba powiedzie\u0107) dyrektor wydzia\u0142u organizacyjnego<\/em>. <\/p>\n<p>Starosta zastrzega, \u017ce nie bierze pod uwag\u0119 zmiany na stanowisku sekretarza. \u2013 <em>Jest to wypadek losowy i trzeba to wzi\u0105\u0107 pod uwag\u0119. I po to m.in. zosta\u0142y wymy\u015blone i s\u0105 wdra\u017cane przepisy prawne zabezpieczaj\u0105ce ka\u017cdego pracownika na wypadek wydarzenia losowego  przed pochopnymi decyzjami pracodawcy<\/em> \u2013 m\u00f3wi starosta. <\/p>\n<p>Krzysztof Nowak, sekretarz powiatu boche\u0144skiego, jest r\u00f3wnocze\u015bnie radnym miasta Tarnowa. Nie by\u0142 obecny r\u00f3wnie\u017c podczas ostatnich sesji.<\/p>\n","protected":false},"excerpt":{"rendered":"<p>Powiat boche\u0144ski funkcjonuje bez sekretarza. Krzysztof Nowak, kt\u00f3ry pe\u0142ni t\u0119 funkcj\u0119, od wrze\u015bnia jest nieobecny. Co jest powodem takiej sytuacji?<\/p>\n","protected":false},"author":4,"featured_media":0,"comment_status":"open","ping_status":"closed","sticky":false,"template":"","format":"standard","meta":{"_acf_changed":false,"footnotes":""},"categories":[5,11],"tags":[1759,17203,17136,1757,17480,1756,17519,17494,17174,263,1758,1672,1760],"class_list":["post-3198","post","type-post","status-publish","format-standard","hentry","category-biezace-wydarzenia","category-top-temat","tag-choroba","tag-dyrektor","tag-jacek-pajak","tag-krzysztof-nowak","tag-radny","tag-sekretarz","tag-sesja","tag-starosta","tag-starostwo-powiatowe","tag-tarnow","tag-wydzial-organizacyjny","tag-zabieg","tag-zwolnienie-lekarskie"],"acf":[],"yoast_head":"<!-- This site is optimized with the Yoast SEO plugin v26.9 - https:\/\/yoast.com\/product\/yoast-seo-wordpress\/ -->\n<title>Powiat boche\u0144ski bez sekretarza  - mojabochnia.pl - portal informacyjny<\/title>\n<meta name=\"robots\" content=\"index, follow, max-snippet:-1, max-image-preview:large, max-video-preview:-1\" \/>\n<link rel=\"canonical\" href=\"https:\/\/www.mojabochnia.pl\/?p=3198\" \/>\n<meta property=\"og:locale\" content=\"pl_PL\" \/>\n<meta property=\"og:type\" content=\"article\" \/>\n<meta property=\"og:title\" content=\"Powiat boche\u0144ski bez sekretarza  - mojabochnia.pl - portal informacyjny\" \/>\n<meta property=\"og:description\" content=\"Powiat boche\u0144ski funkcjonuje bez sekretarza. Krzysztof Nowak, kt\u00f3ry pe\u0142ni t\u0119 funkcj\u0119, od wrze\u015bnia jest nieobecny. Co jest powodem takiej sytuacji?\" \/>\n<meta property=\"og:url\" content=\"https:\/\/www.mojabochnia.pl\/?p=3198\" \/>\n<meta property=\"og:site_name\" content=\"mojabochnia.pl - portal informacyjny\" \/>\n<meta property=\"article:publisher\" content=\"https:\/\/www.facebook.com\/mojabochnia\" \/>\n<meta property=\"article:published_time\" content=\"2008-11-27T04:40:03+00:00\" \/>\n<meta name=\"author\" content=\"Pawe\u0142 Michalczyk\" \/>\n<meta name=\"twitter:card\" content=\"summary_large_image\" \/>\n<meta name=\"twitter:label1\" content=\"Written by\" \/>\n\t<meta name=\"twitter:data1\" content=\"Pawe\u0142 Michalczyk\" \/>\n\t<meta name=\"twitter:label2\" content=\"Est. reading time\" \/>\n\t<meta name=\"twitter:data2\" content=\"1 minuta\" \/>\n<script type=\"application\/ld+json\" class=\"yoast-schema-graph\">{\"@context\":\"https:\/\/schema.org\",\"@graph\":[{\"@type\":\"Article\",\"@id\":\"https:\/\/www.mojabochnia.pl\/?p=3198#article\",\"isPartOf\":{\"@id\":\"https:\/\/www.mojabochnia.pl\/?p=3198\"},\"author\":{\"name\":\"Pawe\u0142 Michalczyk\",\"@id\":\"https:\/\/www.mojabochnia.pl\/#\/schema\/person\/ea042e4724a77627963f02166828ead4\"},\"headline\":\"Powiat boche\u0144ski bez sekretarza\",\"datePublished\":\"2008-11-27T04:40:03+00:00\",\"mainEntityOfPage\":{\"@id\":\"https:\/\/www.mojabochnia.pl\/?p=3198\"},\"wordCount\":165,\"commentCount\":3,\"publisher\":{\"@id\":\"https:\/\/www.mojabochnia.pl\/#organization\"},\"keywords\":[\"choroba\",\"dyrektor\",\"jacek paj\u0105k\",\"krzysztof nowak\",\"radny\",\"sekretarz\",\"sesja\",\"starosta\",\"starostwo powiatowe\",\"tarn\u00f3w\",\"wydzia\u0142 organizacyjny\",\"zabieg\",\"zwolnienie lekarskie\"],\"articleSection\":[\"2_ostatnie\",\"3_w centrum uwagi\"],\"inLanguage\":\"pl-PL\",\"potentialAction\":[{\"@type\":\"CommentAction\",\"name\":\"Comment\",\"target\":[\"https:\/\/www.mojabochnia.pl\/?p=3198#respond\"]}]},{\"@type\":\"WebPage\",\"@id\":\"https:\/\/www.mojabochnia.pl\/?p=3198\",\"url\":\"https:\/\/www.mojabochnia.pl\/?p=3198\",\"name\":\"Powiat boche\u0144ski bez sekretarza - mojabochnia.pl - portal informacyjny\",\"isPartOf\":{\"@id\":\"https:\/\/www.mojabochnia.pl\/#website\"},\"datePublished\":\"2008-11-27T04:40:03+00:00\",\"breadcrumb\":{\"@id\":\"https:\/\/www.mojabochnia.pl\/?p=3198#breadcrumb\"},\"inLanguage\":\"pl-PL\",\"potentialAction\":[{\"@type\":\"ReadAction\",\"target\":[\"https:\/\/www.mojabochnia.pl\/?p=3198\"]}]},{\"@type\":\"BreadcrumbList\",\"@id\":\"https:\/\/www.mojabochnia.pl\/?p=3198#breadcrumb\",\"itemListElement\":[{\"@type\":\"ListItem\",\"position\":1,\"name\":\"Home\",\"item\":\"https:\/\/www.mojabochnia.pl\/\"},{\"@type\":\"ListItem\",\"position\":2,\"name\":\"Powiat boche\u0144ski bez sekretarza\"}]},{\"@type\":\"WebSite\",\"@id\":\"https:\/\/www.mojabochnia.pl\/#website\",\"url\":\"https:\/\/www.mojabochnia.pl\/\",\"name\":\"mojabochnia.pl - portal informacyjny\",\"description\":\"mojaBochnia to portal informacyjny o Bochni. Codziennie o Bochni piszemy i pokazujemy najwa\u017cniejsze wydarzenia\",\"publisher\":{\"@id\":\"https:\/\/www.mojabochnia.pl\/#organization\"},\"potentialAction\":[{\"@type\":\"SearchAction\",\"target\":{\"@type\":\"EntryPoint\",\"urlTemplate\":\"https:\/\/www.mojabochnia.pl\/?s={search_term_string}\"},\"query-input\":{\"@type\":\"PropertyValueSpecification\",\"valueRequired\":true,\"valueName\":\"search_term_string\"}}],\"inLanguage\":\"pl-PL\"},{\"@type\":\"Organization\",\"@id\":\"https:\/\/www.mojabochnia.pl\/#organization\",\"name\":\"mojabochnia.pl - portal informacyjny\",\"url\":\"https:\/\/www.mojabochnia.pl\/\",\"logo\":{\"@type\":\"ImageObject\",\"inLanguage\":\"pl-PL\",\"@id\":\"https:\/\/www.mojabochnia.pl\/#\/schema\/logo\/image\/\",\"url\":\"https:\/\/www.mojabochnia.pl\/wp-content\/uploads\/2017\/08\/logo-mb-opt.png\",\"contentUrl\":\"https:\/\/www.mojabochnia.pl\/wp-content\/uploads\/2017\/08\/logo-mb-opt.png\",\"width\":250,\"height\":48,\"caption\":\"mojabochnia.pl - portal informacyjny\"},\"image\":{\"@id\":\"https:\/\/www.mojabochnia.pl\/#\/schema\/logo\/image\/\"},\"sameAs\":[\"https:\/\/www.facebook.com\/mojabochnia\"]},{\"@type\":\"Person\",\"@id\":\"https:\/\/www.mojabochnia.pl\/#\/schema\/person\/ea042e4724a77627963f02166828ead4\",\"name\":\"Pawe\u0142 Michalczyk\",\"url\":\"https:\/\/www.mojabochnia.pl\/?author=4\"}]}<\/script>\n<!-- \/ Yoast SEO plugin. -->","yoast_head_json":{"title":"Powiat boche\u0144ski bez sekretarza  - mojabochnia.pl - portal informacyjny","robots":{"index":"index","follow":"follow","max-snippet":"max-snippet:-1","max-image-preview":"max-image-preview:large","max-video-preview":"max-video-preview:-1"},"canonical":"https:\/\/www.mojabochnia.pl\/?p=3198","og_locale":"pl_PL","og_type":"article","og_title":"Powiat boche\u0144ski bez sekretarza  - mojabochnia.pl - portal informacyjny","og_description":"Powiat boche\u0144ski funkcjonuje bez sekretarza. Krzysztof Nowak, kt\u00f3ry pe\u0142ni t\u0119 funkcj\u0119, od wrze\u015bnia jest nieobecny. Co jest powodem takiej sytuacji?","og_url":"https:\/\/www.mojabochnia.pl\/?p=3198","og_site_name":"mojabochnia.pl - portal informacyjny","article_publisher":"https:\/\/www.facebook.com\/mojabochnia","article_published_time":"2008-11-27T04:40:03+00:00","author":"Pawe\u0142 Michalczyk","twitter_card":"summary_large_image","twitter_misc":{"Written by":"Pawe\u0142 Michalczyk","Est. reading time":"1 minuta"},"schema":{"@context":"https:\/\/schema.org","@graph":[{"@type":"Article","@id":"https:\/\/www.mojabochnia.pl\/?p=3198#article","isPartOf":{"@id":"https:\/\/www.mojabochnia.pl\/?p=3198"},"author":{"name":"Pawe\u0142 Michalczyk","@id":"https:\/\/www.mojabochnia.pl\/#\/schema\/person\/ea042e4724a77627963f02166828ead4"},"headline":"Powiat boche\u0144ski bez sekretarza","datePublished":"2008-11-27T04:40:03+00:00","mainEntityOfPage":{"@id":"https:\/\/www.mojabochnia.pl\/?p=3198"},"wordCount":165,"commentCount":3,"publisher":{"@id":"https:\/\/www.mojabochnia.pl\/#organization"},"keywords":["choroba","dyrektor","jacek paj\u0105k","krzysztof nowak","radny","sekretarz","sesja","starosta","starostwo powiatowe","tarn\u00f3w","wydzia\u0142 organizacyjny","zabieg","zwolnienie lekarskie"],"articleSection":["2_ostatnie","3_w centrum uwagi"],"inLanguage":"pl-PL","potentialAction":[{"@type":"CommentAction","name":"Comment","target":["https:\/\/www.mojabochnia.pl\/?p=3198#respond"]}]},{"@type":"WebPage","@id":"https:\/\/www.mojabochnia.pl\/?p=3198","url":"https:\/\/www.mojabochnia.pl\/?p=3198","name":"Powiat boche\u0144ski bez sekretarza - mojabochnia.pl - portal informacyjny","isPartOf":{"@id":"https:\/\/www.mojabochnia.pl\/#website"},"datePublished":"2008-11-27T04:40:03+00:00","breadcrumb":{"@id":"https:\/\/www.mojabochnia.pl\/?p=3198#breadcrumb"},"inLanguage":"pl-PL","potentialAction":[{"@type":"ReadAction","target":["https:\/\/www.mojabochnia.pl\/?p=3198"]}]},{"@type":"BreadcrumbList","@id":"https:\/\/www.mojabochnia.pl\/?p=3198#breadcrumb","itemListElement":[{"@type":"ListItem","position":1,"name":"Home","item":"https:\/\/www.mojabochnia.pl\/"},{"@type":"ListItem","position":2,"name":"Powiat boche\u0144ski bez sekretarza"}]},{"@type":"WebSite","@id":"https:\/\/www.mojabochnia.pl\/#website","url":"https:\/\/www.mojabochnia.pl\/","name":"mojabochnia.pl - portal informacyjny","description":"mojaBochnia to portal informacyjny o Bochni. Codziennie o Bochni piszemy i pokazujemy najwa\u017cniejsze wydarzenia","publisher":{"@id":"https:\/\/www.mojabochnia.pl\/#organization"},"potentialAction":[{"@type":"SearchAction","target":{"@type":"EntryPoint","urlTemplate":"https:\/\/www.mojabochnia.pl\/?s={search_term_string}"},"query-input":{"@type":"PropertyValueSpecification","valueRequired":true,"valueName":"search_term_string"}}],"inLanguage":"pl-PL"},{"@type":"Organization","@id":"https:\/\/www.mojabochnia.pl\/#organization","name":"mojabochnia.pl - portal informacyjny","url":"https:\/\/www.mojabochnia.pl\/","logo":{"@type":"ImageObject","inLanguage":"pl-PL","@id":"https:\/\/www.mojabochnia.pl\/#\/schema\/logo\/image\/","url":"https:\/\/www.mojabochnia.pl\/wp-content\/uploads\/2017\/08\/logo-mb-opt.png","contentUrl":"https:\/\/www.mojabochnia.pl\/wp-content\/uploads\/2017\/08\/logo-mb-opt.png","width":250,"height":48,"caption":"mojabochnia.pl - portal informacyjny"},"image":{"@id":"https:\/\/www.mojabochnia.pl\/#\/schema\/logo\/image\/"},"sameAs":["https:\/\/www.facebook.com\/mojabochnia"]},{"@type":"Person","@id":"https:\/\/www.mojabochnia.pl\/#\/schema\/person\/ea042e4724a77627963f02166828ead4","name":"Pawe\u0142 Michalczyk","url":"https:\/\/www.mojabochnia.pl\/?author=4"}]}},"_links":{"self":[{"href":"https:\/\/www.mojabochnia.pl\/index.php?rest_route=\/wp\/v2\/posts\/3198","targetHints":{"allow":["GET"]}}],"collection":[{"href":"https:\/\/www.mojabochnia.pl\/index.php?rest_route=\/wp\/v2\/posts"}],"about":[{"href":"https:\/\/www.mojabochnia.pl\/index.php?rest_route=\/wp\/v2\/types\/post"}],"author":[{"embeddable":true,"href":"https:\/\/www.mojabochnia.pl\/index.php?rest_route=\/wp\/v2\/users\/4"}],"replies":[{"embeddable":true,"href":"https:\/\/www.mojabochnia.pl\/index.php?rest_route=%2Fwp%2Fv2%2Fcomments&post=3198"}],"version-history":[{"count":0,"href":"https:\/\/www.mojabochnia.pl\/index.php?rest_route=\/wp\/v2\/posts\/3198\/revisions"}],"wp:attachment":[{"href":"https:\/\/www.mojabochnia.pl\/index.php?rest_route=%2Fwp%2Fv2%2Fmedia&parent=3198"}],"wp:term":[{"taxonomy":"category","embeddable":true,"href":"https:\/\/www.mojabochnia.pl\/index.php?rest_route=%2Fwp%2Fv2%2Fcategories&post=3198"},{"taxonomy":"post_tag","embeddable":true,"href":"https:\/\/www.mojabochnia.pl\/index.php?rest_route=%2Fwp%2Fv2%2Ftags&post=3198"}],"curies":[{"name":"wp","href":"https:\/\/api.w.org\/{rel}","templated":true}]}}