{"id":30078,"date":"2010-07-07T09:18:40","date_gmt":"2010-07-07T07:18:40","guid":{"rendered":"http:\/\/www.mojabochnia.pl\/?p=30078"},"modified":"2010-07-07T09:19:05","modified_gmt":"2010-07-07T07:19:05","slug":"dzwon-prezydencki-w-lipnicy-niedlugo-zabrzmi-po-raz-pierwszy","status":"publish","type":"post","link":"https:\/\/www.mojabochnia.pl\/?p=30078","title":{"rendered":"Dzwon Prezydencki w Lipnicy nied\u0142ugo zabrzmi po raz pierwszy"},"content":{"rendered":"<p>Od tego czasu dzwon znajduje si\u0119 na dziedzi\u0144cu obok ko\u015bcio\u0142a. Poniewa\u017c remont wie\u017cy ko\u015bcio\u0142a ju\u017c si\u0119 zako\u0144czy\u0142, w najbli\u017cszych dniach ma zosta\u0107 na niej umieszczony przy pomocy d\u017awigu. Nied\u0142ugo p\u00f3\u017aniej po raz pierwszy b\u0119dzie mo\u017cna us\u0142ysze\u0107 jego brzmienie. <\/p>\n<p>\u2013 <em>Dzwon, kt\u00f3ry nazywany jest Dzwonem Prezydenckim, a r\u00f3wnocze\u015bnie nosi imi\u0119 Maryja dla uczczenia 640. rocznicy obecno\u015bci w naszym ko\u015bciele figury pi\u0119knej Madonny, podarowanej Lipnicy przez kr\u00f3la Kazimierza Wielkiego. Ten dzwon do\u0142\u0105czy do dw\u00f3ch dzwon\u00f3w ju\u017c obecnych na wie\u017cy ko\u015bcio\u0142a, zabrzmi po raz pierwszy 18 lipca, w dniu odpustu ku czci \u015bw. Szymona<\/em> \u2013 m\u00f3wi ks. Zbigniew Kras, proboszcz parafii Lipnica Murowana.<\/p>\n<p>\u2013 <em>Chcia\u0142bym, \u017ceby obwieszcza\u0142 lipniczanom wszystkie wa\u017cne wydarzenia. Krak\u00f3w ma swojego Zygmunta, my chcemy mie\u0107 dzwon o imieniu Maryja, tak\u017ce zwany Dzwonem Prezydenckim<\/em> \u2013 dodaje ks. Zbigniew Kras.<\/p>\n<p>Dzwon ufundowany przez prezydenta Lecha Kaczy\u0144skiego dla parafii Lipnicy Murowanej wa\u017cy ok. 1000 kg. Widoczna jest na nim p\u0142askorze\u017aba postaci Matki Boskiej z Dzieci\u0105tkiem zwanej Madonn\u0105 Lipnick\u0105.<\/p>\n","protected":false},"excerpt":{"rendered":"<p>Dzwon ufundowany przez prezydenta Lecha Kaczy\u0144skiego, zabrzmi w Lipnicy Murowanej na odpust ku czci \u015bw. Szymona. Zosta\u0142 on podarowany lipnickiej parafii podczas niedzieli palmowej. <\/p>\n","protected":false},"author":4,"featured_media":0,"comment_status":"open","ping_status":"closed","sticky":false,"template":"","format":"standard","meta":{"_acf_changed":false,"footnotes":""},"categories":[5,6250,1342],"tags":[2034,17197,17746,17125,17633,17364,75],"class_list":["post-30078","post","type-post","status-publish","format-standard","hentry","category-biezace-wydarzenia","category-tematyka","category-zycie-religijne","tag-dzwon","tag-ks-zbigniew-kras","tag-lech-kaczynski","tag-lipnica","tag-niedziela-palmowa","tag-odpust","tag-sw-szymon"],"acf":[],"yoast_head":"<!-- This site is optimized with the Yoast SEO plugin v26.9 - https:\/\/yoast.com\/product\/yoast-seo-wordpress\/ -->\n<title>Dzwon Prezydencki w Lipnicy nied\u0142ugo zabrzmi po raz pierwszy - mojabochnia.pl - portal informacyjny<\/title>\n<meta name=\"robots\" content=\"index, follow, max-snippet:-1, max-image-preview:large, max-video-preview:-1\" \/>\n<link rel=\"canonical\" href=\"https:\/\/www.mojabochnia.pl\/?p=30078\" \/>\n<meta property=\"og:locale\" content=\"pl_PL\" \/>\n<meta property=\"og:type\" content=\"article\" \/>\n<meta property=\"og:title\" content=\"Dzwon Prezydencki w Lipnicy nied\u0142ugo zabrzmi po raz pierwszy - mojabochnia.pl - portal informacyjny\" \/>\n<meta property=\"og:description\" content=\"Dzwon ufundowany przez prezydenta Lecha Kaczy\u0144skiego, zabrzmi w Lipnicy Murowanej na odpust ku czci \u015bw. Szymona. Zosta\u0142 on podarowany lipnickiej parafii podczas niedzieli palmowej.\" \/>\n<meta property=\"og:url\" content=\"https:\/\/www.mojabochnia.pl\/?p=30078\" \/>\n<meta property=\"og:site_name\" content=\"mojabochnia.pl - portal informacyjny\" \/>\n<meta property=\"article:publisher\" content=\"https:\/\/www.facebook.com\/mojabochnia\" \/>\n<meta property=\"article:published_time\" content=\"2010-07-07T07:18:40+00:00\" \/>\n<meta property=\"article:modified_time\" content=\"2010-07-07T07:19:05+00:00\" \/>\n<meta name=\"author\" content=\"Pawe\u0142 Michalczyk\" \/>\n<meta name=\"twitter:card\" content=\"summary_large_image\" \/>\n<meta name=\"twitter:label1\" content=\"Written by\" \/>\n\t<meta name=\"twitter:data1\" content=\"Pawe\u0142 Michalczyk\" \/>\n\t<meta name=\"twitter:label2\" content=\"Est. reading time\" \/>\n\t<meta name=\"twitter:data2\" content=\"1 minuta\" \/>\n<script type=\"application\/ld+json\" class=\"yoast-schema-graph\">{\"@context\":\"https:\/\/schema.org\",\"@graph\":[{\"@type\":\"Article\",\"@id\":\"https:\/\/www.mojabochnia.pl\/?p=30078#article\",\"isPartOf\":{\"@id\":\"https:\/\/www.mojabochnia.pl\/?p=30078\"},\"author\":{\"name\":\"Pawe\u0142 Michalczyk\",\"@id\":\"https:\/\/www.mojabochnia.pl\/#\/schema\/person\/ea042e4724a77627963f02166828ead4\"},\"headline\":\"Dzwon Prezydencki w Lipnicy nied\u0142ugo zabrzmi po raz pierwszy\",\"datePublished\":\"2010-07-07T07:18:40+00:00\",\"dateModified\":\"2010-07-07T07:19:05+00:00\",\"mainEntityOfPage\":{\"@id\":\"https:\/\/www.mojabochnia.pl\/?p=30078\"},\"wordCount\":195,\"commentCount\":0,\"publisher\":{\"@id\":\"https:\/\/www.mojabochnia.pl\/#organization\"},\"keywords\":[\"dzwon\",\"ks. zbigniew kras\",\"lech kaczy\u0144ski\",\"Lipnica Murowana\",\"niedziela palmowa\",\"odpust\",\"\u015bw. szymon\"],\"articleSection\":[\"2_ostatnie\",\"tematyka\",\"\u017bycie religijne\"],\"inLanguage\":\"pl-PL\",\"potentialAction\":[{\"@type\":\"CommentAction\",\"name\":\"Comment\",\"target\":[\"https:\/\/www.mojabochnia.pl\/?p=30078#respond\"]}]},{\"@type\":\"WebPage\",\"@id\":\"https:\/\/www.mojabochnia.pl\/?p=30078\",\"url\":\"https:\/\/www.mojabochnia.pl\/?p=30078\",\"name\":\"Dzwon Prezydencki w Lipnicy nied\u0142ugo zabrzmi po raz pierwszy - mojabochnia.pl - portal informacyjny\",\"isPartOf\":{\"@id\":\"https:\/\/www.mojabochnia.pl\/#website\"},\"datePublished\":\"2010-07-07T07:18:40+00:00\",\"dateModified\":\"2010-07-07T07:19:05+00:00\",\"breadcrumb\":{\"@id\":\"https:\/\/www.mojabochnia.pl\/?p=30078#breadcrumb\"},\"inLanguage\":\"pl-PL\",\"potentialAction\":[{\"@type\":\"ReadAction\",\"target\":[\"https:\/\/www.mojabochnia.pl\/?p=30078\"]}]},{\"@type\":\"BreadcrumbList\",\"@id\":\"https:\/\/www.mojabochnia.pl\/?p=30078#breadcrumb\",\"itemListElement\":[{\"@type\":\"ListItem\",\"position\":1,\"name\":\"Home\",\"item\":\"https:\/\/www.mojabochnia.pl\/\"},{\"@type\":\"ListItem\",\"position\":2,\"name\":\"Dzwon Prezydencki w Lipnicy nied\u0142ugo zabrzmi po raz pierwszy\"}]},{\"@type\":\"WebSite\",\"@id\":\"https:\/\/www.mojabochnia.pl\/#website\",\"url\":\"https:\/\/www.mojabochnia.pl\/\",\"name\":\"mojabochnia.pl - portal informacyjny\",\"description\":\"mojaBochnia to portal informacyjny o Bochni. Codziennie o Bochni piszemy i pokazujemy najwa\u017cniejsze wydarzenia\",\"publisher\":{\"@id\":\"https:\/\/www.mojabochnia.pl\/#organization\"},\"potentialAction\":[{\"@type\":\"SearchAction\",\"target\":{\"@type\":\"EntryPoint\",\"urlTemplate\":\"https:\/\/www.mojabochnia.pl\/?s={search_term_string}\"},\"query-input\":{\"@type\":\"PropertyValueSpecification\",\"valueRequired\":true,\"valueName\":\"search_term_string\"}}],\"inLanguage\":\"pl-PL\"},{\"@type\":\"Organization\",\"@id\":\"https:\/\/www.mojabochnia.pl\/#organization\",\"name\":\"mojabochnia.pl - portal informacyjny\",\"url\":\"https:\/\/www.mojabochnia.pl\/\",\"logo\":{\"@type\":\"ImageObject\",\"inLanguage\":\"pl-PL\",\"@id\":\"https:\/\/www.mojabochnia.pl\/#\/schema\/logo\/image\/\",\"url\":\"https:\/\/www.mojabochnia.pl\/wp-content\/uploads\/2017\/08\/logo-mb-opt.png\",\"contentUrl\":\"https:\/\/www.mojabochnia.pl\/wp-content\/uploads\/2017\/08\/logo-mb-opt.png\",\"width\":250,\"height\":48,\"caption\":\"mojabochnia.pl - portal informacyjny\"},\"image\":{\"@id\":\"https:\/\/www.mojabochnia.pl\/#\/schema\/logo\/image\/\"},\"sameAs\":[\"https:\/\/www.facebook.com\/mojabochnia\"]},{\"@type\":\"Person\",\"@id\":\"https:\/\/www.mojabochnia.pl\/#\/schema\/person\/ea042e4724a77627963f02166828ead4\",\"name\":\"Pawe\u0142 Michalczyk\",\"url\":\"https:\/\/www.mojabochnia.pl\/?author=4\"}]}<\/script>\n<!-- \/ Yoast SEO plugin. -->","yoast_head_json":{"title":"Dzwon Prezydencki w Lipnicy nied\u0142ugo zabrzmi po raz pierwszy - mojabochnia.pl - portal informacyjny","robots":{"index":"index","follow":"follow","max-snippet":"max-snippet:-1","max-image-preview":"max-image-preview:large","max-video-preview":"max-video-preview:-1"},"canonical":"https:\/\/www.mojabochnia.pl\/?p=30078","og_locale":"pl_PL","og_type":"article","og_title":"Dzwon Prezydencki w Lipnicy nied\u0142ugo zabrzmi po raz pierwszy - mojabochnia.pl - portal informacyjny","og_description":"Dzwon ufundowany przez prezydenta Lecha Kaczy\u0144skiego, zabrzmi w Lipnicy Murowanej na odpust ku czci \u015bw. Szymona. Zosta\u0142 on podarowany lipnickiej parafii podczas niedzieli palmowej.","og_url":"https:\/\/www.mojabochnia.pl\/?p=30078","og_site_name":"mojabochnia.pl - portal informacyjny","article_publisher":"https:\/\/www.facebook.com\/mojabochnia","article_published_time":"2010-07-07T07:18:40+00:00","article_modified_time":"2010-07-07T07:19:05+00:00","author":"Pawe\u0142 Michalczyk","twitter_card":"summary_large_image","twitter_misc":{"Written by":"Pawe\u0142 Michalczyk","Est. reading time":"1 minuta"},"schema":{"@context":"https:\/\/schema.org","@graph":[{"@type":"Article","@id":"https:\/\/www.mojabochnia.pl\/?p=30078#article","isPartOf":{"@id":"https:\/\/www.mojabochnia.pl\/?p=30078"},"author":{"name":"Pawe\u0142 Michalczyk","@id":"https:\/\/www.mojabochnia.pl\/#\/schema\/person\/ea042e4724a77627963f02166828ead4"},"headline":"Dzwon Prezydencki w Lipnicy nied\u0142ugo zabrzmi po raz pierwszy","datePublished":"2010-07-07T07:18:40+00:00","dateModified":"2010-07-07T07:19:05+00:00","mainEntityOfPage":{"@id":"https:\/\/www.mojabochnia.pl\/?p=30078"},"wordCount":195,"commentCount":0,"publisher":{"@id":"https:\/\/www.mojabochnia.pl\/#organization"},"keywords":["dzwon","ks. zbigniew kras","lech kaczy\u0144ski","Lipnica Murowana","niedziela palmowa","odpust","\u015bw. szymon"],"articleSection":["2_ostatnie","tematyka","\u017bycie religijne"],"inLanguage":"pl-PL","potentialAction":[{"@type":"CommentAction","name":"Comment","target":["https:\/\/www.mojabochnia.pl\/?p=30078#respond"]}]},{"@type":"WebPage","@id":"https:\/\/www.mojabochnia.pl\/?p=30078","url":"https:\/\/www.mojabochnia.pl\/?p=30078","name":"Dzwon Prezydencki w Lipnicy nied\u0142ugo zabrzmi po raz pierwszy - mojabochnia.pl - portal informacyjny","isPartOf":{"@id":"https:\/\/www.mojabochnia.pl\/#website"},"datePublished":"2010-07-07T07:18:40+00:00","dateModified":"2010-07-07T07:19:05+00:00","breadcrumb":{"@id":"https:\/\/www.mojabochnia.pl\/?p=30078#breadcrumb"},"inLanguage":"pl-PL","potentialAction":[{"@type":"ReadAction","target":["https:\/\/www.mojabochnia.pl\/?p=30078"]}]},{"@type":"BreadcrumbList","@id":"https:\/\/www.mojabochnia.pl\/?p=30078#breadcrumb","itemListElement":[{"@type":"ListItem","position":1,"name":"Home","item":"https:\/\/www.mojabochnia.pl\/"},{"@type":"ListItem","position":2,"name":"Dzwon Prezydencki w Lipnicy nied\u0142ugo zabrzmi po raz pierwszy"}]},{"@type":"WebSite","@id":"https:\/\/www.mojabochnia.pl\/#website","url":"https:\/\/www.mojabochnia.pl\/","name":"mojabochnia.pl - portal informacyjny","description":"mojaBochnia to portal informacyjny o Bochni. Codziennie o Bochni piszemy i pokazujemy najwa\u017cniejsze wydarzenia","publisher":{"@id":"https:\/\/www.mojabochnia.pl\/#organization"},"potentialAction":[{"@type":"SearchAction","target":{"@type":"EntryPoint","urlTemplate":"https:\/\/www.mojabochnia.pl\/?s={search_term_string}"},"query-input":{"@type":"PropertyValueSpecification","valueRequired":true,"valueName":"search_term_string"}}],"inLanguage":"pl-PL"},{"@type":"Organization","@id":"https:\/\/www.mojabochnia.pl\/#organization","name":"mojabochnia.pl - portal informacyjny","url":"https:\/\/www.mojabochnia.pl\/","logo":{"@type":"ImageObject","inLanguage":"pl-PL","@id":"https:\/\/www.mojabochnia.pl\/#\/schema\/logo\/image\/","url":"https:\/\/www.mojabochnia.pl\/wp-content\/uploads\/2017\/08\/logo-mb-opt.png","contentUrl":"https:\/\/www.mojabochnia.pl\/wp-content\/uploads\/2017\/08\/logo-mb-opt.png","width":250,"height":48,"caption":"mojabochnia.pl - portal informacyjny"},"image":{"@id":"https:\/\/www.mojabochnia.pl\/#\/schema\/logo\/image\/"},"sameAs":["https:\/\/www.facebook.com\/mojabochnia"]},{"@type":"Person","@id":"https:\/\/www.mojabochnia.pl\/#\/schema\/person\/ea042e4724a77627963f02166828ead4","name":"Pawe\u0142 Michalczyk","url":"https:\/\/www.mojabochnia.pl\/?author=4"}]}},"_links":{"self":[{"href":"https:\/\/www.mojabochnia.pl\/index.php?rest_route=\/wp\/v2\/posts\/30078","targetHints":{"allow":["GET"]}}],"collection":[{"href":"https:\/\/www.mojabochnia.pl\/index.php?rest_route=\/wp\/v2\/posts"}],"about":[{"href":"https:\/\/www.mojabochnia.pl\/index.php?rest_route=\/wp\/v2\/types\/post"}],"author":[{"embeddable":true,"href":"https:\/\/www.mojabochnia.pl\/index.php?rest_route=\/wp\/v2\/users\/4"}],"replies":[{"embeddable":true,"href":"https:\/\/www.mojabochnia.pl\/index.php?rest_route=%2Fwp%2Fv2%2Fcomments&post=30078"}],"version-history":[{"count":0,"href":"https:\/\/www.mojabochnia.pl\/index.php?rest_route=\/wp\/v2\/posts\/30078\/revisions"}],"wp:attachment":[{"href":"https:\/\/www.mojabochnia.pl\/index.php?rest_route=%2Fwp%2Fv2%2Fmedia&parent=30078"}],"wp:term":[{"taxonomy":"category","embeddable":true,"href":"https:\/\/www.mojabochnia.pl\/index.php?rest_route=%2Fwp%2Fv2%2Fcategories&post=30078"},{"taxonomy":"post_tag","embeddable":true,"href":"https:\/\/www.mojabochnia.pl\/index.php?rest_route=%2Fwp%2Fv2%2Ftags&post=30078"}],"curies":[{"name":"wp","href":"https:\/\/api.w.org\/{rel}","templated":true}]}}