{"id":29961,"date":"2010-07-04T09:36:51","date_gmt":"2010-07-04T07:36:51","guid":{"rendered":"http:\/\/www.mojabochnia.pl\/?p=29961"},"modified":"2010-07-04T09:36:51","modified_gmt":"2010-07-04T07:36:51","slug":"refleksje-na-niedziele-nie-badz-jak-sucha-gabka","status":"publish","type":"post","link":"https:\/\/www.mojabochnia.pl\/?p=29961","title":{"rendered":"Refleksje na niedziel\u0119: Nie b\u0105d\u017a jak sucha g\u0105bka!"},"content":{"rendered":"<p>Cz\u0142owiek czuje si\u0119 idealnym, dop\u00f3ki nie p\u00f3jdzie do ludzi, kt\u00f3rzy bardzo szybko zweryfikuj\u0105 jego \u015bwi\u0119to\u015b\u0107. To w\u0142a\u015bnie drugi cz\u0142owiek uczy nas pokory, \u015bci\u0105ga \u201ena ziemi\u0119\u201d. Potrzebujemy drugiego cz\u0142owieka, aby nie sta\u0107 si\u0119 egoistami!<\/p>\n<p>Dlaczego \u201edo ka\u017cdego miasta i miejscowo\u015bci\u201d skoro Jezus i tak sam si\u0119 tam wybiera\u0142? Odpowied\u017a jest prosta \u2013 aby przepowiadali i byli zwiastunami Jezusa. Ale tu mo\u017cna dostrzec jeden problem. Cz\u0142owiek nie lubi jak mu si\u0119 ci\u0105gle co\u015b powtarza. Ile kaza\u0144 ju\u017c wys\u0142ucha\u0142em. Ksi\u0119\u017ca ci\u0105gle m\u00f3wi\u0105 to samo. Mo\u017ce ju\u017c nie jeden raz wychodzi\u0142e\u015b z ko\u015bcio\u0142a z komentarzem, \u017ce \u201enic nowego podczas kazania nie us\u0142ysza\u0142em\u201d (a wi\u0119c to wina ksi\u0119dza, bo si\u0119 nie \u201ewysili\u0142\u201d).  My, jako kap\u0142ani, ci\u0105gle to samo powtarzamy, a jednak \u017cycie nas wszystkich bardzo cz\u0119sto nie ulega zdecydowanej przemianie na lepsze. Pope\u0142niamy te same grzechy, mamy te same wady, z tymi samymi grzechami przychodzimy do kratek konfesjona\u0142u.<\/p>\n<p>Wi\u0119c, o co w tym wszystkim chodzi? Trzeba nam odr\u00f3\u017cni\u0107, o co chodzi w przekazywaniu wiedzy, a o co w nauczania Ko\u015bcio\u0142a. Je\u015bli chodzi o przekaz wiedzy to wystarczy powiedzie\u0107 co\u015b jeden raz (np. gdzie jest szyb \u201eSutoris\u201d w Bochni? Raz komu\u015b wyt\u0142umaczymy, poka\u017cemy, zaprowadzimy i ju\u017c b\u0119dzie widzia\u0142). Natomiast nauczanie Ko\u015bcio\u0142a nie jest przekazywaniem wiedzy, ale budzeniem ze snu (jakie to trudne zadanie, to mog\u0142aby powiedzie\u0107 niejedna matka budz\u0105ca codziennie dziecko do szko\u0142y). My dobrze wiemy, \u017ce mamy wsta\u0107, ale ile razy oci\u0105gali\u015bmy si\u0119 wstaj\u0105c po nocy z \u0142\u00f3\u017cka. Podobnie oci\u0105gamy si\u0119 z przyj\u0119ciem sercem Jezusowej Ewangelii. <\/p>\n<p>Jeszcze raz zapytajmy si\u0119, dlaczego potrzebne jest nam nieustanne powtarzanie nauki Jezusa? Dlaczego Jezus posy\u0142a\u0142 uczni\u00f3w przed sob\u0105? Tutaj mo\u017cemy pos\u0142u\u017cy\u0107 si\u0119 g\u0105bk\u0105. Je\u015bli such\u0105 w\u0142o\u017cymy do wody od razu wyp\u0142ynie na powierzchnie wody, dopiero jak j\u0105 nas\u0105czymy wod\u0105, zostanie ona na dnie. Chrze\u015bcija\u0144stwem trzeba si\u0119 \u201enas\u0105czy\u0107\u201d. Nie da si\u0119 jednym zanurzeniem w prawdy wiary sta\u0107 si\u0119 wierz\u0105cym, trzeba przez lata \u201enas\u0105cza\u0107 si\u0119\u201d nauczaniem Chrystusa, by B\u00f3g nas przenikn\u0105\u0142, by wype\u0142ni\u0142 nasze serca.<\/p>\n<p>Czy nauczanie Jezusa sta\u0142o si\u0119 tre\u015bci\u0105 twojego \u017cycia? Cz\u0142owiek, kt\u00f3ry jest jak sucha g\u0105bka, ci\u0105gle p\u0142ywa na powierzchni i dlatego wypada z Eucharystii przed jej zako\u0144czeniem, jak sucha g\u0105bko z dna wanny. Sucha g\u0105bka to symbol cz\u0142owieka \u201epustego\u201d duchowo. Dlatego \u201ew k\u00f3\u0142ko\u201d trzeba nam wszystkim wiele spraw zwi\u0105zanych z wiar\u0105 powtarza\u0107, aby \u201enape\u0142ni\u0107\u201d serce cz\u0142owieka. G\u0105bka nasi\u0105ka przy ka\u017cdym zgnieceniu. Z tego powodu my kap\u0142ani ka\u017cdego roku korzystamy z rekolekcji kap\u0142a\u0144skich, z tego powodu ka\u017cdego dnia stajemy przy o\u0142tarzu, aby Jezus wype\u0142nia\u0142 nasze serca. Wi\u0119c i ty, siostro, bracie otwieraj si\u0119 na ci\u0105g\u0142e nauczanie, aby Jezus \u201enas\u0105czy\u0142\u201d ci\u0119 tym, czego potrzebujesz do jeszcze bardziej \u015bwi\u0119tego \u017cycia. <\/p>\n<p>Duszpasterz<\/p>\n","protected":false},"excerpt":{"rendered":"<p>\u201e\u2026wys\u0142a\u0142 ich po dw\u00f3ch przed sob\u0105 do ka\u017cdego miasta i miejscowo\u015bci, dok\u0105d sam przyj\u015b\u0107 zamierza\u0142\u201d. Dlaczego po dw\u00f3ch? Bo nikt nas nie budzi do \u201erealu\u201d bardziej, ni\u017c drugi cz\u0142owiek.<\/p>\n","protected":false},"author":13,"featured_media":0,"comment_status":"open","ping_status":"closed","sticky":false,"template":"","format":"standard","meta":{"_acf_changed":false,"footnotes":""},"categories":[5,6250,1342],"tags":[1624,3182,17834],"class_list":["post-29961","post","type-post","status-publish","format-standard","hentry","category-biezace-wydarzenia","category-tematyka","category-zycie-religijne","tag-jezus-chrystus","tag-niedziela","tag-refleksje"],"acf":[],"yoast_head":"<!-- This site is optimized with the Yoast SEO plugin v26.9 - https:\/\/yoast.com\/product\/yoast-seo-wordpress\/ -->\n<title>Refleksje na niedziel\u0119: Nie b\u0105d\u017a jak sucha g\u0105bka! - mojabochnia.pl - portal informacyjny<\/title>\n<meta name=\"robots\" content=\"index, follow, max-snippet:-1, max-image-preview:large, max-video-preview:-1\" \/>\n<link rel=\"canonical\" href=\"https:\/\/www.mojabochnia.pl\/?p=29961\" \/>\n<meta property=\"og:locale\" content=\"pl_PL\" \/>\n<meta property=\"og:type\" content=\"article\" \/>\n<meta property=\"og:title\" content=\"Refleksje na niedziel\u0119: Nie b\u0105d\u017a jak sucha g\u0105bka! - mojabochnia.pl - portal informacyjny\" \/>\n<meta property=\"og:description\" content=\"\u201e\u2026wys\u0142a\u0142 ich po dw\u00f3ch przed sob\u0105 do ka\u017cdego miasta i miejscowo\u015bci, dok\u0105d sam przyj\u015b\u0107 zamierza\u0142\u201d. Dlaczego po dw\u00f3ch? Bo nikt nas nie budzi do \u201erealu\u201d bardziej, ni\u017c drugi cz\u0142owiek.\" \/>\n<meta property=\"og:url\" content=\"https:\/\/www.mojabochnia.pl\/?p=29961\" \/>\n<meta property=\"og:site_name\" content=\"mojabochnia.pl - portal informacyjny\" \/>\n<meta property=\"article:publisher\" content=\"https:\/\/www.facebook.com\/mojabochnia\" \/>\n<meta property=\"article:published_time\" content=\"2010-07-04T07:36:51+00:00\" \/>\n<meta name=\"author\" content=\"redakcja\" \/>\n<meta name=\"twitter:card\" content=\"summary_large_image\" \/>\n<meta name=\"twitter:label1\" content=\"Written by\" \/>\n\t<meta name=\"twitter:data1\" content=\"redakcja\" \/>\n\t<meta name=\"twitter:label2\" content=\"Est. reading time\" \/>\n\t<meta name=\"twitter:data2\" content=\"3 minuty\" \/>\n<script type=\"application\/ld+json\" class=\"yoast-schema-graph\">{\"@context\":\"https:\/\/schema.org\",\"@graph\":[{\"@type\":\"Article\",\"@id\":\"https:\/\/www.mojabochnia.pl\/?p=29961#article\",\"isPartOf\":{\"@id\":\"https:\/\/www.mojabochnia.pl\/?p=29961\"},\"author\":{\"name\":\"redakcja\",\"@id\":\"https:\/\/www.mojabochnia.pl\/#\/schema\/person\/7e2f20ead9902216a3384f13606c0ab7\"},\"headline\":\"Refleksje na niedziel\u0119: Nie b\u0105d\u017a jak sucha g\u0105bka!\",\"datePublished\":\"2010-07-04T07:36:51+00:00\",\"mainEntityOfPage\":{\"@id\":\"https:\/\/www.mojabochnia.pl\/?p=29961\"},\"wordCount\":529,\"commentCount\":0,\"publisher\":{\"@id\":\"https:\/\/www.mojabochnia.pl\/#organization\"},\"keywords\":[\"jezus chrystus\",\"niedziela\",\"refleksje\"],\"articleSection\":[\"2_ostatnie\",\"tematyka\",\"\u017bycie religijne\"],\"inLanguage\":\"pl-PL\",\"potentialAction\":[{\"@type\":\"CommentAction\",\"name\":\"Comment\",\"target\":[\"https:\/\/www.mojabochnia.pl\/?p=29961#respond\"]}]},{\"@type\":\"WebPage\",\"@id\":\"https:\/\/www.mojabochnia.pl\/?p=29961\",\"url\":\"https:\/\/www.mojabochnia.pl\/?p=29961\",\"name\":\"Refleksje na niedziel\u0119: Nie b\u0105d\u017a jak sucha g\u0105bka! - mojabochnia.pl - portal informacyjny\",\"isPartOf\":{\"@id\":\"https:\/\/www.mojabochnia.pl\/#website\"},\"datePublished\":\"2010-07-04T07:36:51+00:00\",\"breadcrumb\":{\"@id\":\"https:\/\/www.mojabochnia.pl\/?p=29961#breadcrumb\"},\"inLanguage\":\"pl-PL\",\"potentialAction\":[{\"@type\":\"ReadAction\",\"target\":[\"https:\/\/www.mojabochnia.pl\/?p=29961\"]}]},{\"@type\":\"BreadcrumbList\",\"@id\":\"https:\/\/www.mojabochnia.pl\/?p=29961#breadcrumb\",\"itemListElement\":[{\"@type\":\"ListItem\",\"position\":1,\"name\":\"Home\",\"item\":\"https:\/\/www.mojabochnia.pl\/\"},{\"@type\":\"ListItem\",\"position\":2,\"name\":\"Refleksje na niedziel\u0119: Nie b\u0105d\u017a jak sucha g\u0105bka!\"}]},{\"@type\":\"WebSite\",\"@id\":\"https:\/\/www.mojabochnia.pl\/#website\",\"url\":\"https:\/\/www.mojabochnia.pl\/\",\"name\":\"mojabochnia.pl - portal informacyjny\",\"description\":\"mojaBochnia to portal informacyjny o Bochni. Codziennie o Bochni piszemy i pokazujemy najwa\u017cniejsze wydarzenia\",\"publisher\":{\"@id\":\"https:\/\/www.mojabochnia.pl\/#organization\"},\"potentialAction\":[{\"@type\":\"SearchAction\",\"target\":{\"@type\":\"EntryPoint\",\"urlTemplate\":\"https:\/\/www.mojabochnia.pl\/?s={search_term_string}\"},\"query-input\":{\"@type\":\"PropertyValueSpecification\",\"valueRequired\":true,\"valueName\":\"search_term_string\"}}],\"inLanguage\":\"pl-PL\"},{\"@type\":\"Organization\",\"@id\":\"https:\/\/www.mojabochnia.pl\/#organization\",\"name\":\"mojabochnia.pl - portal informacyjny\",\"url\":\"https:\/\/www.mojabochnia.pl\/\",\"logo\":{\"@type\":\"ImageObject\",\"inLanguage\":\"pl-PL\",\"@id\":\"https:\/\/www.mojabochnia.pl\/#\/schema\/logo\/image\/\",\"url\":\"https:\/\/www.mojabochnia.pl\/wp-content\/uploads\/2017\/08\/logo-mb-opt.png\",\"contentUrl\":\"https:\/\/www.mojabochnia.pl\/wp-content\/uploads\/2017\/08\/logo-mb-opt.png\",\"width\":250,\"height\":48,\"caption\":\"mojabochnia.pl - portal informacyjny\"},\"image\":{\"@id\":\"https:\/\/www.mojabochnia.pl\/#\/schema\/logo\/image\/\"},\"sameAs\":[\"https:\/\/www.facebook.com\/mojabochnia\"]},{\"@type\":\"Person\",\"@id\":\"https:\/\/www.mojabochnia.pl\/#\/schema\/person\/7e2f20ead9902216a3384f13606c0ab7\",\"name\":\"redakcja\",\"sameAs\":[\"http:\/\/\"],\"url\":\"https:\/\/www.mojabochnia.pl\/?author=13\"}]}<\/script>\n<!-- \/ Yoast SEO plugin. -->","yoast_head_json":{"title":"Refleksje na niedziel\u0119: Nie b\u0105d\u017a jak sucha g\u0105bka! - mojabochnia.pl - portal informacyjny","robots":{"index":"index","follow":"follow","max-snippet":"max-snippet:-1","max-image-preview":"max-image-preview:large","max-video-preview":"max-video-preview:-1"},"canonical":"https:\/\/www.mojabochnia.pl\/?p=29961","og_locale":"pl_PL","og_type":"article","og_title":"Refleksje na niedziel\u0119: Nie b\u0105d\u017a jak sucha g\u0105bka! - mojabochnia.pl - portal informacyjny","og_description":"\u201e\u2026wys\u0142a\u0142 ich po dw\u00f3ch przed sob\u0105 do ka\u017cdego miasta i miejscowo\u015bci, dok\u0105d sam przyj\u015b\u0107 zamierza\u0142\u201d. Dlaczego po dw\u00f3ch? Bo nikt nas nie budzi do \u201erealu\u201d bardziej, ni\u017c drugi cz\u0142owiek.","og_url":"https:\/\/www.mojabochnia.pl\/?p=29961","og_site_name":"mojabochnia.pl - portal informacyjny","article_publisher":"https:\/\/www.facebook.com\/mojabochnia","article_published_time":"2010-07-04T07:36:51+00:00","author":"redakcja","twitter_card":"summary_large_image","twitter_misc":{"Written by":"redakcja","Est. reading time":"3 minuty"},"schema":{"@context":"https:\/\/schema.org","@graph":[{"@type":"Article","@id":"https:\/\/www.mojabochnia.pl\/?p=29961#article","isPartOf":{"@id":"https:\/\/www.mojabochnia.pl\/?p=29961"},"author":{"name":"redakcja","@id":"https:\/\/www.mojabochnia.pl\/#\/schema\/person\/7e2f20ead9902216a3384f13606c0ab7"},"headline":"Refleksje na niedziel\u0119: Nie b\u0105d\u017a jak sucha g\u0105bka!","datePublished":"2010-07-04T07:36:51+00:00","mainEntityOfPage":{"@id":"https:\/\/www.mojabochnia.pl\/?p=29961"},"wordCount":529,"commentCount":0,"publisher":{"@id":"https:\/\/www.mojabochnia.pl\/#organization"},"keywords":["jezus chrystus","niedziela","refleksje"],"articleSection":["2_ostatnie","tematyka","\u017bycie religijne"],"inLanguage":"pl-PL","potentialAction":[{"@type":"CommentAction","name":"Comment","target":["https:\/\/www.mojabochnia.pl\/?p=29961#respond"]}]},{"@type":"WebPage","@id":"https:\/\/www.mojabochnia.pl\/?p=29961","url":"https:\/\/www.mojabochnia.pl\/?p=29961","name":"Refleksje na niedziel\u0119: Nie b\u0105d\u017a jak sucha g\u0105bka! - mojabochnia.pl - portal informacyjny","isPartOf":{"@id":"https:\/\/www.mojabochnia.pl\/#website"},"datePublished":"2010-07-04T07:36:51+00:00","breadcrumb":{"@id":"https:\/\/www.mojabochnia.pl\/?p=29961#breadcrumb"},"inLanguage":"pl-PL","potentialAction":[{"@type":"ReadAction","target":["https:\/\/www.mojabochnia.pl\/?p=29961"]}]},{"@type":"BreadcrumbList","@id":"https:\/\/www.mojabochnia.pl\/?p=29961#breadcrumb","itemListElement":[{"@type":"ListItem","position":1,"name":"Home","item":"https:\/\/www.mojabochnia.pl\/"},{"@type":"ListItem","position":2,"name":"Refleksje na niedziel\u0119: Nie b\u0105d\u017a jak sucha g\u0105bka!"}]},{"@type":"WebSite","@id":"https:\/\/www.mojabochnia.pl\/#website","url":"https:\/\/www.mojabochnia.pl\/","name":"mojabochnia.pl - portal informacyjny","description":"mojaBochnia to portal informacyjny o Bochni. Codziennie o Bochni piszemy i pokazujemy najwa\u017cniejsze wydarzenia","publisher":{"@id":"https:\/\/www.mojabochnia.pl\/#organization"},"potentialAction":[{"@type":"SearchAction","target":{"@type":"EntryPoint","urlTemplate":"https:\/\/www.mojabochnia.pl\/?s={search_term_string}"},"query-input":{"@type":"PropertyValueSpecification","valueRequired":true,"valueName":"search_term_string"}}],"inLanguage":"pl-PL"},{"@type":"Organization","@id":"https:\/\/www.mojabochnia.pl\/#organization","name":"mojabochnia.pl - portal informacyjny","url":"https:\/\/www.mojabochnia.pl\/","logo":{"@type":"ImageObject","inLanguage":"pl-PL","@id":"https:\/\/www.mojabochnia.pl\/#\/schema\/logo\/image\/","url":"https:\/\/www.mojabochnia.pl\/wp-content\/uploads\/2017\/08\/logo-mb-opt.png","contentUrl":"https:\/\/www.mojabochnia.pl\/wp-content\/uploads\/2017\/08\/logo-mb-opt.png","width":250,"height":48,"caption":"mojabochnia.pl - portal informacyjny"},"image":{"@id":"https:\/\/www.mojabochnia.pl\/#\/schema\/logo\/image\/"},"sameAs":["https:\/\/www.facebook.com\/mojabochnia"]},{"@type":"Person","@id":"https:\/\/www.mojabochnia.pl\/#\/schema\/person\/7e2f20ead9902216a3384f13606c0ab7","name":"redakcja","sameAs":["http:\/\/"],"url":"https:\/\/www.mojabochnia.pl\/?author=13"}]}},"_links":{"self":[{"href":"https:\/\/www.mojabochnia.pl\/index.php?rest_route=\/wp\/v2\/posts\/29961","targetHints":{"allow":["GET"]}}],"collection":[{"href":"https:\/\/www.mojabochnia.pl\/index.php?rest_route=\/wp\/v2\/posts"}],"about":[{"href":"https:\/\/www.mojabochnia.pl\/index.php?rest_route=\/wp\/v2\/types\/post"}],"author":[{"embeddable":true,"href":"https:\/\/www.mojabochnia.pl\/index.php?rest_route=\/wp\/v2\/users\/13"}],"replies":[{"embeddable":true,"href":"https:\/\/www.mojabochnia.pl\/index.php?rest_route=%2Fwp%2Fv2%2Fcomments&post=29961"}],"version-history":[{"count":0,"href":"https:\/\/www.mojabochnia.pl\/index.php?rest_route=\/wp\/v2\/posts\/29961\/revisions"}],"wp:attachment":[{"href":"https:\/\/www.mojabochnia.pl\/index.php?rest_route=%2Fwp%2Fv2%2Fmedia&parent=29961"}],"wp:term":[{"taxonomy":"category","embeddable":true,"href":"https:\/\/www.mojabochnia.pl\/index.php?rest_route=%2Fwp%2Fv2%2Fcategories&post=29961"},{"taxonomy":"post_tag","embeddable":true,"href":"https:\/\/www.mojabochnia.pl\/index.php?rest_route=%2Fwp%2Fv2%2Ftags&post=29961"}],"curies":[{"name":"wp","href":"https:\/\/api.w.org\/{rel}","templated":true}]}}