{"id":29928,"date":"2010-07-02T11:37:07","date_gmt":"2010-07-02T09:37:07","guid":{"rendered":"http:\/\/www.mojabochnia.pl\/?p=29928"},"modified":"2010-07-02T23:37:46","modified_gmt":"2010-07-02T21:37:46","slug":"wiezienie-dla-pijanych-kierowcow-recydywistow-od-wczoraj","status":"publish","type":"post","link":"https:\/\/www.mojabochnia.pl\/?p=29928","title":{"rendered":"Do 5 lat wi\u0119zienia dla pijanych kierowc\u00f3w &#8211; recydywist\u00f3w. Od wczoraj."},"content":{"rendered":"<p>Do\u017cywotnie pozbawienie prawa jazdy czeka ka\u017cdego, kto kieruj\u0105c pod wp\u0142ywem alkoholu lub \u015brodk\u00f3w narkotycznych spowoduje wypadek drogowy, w kt\u00f3rym zginie b\u0105d\u017a zostanie ranna jaka\u015b osoba. Identyczna kara na\u0142o\u017cona zostanie na tego, kto spowoduje pod wp\u0142ywem alkoholu wypadek i ucieknie z miejsca zdarzenia. Do tej pory w takich sytuacjach s\u0105d mia\u0142 mo\u017cliwo\u015b\u0107 odebrania prawa jazdy, od wczoraj to ju\u017c obowi\u0105zek.<\/p>\n<p>Przepisy dopuszczaj\u0105 jednak wyj\u0105tkowe sytuacje, w kt\u00f3rych prawo jazdy nie zostanie odebrane w\u0142a\u015bcicielowi. Tak\u0105 decyzj\u0119 s\u0105d b\u0119dzie musia\u0142 odpowiednio uargumentowa\u0107 i udokumentowa\u0107.<\/p>\n<p>Od 3 miesi\u0119cy a\u017c do 5 lat mog\u0105 sp\u0119dzi\u0107 w wi\u0119zieniu recydywi\u015bci, kt\u00f3rzy wcze\u015bniej karani byli ju\u017c za jazd\u0119 pod wp\u0142ywem i na takiej zn\u00f3w zostan\u0105 przy\u0142apani. Taka sama kara czeka \u015bmia\u0142k\u00f3w, kt\u00f3rzy odwa\u017c\u0105 si\u0119 prowadzi\u0107 pijani lub na\u0107pani w trakcie trwania orzeczonego zakazu prowadzenia pojazd\u00f3w. <\/p>\n<p>&#8211; <em>Mam nadziej\u0119, \u017ce te do\u015b\u0107 drastyczne zmiany spowoduj\u0105, \u017ce fala nietrze\u017awych kieruj\u0105cych, kt\u00f3ra przez policj\u0119 obserwowana jest od d\u0142u\u017cszego ju\u017c czasu, zostanie cho\u0107 troch\u0119 powstrzymana<\/em> &#8211; m\u00f3wi Leszek Machaj, rzecznik boche\u0144skiej policji.<\/p>\n","protected":false},"excerpt":{"rendered":"<p>Wczoraj wesz\u0142a w \u017cycie nowelizacja kodeksu karnego, kt\u00f3ra zaostrza sankcje w stosunku do kieruj\u0105cych pojazdami pod wp\u0142ywem alkoholu i narkotyk\u00f3w. Jakie kary przewiduje?<\/p>\n","protected":false},"author":25,"featured_media":0,"comment_status":"open","ping_status":"closed","sticky":false,"template":"","format":"standard","meta":{"_acf_changed":false,"footnotes":""},"categories":[5,6251,6250],"tags":[17321,17504,1276,17238,17155,1560,17545],"class_list":["post-29928","post","type-post","status-publish","format-standard","hentry","category-biezace-wydarzenia","category-polityka-i-wydarzenia","category-tematyka","tag-alkohol","tag-kara","tag-kodeks-karny","tag-leszek-machaj","tag-policja","tag-prawo-jazdy","tag-wiezienie"],"acf":[],"yoast_head":"<!-- This site is optimized with the Yoast SEO plugin v26.9 - https:\/\/yoast.com\/product\/yoast-seo-wordpress\/ -->\n<title>Do 5 lat wi\u0119zienia dla pijanych kierowc\u00f3w - recydywist\u00f3w. Od wczoraj. - mojabochnia.pl - portal informacyjny<\/title>\n<meta name=\"robots\" content=\"index, follow, max-snippet:-1, max-image-preview:large, max-video-preview:-1\" \/>\n<link rel=\"canonical\" href=\"https:\/\/www.mojabochnia.pl\/?p=29928\" \/>\n<meta property=\"og:locale\" content=\"pl_PL\" \/>\n<meta property=\"og:type\" content=\"article\" \/>\n<meta property=\"og:title\" content=\"Do 5 lat wi\u0119zienia dla pijanych kierowc\u00f3w - recydywist\u00f3w. Od wczoraj. - mojabochnia.pl - portal informacyjny\" \/>\n<meta property=\"og:description\" content=\"Wczoraj wesz\u0142a w \u017cycie nowelizacja kodeksu karnego, kt\u00f3ra zaostrza sankcje w stosunku do kieruj\u0105cych pojazdami pod wp\u0142ywem alkoholu i narkotyk\u00f3w. Jakie kary przewiduje?\" \/>\n<meta property=\"og:url\" content=\"https:\/\/www.mojabochnia.pl\/?p=29928\" \/>\n<meta property=\"og:site_name\" content=\"mojabochnia.pl - portal informacyjny\" \/>\n<meta property=\"article:publisher\" content=\"https:\/\/www.facebook.com\/mojabochnia\" \/>\n<meta property=\"article:published_time\" content=\"2010-07-02T09:37:07+00:00\" \/>\n<meta property=\"article:modified_time\" content=\"2010-07-02T21:37:46+00:00\" \/>\n<meta name=\"author\" content=\"Weronika Kucharska\" \/>\n<meta name=\"twitter:card\" content=\"summary_large_image\" \/>\n<meta name=\"twitter:label1\" content=\"Written by\" \/>\n\t<meta name=\"twitter:data1\" content=\"Weronika Kucharska\" \/>\n\t<meta name=\"twitter:label2\" content=\"Est. reading time\" \/>\n\t<meta name=\"twitter:data2\" content=\"1 minuta\" \/>\n<script type=\"application\/ld+json\" class=\"yoast-schema-graph\">{\"@context\":\"https:\/\/schema.org\",\"@graph\":[{\"@type\":\"Article\",\"@id\":\"https:\/\/www.mojabochnia.pl\/?p=29928#article\",\"isPartOf\":{\"@id\":\"https:\/\/www.mojabochnia.pl\/?p=29928\"},\"author\":{\"name\":\"Weronika Kucharska\",\"@id\":\"https:\/\/www.mojabochnia.pl\/#\/schema\/person\/8515edb0b31efb661d6df7949969c0ff\"},\"headline\":\"Do 5 lat wi\u0119zienia dla pijanych kierowc\u00f3w &#8211; recydywist\u00f3w. Od wczoraj.\",\"datePublished\":\"2010-07-02T09:37:07+00:00\",\"dateModified\":\"2010-07-02T21:37:46+00:00\",\"mainEntityOfPage\":{\"@id\":\"https:\/\/www.mojabochnia.pl\/?p=29928\"},\"wordCount\":211,\"commentCount\":0,\"publisher\":{\"@id\":\"https:\/\/www.mojabochnia.pl\/#organization\"},\"keywords\":[\"alkohol\",\"kara\",\"kodeks karny\",\"leszek machaj\",\"policja\",\"prawo jazdy\",\"wi\u0119zienie\"],\"articleSection\":[\"2_ostatnie\",\"polityka i wydarzenia\",\"tematyka\"],\"inLanguage\":\"pl-PL\",\"potentialAction\":[{\"@type\":\"CommentAction\",\"name\":\"Comment\",\"target\":[\"https:\/\/www.mojabochnia.pl\/?p=29928#respond\"]}]},{\"@type\":\"WebPage\",\"@id\":\"https:\/\/www.mojabochnia.pl\/?p=29928\",\"url\":\"https:\/\/www.mojabochnia.pl\/?p=29928\",\"name\":\"Do 5 lat wi\u0119zienia dla pijanych kierowc\u00f3w - recydywist\u00f3w. Od wczoraj. - mojabochnia.pl - portal informacyjny\",\"isPartOf\":{\"@id\":\"https:\/\/www.mojabochnia.pl\/#website\"},\"datePublished\":\"2010-07-02T09:37:07+00:00\",\"dateModified\":\"2010-07-02T21:37:46+00:00\",\"breadcrumb\":{\"@id\":\"https:\/\/www.mojabochnia.pl\/?p=29928#breadcrumb\"},\"inLanguage\":\"pl-PL\",\"potentialAction\":[{\"@type\":\"ReadAction\",\"target\":[\"https:\/\/www.mojabochnia.pl\/?p=29928\"]}]},{\"@type\":\"BreadcrumbList\",\"@id\":\"https:\/\/www.mojabochnia.pl\/?p=29928#breadcrumb\",\"itemListElement\":[{\"@type\":\"ListItem\",\"position\":1,\"name\":\"Home\",\"item\":\"https:\/\/www.mojabochnia.pl\/\"},{\"@type\":\"ListItem\",\"position\":2,\"name\":\"Do 5 lat wi\u0119zienia dla pijanych kierowc\u00f3w &#8211; recydywist\u00f3w. Od wczoraj.\"}]},{\"@type\":\"WebSite\",\"@id\":\"https:\/\/www.mojabochnia.pl\/#website\",\"url\":\"https:\/\/www.mojabochnia.pl\/\",\"name\":\"mojabochnia.pl - portal informacyjny\",\"description\":\"mojaBochnia to portal informacyjny o Bochni. Codziennie o Bochni piszemy i pokazujemy najwa\u017cniejsze wydarzenia\",\"publisher\":{\"@id\":\"https:\/\/www.mojabochnia.pl\/#organization\"},\"potentialAction\":[{\"@type\":\"SearchAction\",\"target\":{\"@type\":\"EntryPoint\",\"urlTemplate\":\"https:\/\/www.mojabochnia.pl\/?s={search_term_string}\"},\"query-input\":{\"@type\":\"PropertyValueSpecification\",\"valueRequired\":true,\"valueName\":\"search_term_string\"}}],\"inLanguage\":\"pl-PL\"},{\"@type\":\"Organization\",\"@id\":\"https:\/\/www.mojabochnia.pl\/#organization\",\"name\":\"mojabochnia.pl - portal informacyjny\",\"url\":\"https:\/\/www.mojabochnia.pl\/\",\"logo\":{\"@type\":\"ImageObject\",\"inLanguage\":\"pl-PL\",\"@id\":\"https:\/\/www.mojabochnia.pl\/#\/schema\/logo\/image\/\",\"url\":\"https:\/\/www.mojabochnia.pl\/wp-content\/uploads\/2017\/08\/logo-mb-opt.png\",\"contentUrl\":\"https:\/\/www.mojabochnia.pl\/wp-content\/uploads\/2017\/08\/logo-mb-opt.png\",\"width\":250,\"height\":48,\"caption\":\"mojabochnia.pl - portal informacyjny\"},\"image\":{\"@id\":\"https:\/\/www.mojabochnia.pl\/#\/schema\/logo\/image\/\"},\"sameAs\":[\"https:\/\/www.facebook.com\/mojabochnia\"]},{\"@type\":\"Person\",\"@id\":\"https:\/\/www.mojabochnia.pl\/#\/schema\/person\/8515edb0b31efb661d6df7949969c0ff\",\"name\":\"Weronika Kucharska\",\"url\":\"https:\/\/www.mojabochnia.pl\/?author=25\"}]}<\/script>\n<!-- \/ Yoast SEO plugin. -->","yoast_head_json":{"title":"Do 5 lat wi\u0119zienia dla pijanych kierowc\u00f3w - recydywist\u00f3w. Od wczoraj. - mojabochnia.pl - portal informacyjny","robots":{"index":"index","follow":"follow","max-snippet":"max-snippet:-1","max-image-preview":"max-image-preview:large","max-video-preview":"max-video-preview:-1"},"canonical":"https:\/\/www.mojabochnia.pl\/?p=29928","og_locale":"pl_PL","og_type":"article","og_title":"Do 5 lat wi\u0119zienia dla pijanych kierowc\u00f3w - recydywist\u00f3w. Od wczoraj. - mojabochnia.pl - portal informacyjny","og_description":"Wczoraj wesz\u0142a w \u017cycie nowelizacja kodeksu karnego, kt\u00f3ra zaostrza sankcje w stosunku do kieruj\u0105cych pojazdami pod wp\u0142ywem alkoholu i narkotyk\u00f3w. Jakie kary przewiduje?","og_url":"https:\/\/www.mojabochnia.pl\/?p=29928","og_site_name":"mojabochnia.pl - portal informacyjny","article_publisher":"https:\/\/www.facebook.com\/mojabochnia","article_published_time":"2010-07-02T09:37:07+00:00","article_modified_time":"2010-07-02T21:37:46+00:00","author":"Weronika Kucharska","twitter_card":"summary_large_image","twitter_misc":{"Written by":"Weronika Kucharska","Est. reading time":"1 minuta"},"schema":{"@context":"https:\/\/schema.org","@graph":[{"@type":"Article","@id":"https:\/\/www.mojabochnia.pl\/?p=29928#article","isPartOf":{"@id":"https:\/\/www.mojabochnia.pl\/?p=29928"},"author":{"name":"Weronika Kucharska","@id":"https:\/\/www.mojabochnia.pl\/#\/schema\/person\/8515edb0b31efb661d6df7949969c0ff"},"headline":"Do 5 lat wi\u0119zienia dla pijanych kierowc\u00f3w &#8211; recydywist\u00f3w. Od wczoraj.","datePublished":"2010-07-02T09:37:07+00:00","dateModified":"2010-07-02T21:37:46+00:00","mainEntityOfPage":{"@id":"https:\/\/www.mojabochnia.pl\/?p=29928"},"wordCount":211,"commentCount":0,"publisher":{"@id":"https:\/\/www.mojabochnia.pl\/#organization"},"keywords":["alkohol","kara","kodeks karny","leszek machaj","policja","prawo jazdy","wi\u0119zienie"],"articleSection":["2_ostatnie","polityka i wydarzenia","tematyka"],"inLanguage":"pl-PL","potentialAction":[{"@type":"CommentAction","name":"Comment","target":["https:\/\/www.mojabochnia.pl\/?p=29928#respond"]}]},{"@type":"WebPage","@id":"https:\/\/www.mojabochnia.pl\/?p=29928","url":"https:\/\/www.mojabochnia.pl\/?p=29928","name":"Do 5 lat wi\u0119zienia dla pijanych kierowc\u00f3w - recydywist\u00f3w. Od wczoraj. - mojabochnia.pl - portal informacyjny","isPartOf":{"@id":"https:\/\/www.mojabochnia.pl\/#website"},"datePublished":"2010-07-02T09:37:07+00:00","dateModified":"2010-07-02T21:37:46+00:00","breadcrumb":{"@id":"https:\/\/www.mojabochnia.pl\/?p=29928#breadcrumb"},"inLanguage":"pl-PL","potentialAction":[{"@type":"ReadAction","target":["https:\/\/www.mojabochnia.pl\/?p=29928"]}]},{"@type":"BreadcrumbList","@id":"https:\/\/www.mojabochnia.pl\/?p=29928#breadcrumb","itemListElement":[{"@type":"ListItem","position":1,"name":"Home","item":"https:\/\/www.mojabochnia.pl\/"},{"@type":"ListItem","position":2,"name":"Do 5 lat wi\u0119zienia dla pijanych kierowc\u00f3w &#8211; recydywist\u00f3w. Od wczoraj."}]},{"@type":"WebSite","@id":"https:\/\/www.mojabochnia.pl\/#website","url":"https:\/\/www.mojabochnia.pl\/","name":"mojabochnia.pl - portal informacyjny","description":"mojaBochnia to portal informacyjny o Bochni. Codziennie o Bochni piszemy i pokazujemy najwa\u017cniejsze wydarzenia","publisher":{"@id":"https:\/\/www.mojabochnia.pl\/#organization"},"potentialAction":[{"@type":"SearchAction","target":{"@type":"EntryPoint","urlTemplate":"https:\/\/www.mojabochnia.pl\/?s={search_term_string}"},"query-input":{"@type":"PropertyValueSpecification","valueRequired":true,"valueName":"search_term_string"}}],"inLanguage":"pl-PL"},{"@type":"Organization","@id":"https:\/\/www.mojabochnia.pl\/#organization","name":"mojabochnia.pl - portal informacyjny","url":"https:\/\/www.mojabochnia.pl\/","logo":{"@type":"ImageObject","inLanguage":"pl-PL","@id":"https:\/\/www.mojabochnia.pl\/#\/schema\/logo\/image\/","url":"https:\/\/www.mojabochnia.pl\/wp-content\/uploads\/2017\/08\/logo-mb-opt.png","contentUrl":"https:\/\/www.mojabochnia.pl\/wp-content\/uploads\/2017\/08\/logo-mb-opt.png","width":250,"height":48,"caption":"mojabochnia.pl - portal informacyjny"},"image":{"@id":"https:\/\/www.mojabochnia.pl\/#\/schema\/logo\/image\/"},"sameAs":["https:\/\/www.facebook.com\/mojabochnia"]},{"@type":"Person","@id":"https:\/\/www.mojabochnia.pl\/#\/schema\/person\/8515edb0b31efb661d6df7949969c0ff","name":"Weronika Kucharska","url":"https:\/\/www.mojabochnia.pl\/?author=25"}]}},"_links":{"self":[{"href":"https:\/\/www.mojabochnia.pl\/index.php?rest_route=\/wp\/v2\/posts\/29928","targetHints":{"allow":["GET"]}}],"collection":[{"href":"https:\/\/www.mojabochnia.pl\/index.php?rest_route=\/wp\/v2\/posts"}],"about":[{"href":"https:\/\/www.mojabochnia.pl\/index.php?rest_route=\/wp\/v2\/types\/post"}],"author":[{"embeddable":true,"href":"https:\/\/www.mojabochnia.pl\/index.php?rest_route=\/wp\/v2\/users\/25"}],"replies":[{"embeddable":true,"href":"https:\/\/www.mojabochnia.pl\/index.php?rest_route=%2Fwp%2Fv2%2Fcomments&post=29928"}],"version-history":[{"count":0,"href":"https:\/\/www.mojabochnia.pl\/index.php?rest_route=\/wp\/v2\/posts\/29928\/revisions"}],"wp:attachment":[{"href":"https:\/\/www.mojabochnia.pl\/index.php?rest_route=%2Fwp%2Fv2%2Fmedia&parent=29928"}],"wp:term":[{"taxonomy":"category","embeddable":true,"href":"https:\/\/www.mojabochnia.pl\/index.php?rest_route=%2Fwp%2Fv2%2Fcategories&post=29928"},{"taxonomy":"post_tag","embeddable":true,"href":"https:\/\/www.mojabochnia.pl\/index.php?rest_route=%2Fwp%2Fv2%2Ftags&post=29928"}],"curies":[{"name":"wp","href":"https:\/\/api.w.org\/{rel}","templated":true}]}}