{"id":29665,"date":"2010-06-29T10:45:03","date_gmt":"2010-06-29T08:45:03","guid":{"rendered":"http:\/\/www.mojabochnia.pl\/?p=29665"},"modified":"2010-06-30T23:57:10","modified_gmt":"2010-06-30T21:57:10","slug":"7-694-62-zl-na-rzecz-powodzian-ze-zbiorki-w-trakcie-koncertu-krzysztofa-krawczyka","status":"publish","type":"post","link":"https:\/\/www.mojabochnia.pl\/?p=29665","title":{"rendered":"7 694, 62 z\u0142 na rzecz powodzian ze zbi\u00f3rki w trakcie koncertu Krzysztofa Krawczyka &#8211; galeria zdj\u0119\u0107"},"content":{"rendered":"<p>Odby\u0142a si\u0119 ona w Siedlcu podczas koncertu charytatywnego na rzecz powodzian \u2013 Krzysztof Krawczyk.<\/p>\n<p>Wolontariusze zebrali do puszek kwot\u0119: 7 694,62 PLN.<\/p>\n<p>Doch\u00f3d odprowadzony zosta\u0142 w ca\u0142o\u015bci na rachunek bankowy przeznaczony na pomoc powodzianom.<\/p>\n\t  \r\n\t\r\n\t    <div class=\"mb-gallery\">\r\n\t    <a href=\"https:\/\/www.mojabochnia.pl\/?attachment_id=29678\" class=\"\"><img loading=\"lazy\" decoding=\"async\" width=\"100\" height=\"56\" src=\"https:\/\/www.mojabochnia.pl\/wp-content\/uploads\/2010\/06\/krawczyk_23-120x67.jpg\" class=\"attachment-100x100 size-100x100\" alt=\"\" srcset=\"https:\/\/www.mojabochnia.pl\/wp-content\/uploads\/2010\/06\/krawczyk_23-120x67.jpg 120w, https:\/\/www.mojabochnia.pl\/wp-content\/uploads\/2010\/06\/krawczyk_23-468x263.jpg 468w, https:\/\/www.mojabochnia.pl\/wp-content\/uploads\/2010\/06\/krawczyk_23.jpg 587w\" sizes=\"auto, (max-width: 100px) 100vw, 100px\" \/><\/a><a href=\"https:\/\/www.mojabochnia.pl\/?attachment_id=29679\" class=\"\"><img loading=\"lazy\" decoding=\"async\" width=\"100\" height=\"56\" src=\"https:\/\/www.mojabochnia.pl\/wp-content\/uploads\/2010\/06\/krawczyk_02-120x67.jpg\" class=\"attachment-100x100 size-100x100\" alt=\"\" srcset=\"https:\/\/www.mojabochnia.pl\/wp-content\/uploads\/2010\/06\/krawczyk_02-120x67.jpg 120w, https:\/\/www.mojabochnia.pl\/wp-content\/uploads\/2010\/06\/krawczyk_02-468x263.jpg 468w, https:\/\/www.mojabochnia.pl\/wp-content\/uploads\/2010\/06\/krawczyk_02.jpg 584w\" sizes=\"auto, (max-width: 100px) 100vw, 100px\" \/><\/a><a href=\"https:\/\/www.mojabochnia.pl\/?attachment_id=29680\" class=\"\"><img loading=\"lazy\" decoding=\"async\" width=\"100\" height=\"57\" src=\"https:\/\/www.mojabochnia.pl\/wp-content\/uploads\/2010\/06\/krawczyk_03-120x68.jpg\" class=\"attachment-100x100 size-100x100\" alt=\"\" srcset=\"https:\/\/www.mojabochnia.pl\/wp-content\/uploads\/2010\/06\/krawczyk_03-120x68.jpg 120w, https:\/\/www.mojabochnia.pl\/wp-content\/uploads\/2010\/06\/krawczyk_03.jpg 400w\" sizes=\"auto, (max-width: 100px) 100vw, 100px\" \/><\/a><a href=\"https:\/\/www.mojabochnia.pl\/?attachment_id=29681\" class=\"\"><img loading=\"lazy\" decoding=\"async\" width=\"100\" height=\"56\" src=\"https:\/\/www.mojabochnia.pl\/wp-content\/uploads\/2010\/06\/krawczyk_04-120x67.jpg\" class=\"attachment-100x100 size-100x100\" alt=\"zdj\u0119cia Czytelnika portalu mojaBochnia.pl\" srcset=\"https:\/\/www.mojabochnia.pl\/wp-content\/uploads\/2010\/06\/krawczyk_04-120x67.jpg 120w, https:\/\/www.mojabochnia.pl\/wp-content\/uploads\/2010\/06\/krawczyk_04-468x264.jpg 468w, https:\/\/www.mojabochnia.pl\/wp-content\/uploads\/2010\/06\/krawczyk_04-660x372.jpg 660w\" sizes=\"auto, (max-width: 100px) 100vw, 100px\" \/><\/a><a href=\"https:\/\/www.mojabochnia.pl\/?attachment_id=29682\" class=\"\"><img loading=\"lazy\" decoding=\"async\" width=\"100\" height=\"59\" src=\"https:\/\/www.mojabochnia.pl\/wp-content\/uploads\/2010\/06\/krawczyk_05-120x71.jpg\" class=\"attachment-100x100 size-100x100\" alt=\"\" srcset=\"https:\/\/www.mojabochnia.pl\/wp-content\/uploads\/2010\/06\/krawczyk_05-120x71.jpg 120w, https:\/\/www.mojabochnia.pl\/wp-content\/uploads\/2010\/06\/krawczyk_05-468x276.jpg 468w, https:\/\/www.mojabochnia.pl\/wp-content\/uploads\/2010\/06\/krawczyk_05.jpg 600w\" sizes=\"auto, (max-width: 100px) 100vw, 100px\" \/><\/a><a href=\"https:\/\/www.mojabochnia.pl\/?attachment_id=29683\" class=\"\"><img loading=\"lazy\" decoding=\"async\" width=\"100\" height=\"56\" src=\"https:\/\/www.mojabochnia.pl\/wp-content\/uploads\/2010\/06\/krawczyk_06-120x67.jpg\" class=\"attachment-100x100 size-100x100\" alt=\"\" srcset=\"https:\/\/www.mojabochnia.pl\/wp-content\/uploads\/2010\/06\/krawczyk_06-120x67.jpg 120w, https:\/\/www.mojabochnia.pl\/wp-content\/uploads\/2010\/06\/krawczyk_06-468x264.jpg 468w, https:\/\/www.mojabochnia.pl\/wp-content\/uploads\/2010\/06\/krawczyk_06.jpg 592w\" sizes=\"auto, (max-width: 100px) 100vw, 100px\" \/><\/a><a href=\"https:\/\/www.mojabochnia.pl\/?attachment_id=29684\" class=\"\"><img loading=\"lazy\" decoding=\"async\" width=\"100\" height=\"56\" src=\"https:\/\/www.mojabochnia.pl\/wp-content\/uploads\/2010\/06\/krawczyk_07-120x67.jpg\" class=\"attachment-100x100 size-100x100\" alt=\"\" srcset=\"https:\/\/www.mojabochnia.pl\/wp-content\/uploads\/2010\/06\/krawczyk_07-120x67.jpg 120w, https:\/\/www.mojabochnia.pl\/wp-content\/uploads\/2010\/06\/krawczyk_07-468x263.jpg 468w, https:\/\/www.mojabochnia.pl\/wp-content\/uploads\/2010\/06\/krawczyk_07.jpg 597w\" sizes=\"auto, (max-width: 100px) 100vw, 100px\" \/><\/a><a href=\"https:\/\/www.mojabochnia.pl\/?attachment_id=29685\" class=\"\"><img loading=\"lazy\" decoding=\"async\" width=\"100\" height=\"56\" src=\"https:\/\/www.mojabochnia.pl\/wp-content\/uploads\/2010\/06\/krawczyk_08-120x67.jpg\" class=\"attachment-100x100 size-100x100\" alt=\"\" srcset=\"https:\/\/www.mojabochnia.pl\/wp-content\/uploads\/2010\/06\/krawczyk_08-120x67.jpg 120w, https:\/\/www.mojabochnia.pl\/wp-content\/uploads\/2010\/06\/krawczyk_08-468x264.jpg 468w, https:\/\/www.mojabochnia.pl\/wp-content\/uploads\/2010\/06\/krawczyk_08.jpg 597w\" sizes=\"auto, (max-width: 100px) 100vw, 100px\" \/><\/a><a href=\"https:\/\/www.mojabochnia.pl\/?attachment_id=29686\" class=\"\"><img loading=\"lazy\" decoding=\"async\" width=\"100\" height=\"56\" src=\"https:\/\/www.mojabochnia.pl\/wp-content\/uploads\/2010\/06\/krawczyk_09-120x67.jpg\" class=\"attachment-100x100 size-100x100\" alt=\"\" srcset=\"https:\/\/www.mojabochnia.pl\/wp-content\/uploads\/2010\/06\/krawczyk_09-120x67.jpg 120w, https:\/\/www.mojabochnia.pl\/wp-content\/uploads\/2010\/06\/krawczyk_09-468x263.jpg 468w, https:\/\/www.mojabochnia.pl\/wp-content\/uploads\/2010\/06\/krawczyk_09-660x371.jpg 660w\" sizes=\"auto, (max-width: 100px) 100vw, 100px\" \/><\/a><a href=\"https:\/\/www.mojabochnia.pl\/?attachment_id=29687\" class=\"\"><img loading=\"lazy\" decoding=\"async\" width=\"100\" height=\"56\" src=\"https:\/\/www.mojabochnia.pl\/wp-content\/uploads\/2010\/06\/krawczyk_10-120x67.jpg\" class=\"attachment-100x100 size-100x100\" alt=\"\" srcset=\"https:\/\/www.mojabochnia.pl\/wp-content\/uploads\/2010\/06\/krawczyk_10-120x67.jpg 120w, https:\/\/www.mojabochnia.pl\/wp-content\/uploads\/2010\/06\/krawczyk_10.jpg 390w\" sizes=\"auto, (max-width: 100px) 100vw, 100px\" \/><\/a><a href=\"https:\/\/www.mojabochnia.pl\/?attachment_id=29688\" class=\"\"><img loading=\"lazy\" decoding=\"async\" width=\"100\" height=\"56\" src=\"https:\/\/www.mojabochnia.pl\/wp-content\/uploads\/2010\/06\/krawczyk_11-120x67.jpg\" class=\"attachment-100x100 size-100x100\" alt=\"\" srcset=\"https:\/\/www.mojabochnia.pl\/wp-content\/uploads\/2010\/06\/krawczyk_11-120x67.jpg 120w, https:\/\/www.mojabochnia.pl\/wp-content\/uploads\/2010\/06\/krawczyk_11-468x264.jpg 468w, https:\/\/www.mojabochnia.pl\/wp-content\/uploads\/2010\/06\/krawczyk_11.jpg 592w\" sizes=\"auto, (max-width: 100px) 100vw, 100px\" \/><\/a><a href=\"https:\/\/www.mojabochnia.pl\/?attachment_id=29689\" class=\"\"><img loading=\"lazy\" decoding=\"async\" width=\"100\" height=\"56\" src=\"https:\/\/www.mojabochnia.pl\/wp-content\/uploads\/2010\/06\/krawczyk_12-120x67.jpg\" class=\"attachment-100x100 size-100x100\" alt=\"\" srcset=\"https:\/\/www.mojabochnia.pl\/wp-content\/uploads\/2010\/06\/krawczyk_12-120x67.jpg 120w, https:\/\/www.mojabochnia.pl\/wp-content\/uploads\/2010\/06\/krawczyk_12-468x263.jpg 468w, https:\/\/www.mojabochnia.pl\/wp-content\/uploads\/2010\/06\/krawczyk_12.jpg 589w\" sizes=\"auto, (max-width: 100px) 100vw, 100px\" \/><\/a><a href=\"https:\/\/www.mojabochnia.pl\/?attachment_id=29690\" class=\"\"><img loading=\"lazy\" decoding=\"async\" width=\"100\" height=\"56\" src=\"https:\/\/www.mojabochnia.pl\/wp-content\/uploads\/2010\/06\/krawczyk_13-120x67.jpg\" class=\"attachment-100x100 size-100x100\" alt=\"\" srcset=\"https:\/\/www.mojabochnia.pl\/wp-content\/uploads\/2010\/06\/krawczyk_13-120x67.jpg 120w, https:\/\/www.mojabochnia.pl\/wp-content\/uploads\/2010\/06\/krawczyk_13.jpg 392w\" sizes=\"auto, (max-width: 100px) 100vw, 100px\" \/><\/a><a href=\"https:\/\/www.mojabochnia.pl\/?attachment_id=29691\" class=\"\"><img loading=\"lazy\" decoding=\"async\" width=\"100\" height=\"56\" src=\"https:\/\/www.mojabochnia.pl\/wp-content\/uploads\/2010\/06\/krawczyk_14-120x67.jpg\" class=\"attachment-100x100 size-100x100\" alt=\"\" srcset=\"https:\/\/www.mojabochnia.pl\/wp-content\/uploads\/2010\/06\/krawczyk_14-120x67.jpg 120w, https:\/\/www.mojabochnia.pl\/wp-content\/uploads\/2010\/06\/krawczyk_14.jpg 396w\" sizes=\"auto, (max-width: 100px) 100vw, 100px\" \/><\/a><a href=\"https:\/\/www.mojabochnia.pl\/?attachment_id=29692\" class=\"\"><img loading=\"lazy\" decoding=\"async\" width=\"100\" height=\"56\" src=\"https:\/\/www.mojabochnia.pl\/wp-content\/uploads\/2010\/06\/krawczyk_15-120x67.jpg\" class=\"attachment-100x100 size-100x100\" alt=\"\" srcset=\"https:\/\/www.mojabochnia.pl\/wp-content\/uploads\/2010\/06\/krawczyk_15-120x67.jpg 120w, https:\/\/www.mojabochnia.pl\/wp-content\/uploads\/2010\/06\/krawczyk_15.jpg 393w\" sizes=\"auto, (max-width: 100px) 100vw, 100px\" \/><\/a><a href=\"https:\/\/www.mojabochnia.pl\/?attachment_id=29693\" class=\"\"><img loading=\"lazy\" decoding=\"async\" width=\"100\" height=\"56\" src=\"https:\/\/www.mojabochnia.pl\/wp-content\/uploads\/2010\/06\/krawczyk_16-120x67.jpg\" class=\"attachment-100x100 size-100x100\" alt=\"\" srcset=\"https:\/\/www.mojabochnia.pl\/wp-content\/uploads\/2010\/06\/krawczyk_16-120x67.jpg 120w, https:\/\/www.mojabochnia.pl\/wp-content\/uploads\/2010\/06\/krawczyk_16-468x265.jpg 468w, https:\/\/www.mojabochnia.pl\/wp-content\/uploads\/2010\/06\/krawczyk_16.jpg 595w\" sizes=\"auto, (max-width: 100px) 100vw, 100px\" \/><\/a><a href=\"https:\/\/www.mojabochnia.pl\/?attachment_id=29694\" class=\"\"><img loading=\"lazy\" decoding=\"async\" width=\"100\" height=\"56\" src=\"https:\/\/www.mojabochnia.pl\/wp-content\/uploads\/2010\/06\/krawczyk_17-120x67.jpg\" class=\"attachment-100x100 size-100x100\" alt=\"\" srcset=\"https:\/\/www.mojabochnia.pl\/wp-content\/uploads\/2010\/06\/krawczyk_17-120x67.jpg 120w, https:\/\/www.mojabochnia.pl\/wp-content\/uploads\/2010\/06\/krawczyk_17.jpg 393w\" sizes=\"auto, (max-width: 100px) 100vw, 100px\" \/><\/a><a href=\"https:\/\/www.mojabochnia.pl\/?attachment_id=29695\" class=\"\"><img loading=\"lazy\" decoding=\"async\" width=\"100\" height=\"56\" src=\"https:\/\/www.mojabochnia.pl\/wp-content\/uploads\/2010\/06\/krawczyk_18-120x67.jpg\" class=\"attachment-100x100 size-100x100\" alt=\"\" srcset=\"https:\/\/www.mojabochnia.pl\/wp-content\/uploads\/2010\/06\/krawczyk_18-120x67.jpg 120w, https:\/\/www.mojabochnia.pl\/wp-content\/uploads\/2010\/06\/krawczyk_18-468x264.jpg 468w, https:\/\/www.mojabochnia.pl\/wp-content\/uploads\/2010\/06\/krawczyk_18.jpg 586w\" sizes=\"auto, (max-width: 100px) 100vw, 100px\" \/><\/a><a href=\"https:\/\/www.mojabochnia.pl\/?attachment_id=29696\" class=\"\"><img loading=\"lazy\" decoding=\"async\" width=\"100\" height=\"57\" src=\"https:\/\/www.mojabochnia.pl\/wp-content\/uploads\/2010\/06\/krawczyk_19-120x68.jpg\" class=\"attachment-100x100 size-100x100\" alt=\"\" srcset=\"https:\/\/www.mojabochnia.pl\/wp-content\/uploads\/2010\/06\/krawczyk_19-120x68.jpg 120w, https:\/\/www.mojabochnia.pl\/wp-content\/uploads\/2010\/06\/krawczyk_19-468x265.jpg 468w, https:\/\/www.mojabochnia.pl\/wp-content\/uploads\/2010\/06\/krawczyk_19.jpg 592w\" sizes=\"auto, (max-width: 100px) 100vw, 100px\" \/><\/a><a href=\"https:\/\/www.mojabochnia.pl\/?attachment_id=29697\" class=\"\"><img loading=\"lazy\" decoding=\"async\" width=\"100\" height=\"56\" src=\"https:\/\/www.mojabochnia.pl\/wp-content\/uploads\/2010\/06\/krawczyk_20-120x67.jpg\" class=\"attachment-100x100 size-100x100\" alt=\"\" srcset=\"https:\/\/www.mojabochnia.pl\/wp-content\/uploads\/2010\/06\/krawczyk_20-120x67.jpg 120w, https:\/\/www.mojabochnia.pl\/wp-content\/uploads\/2010\/06\/krawczyk_20-468x264.jpg 468w, https:\/\/www.mojabochnia.pl\/wp-content\/uploads\/2010\/06\/krawczyk_20.jpg 597w\" sizes=\"auto, (max-width: 100px) 100vw, 100px\" \/><\/a><a href=\"https:\/\/www.mojabochnia.pl\/?attachment_id=29698\" class=\"\"><img loading=\"lazy\" decoding=\"async\" width=\"100\" height=\"56\" src=\"https:\/\/www.mojabochnia.pl\/wp-content\/uploads\/2010\/06\/krawczyk_21-120x67.jpg\" class=\"attachment-100x100 size-100x100\" alt=\"\" srcset=\"https:\/\/www.mojabochnia.pl\/wp-content\/uploads\/2010\/06\/krawczyk_21-120x67.jpg 120w, https:\/\/www.mojabochnia.pl\/wp-content\/uploads\/2010\/06\/krawczyk_21-468x263.jpg 468w, https:\/\/www.mojabochnia.pl\/wp-content\/uploads\/2010\/06\/krawczyk_21.jpg 594w\" sizes=\"auto, (max-width: 100px) 100vw, 100px\" \/><\/a><a href=\"https:\/\/www.mojabochnia.pl\/?attachment_id=29699\" class=\"\"><img loading=\"lazy\" decoding=\"async\" width=\"100\" height=\"58\" src=\"https:\/\/www.mojabochnia.pl\/wp-content\/uploads\/2010\/06\/krawczyk_22-120x69.jpg\" class=\"attachment-100x100 size-100x100\" alt=\"\" srcset=\"https:\/\/www.mojabochnia.pl\/wp-content\/uploads\/2010\/06\/krawczyk_22-120x69.jpg 120w, https:\/\/www.mojabochnia.pl\/wp-content\/uploads\/2010\/06\/krawczyk_22-468x272.jpg 468w, https:\/\/www.mojabochnia.pl\/wp-content\/uploads\/2010\/06\/krawczyk_22.jpg 600w\" sizes=\"auto, (max-width: 100px) 100vw, 100px\" \/><\/a><a href=\"https:\/\/www.mojabochnia.pl\/?attachment_id=29700\" class=\"\"><img loading=\"lazy\" decoding=\"async\" width=\"100\" height=\"56\" src=\"https:\/\/www.mojabochnia.pl\/wp-content\/uploads\/2010\/06\/krawczyk_01-120x67.jpg\" class=\"attachment-100x100 size-100x100\" alt=\"\" srcset=\"https:\/\/www.mojabochnia.pl\/wp-content\/uploads\/2010\/06\/krawczyk_01-120x67.jpg 120w, https:\/\/www.mojabochnia.pl\/wp-content\/uploads\/2010\/06\/krawczyk_01-468x264.jpg 468w, https:\/\/www.mojabochnia.pl\/wp-content\/uploads\/2010\/06\/krawczyk_01.jpg 590w\" sizes=\"auto, (max-width: 100px) 100vw, 100px\" \/><\/a>\t    <\/div>\r\n\t    ","protected":false},"excerpt":{"rendered":"<p>Jak poinformowa\u0142a nas Danuta Niemiec, 27 czerwca br. Gminne Centrum Kultury Czytelnictwa i Sportu w Bochni zgodnie z wcze\u015bniejsz\u0105 zapowiedzi\u0105 przeprowadzi\u0142o zbi\u00f3rk\u0119 publiczn\u0105 na rzecz powodzian.<\/p>\n","protected":false},"author":9,"featured_media":0,"comment_status":"open","ping_status":"closed","sticky":false,"template":"","format":"standard","meta":{"_acf_changed":false,"footnotes":""},"categories":[5,11,6251,6250],"tags":[17774,17376],"class_list":["post-29665","post","type-post","status-publish","format-standard","hentry","category-biezace-wydarzenia","category-top-temat","category-polityka-i-wydarzenia","category-tematyka","tag-powodz","tag-zbiorka"],"acf":[],"yoast_head":"<!-- This site is optimized with the Yoast SEO plugin v26.9 - https:\/\/yoast.com\/product\/yoast-seo-wordpress\/ -->\n<title>7 694, 62 z\u0142 na rzecz powodzian ze zbi\u00f3rki w trakcie koncertu Krzysztofa Krawczyka - galeria zdj\u0119\u0107 - mojabochnia.pl - portal informacyjny<\/title>\n<meta name=\"robots\" content=\"index, follow, max-snippet:-1, max-image-preview:large, max-video-preview:-1\" \/>\n<link rel=\"canonical\" href=\"https:\/\/www.mojabochnia.pl\/?p=29665\" \/>\n<meta property=\"og:locale\" content=\"pl_PL\" \/>\n<meta property=\"og:type\" content=\"article\" \/>\n<meta property=\"og:title\" content=\"7 694, 62 z\u0142 na rzecz powodzian ze zbi\u00f3rki w trakcie koncertu Krzysztofa Krawczyka - galeria zdj\u0119\u0107 - mojabochnia.pl - portal informacyjny\" \/>\n<meta property=\"og:description\" content=\"Jak poinformowa\u0142a nas Danuta Niemiec, 27 czerwca br. Gminne Centrum Kultury Czytelnictwa i Sportu w Bochni zgodnie z wcze\u015bniejsz\u0105 zapowiedzi\u0105 przeprowadzi\u0142o zbi\u00f3rk\u0119 publiczn\u0105 na rzecz powodzian.\" \/>\n<meta property=\"og:url\" content=\"https:\/\/www.mojabochnia.pl\/?p=29665\" \/>\n<meta property=\"og:site_name\" content=\"mojabochnia.pl - portal informacyjny\" \/>\n<meta property=\"article:publisher\" content=\"https:\/\/www.facebook.com\/mojabochnia\" \/>\n<meta property=\"article:published_time\" content=\"2010-06-29T08:45:03+00:00\" \/>\n<meta property=\"article:modified_time\" content=\"2010-06-30T21:57:10+00:00\" \/>\n<meta name=\"author\" content=\"Aleksander Rzepecki\" \/>\n<meta name=\"twitter:card\" content=\"summary_large_image\" \/>\n<meta name=\"twitter:label1\" content=\"Written by\" \/>\n\t<meta name=\"twitter:data1\" content=\"Aleksander Rzepecki\" \/>\n<script type=\"application\/ld+json\" class=\"yoast-schema-graph\">{\"@context\":\"https:\/\/schema.org\",\"@graph\":[{\"@type\":\"Article\",\"@id\":\"https:\/\/www.mojabochnia.pl\/?p=29665#article\",\"isPartOf\":{\"@id\":\"https:\/\/www.mojabochnia.pl\/?p=29665\"},\"author\":{\"name\":\"Aleksander Rzepecki\",\"@id\":\"https:\/\/www.mojabochnia.pl\/#\/schema\/person\/6cc2563b6df80713ce6940e6ed184c6c\"},\"headline\":\"7 694, 62 z\u0142 na rzecz powodzian ze zbi\u00f3rki w trakcie koncertu Krzysztofa Krawczyka &#8211; galeria zdj\u0119\u0107\",\"datePublished\":\"2010-06-29T08:45:03+00:00\",\"dateModified\":\"2010-06-30T21:57:10+00:00\",\"mainEntityOfPage\":{\"@id\":\"https:\/\/www.mojabochnia.pl\/?p=29665\"},\"wordCount\":50,\"commentCount\":0,\"publisher\":{\"@id\":\"https:\/\/www.mojabochnia.pl\/#organization\"},\"keywords\":[\"pow\u00f3d\u017a\",\"zbi\u00f3rka\"],\"articleSection\":[\"2_ostatnie\",\"3_w centrum uwagi\",\"polityka i wydarzenia\",\"tematyka\"],\"inLanguage\":\"pl-PL\",\"potentialAction\":[{\"@type\":\"CommentAction\",\"name\":\"Comment\",\"target\":[\"https:\/\/www.mojabochnia.pl\/?p=29665#respond\"]}]},{\"@type\":\"WebPage\",\"@id\":\"https:\/\/www.mojabochnia.pl\/?p=29665\",\"url\":\"https:\/\/www.mojabochnia.pl\/?p=29665\",\"name\":\"7 694, 62 z\u0142 na rzecz powodzian ze zbi\u00f3rki w trakcie koncertu Krzysztofa Krawczyka - galeria zdj\u0119\u0107 - mojabochnia.pl - portal informacyjny\",\"isPartOf\":{\"@id\":\"https:\/\/www.mojabochnia.pl\/#website\"},\"datePublished\":\"2010-06-29T08:45:03+00:00\",\"dateModified\":\"2010-06-30T21:57:10+00:00\",\"breadcrumb\":{\"@id\":\"https:\/\/www.mojabochnia.pl\/?p=29665#breadcrumb\"},\"inLanguage\":\"pl-PL\",\"potentialAction\":[{\"@type\":\"ReadAction\",\"target\":[\"https:\/\/www.mojabochnia.pl\/?p=29665\"]}]},{\"@type\":\"BreadcrumbList\",\"@id\":\"https:\/\/www.mojabochnia.pl\/?p=29665#breadcrumb\",\"itemListElement\":[{\"@type\":\"ListItem\",\"position\":1,\"name\":\"Home\",\"item\":\"https:\/\/www.mojabochnia.pl\/\"},{\"@type\":\"ListItem\",\"position\":2,\"name\":\"7 694, 62 z\u0142 na rzecz powodzian ze zbi\u00f3rki w trakcie koncertu Krzysztofa Krawczyka &#8211; galeria zdj\u0119\u0107\"}]},{\"@type\":\"WebSite\",\"@id\":\"https:\/\/www.mojabochnia.pl\/#website\",\"url\":\"https:\/\/www.mojabochnia.pl\/\",\"name\":\"mojabochnia.pl - portal informacyjny\",\"description\":\"mojaBochnia to portal informacyjny o Bochni. Codziennie o Bochni piszemy i pokazujemy najwa\u017cniejsze wydarzenia\",\"publisher\":{\"@id\":\"https:\/\/www.mojabochnia.pl\/#organization\"},\"potentialAction\":[{\"@type\":\"SearchAction\",\"target\":{\"@type\":\"EntryPoint\",\"urlTemplate\":\"https:\/\/www.mojabochnia.pl\/?s={search_term_string}\"},\"query-input\":{\"@type\":\"PropertyValueSpecification\",\"valueRequired\":true,\"valueName\":\"search_term_string\"}}],\"inLanguage\":\"pl-PL\"},{\"@type\":\"Organization\",\"@id\":\"https:\/\/www.mojabochnia.pl\/#organization\",\"name\":\"mojabochnia.pl - portal informacyjny\",\"url\":\"https:\/\/www.mojabochnia.pl\/\",\"logo\":{\"@type\":\"ImageObject\",\"inLanguage\":\"pl-PL\",\"@id\":\"https:\/\/www.mojabochnia.pl\/#\/schema\/logo\/image\/\",\"url\":\"https:\/\/www.mojabochnia.pl\/wp-content\/uploads\/2017\/08\/logo-mb-opt.png\",\"contentUrl\":\"https:\/\/www.mojabochnia.pl\/wp-content\/uploads\/2017\/08\/logo-mb-opt.png\",\"width\":250,\"height\":48,\"caption\":\"mojabochnia.pl - portal informacyjny\"},\"image\":{\"@id\":\"https:\/\/www.mojabochnia.pl\/#\/schema\/logo\/image\/\"},\"sameAs\":[\"https:\/\/www.facebook.com\/mojabochnia\"]},{\"@type\":\"Person\",\"@id\":\"https:\/\/www.mojabochnia.pl\/#\/schema\/person\/6cc2563b6df80713ce6940e6ed184c6c\",\"name\":\"Aleksander Rzepecki\",\"url\":\"https:\/\/www.mojabochnia.pl\/?author=9\"}]}<\/script>\n<!-- \/ Yoast SEO plugin. -->","yoast_head_json":{"title":"7 694, 62 z\u0142 na rzecz powodzian ze zbi\u00f3rki w trakcie koncertu Krzysztofa Krawczyka - galeria zdj\u0119\u0107 - mojabochnia.pl - portal informacyjny","robots":{"index":"index","follow":"follow","max-snippet":"max-snippet:-1","max-image-preview":"max-image-preview:large","max-video-preview":"max-video-preview:-1"},"canonical":"https:\/\/www.mojabochnia.pl\/?p=29665","og_locale":"pl_PL","og_type":"article","og_title":"7 694, 62 z\u0142 na rzecz powodzian ze zbi\u00f3rki w trakcie koncertu Krzysztofa Krawczyka - galeria zdj\u0119\u0107 - mojabochnia.pl - portal informacyjny","og_description":"Jak poinformowa\u0142a nas Danuta Niemiec, 27 czerwca br. Gminne Centrum Kultury Czytelnictwa i Sportu w Bochni zgodnie z wcze\u015bniejsz\u0105 zapowiedzi\u0105 przeprowadzi\u0142o zbi\u00f3rk\u0119 publiczn\u0105 na rzecz powodzian.","og_url":"https:\/\/www.mojabochnia.pl\/?p=29665","og_site_name":"mojabochnia.pl - portal informacyjny","article_publisher":"https:\/\/www.facebook.com\/mojabochnia","article_published_time":"2010-06-29T08:45:03+00:00","article_modified_time":"2010-06-30T21:57:10+00:00","author":"Aleksander Rzepecki","twitter_card":"summary_large_image","twitter_misc":{"Written by":"Aleksander Rzepecki"},"schema":{"@context":"https:\/\/schema.org","@graph":[{"@type":"Article","@id":"https:\/\/www.mojabochnia.pl\/?p=29665#article","isPartOf":{"@id":"https:\/\/www.mojabochnia.pl\/?p=29665"},"author":{"name":"Aleksander Rzepecki","@id":"https:\/\/www.mojabochnia.pl\/#\/schema\/person\/6cc2563b6df80713ce6940e6ed184c6c"},"headline":"7 694, 62 z\u0142 na rzecz powodzian ze zbi\u00f3rki w trakcie koncertu Krzysztofa Krawczyka &#8211; galeria zdj\u0119\u0107","datePublished":"2010-06-29T08:45:03+00:00","dateModified":"2010-06-30T21:57:10+00:00","mainEntityOfPage":{"@id":"https:\/\/www.mojabochnia.pl\/?p=29665"},"wordCount":50,"commentCount":0,"publisher":{"@id":"https:\/\/www.mojabochnia.pl\/#organization"},"keywords":["pow\u00f3d\u017a","zbi\u00f3rka"],"articleSection":["2_ostatnie","3_w centrum uwagi","polityka i wydarzenia","tematyka"],"inLanguage":"pl-PL","potentialAction":[{"@type":"CommentAction","name":"Comment","target":["https:\/\/www.mojabochnia.pl\/?p=29665#respond"]}]},{"@type":"WebPage","@id":"https:\/\/www.mojabochnia.pl\/?p=29665","url":"https:\/\/www.mojabochnia.pl\/?p=29665","name":"7 694, 62 z\u0142 na rzecz powodzian ze zbi\u00f3rki w trakcie koncertu Krzysztofa Krawczyka - galeria zdj\u0119\u0107 - mojabochnia.pl - portal informacyjny","isPartOf":{"@id":"https:\/\/www.mojabochnia.pl\/#website"},"datePublished":"2010-06-29T08:45:03+00:00","dateModified":"2010-06-30T21:57:10+00:00","breadcrumb":{"@id":"https:\/\/www.mojabochnia.pl\/?p=29665#breadcrumb"},"inLanguage":"pl-PL","potentialAction":[{"@type":"ReadAction","target":["https:\/\/www.mojabochnia.pl\/?p=29665"]}]},{"@type":"BreadcrumbList","@id":"https:\/\/www.mojabochnia.pl\/?p=29665#breadcrumb","itemListElement":[{"@type":"ListItem","position":1,"name":"Home","item":"https:\/\/www.mojabochnia.pl\/"},{"@type":"ListItem","position":2,"name":"7 694, 62 z\u0142 na rzecz powodzian ze zbi\u00f3rki w trakcie koncertu Krzysztofa Krawczyka &#8211; galeria zdj\u0119\u0107"}]},{"@type":"WebSite","@id":"https:\/\/www.mojabochnia.pl\/#website","url":"https:\/\/www.mojabochnia.pl\/","name":"mojabochnia.pl - portal informacyjny","description":"mojaBochnia to portal informacyjny o Bochni. Codziennie o Bochni piszemy i pokazujemy najwa\u017cniejsze wydarzenia","publisher":{"@id":"https:\/\/www.mojabochnia.pl\/#organization"},"potentialAction":[{"@type":"SearchAction","target":{"@type":"EntryPoint","urlTemplate":"https:\/\/www.mojabochnia.pl\/?s={search_term_string}"},"query-input":{"@type":"PropertyValueSpecification","valueRequired":true,"valueName":"search_term_string"}}],"inLanguage":"pl-PL"},{"@type":"Organization","@id":"https:\/\/www.mojabochnia.pl\/#organization","name":"mojabochnia.pl - portal informacyjny","url":"https:\/\/www.mojabochnia.pl\/","logo":{"@type":"ImageObject","inLanguage":"pl-PL","@id":"https:\/\/www.mojabochnia.pl\/#\/schema\/logo\/image\/","url":"https:\/\/www.mojabochnia.pl\/wp-content\/uploads\/2017\/08\/logo-mb-opt.png","contentUrl":"https:\/\/www.mojabochnia.pl\/wp-content\/uploads\/2017\/08\/logo-mb-opt.png","width":250,"height":48,"caption":"mojabochnia.pl - portal informacyjny"},"image":{"@id":"https:\/\/www.mojabochnia.pl\/#\/schema\/logo\/image\/"},"sameAs":["https:\/\/www.facebook.com\/mojabochnia"]},{"@type":"Person","@id":"https:\/\/www.mojabochnia.pl\/#\/schema\/person\/6cc2563b6df80713ce6940e6ed184c6c","name":"Aleksander Rzepecki","url":"https:\/\/www.mojabochnia.pl\/?author=9"}]}},"_links":{"self":[{"href":"https:\/\/www.mojabochnia.pl\/index.php?rest_route=\/wp\/v2\/posts\/29665","targetHints":{"allow":["GET"]}}],"collection":[{"href":"https:\/\/www.mojabochnia.pl\/index.php?rest_route=\/wp\/v2\/posts"}],"about":[{"href":"https:\/\/www.mojabochnia.pl\/index.php?rest_route=\/wp\/v2\/types\/post"}],"author":[{"embeddable":true,"href":"https:\/\/www.mojabochnia.pl\/index.php?rest_route=\/wp\/v2\/users\/9"}],"replies":[{"embeddable":true,"href":"https:\/\/www.mojabochnia.pl\/index.php?rest_route=%2Fwp%2Fv2%2Fcomments&post=29665"}],"version-history":[{"count":0,"href":"https:\/\/www.mojabochnia.pl\/index.php?rest_route=\/wp\/v2\/posts\/29665\/revisions"}],"wp:attachment":[{"href":"https:\/\/www.mojabochnia.pl\/index.php?rest_route=%2Fwp%2Fv2%2Fmedia&parent=29665"}],"wp:term":[{"taxonomy":"category","embeddable":true,"href":"https:\/\/www.mojabochnia.pl\/index.php?rest_route=%2Fwp%2Fv2%2Fcategories&post=29665"},{"taxonomy":"post_tag","embeddable":true,"href":"https:\/\/www.mojabochnia.pl\/index.php?rest_route=%2Fwp%2Fv2%2Ftags&post=29665"}],"curies":[{"name":"wp","href":"https:\/\/api.w.org\/{rel}","templated":true}]}}