{"id":29027,"date":"2010-06-20T08:49:00","date_gmt":"2010-06-20T06:49:00","guid":{"rendered":"http:\/\/www.mojabochnia.pl\/?p=29027"},"modified":"2010-06-20T08:52:13","modified_gmt":"2010-06-20T06:52:13","slug":"refleksje-na-niedziele-kim-on-jest","status":"publish","type":"post","link":"https:\/\/www.mojabochnia.pl\/?p=29027","title":{"rendered":"Refleksje na niedziel\u0119: Kim jest On i za kogo Ty go uwa\u017casz?"},"content":{"rendered":"<p>Ten Jezus stawia w dzisiejszej ewangelii dwa pytania: \u201eZa kogo uwa\u017caj\u0105 mnie t\u0142umy?\u201d oraz \u201eA wy, za kogo Mnie uwa\u017cacie?\u201d. Pytania te s\u0105 skierowane tak\u017ce i do nas, wierz\u0105cych XXI wieku. Piotr udzieli\u0142 odpowiedzi: \u201eZa Mesjasza Bo\u017cego\u201d. A jakiej odpowiedzi udziel\u0119 ja?<\/p>\n<p>S\u0142owo \u201eMashiah\u201d oznacza \u201enamaszczonego\u201d, \u201epo\u015bwi\u0119conego\u201d. Wsp\u00f3\u0142czesna historia bardzo wypaczy\u0142a ide\u0119 Mesjasza, odrywaj\u0105c j\u0105 od ewangelicznych korzeni. W jednym ze s\u0142ownik\u00f3w mo\u017cemy spotka\u0107 takie wyt\u0142umaczenie mesjanizmu: \u201eRuch zdominowany przez wiar\u0119 w wydarzenie maj\u0105ce zapewni\u0107 \u015bwietlan\u0105 przysz\u0142o\u015b\u0107\u201d. W tym sensie nawet komunizm by\u0142 swego rodzaju mesjanizmem, gdy\u017c mia\u0142 ustanowi\u0107 kr\u00f3lestwo r\u00f3wno\u015bci i sprawiedliwo\u015bci oraz obiecywa\u0142 \u201e\u015bwietlan\u0105 przysz\u0142o\u015b\u0107\u201d klasie robotniczej.<\/p>\n<p>Kim jest Jezus? Mo\u017ce kiedy\u015b takie pytanie postawi\u0142o ci twoje dziecko. Jakiej mu udzieli\u0107 odpowiedzi? M\u00f3wmy o Nim jak o bohaterze, jak o najwi\u0119kszym z bohater\u00f3w. Kim\u015b nawet wi\u0119kszym od supermena, aby u\u017cy\u0107 ich j\u0119zyka. Ale nie jest tylko supermenem, ale Bogiem-cz\u0142owiekiem. Przyszed\u0142 wybawi\u0107 nas od niebezpiecze\u0144stwa, kt\u00f3rym jest nasze wieczne \u201enieszcz\u0119\u015bcie\u201d, czyli od perspektywy pot\u0119pienia wiecznego. Chrystus jest tym, kt\u00f3ry przyszed\u0142, aby zwyci\u0119\u017cy\u0107. To zwyci\u0119stwo Jezusa polega nie na zniszczeniu wrog\u00f3w albo na ich o\u015bmieszeniu, ale na zmienieniu ich i uczynieniu dobrymi. Zapytajmy siebie samych, czy na tym polega tak\u017ce nasze funkcjonowanie we wsp\u00f3\u0142czesnym \u015bwiecie. <\/p>\n<p>W jaki spos\u00f3b chcemy dzi\u015b zwyci\u0119\u017ca\u0107? \u015awiat w kt\u00f3rym \u017cyjemy, ludzie kt\u00f3rych spotykamy ka\u017cdego dnia, \u017cyj\u0105 w przekonaniu, \u017ce zwyci\u0119stwo mo\u017ce dokona\u0107 si\u0119 tylko poprzez bezwzgl\u0119dne pod\u0105\u017canie \u201epo trupach\u201d do wyznaczonego celu. Wielu ludzi chc\u0105c ukaza\u0107 swoj\u0105 subiektywn\u0105 \u201ewielko\u015b\u0107\u201d umniejsza drugiego cz\u0142owieka, zapominaj\u0105c o tym, \u017ce B\u00f3g jest obecny w ka\u017cdym z nas. Niekt\u00f3rzy spo\u015br\u00f3d nas ci\u0105gle uwa\u017caj\u0105 Jezusa, za posta\u0107 historyczn\u0105, za \u201ebohatera\u201d ewangelicznych opowiada\u0144, albo jak to napisa\u0142 jeden z uczni\u00f3w w swojej pracy maturalnej \u2013 Jezus to jeden z bohater\u00f3w literackich, kt\u00f3ry wyst\u0105pi\u0142 w znanym dziele \u201eEwangelia\u201d!<\/p>\n<p>Kim On jest? Jezus jest tym, z kt\u00f3rym spotykasz si\u0119 podczas ka\u017cdej mszy \u015bw. Pomy\u015bl teraz, czy id\u0105c do ko\u015bcio\u0142a o tym pami\u0119tasz? Czy zdajesz sobie spraw\u0119 z tego, \u017ce mo\u017ce zbyt cz\u0119sto zamykasz swoje serce na tego, kt\u00f3ry powiedzia\u0142: \u201eOto Cia\u0142o moje. Oto Krew moja\u201d? Jakby\u015bmy naprawd\u0119 wierzyli, to nikt z nas nie wyszed\u0142by z Eucharystii, bez przyj\u0119cia tych wielkich dar\u00f3w Bo\u017cych. Czy po zako\u0144czonej mszy \u015bwi\u0119tej masz jeszcze czas na to, by chwil\u0119 pozosta\u0107 w \u015bwi\u0105tyni, by za to co Jezus ci da\u0142 podzi\u0119kowa\u0107. Czy pami\u0119tasz o tym, \u017ce w konfesjonale On czeka na Ciebie, dlatego nie mo\u017cesz traktowa\u0107 spowiedzi jak \u201eus\u0142ugi\u201d, a traktujesz tak, gdy od drzwi natychmiast \u201ebiegniesz\u201d do kratek konfesjona\u0142u zapominaj\u0105c, \u017ce jest co\u015b takiego jak modlitwa przed spowiedzi\u0105 i o dobr\u0105 spowied\u017a.<\/p>\n<p>Zatrzymaj si\u0119 dzi\u015b na chwil\u0119 i pomy\u015bl: kim dla ciebie jest Jezus Chrystus? Odpowiedz sobie szczerze na to pytanie, bo Jezus stawia je dzi\u015b tak\u017ce tobie. Jezus jest Mesjaszem, przyszed\u0142 aby podarowa\u0107 nam \u201e\u015bwietlan\u0105 przysz\u0142o\u015b\u0107\u201d, nie tu na ziemi, ale na wieki. Od ciebie zale\u017cy, czy z tego skorzystasz. On nie robi niczego na si\u0142\u0119!<\/p>\n<p>Duszpasterz<\/p>\n","protected":false},"excerpt":{"rendered":"<p>Przed tygodniem pytali\u015bmy si\u0119: kim jestem \u201eja\u201d? Dzi\u015b zapytamy si\u0119: kim jest \u201eOn\u201d \u2013 Jezus Chrystus, kt\u00f3rego podczas ka\u017cdej mszy \u015bwi\u0119tej mo\u017cemy zaprosi\u0107 do swojego serca w komunii \u015bwi\u0119tej? <\/p>\n","protected":false},"author":13,"featured_media":0,"comment_status":"open","ping_status":"closed","sticky":false,"template":"","format":"standard","meta":{"_acf_changed":false,"footnotes":""},"categories":[5,6250,1342],"tags":[17449,1624,17834,2807],"class_list":["post-29027","post","type-post","status-publish","format-standard","hentry","category-biezace-wydarzenia","category-tematyka","category-zycie-religijne","tag-ewangelia","tag-jezus-chrystus","tag-refleksje","tag-rozwazania"],"acf":[],"yoast_head":"<!-- This site is optimized with the Yoast SEO plugin v26.9 - https:\/\/yoast.com\/product\/yoast-seo-wordpress\/ -->\n<title>Refleksje na niedziel\u0119: Kim jest On i za kogo Ty go uwa\u017casz? - mojabochnia.pl - portal informacyjny<\/title>\n<meta name=\"robots\" content=\"index, follow, max-snippet:-1, max-image-preview:large, max-video-preview:-1\" \/>\n<link rel=\"canonical\" href=\"https:\/\/www.mojabochnia.pl\/?p=29027\" \/>\n<meta property=\"og:locale\" content=\"pl_PL\" \/>\n<meta property=\"og:type\" content=\"article\" \/>\n<meta property=\"og:title\" content=\"Refleksje na niedziel\u0119: Kim jest On i za kogo Ty go uwa\u017casz? - mojabochnia.pl - portal informacyjny\" \/>\n<meta property=\"og:description\" content=\"Przed tygodniem pytali\u015bmy si\u0119: kim jestem \u201eja\u201d? Dzi\u015b zapytamy si\u0119: kim jest \u201eOn\u201d \u2013 Jezus Chrystus, kt\u00f3rego podczas ka\u017cdej mszy \u015bwi\u0119tej mo\u017cemy zaprosi\u0107 do swojego serca w komunii \u015bwi\u0119tej?\" \/>\n<meta property=\"og:url\" content=\"https:\/\/www.mojabochnia.pl\/?p=29027\" \/>\n<meta property=\"og:site_name\" content=\"mojabochnia.pl - portal informacyjny\" \/>\n<meta property=\"article:publisher\" content=\"https:\/\/www.facebook.com\/mojabochnia\" \/>\n<meta property=\"article:published_time\" content=\"2010-06-20T06:49:00+00:00\" \/>\n<meta property=\"article:modified_time\" content=\"2010-06-20T06:52:13+00:00\" \/>\n<meta name=\"author\" content=\"redakcja\" \/>\n<meta name=\"twitter:card\" content=\"summary_large_image\" \/>\n<meta name=\"twitter:label1\" content=\"Written by\" \/>\n\t<meta name=\"twitter:data1\" content=\"redakcja\" \/>\n\t<meta name=\"twitter:label2\" content=\"Est. reading time\" \/>\n\t<meta name=\"twitter:data2\" content=\"3 minuty\" \/>\n<script type=\"application\/ld+json\" class=\"yoast-schema-graph\">{\"@context\":\"https:\/\/schema.org\",\"@graph\":[{\"@type\":\"Article\",\"@id\":\"https:\/\/www.mojabochnia.pl\/?p=29027#article\",\"isPartOf\":{\"@id\":\"https:\/\/www.mojabochnia.pl\/?p=29027\"},\"author\":{\"name\":\"redakcja\",\"@id\":\"https:\/\/www.mojabochnia.pl\/#\/schema\/person\/7e2f20ead9902216a3384f13606c0ab7\"},\"headline\":\"Refleksje na niedziel\u0119: Kim jest On i za kogo Ty go uwa\u017casz?\",\"datePublished\":\"2010-06-20T06:49:00+00:00\",\"dateModified\":\"2010-06-20T06:52:13+00:00\",\"mainEntityOfPage\":{\"@id\":\"https:\/\/www.mojabochnia.pl\/?p=29027\"},\"wordCount\":576,\"commentCount\":0,\"publisher\":{\"@id\":\"https:\/\/www.mojabochnia.pl\/#organization\"},\"keywords\":[\"ewangelia\",\"jezus chrystus\",\"refleksje\",\"rozwa\u017cania\"],\"articleSection\":[\"2_ostatnie\",\"tematyka\",\"\u017bycie religijne\"],\"inLanguage\":\"pl-PL\",\"potentialAction\":[{\"@type\":\"CommentAction\",\"name\":\"Comment\",\"target\":[\"https:\/\/www.mojabochnia.pl\/?p=29027#respond\"]}]},{\"@type\":\"WebPage\",\"@id\":\"https:\/\/www.mojabochnia.pl\/?p=29027\",\"url\":\"https:\/\/www.mojabochnia.pl\/?p=29027\",\"name\":\"Refleksje na niedziel\u0119: Kim jest On i za kogo Ty go uwa\u017casz? - mojabochnia.pl - portal informacyjny\",\"isPartOf\":{\"@id\":\"https:\/\/www.mojabochnia.pl\/#website\"},\"datePublished\":\"2010-06-20T06:49:00+00:00\",\"dateModified\":\"2010-06-20T06:52:13+00:00\",\"breadcrumb\":{\"@id\":\"https:\/\/www.mojabochnia.pl\/?p=29027#breadcrumb\"},\"inLanguage\":\"pl-PL\",\"potentialAction\":[{\"@type\":\"ReadAction\",\"target\":[\"https:\/\/www.mojabochnia.pl\/?p=29027\"]}]},{\"@type\":\"BreadcrumbList\",\"@id\":\"https:\/\/www.mojabochnia.pl\/?p=29027#breadcrumb\",\"itemListElement\":[{\"@type\":\"ListItem\",\"position\":1,\"name\":\"Home\",\"item\":\"https:\/\/www.mojabochnia.pl\/\"},{\"@type\":\"ListItem\",\"position\":2,\"name\":\"Refleksje na niedziel\u0119: Kim jest On i za kogo Ty go uwa\u017casz?\"}]},{\"@type\":\"WebSite\",\"@id\":\"https:\/\/www.mojabochnia.pl\/#website\",\"url\":\"https:\/\/www.mojabochnia.pl\/\",\"name\":\"mojabochnia.pl - portal informacyjny\",\"description\":\"mojaBochnia to portal informacyjny o Bochni. Codziennie o Bochni piszemy i pokazujemy najwa\u017cniejsze wydarzenia\",\"publisher\":{\"@id\":\"https:\/\/www.mojabochnia.pl\/#organization\"},\"potentialAction\":[{\"@type\":\"SearchAction\",\"target\":{\"@type\":\"EntryPoint\",\"urlTemplate\":\"https:\/\/www.mojabochnia.pl\/?s={search_term_string}\"},\"query-input\":{\"@type\":\"PropertyValueSpecification\",\"valueRequired\":true,\"valueName\":\"search_term_string\"}}],\"inLanguage\":\"pl-PL\"},{\"@type\":\"Organization\",\"@id\":\"https:\/\/www.mojabochnia.pl\/#organization\",\"name\":\"mojabochnia.pl - portal informacyjny\",\"url\":\"https:\/\/www.mojabochnia.pl\/\",\"logo\":{\"@type\":\"ImageObject\",\"inLanguage\":\"pl-PL\",\"@id\":\"https:\/\/www.mojabochnia.pl\/#\/schema\/logo\/image\/\",\"url\":\"https:\/\/www.mojabochnia.pl\/wp-content\/uploads\/2017\/08\/logo-mb-opt.png\",\"contentUrl\":\"https:\/\/www.mojabochnia.pl\/wp-content\/uploads\/2017\/08\/logo-mb-opt.png\",\"width\":250,\"height\":48,\"caption\":\"mojabochnia.pl - portal informacyjny\"},\"image\":{\"@id\":\"https:\/\/www.mojabochnia.pl\/#\/schema\/logo\/image\/\"},\"sameAs\":[\"https:\/\/www.facebook.com\/mojabochnia\"]},{\"@type\":\"Person\",\"@id\":\"https:\/\/www.mojabochnia.pl\/#\/schema\/person\/7e2f20ead9902216a3384f13606c0ab7\",\"name\":\"redakcja\",\"sameAs\":[\"http:\/\/\"],\"url\":\"https:\/\/www.mojabochnia.pl\/?author=13\"}]}<\/script>\n<!-- \/ Yoast SEO plugin. -->","yoast_head_json":{"title":"Refleksje na niedziel\u0119: Kim jest On i za kogo Ty go uwa\u017casz? - mojabochnia.pl - portal informacyjny","robots":{"index":"index","follow":"follow","max-snippet":"max-snippet:-1","max-image-preview":"max-image-preview:large","max-video-preview":"max-video-preview:-1"},"canonical":"https:\/\/www.mojabochnia.pl\/?p=29027","og_locale":"pl_PL","og_type":"article","og_title":"Refleksje na niedziel\u0119: Kim jest On i za kogo Ty go uwa\u017casz? - mojabochnia.pl - portal informacyjny","og_description":"Przed tygodniem pytali\u015bmy si\u0119: kim jestem \u201eja\u201d? Dzi\u015b zapytamy si\u0119: kim jest \u201eOn\u201d \u2013 Jezus Chrystus, kt\u00f3rego podczas ka\u017cdej mszy \u015bwi\u0119tej mo\u017cemy zaprosi\u0107 do swojego serca w komunii \u015bwi\u0119tej?","og_url":"https:\/\/www.mojabochnia.pl\/?p=29027","og_site_name":"mojabochnia.pl - portal informacyjny","article_publisher":"https:\/\/www.facebook.com\/mojabochnia","article_published_time":"2010-06-20T06:49:00+00:00","article_modified_time":"2010-06-20T06:52:13+00:00","author":"redakcja","twitter_card":"summary_large_image","twitter_misc":{"Written by":"redakcja","Est. reading time":"3 minuty"},"schema":{"@context":"https:\/\/schema.org","@graph":[{"@type":"Article","@id":"https:\/\/www.mojabochnia.pl\/?p=29027#article","isPartOf":{"@id":"https:\/\/www.mojabochnia.pl\/?p=29027"},"author":{"name":"redakcja","@id":"https:\/\/www.mojabochnia.pl\/#\/schema\/person\/7e2f20ead9902216a3384f13606c0ab7"},"headline":"Refleksje na niedziel\u0119: Kim jest On i za kogo Ty go uwa\u017casz?","datePublished":"2010-06-20T06:49:00+00:00","dateModified":"2010-06-20T06:52:13+00:00","mainEntityOfPage":{"@id":"https:\/\/www.mojabochnia.pl\/?p=29027"},"wordCount":576,"commentCount":0,"publisher":{"@id":"https:\/\/www.mojabochnia.pl\/#organization"},"keywords":["ewangelia","jezus chrystus","refleksje","rozwa\u017cania"],"articleSection":["2_ostatnie","tematyka","\u017bycie religijne"],"inLanguage":"pl-PL","potentialAction":[{"@type":"CommentAction","name":"Comment","target":["https:\/\/www.mojabochnia.pl\/?p=29027#respond"]}]},{"@type":"WebPage","@id":"https:\/\/www.mojabochnia.pl\/?p=29027","url":"https:\/\/www.mojabochnia.pl\/?p=29027","name":"Refleksje na niedziel\u0119: Kim jest On i za kogo Ty go uwa\u017casz? - mojabochnia.pl - portal informacyjny","isPartOf":{"@id":"https:\/\/www.mojabochnia.pl\/#website"},"datePublished":"2010-06-20T06:49:00+00:00","dateModified":"2010-06-20T06:52:13+00:00","breadcrumb":{"@id":"https:\/\/www.mojabochnia.pl\/?p=29027#breadcrumb"},"inLanguage":"pl-PL","potentialAction":[{"@type":"ReadAction","target":["https:\/\/www.mojabochnia.pl\/?p=29027"]}]},{"@type":"BreadcrumbList","@id":"https:\/\/www.mojabochnia.pl\/?p=29027#breadcrumb","itemListElement":[{"@type":"ListItem","position":1,"name":"Home","item":"https:\/\/www.mojabochnia.pl\/"},{"@type":"ListItem","position":2,"name":"Refleksje na niedziel\u0119: Kim jest On i za kogo Ty go uwa\u017casz?"}]},{"@type":"WebSite","@id":"https:\/\/www.mojabochnia.pl\/#website","url":"https:\/\/www.mojabochnia.pl\/","name":"mojabochnia.pl - portal informacyjny","description":"mojaBochnia to portal informacyjny o Bochni. Codziennie o Bochni piszemy i pokazujemy najwa\u017cniejsze wydarzenia","publisher":{"@id":"https:\/\/www.mojabochnia.pl\/#organization"},"potentialAction":[{"@type":"SearchAction","target":{"@type":"EntryPoint","urlTemplate":"https:\/\/www.mojabochnia.pl\/?s={search_term_string}"},"query-input":{"@type":"PropertyValueSpecification","valueRequired":true,"valueName":"search_term_string"}}],"inLanguage":"pl-PL"},{"@type":"Organization","@id":"https:\/\/www.mojabochnia.pl\/#organization","name":"mojabochnia.pl - portal informacyjny","url":"https:\/\/www.mojabochnia.pl\/","logo":{"@type":"ImageObject","inLanguage":"pl-PL","@id":"https:\/\/www.mojabochnia.pl\/#\/schema\/logo\/image\/","url":"https:\/\/www.mojabochnia.pl\/wp-content\/uploads\/2017\/08\/logo-mb-opt.png","contentUrl":"https:\/\/www.mojabochnia.pl\/wp-content\/uploads\/2017\/08\/logo-mb-opt.png","width":250,"height":48,"caption":"mojabochnia.pl - portal informacyjny"},"image":{"@id":"https:\/\/www.mojabochnia.pl\/#\/schema\/logo\/image\/"},"sameAs":["https:\/\/www.facebook.com\/mojabochnia"]},{"@type":"Person","@id":"https:\/\/www.mojabochnia.pl\/#\/schema\/person\/7e2f20ead9902216a3384f13606c0ab7","name":"redakcja","sameAs":["http:\/\/"],"url":"https:\/\/www.mojabochnia.pl\/?author=13"}]}},"_links":{"self":[{"href":"https:\/\/www.mojabochnia.pl\/index.php?rest_route=\/wp\/v2\/posts\/29027","targetHints":{"allow":["GET"]}}],"collection":[{"href":"https:\/\/www.mojabochnia.pl\/index.php?rest_route=\/wp\/v2\/posts"}],"about":[{"href":"https:\/\/www.mojabochnia.pl\/index.php?rest_route=\/wp\/v2\/types\/post"}],"author":[{"embeddable":true,"href":"https:\/\/www.mojabochnia.pl\/index.php?rest_route=\/wp\/v2\/users\/13"}],"replies":[{"embeddable":true,"href":"https:\/\/www.mojabochnia.pl\/index.php?rest_route=%2Fwp%2Fv2%2Fcomments&post=29027"}],"version-history":[{"count":0,"href":"https:\/\/www.mojabochnia.pl\/index.php?rest_route=\/wp\/v2\/posts\/29027\/revisions"}],"wp:attachment":[{"href":"https:\/\/www.mojabochnia.pl\/index.php?rest_route=%2Fwp%2Fv2%2Fmedia&parent=29027"}],"wp:term":[{"taxonomy":"category","embeddable":true,"href":"https:\/\/www.mojabochnia.pl\/index.php?rest_route=%2Fwp%2Fv2%2Fcategories&post=29027"},{"taxonomy":"post_tag","embeddable":true,"href":"https:\/\/www.mojabochnia.pl\/index.php?rest_route=%2Fwp%2Fv2%2Ftags&post=29027"}],"curies":[{"name":"wp","href":"https:\/\/api.w.org\/{rel}","templated":true}]}}