{"id":28692,"date":"2010-06-16T07:42:36","date_gmt":"2010-06-16T05:42:36","guid":{"rendered":"http:\/\/www.mojabochnia.pl\/?p=28692"},"modified":"2010-06-16T11:07:26","modified_gmt":"2010-06-16T09:07:26","slug":"marek-kania-uczy-mlodziez-jak-zdrowo-zyc","status":"publish","type":"post","link":"https:\/\/www.mojabochnia.pl\/?p=28692","title":{"rendered":"Marek Kania uczy m\u0142odzie\u017c, jak zdrowo \u017cy\u0107"},"content":{"rendered":"<p>Niedawno dzieci uhonorowa\u0142y go za to orderem B\u0142\u0119kitnej Niezapominajki. \u2013 <em>Coraz wi\u0119cej m\u0142odzie\u017cy \u017ale si\u0119 od\u017cywia, ma wady postawy, cierpi na oty\u0142o\u015b\u0107. Zw\u0142aszcza zwyk\u0142o si\u0119 to objawia\u0107 w tym, \u017ce m\u0142odzie\u017c ma takie objawy jak duszno\u015b\u0107, ko\u0142atanie serca, z\u0142e znoszenie wysi\u0142ku fizycznego<\/em>. <\/p>\n<p>Pomys\u0142odawczyni\u0105 spotka\u0144 dzieci i m\u0142odzie\u017cy szkolnej z lekarzem jest Eleonora Chmielarska, boche\u0144ska spo\u0142eczniczka, kt\u00f3ra jest emerytowan\u0105 piel\u0119gniarka. \u2013 <em>Zdarzy\u0142o si\u0119, \u017ce widzia\u0142am zim\u0105, jak dziewczynki siedzia\u0142y w czapeczkach, szalikach, a plecy na wierzchu. I powiedzia\u0142am: gdzie b\u0119dziecie szuka\u0107 banku nerek? A one: dlaczego nikt nam o tym nie m\u00f3wi? Powiedzia\u0142am to doktorowi Kani, kt\u00f3ry natychmiast podj\u0105\u0142 akcj\u0119<\/em>.<\/p>\n<p>Doktor Marek Kania uczula dzieci i m\u0142odzie\u017c, \u017ce warunkiem zdrowia w doros\u0142ym wieku jest aktywno\u015b\u0107 fizyczna i odpowiednia dieta. Podczas spotka\u0144 w szko\u0142ach rozdawane s\u0105 specjalne ulotki.<\/p>\n","protected":false},"excerpt":{"rendered":"<p>Marek Kania, boche\u0144ski lekarz oraz radny, bierze udzia\u0142 w spotkaniach z m\u0142odzie\u017c\u0105 w szko\u0142ach. Ich celem jest u\u015bwiadomienie m\u0142odym ludziom zagro\u017ce\u0144 wynikaj\u0105cych ze z\u0142ego od\u017cywiania si\u0119 oraz niezdrowego stylu \u017cycia. <\/p>\n","protected":false},"author":4,"featured_media":0,"comment_status":"open","ping_status":"closed","sticky":false,"template":"","format":"standard","meta":{"_acf_changed":false,"footnotes":""},"categories":[5,6251,6250],"tags":[1688,930,17302],"class_list":["post-28692","post","type-post","status-publish","format-standard","hentry","category-biezace-wydarzenia","category-polityka-i-wydarzenia","category-tematyka","tag-marek-kania","tag-rada-miejska","tag-zdrowie"],"acf":[],"yoast_head":"<!-- This site is optimized with the Yoast SEO plugin v26.9 - https:\/\/yoast.com\/product\/yoast-seo-wordpress\/ -->\n<title>Marek Kania uczy m\u0142odzie\u017c, jak zdrowo \u017cy\u0107 - mojabochnia.pl - portal informacyjny<\/title>\n<meta name=\"robots\" content=\"index, follow, max-snippet:-1, max-image-preview:large, max-video-preview:-1\" \/>\n<link rel=\"canonical\" href=\"https:\/\/www.mojabochnia.pl\/?p=28692\" \/>\n<meta property=\"og:locale\" content=\"pl_PL\" \/>\n<meta property=\"og:type\" content=\"article\" \/>\n<meta property=\"og:title\" content=\"Marek Kania uczy m\u0142odzie\u017c, jak zdrowo \u017cy\u0107 - mojabochnia.pl - portal informacyjny\" \/>\n<meta property=\"og:description\" content=\"Marek Kania, boche\u0144ski lekarz oraz radny, bierze udzia\u0142 w spotkaniach z m\u0142odzie\u017c\u0105 w szko\u0142ach. Ich celem jest u\u015bwiadomienie m\u0142odym ludziom zagro\u017ce\u0144 wynikaj\u0105cych ze z\u0142ego od\u017cywiania si\u0119 oraz niezdrowego stylu \u017cycia.\" \/>\n<meta property=\"og:url\" content=\"https:\/\/www.mojabochnia.pl\/?p=28692\" \/>\n<meta property=\"og:site_name\" content=\"mojabochnia.pl - portal informacyjny\" \/>\n<meta property=\"article:publisher\" content=\"https:\/\/www.facebook.com\/mojabochnia\" \/>\n<meta property=\"article:published_time\" content=\"2010-06-16T05:42:36+00:00\" \/>\n<meta property=\"article:modified_time\" content=\"2010-06-16T09:07:26+00:00\" \/>\n<meta name=\"author\" content=\"Pawe\u0142 Michalczyk\" \/>\n<meta name=\"twitter:card\" content=\"summary_large_image\" \/>\n<meta name=\"twitter:label1\" content=\"Written by\" \/>\n\t<meta name=\"twitter:data1\" content=\"Pawe\u0142 Michalczyk\" \/>\n\t<meta name=\"twitter:label2\" content=\"Est. reading time\" \/>\n\t<meta name=\"twitter:data2\" content=\"1 minuta\" \/>\n<script type=\"application\/ld+json\" class=\"yoast-schema-graph\">{\"@context\":\"https:\/\/schema.org\",\"@graph\":[{\"@type\":\"Article\",\"@id\":\"https:\/\/www.mojabochnia.pl\/?p=28692#article\",\"isPartOf\":{\"@id\":\"https:\/\/www.mojabochnia.pl\/?p=28692\"},\"author\":{\"name\":\"Pawe\u0142 Michalczyk\",\"@id\":\"https:\/\/www.mojabochnia.pl\/#\/schema\/person\/ea042e4724a77627963f02166828ead4\"},\"headline\":\"Marek Kania uczy m\u0142odzie\u017c, jak zdrowo \u017cy\u0107\",\"datePublished\":\"2010-06-16T05:42:36+00:00\",\"dateModified\":\"2010-06-16T09:07:26+00:00\",\"mainEntityOfPage\":{\"@id\":\"https:\/\/www.mojabochnia.pl\/?p=28692\"},\"wordCount\":163,\"commentCount\":1,\"publisher\":{\"@id\":\"https:\/\/www.mojabochnia.pl\/#organization\"},\"keywords\":[\"marek kania\",\"rada miejska\",\"zdrowie\"],\"articleSection\":[\"2_ostatnie\",\"polityka i wydarzenia\",\"tematyka\"],\"inLanguage\":\"pl-PL\",\"potentialAction\":[{\"@type\":\"CommentAction\",\"name\":\"Comment\",\"target\":[\"https:\/\/www.mojabochnia.pl\/?p=28692#respond\"]}]},{\"@type\":\"WebPage\",\"@id\":\"https:\/\/www.mojabochnia.pl\/?p=28692\",\"url\":\"https:\/\/www.mojabochnia.pl\/?p=28692\",\"name\":\"Marek Kania uczy m\u0142odzie\u017c, jak zdrowo \u017cy\u0107 - mojabochnia.pl - portal informacyjny\",\"isPartOf\":{\"@id\":\"https:\/\/www.mojabochnia.pl\/#website\"},\"datePublished\":\"2010-06-16T05:42:36+00:00\",\"dateModified\":\"2010-06-16T09:07:26+00:00\",\"breadcrumb\":{\"@id\":\"https:\/\/www.mojabochnia.pl\/?p=28692#breadcrumb\"},\"inLanguage\":\"pl-PL\",\"potentialAction\":[{\"@type\":\"ReadAction\",\"target\":[\"https:\/\/www.mojabochnia.pl\/?p=28692\"]}]},{\"@type\":\"BreadcrumbList\",\"@id\":\"https:\/\/www.mojabochnia.pl\/?p=28692#breadcrumb\",\"itemListElement\":[{\"@type\":\"ListItem\",\"position\":1,\"name\":\"Home\",\"item\":\"https:\/\/www.mojabochnia.pl\/\"},{\"@type\":\"ListItem\",\"position\":2,\"name\":\"Marek Kania uczy m\u0142odzie\u017c, jak zdrowo \u017cy\u0107\"}]},{\"@type\":\"WebSite\",\"@id\":\"https:\/\/www.mojabochnia.pl\/#website\",\"url\":\"https:\/\/www.mojabochnia.pl\/\",\"name\":\"mojabochnia.pl - portal informacyjny\",\"description\":\"mojaBochnia to portal informacyjny o Bochni. Codziennie o Bochni piszemy i pokazujemy najwa\u017cniejsze wydarzenia\",\"publisher\":{\"@id\":\"https:\/\/www.mojabochnia.pl\/#organization\"},\"potentialAction\":[{\"@type\":\"SearchAction\",\"target\":{\"@type\":\"EntryPoint\",\"urlTemplate\":\"https:\/\/www.mojabochnia.pl\/?s={search_term_string}\"},\"query-input\":{\"@type\":\"PropertyValueSpecification\",\"valueRequired\":true,\"valueName\":\"search_term_string\"}}],\"inLanguage\":\"pl-PL\"},{\"@type\":\"Organization\",\"@id\":\"https:\/\/www.mojabochnia.pl\/#organization\",\"name\":\"mojabochnia.pl - portal informacyjny\",\"url\":\"https:\/\/www.mojabochnia.pl\/\",\"logo\":{\"@type\":\"ImageObject\",\"inLanguage\":\"pl-PL\",\"@id\":\"https:\/\/www.mojabochnia.pl\/#\/schema\/logo\/image\/\",\"url\":\"https:\/\/www.mojabochnia.pl\/wp-content\/uploads\/2017\/08\/logo-mb-opt.png\",\"contentUrl\":\"https:\/\/www.mojabochnia.pl\/wp-content\/uploads\/2017\/08\/logo-mb-opt.png\",\"width\":250,\"height\":48,\"caption\":\"mojabochnia.pl - portal informacyjny\"},\"image\":{\"@id\":\"https:\/\/www.mojabochnia.pl\/#\/schema\/logo\/image\/\"},\"sameAs\":[\"https:\/\/www.facebook.com\/mojabochnia\"]},{\"@type\":\"Person\",\"@id\":\"https:\/\/www.mojabochnia.pl\/#\/schema\/person\/ea042e4724a77627963f02166828ead4\",\"name\":\"Pawe\u0142 Michalczyk\",\"url\":\"https:\/\/www.mojabochnia.pl\/?author=4\"}]}<\/script>\n<!-- \/ Yoast SEO plugin. -->","yoast_head_json":{"title":"Marek Kania uczy m\u0142odzie\u017c, jak zdrowo \u017cy\u0107 - mojabochnia.pl - portal informacyjny","robots":{"index":"index","follow":"follow","max-snippet":"max-snippet:-1","max-image-preview":"max-image-preview:large","max-video-preview":"max-video-preview:-1"},"canonical":"https:\/\/www.mojabochnia.pl\/?p=28692","og_locale":"pl_PL","og_type":"article","og_title":"Marek Kania uczy m\u0142odzie\u017c, jak zdrowo \u017cy\u0107 - mojabochnia.pl - portal informacyjny","og_description":"Marek Kania, boche\u0144ski lekarz oraz radny, bierze udzia\u0142 w spotkaniach z m\u0142odzie\u017c\u0105 w szko\u0142ach. Ich celem jest u\u015bwiadomienie m\u0142odym ludziom zagro\u017ce\u0144 wynikaj\u0105cych ze z\u0142ego od\u017cywiania si\u0119 oraz niezdrowego stylu \u017cycia.","og_url":"https:\/\/www.mojabochnia.pl\/?p=28692","og_site_name":"mojabochnia.pl - portal informacyjny","article_publisher":"https:\/\/www.facebook.com\/mojabochnia","article_published_time":"2010-06-16T05:42:36+00:00","article_modified_time":"2010-06-16T09:07:26+00:00","author":"Pawe\u0142 Michalczyk","twitter_card":"summary_large_image","twitter_misc":{"Written by":"Pawe\u0142 Michalczyk","Est. reading time":"1 minuta"},"schema":{"@context":"https:\/\/schema.org","@graph":[{"@type":"Article","@id":"https:\/\/www.mojabochnia.pl\/?p=28692#article","isPartOf":{"@id":"https:\/\/www.mojabochnia.pl\/?p=28692"},"author":{"name":"Pawe\u0142 Michalczyk","@id":"https:\/\/www.mojabochnia.pl\/#\/schema\/person\/ea042e4724a77627963f02166828ead4"},"headline":"Marek Kania uczy m\u0142odzie\u017c, jak zdrowo \u017cy\u0107","datePublished":"2010-06-16T05:42:36+00:00","dateModified":"2010-06-16T09:07:26+00:00","mainEntityOfPage":{"@id":"https:\/\/www.mojabochnia.pl\/?p=28692"},"wordCount":163,"commentCount":1,"publisher":{"@id":"https:\/\/www.mojabochnia.pl\/#organization"},"keywords":["marek kania","rada miejska","zdrowie"],"articleSection":["2_ostatnie","polityka i wydarzenia","tematyka"],"inLanguage":"pl-PL","potentialAction":[{"@type":"CommentAction","name":"Comment","target":["https:\/\/www.mojabochnia.pl\/?p=28692#respond"]}]},{"@type":"WebPage","@id":"https:\/\/www.mojabochnia.pl\/?p=28692","url":"https:\/\/www.mojabochnia.pl\/?p=28692","name":"Marek Kania uczy m\u0142odzie\u017c, jak zdrowo \u017cy\u0107 - mojabochnia.pl - portal informacyjny","isPartOf":{"@id":"https:\/\/www.mojabochnia.pl\/#website"},"datePublished":"2010-06-16T05:42:36+00:00","dateModified":"2010-06-16T09:07:26+00:00","breadcrumb":{"@id":"https:\/\/www.mojabochnia.pl\/?p=28692#breadcrumb"},"inLanguage":"pl-PL","potentialAction":[{"@type":"ReadAction","target":["https:\/\/www.mojabochnia.pl\/?p=28692"]}]},{"@type":"BreadcrumbList","@id":"https:\/\/www.mojabochnia.pl\/?p=28692#breadcrumb","itemListElement":[{"@type":"ListItem","position":1,"name":"Home","item":"https:\/\/www.mojabochnia.pl\/"},{"@type":"ListItem","position":2,"name":"Marek Kania uczy m\u0142odzie\u017c, jak zdrowo \u017cy\u0107"}]},{"@type":"WebSite","@id":"https:\/\/www.mojabochnia.pl\/#website","url":"https:\/\/www.mojabochnia.pl\/","name":"mojabochnia.pl - portal informacyjny","description":"mojaBochnia to portal informacyjny o Bochni. Codziennie o Bochni piszemy i pokazujemy najwa\u017cniejsze wydarzenia","publisher":{"@id":"https:\/\/www.mojabochnia.pl\/#organization"},"potentialAction":[{"@type":"SearchAction","target":{"@type":"EntryPoint","urlTemplate":"https:\/\/www.mojabochnia.pl\/?s={search_term_string}"},"query-input":{"@type":"PropertyValueSpecification","valueRequired":true,"valueName":"search_term_string"}}],"inLanguage":"pl-PL"},{"@type":"Organization","@id":"https:\/\/www.mojabochnia.pl\/#organization","name":"mojabochnia.pl - portal informacyjny","url":"https:\/\/www.mojabochnia.pl\/","logo":{"@type":"ImageObject","inLanguage":"pl-PL","@id":"https:\/\/www.mojabochnia.pl\/#\/schema\/logo\/image\/","url":"https:\/\/www.mojabochnia.pl\/wp-content\/uploads\/2017\/08\/logo-mb-opt.png","contentUrl":"https:\/\/www.mojabochnia.pl\/wp-content\/uploads\/2017\/08\/logo-mb-opt.png","width":250,"height":48,"caption":"mojabochnia.pl - portal informacyjny"},"image":{"@id":"https:\/\/www.mojabochnia.pl\/#\/schema\/logo\/image\/"},"sameAs":["https:\/\/www.facebook.com\/mojabochnia"]},{"@type":"Person","@id":"https:\/\/www.mojabochnia.pl\/#\/schema\/person\/ea042e4724a77627963f02166828ead4","name":"Pawe\u0142 Michalczyk","url":"https:\/\/www.mojabochnia.pl\/?author=4"}]}},"_links":{"self":[{"href":"https:\/\/www.mojabochnia.pl\/index.php?rest_route=\/wp\/v2\/posts\/28692","targetHints":{"allow":["GET"]}}],"collection":[{"href":"https:\/\/www.mojabochnia.pl\/index.php?rest_route=\/wp\/v2\/posts"}],"about":[{"href":"https:\/\/www.mojabochnia.pl\/index.php?rest_route=\/wp\/v2\/types\/post"}],"author":[{"embeddable":true,"href":"https:\/\/www.mojabochnia.pl\/index.php?rest_route=\/wp\/v2\/users\/4"}],"replies":[{"embeddable":true,"href":"https:\/\/www.mojabochnia.pl\/index.php?rest_route=%2Fwp%2Fv2%2Fcomments&post=28692"}],"version-history":[{"count":0,"href":"https:\/\/www.mojabochnia.pl\/index.php?rest_route=\/wp\/v2\/posts\/28692\/revisions"}],"wp:attachment":[{"href":"https:\/\/www.mojabochnia.pl\/index.php?rest_route=%2Fwp%2Fv2%2Fmedia&parent=28692"}],"wp:term":[{"taxonomy":"category","embeddable":true,"href":"https:\/\/www.mojabochnia.pl\/index.php?rest_route=%2Fwp%2Fv2%2Fcategories&post=28692"},{"taxonomy":"post_tag","embeddable":true,"href":"https:\/\/www.mojabochnia.pl\/index.php?rest_route=%2Fwp%2Fv2%2Ftags&post=28692"}],"curies":[{"name":"wp","href":"https:\/\/api.w.org\/{rel}","templated":true}]}}