{"id":28502,"date":"2010-06-11T17:06:53","date_gmt":"2010-06-11T15:06:53","guid":{"rendered":"http:\/\/www.mojabochnia.pl\/?p=28502"},"modified":"2010-06-11T19:54:48","modified_gmt":"2010-06-11T17:54:48","slug":"w-sobote-kolejny-juz-festyn-rodzinny-dla-amelki","status":"publish","type":"post","link":"https:\/\/www.mojabochnia.pl\/?p=28502","title":{"rendered":"W sobot\u0119 kolejny ju\u017c festyn rodzinny &#8222;dla Amelki&#8221;"},"content":{"rendered":"<p><strong>Program festynu:<\/strong><\/p>\n<p>14.45 &#8211; Otwarcie festynu<\/p>\n<p>15.00-19.00 &#8211; Halowy turniej pi\u0142ki no\u017cnej. Wyst\u0105pi\u0105 w nim dru\u017cyny:<br \/>\n&#8211; Stra\u017cy Po\u017carnej z Bochni<br \/>\n&#8211; Policji z Bochni<br \/>\n&#8211; Rady Gminy Rzezawa<br \/>\n&#8211; Klubu Motocyklowego KNIGHT RIDERS- Region Tarn\u00f3w<br \/>\n&#8211; Pogotowie Ratunkowe z Bochni<br \/>\n&#8211; OldBoys D\u0105br\u00f3wka<\/p>\n<p>15.15 &#8211; Wyst\u0119p dzieci ze Szko\u0142y Podstawowej w D\u0105br\u00f3wce,<br \/>\nw programie &#8222;Mamo i Tato, kocham Was za to&#8221; oraz<br \/>\nw przedstawieniu &#8222;Czerwony Kapturek&#8221; w wersji angielskiej.<\/p>\n<p>16.15 &#8211; Przedstawienie &#8222;Moja rodzina&#8221; w wykonaniu przedszkolak\u00f3w z Bratucic i D\u0105br\u00f3wki<br \/>\n17.15 &#8211; Licytacja cennych przedmiot\u00f3w<br \/>\n18.00 &#8211; &#8222;Romeo i Julia&#8221; w wykonaniu uczni\u00f3w Publicznego Gimnazjum z D\u0105br\u00f3wki i Rzezawy<br \/>\n19.30 &#8211; Zako\u0144czenie festynu<\/p>\n<p><strong>Dodatkowe atrakcje:<\/strong><br \/>\n&#8211; przyjazd Klubu Motocyklowego KNIGHT RIDERS &#8211; Region Tarn\u00f3w<br \/>\n&#8211; gry i zabawy sportowe<br \/>\n&#8211; konkursy plastyczne<\/p>\n","protected":false},"excerpt":{"rendered":"<p>Ju\u017c po raz pi\u0105ty organizowany jest w D\u0105br\u00f3wce festyn, kt\u00f3rego celem jest zebranie funduszy na potrzeby leczenia, rehabilitacji i oprotezowanie dla Amelki Struzik. <\/p>\n","protected":false},"author":2,"featured_media":0,"comment_status":"open","ping_status":"closed","sticky":false,"template":"","format":"standard","meta":{"_acf_changed":false,"footnotes":""},"categories":[5,6251,6250],"tags":[14,17583,17168],"class_list":["post-28502","post","type-post","status-publish","format-standard","hentry","category-biezace-wydarzenia","category-polityka-i-wydarzenia","category-tematyka","tag-amelka-struzik","tag-dabrowka","tag-festyn"],"acf":[],"yoast_head":"<!-- This site is optimized with the Yoast SEO plugin v26.9 - https:\/\/yoast.com\/product\/yoast-seo-wordpress\/ -->\n<title>W sobot\u0119 kolejny ju\u017c festyn rodzinny &quot;dla Amelki&quot; - mojabochnia.pl - portal informacyjny<\/title>\n<meta name=\"robots\" content=\"index, follow, max-snippet:-1, max-image-preview:large, max-video-preview:-1\" \/>\n<link rel=\"canonical\" href=\"https:\/\/www.mojabochnia.pl\/?p=28502\" \/>\n<meta property=\"og:locale\" content=\"pl_PL\" \/>\n<meta property=\"og:type\" content=\"article\" \/>\n<meta property=\"og:title\" content=\"W sobot\u0119 kolejny ju\u017c festyn rodzinny &quot;dla Amelki&quot; - mojabochnia.pl - portal informacyjny\" \/>\n<meta property=\"og:description\" content=\"Ju\u017c po raz pi\u0105ty organizowany jest w D\u0105br\u00f3wce festyn, kt\u00f3rego celem jest zebranie funduszy na potrzeby leczenia, rehabilitacji i oprotezowanie dla Amelki Struzik.\" \/>\n<meta property=\"og:url\" content=\"https:\/\/www.mojabochnia.pl\/?p=28502\" \/>\n<meta property=\"og:site_name\" content=\"mojabochnia.pl - portal informacyjny\" \/>\n<meta property=\"article:publisher\" content=\"https:\/\/www.facebook.com\/mojabochnia\" \/>\n<meta property=\"article:published_time\" content=\"2010-06-11T15:06:53+00:00\" \/>\n<meta property=\"article:modified_time\" content=\"2010-06-11T17:54:48+00:00\" \/>\n<meta name=\"author\" content=\"Jacek Kucharski\" \/>\n<meta name=\"twitter:card\" content=\"summary_large_image\" \/>\n<meta name=\"twitter:label1\" content=\"Written by\" \/>\n\t<meta name=\"twitter:data1\" content=\"Jacek Kucharski\" \/>\n\t<meta name=\"twitter:label2\" content=\"Est. reading time\" \/>\n\t<meta name=\"twitter:data2\" content=\"1 minuta\" \/>\n<script type=\"application\/ld+json\" class=\"yoast-schema-graph\">{\"@context\":\"https:\/\/schema.org\",\"@graph\":[{\"@type\":\"Article\",\"@id\":\"https:\/\/www.mojabochnia.pl\/?p=28502#article\",\"isPartOf\":{\"@id\":\"https:\/\/www.mojabochnia.pl\/?p=28502\"},\"author\":{\"name\":\"Jacek Kucharski\",\"@id\":\"https:\/\/www.mojabochnia.pl\/#\/schema\/person\/cbf2046fc62995d3796f0c0160613698\"},\"headline\":\"W sobot\u0119 kolejny ju\u017c festyn rodzinny &#8222;dla Amelki&#8221;\",\"datePublished\":\"2010-06-11T15:06:53+00:00\",\"dateModified\":\"2010-06-11T17:54:48+00:00\",\"mainEntityOfPage\":{\"@id\":\"https:\/\/www.mojabochnia.pl\/?p=28502\"},\"wordCount\":148,\"commentCount\":1,\"publisher\":{\"@id\":\"https:\/\/www.mojabochnia.pl\/#organization\"},\"keywords\":[\"Amelka Struzik\",\"d\u0105br\u00f3wka\",\"festyn\"],\"articleSection\":[\"2_ostatnie\",\"polityka i wydarzenia\",\"tematyka\"],\"inLanguage\":\"pl-PL\",\"potentialAction\":[{\"@type\":\"CommentAction\",\"name\":\"Comment\",\"target\":[\"https:\/\/www.mojabochnia.pl\/?p=28502#respond\"]}]},{\"@type\":\"WebPage\",\"@id\":\"https:\/\/www.mojabochnia.pl\/?p=28502\",\"url\":\"https:\/\/www.mojabochnia.pl\/?p=28502\",\"name\":\"W sobot\u0119 kolejny ju\u017c festyn rodzinny \\\"dla Amelki\\\" - mojabochnia.pl - portal informacyjny\",\"isPartOf\":{\"@id\":\"https:\/\/www.mojabochnia.pl\/#website\"},\"datePublished\":\"2010-06-11T15:06:53+00:00\",\"dateModified\":\"2010-06-11T17:54:48+00:00\",\"breadcrumb\":{\"@id\":\"https:\/\/www.mojabochnia.pl\/?p=28502#breadcrumb\"},\"inLanguage\":\"pl-PL\",\"potentialAction\":[{\"@type\":\"ReadAction\",\"target\":[\"https:\/\/www.mojabochnia.pl\/?p=28502\"]}]},{\"@type\":\"BreadcrumbList\",\"@id\":\"https:\/\/www.mojabochnia.pl\/?p=28502#breadcrumb\",\"itemListElement\":[{\"@type\":\"ListItem\",\"position\":1,\"name\":\"Home\",\"item\":\"https:\/\/www.mojabochnia.pl\/\"},{\"@type\":\"ListItem\",\"position\":2,\"name\":\"W sobot\u0119 kolejny ju\u017c festyn rodzinny &#8222;dla Amelki&#8221;\"}]},{\"@type\":\"WebSite\",\"@id\":\"https:\/\/www.mojabochnia.pl\/#website\",\"url\":\"https:\/\/www.mojabochnia.pl\/\",\"name\":\"mojabochnia.pl - portal informacyjny\",\"description\":\"mojaBochnia to portal informacyjny o Bochni. Codziennie o Bochni piszemy i pokazujemy najwa\u017cniejsze wydarzenia\",\"publisher\":{\"@id\":\"https:\/\/www.mojabochnia.pl\/#organization\"},\"potentialAction\":[{\"@type\":\"SearchAction\",\"target\":{\"@type\":\"EntryPoint\",\"urlTemplate\":\"https:\/\/www.mojabochnia.pl\/?s={search_term_string}\"},\"query-input\":{\"@type\":\"PropertyValueSpecification\",\"valueRequired\":true,\"valueName\":\"search_term_string\"}}],\"inLanguage\":\"pl-PL\"},{\"@type\":\"Organization\",\"@id\":\"https:\/\/www.mojabochnia.pl\/#organization\",\"name\":\"mojabochnia.pl - portal informacyjny\",\"url\":\"https:\/\/www.mojabochnia.pl\/\",\"logo\":{\"@type\":\"ImageObject\",\"inLanguage\":\"pl-PL\",\"@id\":\"https:\/\/www.mojabochnia.pl\/#\/schema\/logo\/image\/\",\"url\":\"https:\/\/www.mojabochnia.pl\/wp-content\/uploads\/2017\/08\/logo-mb-opt.png\",\"contentUrl\":\"https:\/\/www.mojabochnia.pl\/wp-content\/uploads\/2017\/08\/logo-mb-opt.png\",\"width\":250,\"height\":48,\"caption\":\"mojabochnia.pl - portal informacyjny\"},\"image\":{\"@id\":\"https:\/\/www.mojabochnia.pl\/#\/schema\/logo\/image\/\"},\"sameAs\":[\"https:\/\/www.facebook.com\/mojabochnia\"]},{\"@type\":\"Person\",\"@id\":\"https:\/\/www.mojabochnia.pl\/#\/schema\/person\/cbf2046fc62995d3796f0c0160613698\",\"name\":\"Jacek Kucharski\",\"url\":\"https:\/\/www.mojabochnia.pl\/?author=2\"}]}<\/script>\n<!-- \/ Yoast SEO plugin. -->","yoast_head_json":{"title":"W sobot\u0119 kolejny ju\u017c festyn rodzinny \"dla Amelki\" - mojabochnia.pl - portal informacyjny","robots":{"index":"index","follow":"follow","max-snippet":"max-snippet:-1","max-image-preview":"max-image-preview:large","max-video-preview":"max-video-preview:-1"},"canonical":"https:\/\/www.mojabochnia.pl\/?p=28502","og_locale":"pl_PL","og_type":"article","og_title":"W sobot\u0119 kolejny ju\u017c festyn rodzinny \"dla Amelki\" - mojabochnia.pl - portal informacyjny","og_description":"Ju\u017c po raz pi\u0105ty organizowany jest w D\u0105br\u00f3wce festyn, kt\u00f3rego celem jest zebranie funduszy na potrzeby leczenia, rehabilitacji i oprotezowanie dla Amelki Struzik.","og_url":"https:\/\/www.mojabochnia.pl\/?p=28502","og_site_name":"mojabochnia.pl - portal informacyjny","article_publisher":"https:\/\/www.facebook.com\/mojabochnia","article_published_time":"2010-06-11T15:06:53+00:00","article_modified_time":"2010-06-11T17:54:48+00:00","author":"Jacek Kucharski","twitter_card":"summary_large_image","twitter_misc":{"Written by":"Jacek Kucharski","Est. reading time":"1 minuta"},"schema":{"@context":"https:\/\/schema.org","@graph":[{"@type":"Article","@id":"https:\/\/www.mojabochnia.pl\/?p=28502#article","isPartOf":{"@id":"https:\/\/www.mojabochnia.pl\/?p=28502"},"author":{"name":"Jacek Kucharski","@id":"https:\/\/www.mojabochnia.pl\/#\/schema\/person\/cbf2046fc62995d3796f0c0160613698"},"headline":"W sobot\u0119 kolejny ju\u017c festyn rodzinny &#8222;dla Amelki&#8221;","datePublished":"2010-06-11T15:06:53+00:00","dateModified":"2010-06-11T17:54:48+00:00","mainEntityOfPage":{"@id":"https:\/\/www.mojabochnia.pl\/?p=28502"},"wordCount":148,"commentCount":1,"publisher":{"@id":"https:\/\/www.mojabochnia.pl\/#organization"},"keywords":["Amelka Struzik","d\u0105br\u00f3wka","festyn"],"articleSection":["2_ostatnie","polityka i wydarzenia","tematyka"],"inLanguage":"pl-PL","potentialAction":[{"@type":"CommentAction","name":"Comment","target":["https:\/\/www.mojabochnia.pl\/?p=28502#respond"]}]},{"@type":"WebPage","@id":"https:\/\/www.mojabochnia.pl\/?p=28502","url":"https:\/\/www.mojabochnia.pl\/?p=28502","name":"W sobot\u0119 kolejny ju\u017c festyn rodzinny \"dla Amelki\" - mojabochnia.pl - portal informacyjny","isPartOf":{"@id":"https:\/\/www.mojabochnia.pl\/#website"},"datePublished":"2010-06-11T15:06:53+00:00","dateModified":"2010-06-11T17:54:48+00:00","breadcrumb":{"@id":"https:\/\/www.mojabochnia.pl\/?p=28502#breadcrumb"},"inLanguage":"pl-PL","potentialAction":[{"@type":"ReadAction","target":["https:\/\/www.mojabochnia.pl\/?p=28502"]}]},{"@type":"BreadcrumbList","@id":"https:\/\/www.mojabochnia.pl\/?p=28502#breadcrumb","itemListElement":[{"@type":"ListItem","position":1,"name":"Home","item":"https:\/\/www.mojabochnia.pl\/"},{"@type":"ListItem","position":2,"name":"W sobot\u0119 kolejny ju\u017c festyn rodzinny &#8222;dla Amelki&#8221;"}]},{"@type":"WebSite","@id":"https:\/\/www.mojabochnia.pl\/#website","url":"https:\/\/www.mojabochnia.pl\/","name":"mojabochnia.pl - portal informacyjny","description":"mojaBochnia to portal informacyjny o Bochni. Codziennie o Bochni piszemy i pokazujemy najwa\u017cniejsze wydarzenia","publisher":{"@id":"https:\/\/www.mojabochnia.pl\/#organization"},"potentialAction":[{"@type":"SearchAction","target":{"@type":"EntryPoint","urlTemplate":"https:\/\/www.mojabochnia.pl\/?s={search_term_string}"},"query-input":{"@type":"PropertyValueSpecification","valueRequired":true,"valueName":"search_term_string"}}],"inLanguage":"pl-PL"},{"@type":"Organization","@id":"https:\/\/www.mojabochnia.pl\/#organization","name":"mojabochnia.pl - portal informacyjny","url":"https:\/\/www.mojabochnia.pl\/","logo":{"@type":"ImageObject","inLanguage":"pl-PL","@id":"https:\/\/www.mojabochnia.pl\/#\/schema\/logo\/image\/","url":"https:\/\/www.mojabochnia.pl\/wp-content\/uploads\/2017\/08\/logo-mb-opt.png","contentUrl":"https:\/\/www.mojabochnia.pl\/wp-content\/uploads\/2017\/08\/logo-mb-opt.png","width":250,"height":48,"caption":"mojabochnia.pl - portal informacyjny"},"image":{"@id":"https:\/\/www.mojabochnia.pl\/#\/schema\/logo\/image\/"},"sameAs":["https:\/\/www.facebook.com\/mojabochnia"]},{"@type":"Person","@id":"https:\/\/www.mojabochnia.pl\/#\/schema\/person\/cbf2046fc62995d3796f0c0160613698","name":"Jacek Kucharski","url":"https:\/\/www.mojabochnia.pl\/?author=2"}]}},"_links":{"self":[{"href":"https:\/\/www.mojabochnia.pl\/index.php?rest_route=\/wp\/v2\/posts\/28502","targetHints":{"allow":["GET"]}}],"collection":[{"href":"https:\/\/www.mojabochnia.pl\/index.php?rest_route=\/wp\/v2\/posts"}],"about":[{"href":"https:\/\/www.mojabochnia.pl\/index.php?rest_route=\/wp\/v2\/types\/post"}],"author":[{"embeddable":true,"href":"https:\/\/www.mojabochnia.pl\/index.php?rest_route=\/wp\/v2\/users\/2"}],"replies":[{"embeddable":true,"href":"https:\/\/www.mojabochnia.pl\/index.php?rest_route=%2Fwp%2Fv2%2Fcomments&post=28502"}],"version-history":[{"count":0,"href":"https:\/\/www.mojabochnia.pl\/index.php?rest_route=\/wp\/v2\/posts\/28502\/revisions"}],"wp:attachment":[{"href":"https:\/\/www.mojabochnia.pl\/index.php?rest_route=%2Fwp%2Fv2%2Fmedia&parent=28502"}],"wp:term":[{"taxonomy":"category","embeddable":true,"href":"https:\/\/www.mojabochnia.pl\/index.php?rest_route=%2Fwp%2Fv2%2Fcategories&post=28502"},{"taxonomy":"post_tag","embeddable":true,"href":"https:\/\/www.mojabochnia.pl\/index.php?rest_route=%2Fwp%2Fv2%2Ftags&post=28502"}],"curies":[{"name":"wp","href":"https:\/\/api.w.org\/{rel}","templated":true}]}}