{"id":28428,"date":"2010-06-09T14:01:25","date_gmt":"2010-06-09T12:01:25","guid":{"rendered":"http:\/\/www.mojabochnia.pl\/?p=28428"},"modified":"2010-06-09T16:53:03","modified_gmt":"2010-06-09T14:53:03","slug":"stanislaw-odrobina-komisarzem-w-drwini-do-czasu-wyborow-za-wojta-a-kulara","status":"publish","type":"post","link":"https:\/\/www.mojabochnia.pl\/?p=28428","title":{"rendered":"Stanis\u0142aw Odrobina komisarzem w Drwini do czasu wybor\u00f3w za w\u00f3jta A. Kulara?"},"content":{"rendered":"<p>Jak nieoficjalnie ustali\u0142 portal mojaBochnia.pl, najbardziej prawdopodobnym kandydatem na to stanowisko jest dotychczasowy sekretarz gminy Stanis\u0142aw Odrobina.<\/p>\n","protected":false},"excerpt":{"rendered":"<p>Zgodnie z obowi\u0105zuj\u0105cymi przepisami prawa po wyga\u015bni\u0119ciu mandatu w\u00f3jta Andrzeja Kulara, co nast\u0105pi\u0142o na sesji Rady Gminy w ostatni pi\u0105tek, premier na wniosek wojewody wyznacza komisarza w Gminie Drwinia. Kto nim b\u0119dzie?<\/p>\n","protected":false},"author":9,"featured_media":0,"comment_status":"open","ping_status":"closed","sticky":false,"template":"","format":"standard","meta":{"_acf_changed":false,"footnotes":""},"categories":[5,6251,6250],"tags":[7033,17793,2134,17493],"class_list":["post-28428","post","type-post","status-publish","format-standard","hentry","category-biezace-wydarzenia","category-polityka-i-wydarzenia","category-tematyka","tag-drwin","tag-gmina-drwinia","tag-stanislaw-odrobina","tag-wojt"],"acf":[],"yoast_head":"<!-- This site is optimized with the Yoast SEO plugin v26.9 - https:\/\/yoast.com\/product\/yoast-seo-wordpress\/ -->\n<title>Stanis\u0142aw Odrobina komisarzem w Drwini do czasu wybor\u00f3w za w\u00f3jta A. Kulara? - mojabochnia.pl - portal informacyjny<\/title>\n<meta name=\"robots\" content=\"index, follow, max-snippet:-1, max-image-preview:large, max-video-preview:-1\" \/>\n<link rel=\"canonical\" href=\"https:\/\/www.mojabochnia.pl\/?p=28428\" \/>\n<meta property=\"og:locale\" content=\"pl_PL\" \/>\n<meta property=\"og:type\" content=\"article\" \/>\n<meta property=\"og:title\" content=\"Stanis\u0142aw Odrobina komisarzem w Drwini do czasu wybor\u00f3w za w\u00f3jta A. Kulara? - mojabochnia.pl - portal informacyjny\" \/>\n<meta property=\"og:description\" content=\"Zgodnie z obowi\u0105zuj\u0105cymi przepisami prawa po wyga\u015bni\u0119ciu mandatu w\u00f3jta Andrzeja Kulara, co nast\u0105pi\u0142o na sesji Rady Gminy w ostatni pi\u0105tek, premier na wniosek wojewody wyznacza komisarza w Gminie Drwinia. Kto nim b\u0119dzie?\" \/>\n<meta property=\"og:url\" content=\"https:\/\/www.mojabochnia.pl\/?p=28428\" \/>\n<meta property=\"og:site_name\" content=\"mojabochnia.pl - portal informacyjny\" \/>\n<meta property=\"article:publisher\" content=\"https:\/\/www.facebook.com\/mojabochnia\" \/>\n<meta property=\"article:published_time\" content=\"2010-06-09T12:01:25+00:00\" \/>\n<meta property=\"article:modified_time\" content=\"2010-06-09T14:53:03+00:00\" \/>\n<meta name=\"author\" content=\"Aleksander Rzepecki\" \/>\n<meta name=\"twitter:card\" content=\"summary_large_image\" \/>\n<meta name=\"twitter:label1\" content=\"Written by\" \/>\n\t<meta name=\"twitter:data1\" content=\"Aleksander Rzepecki\" \/>\n<script type=\"application\/ld+json\" class=\"yoast-schema-graph\">{\"@context\":\"https:\/\/schema.org\",\"@graph\":[{\"@type\":\"Article\",\"@id\":\"https:\/\/www.mojabochnia.pl\/?p=28428#article\",\"isPartOf\":{\"@id\":\"https:\/\/www.mojabochnia.pl\/?p=28428\"},\"author\":{\"name\":\"Aleksander Rzepecki\",\"@id\":\"https:\/\/www.mojabochnia.pl\/#\/schema\/person\/6cc2563b6df80713ce6940e6ed184c6c\"},\"headline\":\"Stanis\u0142aw Odrobina komisarzem w Drwini do czasu wybor\u00f3w za w\u00f3jta A. Kulara?\",\"datePublished\":\"2010-06-09T12:01:25+00:00\",\"dateModified\":\"2010-06-09T14:53:03+00:00\",\"mainEntityOfPage\":{\"@id\":\"https:\/\/www.mojabochnia.pl\/?p=28428\"},\"wordCount\":34,\"commentCount\":0,\"publisher\":{\"@id\":\"https:\/\/www.mojabochnia.pl\/#organization\"},\"keywords\":[\"drwin\",\"gmina drwinia\",\"stanis\u0142aw odrobina\",\"w\u00f3jt\"],\"articleSection\":[\"2_ostatnie\",\"polityka i wydarzenia\",\"tematyka\"],\"inLanguage\":\"pl-PL\",\"potentialAction\":[{\"@type\":\"CommentAction\",\"name\":\"Comment\",\"target\":[\"https:\/\/www.mojabochnia.pl\/?p=28428#respond\"]}]},{\"@type\":\"WebPage\",\"@id\":\"https:\/\/www.mojabochnia.pl\/?p=28428\",\"url\":\"https:\/\/www.mojabochnia.pl\/?p=28428\",\"name\":\"Stanis\u0142aw Odrobina komisarzem w Drwini do czasu wybor\u00f3w za w\u00f3jta A. Kulara? - mojabochnia.pl - portal informacyjny\",\"isPartOf\":{\"@id\":\"https:\/\/www.mojabochnia.pl\/#website\"},\"datePublished\":\"2010-06-09T12:01:25+00:00\",\"dateModified\":\"2010-06-09T14:53:03+00:00\",\"breadcrumb\":{\"@id\":\"https:\/\/www.mojabochnia.pl\/?p=28428#breadcrumb\"},\"inLanguage\":\"pl-PL\",\"potentialAction\":[{\"@type\":\"ReadAction\",\"target\":[\"https:\/\/www.mojabochnia.pl\/?p=28428\"]}]},{\"@type\":\"BreadcrumbList\",\"@id\":\"https:\/\/www.mojabochnia.pl\/?p=28428#breadcrumb\",\"itemListElement\":[{\"@type\":\"ListItem\",\"position\":1,\"name\":\"Home\",\"item\":\"https:\/\/www.mojabochnia.pl\/\"},{\"@type\":\"ListItem\",\"position\":2,\"name\":\"Stanis\u0142aw Odrobina komisarzem w Drwini do czasu wybor\u00f3w za w\u00f3jta A. Kulara?\"}]},{\"@type\":\"WebSite\",\"@id\":\"https:\/\/www.mojabochnia.pl\/#website\",\"url\":\"https:\/\/www.mojabochnia.pl\/\",\"name\":\"mojabochnia.pl - portal informacyjny\",\"description\":\"mojaBochnia to portal informacyjny o Bochni. Codziennie o Bochni piszemy i pokazujemy najwa\u017cniejsze wydarzenia\",\"publisher\":{\"@id\":\"https:\/\/www.mojabochnia.pl\/#organization\"},\"potentialAction\":[{\"@type\":\"SearchAction\",\"target\":{\"@type\":\"EntryPoint\",\"urlTemplate\":\"https:\/\/www.mojabochnia.pl\/?s={search_term_string}\"},\"query-input\":{\"@type\":\"PropertyValueSpecification\",\"valueRequired\":true,\"valueName\":\"search_term_string\"}}],\"inLanguage\":\"pl-PL\"},{\"@type\":\"Organization\",\"@id\":\"https:\/\/www.mojabochnia.pl\/#organization\",\"name\":\"mojabochnia.pl - portal informacyjny\",\"url\":\"https:\/\/www.mojabochnia.pl\/\",\"logo\":{\"@type\":\"ImageObject\",\"inLanguage\":\"pl-PL\",\"@id\":\"https:\/\/www.mojabochnia.pl\/#\/schema\/logo\/image\/\",\"url\":\"https:\/\/www.mojabochnia.pl\/wp-content\/uploads\/2017\/08\/logo-mb-opt.png\",\"contentUrl\":\"https:\/\/www.mojabochnia.pl\/wp-content\/uploads\/2017\/08\/logo-mb-opt.png\",\"width\":250,\"height\":48,\"caption\":\"mojabochnia.pl - portal informacyjny\"},\"image\":{\"@id\":\"https:\/\/www.mojabochnia.pl\/#\/schema\/logo\/image\/\"},\"sameAs\":[\"https:\/\/www.facebook.com\/mojabochnia\"]},{\"@type\":\"Person\",\"@id\":\"https:\/\/www.mojabochnia.pl\/#\/schema\/person\/6cc2563b6df80713ce6940e6ed184c6c\",\"name\":\"Aleksander Rzepecki\",\"url\":\"https:\/\/www.mojabochnia.pl\/?author=9\"}]}<\/script>\n<!-- \/ Yoast SEO plugin. -->","yoast_head_json":{"title":"Stanis\u0142aw Odrobina komisarzem w Drwini do czasu wybor\u00f3w za w\u00f3jta A. Kulara? - mojabochnia.pl - portal informacyjny","robots":{"index":"index","follow":"follow","max-snippet":"max-snippet:-1","max-image-preview":"max-image-preview:large","max-video-preview":"max-video-preview:-1"},"canonical":"https:\/\/www.mojabochnia.pl\/?p=28428","og_locale":"pl_PL","og_type":"article","og_title":"Stanis\u0142aw Odrobina komisarzem w Drwini do czasu wybor\u00f3w za w\u00f3jta A. Kulara? - mojabochnia.pl - portal informacyjny","og_description":"Zgodnie z obowi\u0105zuj\u0105cymi przepisami prawa po wyga\u015bni\u0119ciu mandatu w\u00f3jta Andrzeja Kulara, co nast\u0105pi\u0142o na sesji Rady Gminy w ostatni pi\u0105tek, premier na wniosek wojewody wyznacza komisarza w Gminie Drwinia. Kto nim b\u0119dzie?","og_url":"https:\/\/www.mojabochnia.pl\/?p=28428","og_site_name":"mojabochnia.pl - portal informacyjny","article_publisher":"https:\/\/www.facebook.com\/mojabochnia","article_published_time":"2010-06-09T12:01:25+00:00","article_modified_time":"2010-06-09T14:53:03+00:00","author":"Aleksander Rzepecki","twitter_card":"summary_large_image","twitter_misc":{"Written by":"Aleksander Rzepecki"},"schema":{"@context":"https:\/\/schema.org","@graph":[{"@type":"Article","@id":"https:\/\/www.mojabochnia.pl\/?p=28428#article","isPartOf":{"@id":"https:\/\/www.mojabochnia.pl\/?p=28428"},"author":{"name":"Aleksander Rzepecki","@id":"https:\/\/www.mojabochnia.pl\/#\/schema\/person\/6cc2563b6df80713ce6940e6ed184c6c"},"headline":"Stanis\u0142aw Odrobina komisarzem w Drwini do czasu wybor\u00f3w za w\u00f3jta A. Kulara?","datePublished":"2010-06-09T12:01:25+00:00","dateModified":"2010-06-09T14:53:03+00:00","mainEntityOfPage":{"@id":"https:\/\/www.mojabochnia.pl\/?p=28428"},"wordCount":34,"commentCount":0,"publisher":{"@id":"https:\/\/www.mojabochnia.pl\/#organization"},"keywords":["drwin","gmina drwinia","stanis\u0142aw odrobina","w\u00f3jt"],"articleSection":["2_ostatnie","polityka i wydarzenia","tematyka"],"inLanguage":"pl-PL","potentialAction":[{"@type":"CommentAction","name":"Comment","target":["https:\/\/www.mojabochnia.pl\/?p=28428#respond"]}]},{"@type":"WebPage","@id":"https:\/\/www.mojabochnia.pl\/?p=28428","url":"https:\/\/www.mojabochnia.pl\/?p=28428","name":"Stanis\u0142aw Odrobina komisarzem w Drwini do czasu wybor\u00f3w za w\u00f3jta A. Kulara? - mojabochnia.pl - portal informacyjny","isPartOf":{"@id":"https:\/\/www.mojabochnia.pl\/#website"},"datePublished":"2010-06-09T12:01:25+00:00","dateModified":"2010-06-09T14:53:03+00:00","breadcrumb":{"@id":"https:\/\/www.mojabochnia.pl\/?p=28428#breadcrumb"},"inLanguage":"pl-PL","potentialAction":[{"@type":"ReadAction","target":["https:\/\/www.mojabochnia.pl\/?p=28428"]}]},{"@type":"BreadcrumbList","@id":"https:\/\/www.mojabochnia.pl\/?p=28428#breadcrumb","itemListElement":[{"@type":"ListItem","position":1,"name":"Home","item":"https:\/\/www.mojabochnia.pl\/"},{"@type":"ListItem","position":2,"name":"Stanis\u0142aw Odrobina komisarzem w Drwini do czasu wybor\u00f3w za w\u00f3jta A. Kulara?"}]},{"@type":"WebSite","@id":"https:\/\/www.mojabochnia.pl\/#website","url":"https:\/\/www.mojabochnia.pl\/","name":"mojabochnia.pl - portal informacyjny","description":"mojaBochnia to portal informacyjny o Bochni. Codziennie o Bochni piszemy i pokazujemy najwa\u017cniejsze wydarzenia","publisher":{"@id":"https:\/\/www.mojabochnia.pl\/#organization"},"potentialAction":[{"@type":"SearchAction","target":{"@type":"EntryPoint","urlTemplate":"https:\/\/www.mojabochnia.pl\/?s={search_term_string}"},"query-input":{"@type":"PropertyValueSpecification","valueRequired":true,"valueName":"search_term_string"}}],"inLanguage":"pl-PL"},{"@type":"Organization","@id":"https:\/\/www.mojabochnia.pl\/#organization","name":"mojabochnia.pl - portal informacyjny","url":"https:\/\/www.mojabochnia.pl\/","logo":{"@type":"ImageObject","inLanguage":"pl-PL","@id":"https:\/\/www.mojabochnia.pl\/#\/schema\/logo\/image\/","url":"https:\/\/www.mojabochnia.pl\/wp-content\/uploads\/2017\/08\/logo-mb-opt.png","contentUrl":"https:\/\/www.mojabochnia.pl\/wp-content\/uploads\/2017\/08\/logo-mb-opt.png","width":250,"height":48,"caption":"mojabochnia.pl - portal informacyjny"},"image":{"@id":"https:\/\/www.mojabochnia.pl\/#\/schema\/logo\/image\/"},"sameAs":["https:\/\/www.facebook.com\/mojabochnia"]},{"@type":"Person","@id":"https:\/\/www.mojabochnia.pl\/#\/schema\/person\/6cc2563b6df80713ce6940e6ed184c6c","name":"Aleksander Rzepecki","url":"https:\/\/www.mojabochnia.pl\/?author=9"}]}},"_links":{"self":[{"href":"https:\/\/www.mojabochnia.pl\/index.php?rest_route=\/wp\/v2\/posts\/28428","targetHints":{"allow":["GET"]}}],"collection":[{"href":"https:\/\/www.mojabochnia.pl\/index.php?rest_route=\/wp\/v2\/posts"}],"about":[{"href":"https:\/\/www.mojabochnia.pl\/index.php?rest_route=\/wp\/v2\/types\/post"}],"author":[{"embeddable":true,"href":"https:\/\/www.mojabochnia.pl\/index.php?rest_route=\/wp\/v2\/users\/9"}],"replies":[{"embeddable":true,"href":"https:\/\/www.mojabochnia.pl\/index.php?rest_route=%2Fwp%2Fv2%2Fcomments&post=28428"}],"version-history":[{"count":0,"href":"https:\/\/www.mojabochnia.pl\/index.php?rest_route=\/wp\/v2\/posts\/28428\/revisions"}],"wp:attachment":[{"href":"https:\/\/www.mojabochnia.pl\/index.php?rest_route=%2Fwp%2Fv2%2Fmedia&parent=28428"}],"wp:term":[{"taxonomy":"category","embeddable":true,"href":"https:\/\/www.mojabochnia.pl\/index.php?rest_route=%2Fwp%2Fv2%2Fcategories&post=28428"},{"taxonomy":"post_tag","embeddable":true,"href":"https:\/\/www.mojabochnia.pl\/index.php?rest_route=%2Fwp%2Fv2%2Ftags&post=28428"}],"curies":[{"name":"wp","href":"https:\/\/api.w.org\/{rel}","templated":true}]}}