{"id":28332,"date":"2010-06-08T13:55:57","date_gmt":"2010-06-08T11:55:57","guid":{"rendered":"http:\/\/www.mojabochnia.pl\/?p=28332"},"modified":"2010-06-18T09:16:18","modified_gmt":"2010-06-18T07:16:18","slug":"dni-bochni-2010-szczegolowy-program-imprezy","status":"publish","type":"post","link":"https:\/\/www.mojabochnia.pl\/?p=28332","title":{"rendered":"Dni Bochni 2010 &#8211; szczeg\u00f3\u0142owy program imprezy"},"content":{"rendered":"<p><strong>Pi\u0105tek &#8211; 18 czerwca &#8211; powa\u017cnie i refleksyjnie<\/strong><\/p>\n<p>18:00 \u2013 msza w ko\u015bciele \u015aw. Paw\u0142a<br \/>\n19:00 \u2013 koncert po\u015bwi\u0119cony pami\u0119ci os\u00f3b tragicznie zmar\u0142ych w katastrofie w Smole\u0144sku, \u2013 ko\u015bci\u00f3\u0142 \u015aw. Paw\u0142a (program: podw\u00f3jne koncerty J .S. Bacha, Mendelssohn sonata organowa i Toccata d-moll J. S. Bacha, soli\u015bci; Marcin Markowicz (koncertmistrz Filharmonii Wroc\u0142awskiej) Piotr Tarcholik (koncertmistrz Narodowej Orkiestry Symfonicznej w Katowicach) \u0141ukasz Miko\u0142aj Mateja (organy)<br \/>\n21.00 &#8211; Lidia Jazgar &#8211; &#8222;Wirydarz Pe\u0142en Muzyki&#8221; &#8211; Muzeum im. St. Fischera w Bochni<\/p>\n<p><strong>Sobota &#8211; 19 czerwca<\/strong> &#8211; prowadzenie Krzysztof Skiba<\/p>\n<p>12:00 \u2013 14:00 \u2013 sekcje MDK<br \/>\n14:00 \u2013 14:15 \u2013 Piknik Europejski<br \/>\n14:15 \u2013 14:30 \u2013 SPAP Krak\u00f3w \u2013 pokaz<br \/>\n14:30 \u2013 15:00 \u2013 JDC \u2013 Szko\u0142a Ta\u0144ca Andrzeja Starowicza<br \/>\n15:00 \u2013 15:30 \u2013 Piknik Europejski<br \/>\n15:30 \u2013 15:45 \u2013 pokaz karate Kyokushinkai<br \/>\n15:45 \u2013 16:00 \u2013 JDC \u2013 Szko\u0142a Ta\u0144ca Andrzeja Starowicza<br \/>\n16:00 \u2013 16:45 \u2013 Piknik Europejski, rozdanie nagr\u00f3d<br \/>\n16:45 \u2013 17:00 \u2013 pokaz karate Kyokushinkai<br \/>\n17:00 \u2013 18:10 \u2013 Stan Mi\u0142o\u015bci i Zaufania<br \/>\n18:30 \u2013 19:40 \u2013 Jafia Namuel<br \/>\n20:00 \u2013 21:00 \u2013 Chee-psy<br \/>\n21:25 \u2013 otwarcie Dni Bochni \u2013 Burmistrz Miasta Bochnia<br \/>\n<strong>21:30 \u2013 GWIAZDA WIECZORU &#8211; Big Cyc <\/strong><\/p>\n<p><strong>Niedziela &#8211; 20 czerwca <\/strong> &#8211; prowadzenie \u0141ukasz Korna\u015b<\/p>\n<p>13:00 \u2013 14:00 \u2013 sekcje MDK<br \/>\n14:00 \u2013 16:00 \u2013 program dla najm\u0142odszych: spektakl, konkursy, zabawy<br \/>\n16:00 \u2013 17:00 \u2013 biesiada historyczna \u2013 Urz\u0105d Miasta<br \/>\n17:00 \u2013 17:15 \u2013 rozdanie nagr\u00f3d \u2013 Burmistrz Miasta Bochnia<br \/>\n17:15 \u2013 18:00 \u2013 Coverband Showtime<br \/>\n18:30 \u2013 19:30 \u2013 grupa Kalczy\u0144ski<br \/>\n20:00 \u2013 21:10 \u2013 Piotr Nalepa i Breakout Tour<br \/>\n<strong>21:30 \u2013  22:55 \u2013 GWIAZDA WIECZORU &#8211; Justyna Steczkowska <\/strong><br \/>\n22:55 \u2013 sztuczne ognie<\/p>\n<p><strong>Poniedzia\u0142ek &#8211; sobota 21-26 czerwca &#8211; <\/strong>warsztaty filmowe dla dzieci i m\u0142odzie\u017cy, og\u0142oszenie konkursu filmowego<\/p>\n<p>09:00 \u2013 13:00 \u2013 grupa 7-10 lat \u2013 Sala Kameralna<br \/>\n09:00 \u2013 13:00 \u2013 grupa 14-16 lat \u2013 Du\u017ca Sala Kinowa<br \/>\n14:00 \u2013 18:00 \u2013 grupa 11-13 lat \u2013 Galeria MDK<br \/>\n14:00 \u2013 18:00 \u2013 grupa powy\u017cej 17 lat \u2013 Sala Kameralna<br \/>\nsobota 26 czerwca \u2013 pokaz film\u00f3w w Sali Kameralnej lub Du\u017cej Sali Kinowej oko\u0142o godz. 13:00<\/p>\n<p><strong>Wtorek &#8211; 22 czerwca<\/strong><br \/>\n18:00 &#8211; Oratorium \u015aw. Kingi \u2013 sekcja baletowa MDK <\/p>\n","protected":false},"excerpt":{"rendered":"<p>Prezentujemy oficjalny program nadchodz\u0105cych Dni Bochni 2010. Z zaproszonych gwiazd, na boche\u0144skiej scenie wystapia m.in. Justyna Steczkowska i zesp\u00f3\u0142 BIG CYC.<\/p>\n","protected":false},"author":2,"featured_media":0,"comment_status":"open","ping_status":"closed","sticky":false,"template":"","format":"standard","meta":{"_acf_changed":false,"footnotes":""},"categories":[5,92,6250],"tags":[7028,779],"class_list":["post-28332","post","type-post","status-publish","format-standard","hentry","category-biezace-wydarzenia","category-kultura","category-tematyka","tag-dni-bochnia","tag-program"],"acf":[],"yoast_head":"<!-- This site is optimized with the Yoast SEO plugin v26.9 - https:\/\/yoast.com\/product\/yoast-seo-wordpress\/ -->\n<title>Dni Bochni 2010 - szczeg\u00f3\u0142owy program imprezy - mojabochnia.pl - portal informacyjny<\/title>\n<meta name=\"robots\" content=\"index, follow, max-snippet:-1, max-image-preview:large, max-video-preview:-1\" \/>\n<link rel=\"canonical\" href=\"https:\/\/www.mojabochnia.pl\/?p=28332\" \/>\n<meta property=\"og:locale\" content=\"pl_PL\" \/>\n<meta property=\"og:type\" content=\"article\" \/>\n<meta property=\"og:title\" content=\"Dni Bochni 2010 - szczeg\u00f3\u0142owy program imprezy - mojabochnia.pl - portal informacyjny\" \/>\n<meta property=\"og:description\" content=\"Prezentujemy oficjalny program nadchodz\u0105cych Dni Bochni 2010. Z zaproszonych gwiazd, na boche\u0144skiej scenie wystapia m.in. Justyna Steczkowska i zesp\u00f3\u0142 BIG CYC.\" \/>\n<meta property=\"og:url\" content=\"https:\/\/www.mojabochnia.pl\/?p=28332\" \/>\n<meta property=\"og:site_name\" content=\"mojabochnia.pl - portal informacyjny\" \/>\n<meta property=\"article:publisher\" content=\"https:\/\/www.facebook.com\/mojabochnia\" \/>\n<meta property=\"article:published_time\" content=\"2010-06-08T11:55:57+00:00\" \/>\n<meta property=\"article:modified_time\" content=\"2010-06-18T07:16:18+00:00\" \/>\n<meta name=\"author\" content=\"Jacek Kucharski\" \/>\n<meta name=\"twitter:card\" content=\"summary_large_image\" \/>\n<meta name=\"twitter:label1\" content=\"Written by\" \/>\n\t<meta name=\"twitter:data1\" content=\"Jacek Kucharski\" \/>\n\t<meta name=\"twitter:label2\" content=\"Est. reading time\" \/>\n\t<meta name=\"twitter:data2\" content=\"1 minuta\" \/>\n<script type=\"application\/ld+json\" class=\"yoast-schema-graph\">{\"@context\":\"https:\/\/schema.org\",\"@graph\":[{\"@type\":\"Article\",\"@id\":\"https:\/\/www.mojabochnia.pl\/?p=28332#article\",\"isPartOf\":{\"@id\":\"https:\/\/www.mojabochnia.pl\/?p=28332\"},\"author\":{\"name\":\"Jacek Kucharski\",\"@id\":\"https:\/\/www.mojabochnia.pl\/#\/schema\/person\/cbf2046fc62995d3796f0c0160613698\"},\"headline\":\"Dni Bochni 2010 &#8211; szczeg\u00f3\u0142owy program imprezy\",\"datePublished\":\"2010-06-08T11:55:57+00:00\",\"dateModified\":\"2010-06-18T07:16:18+00:00\",\"mainEntityOfPage\":{\"@id\":\"https:\/\/www.mojabochnia.pl\/?p=28332\"},\"wordCount\":270,\"commentCount\":0,\"publisher\":{\"@id\":\"https:\/\/www.mojabochnia.pl\/#organization\"},\"keywords\":[\"dni Bochnia\",\"program\"],\"articleSection\":[\"2_ostatnie\",\"kultura\",\"tematyka\"],\"inLanguage\":\"pl-PL\",\"potentialAction\":[{\"@type\":\"CommentAction\",\"name\":\"Comment\",\"target\":[\"https:\/\/www.mojabochnia.pl\/?p=28332#respond\"]}]},{\"@type\":\"WebPage\",\"@id\":\"https:\/\/www.mojabochnia.pl\/?p=28332\",\"url\":\"https:\/\/www.mojabochnia.pl\/?p=28332\",\"name\":\"Dni Bochni 2010 - szczeg\u00f3\u0142owy program imprezy - mojabochnia.pl - portal informacyjny\",\"isPartOf\":{\"@id\":\"https:\/\/www.mojabochnia.pl\/#website\"},\"datePublished\":\"2010-06-08T11:55:57+00:00\",\"dateModified\":\"2010-06-18T07:16:18+00:00\",\"breadcrumb\":{\"@id\":\"https:\/\/www.mojabochnia.pl\/?p=28332#breadcrumb\"},\"inLanguage\":\"pl-PL\",\"potentialAction\":[{\"@type\":\"ReadAction\",\"target\":[\"https:\/\/www.mojabochnia.pl\/?p=28332\"]}]},{\"@type\":\"BreadcrumbList\",\"@id\":\"https:\/\/www.mojabochnia.pl\/?p=28332#breadcrumb\",\"itemListElement\":[{\"@type\":\"ListItem\",\"position\":1,\"name\":\"Home\",\"item\":\"https:\/\/www.mojabochnia.pl\/\"},{\"@type\":\"ListItem\",\"position\":2,\"name\":\"Dni Bochni 2010 &#8211; szczeg\u00f3\u0142owy program imprezy\"}]},{\"@type\":\"WebSite\",\"@id\":\"https:\/\/www.mojabochnia.pl\/#website\",\"url\":\"https:\/\/www.mojabochnia.pl\/\",\"name\":\"mojabochnia.pl - portal informacyjny\",\"description\":\"mojaBochnia to portal informacyjny o Bochni. Codziennie o Bochni piszemy i pokazujemy najwa\u017cniejsze wydarzenia\",\"publisher\":{\"@id\":\"https:\/\/www.mojabochnia.pl\/#organization\"},\"potentialAction\":[{\"@type\":\"SearchAction\",\"target\":{\"@type\":\"EntryPoint\",\"urlTemplate\":\"https:\/\/www.mojabochnia.pl\/?s={search_term_string}\"},\"query-input\":{\"@type\":\"PropertyValueSpecification\",\"valueRequired\":true,\"valueName\":\"search_term_string\"}}],\"inLanguage\":\"pl-PL\"},{\"@type\":\"Organization\",\"@id\":\"https:\/\/www.mojabochnia.pl\/#organization\",\"name\":\"mojabochnia.pl - portal informacyjny\",\"url\":\"https:\/\/www.mojabochnia.pl\/\",\"logo\":{\"@type\":\"ImageObject\",\"inLanguage\":\"pl-PL\",\"@id\":\"https:\/\/www.mojabochnia.pl\/#\/schema\/logo\/image\/\",\"url\":\"https:\/\/www.mojabochnia.pl\/wp-content\/uploads\/2017\/08\/logo-mb-opt.png\",\"contentUrl\":\"https:\/\/www.mojabochnia.pl\/wp-content\/uploads\/2017\/08\/logo-mb-opt.png\",\"width\":250,\"height\":48,\"caption\":\"mojabochnia.pl - portal informacyjny\"},\"image\":{\"@id\":\"https:\/\/www.mojabochnia.pl\/#\/schema\/logo\/image\/\"},\"sameAs\":[\"https:\/\/www.facebook.com\/mojabochnia\"]},{\"@type\":\"Person\",\"@id\":\"https:\/\/www.mojabochnia.pl\/#\/schema\/person\/cbf2046fc62995d3796f0c0160613698\",\"name\":\"Jacek Kucharski\",\"url\":\"https:\/\/www.mojabochnia.pl\/?author=2\"}]}<\/script>\n<!-- \/ Yoast SEO plugin. -->","yoast_head_json":{"title":"Dni Bochni 2010 - szczeg\u00f3\u0142owy program imprezy - mojabochnia.pl - portal informacyjny","robots":{"index":"index","follow":"follow","max-snippet":"max-snippet:-1","max-image-preview":"max-image-preview:large","max-video-preview":"max-video-preview:-1"},"canonical":"https:\/\/www.mojabochnia.pl\/?p=28332","og_locale":"pl_PL","og_type":"article","og_title":"Dni Bochni 2010 - szczeg\u00f3\u0142owy program imprezy - mojabochnia.pl - portal informacyjny","og_description":"Prezentujemy oficjalny program nadchodz\u0105cych Dni Bochni 2010. Z zaproszonych gwiazd, na boche\u0144skiej scenie wystapia m.in. Justyna Steczkowska i zesp\u00f3\u0142 BIG CYC.","og_url":"https:\/\/www.mojabochnia.pl\/?p=28332","og_site_name":"mojabochnia.pl - portal informacyjny","article_publisher":"https:\/\/www.facebook.com\/mojabochnia","article_published_time":"2010-06-08T11:55:57+00:00","article_modified_time":"2010-06-18T07:16:18+00:00","author":"Jacek Kucharski","twitter_card":"summary_large_image","twitter_misc":{"Written by":"Jacek Kucharski","Est. reading time":"1 minuta"},"schema":{"@context":"https:\/\/schema.org","@graph":[{"@type":"Article","@id":"https:\/\/www.mojabochnia.pl\/?p=28332#article","isPartOf":{"@id":"https:\/\/www.mojabochnia.pl\/?p=28332"},"author":{"name":"Jacek Kucharski","@id":"https:\/\/www.mojabochnia.pl\/#\/schema\/person\/cbf2046fc62995d3796f0c0160613698"},"headline":"Dni Bochni 2010 &#8211; szczeg\u00f3\u0142owy program imprezy","datePublished":"2010-06-08T11:55:57+00:00","dateModified":"2010-06-18T07:16:18+00:00","mainEntityOfPage":{"@id":"https:\/\/www.mojabochnia.pl\/?p=28332"},"wordCount":270,"commentCount":0,"publisher":{"@id":"https:\/\/www.mojabochnia.pl\/#organization"},"keywords":["dni Bochnia","program"],"articleSection":["2_ostatnie","kultura","tematyka"],"inLanguage":"pl-PL","potentialAction":[{"@type":"CommentAction","name":"Comment","target":["https:\/\/www.mojabochnia.pl\/?p=28332#respond"]}]},{"@type":"WebPage","@id":"https:\/\/www.mojabochnia.pl\/?p=28332","url":"https:\/\/www.mojabochnia.pl\/?p=28332","name":"Dni Bochni 2010 - szczeg\u00f3\u0142owy program imprezy - mojabochnia.pl - portal informacyjny","isPartOf":{"@id":"https:\/\/www.mojabochnia.pl\/#website"},"datePublished":"2010-06-08T11:55:57+00:00","dateModified":"2010-06-18T07:16:18+00:00","breadcrumb":{"@id":"https:\/\/www.mojabochnia.pl\/?p=28332#breadcrumb"},"inLanguage":"pl-PL","potentialAction":[{"@type":"ReadAction","target":["https:\/\/www.mojabochnia.pl\/?p=28332"]}]},{"@type":"BreadcrumbList","@id":"https:\/\/www.mojabochnia.pl\/?p=28332#breadcrumb","itemListElement":[{"@type":"ListItem","position":1,"name":"Home","item":"https:\/\/www.mojabochnia.pl\/"},{"@type":"ListItem","position":2,"name":"Dni Bochni 2010 &#8211; szczeg\u00f3\u0142owy program imprezy"}]},{"@type":"WebSite","@id":"https:\/\/www.mojabochnia.pl\/#website","url":"https:\/\/www.mojabochnia.pl\/","name":"mojabochnia.pl - portal informacyjny","description":"mojaBochnia to portal informacyjny o Bochni. Codziennie o Bochni piszemy i pokazujemy najwa\u017cniejsze wydarzenia","publisher":{"@id":"https:\/\/www.mojabochnia.pl\/#organization"},"potentialAction":[{"@type":"SearchAction","target":{"@type":"EntryPoint","urlTemplate":"https:\/\/www.mojabochnia.pl\/?s={search_term_string}"},"query-input":{"@type":"PropertyValueSpecification","valueRequired":true,"valueName":"search_term_string"}}],"inLanguage":"pl-PL"},{"@type":"Organization","@id":"https:\/\/www.mojabochnia.pl\/#organization","name":"mojabochnia.pl - portal informacyjny","url":"https:\/\/www.mojabochnia.pl\/","logo":{"@type":"ImageObject","inLanguage":"pl-PL","@id":"https:\/\/www.mojabochnia.pl\/#\/schema\/logo\/image\/","url":"https:\/\/www.mojabochnia.pl\/wp-content\/uploads\/2017\/08\/logo-mb-opt.png","contentUrl":"https:\/\/www.mojabochnia.pl\/wp-content\/uploads\/2017\/08\/logo-mb-opt.png","width":250,"height":48,"caption":"mojabochnia.pl - portal informacyjny"},"image":{"@id":"https:\/\/www.mojabochnia.pl\/#\/schema\/logo\/image\/"},"sameAs":["https:\/\/www.facebook.com\/mojabochnia"]},{"@type":"Person","@id":"https:\/\/www.mojabochnia.pl\/#\/schema\/person\/cbf2046fc62995d3796f0c0160613698","name":"Jacek Kucharski","url":"https:\/\/www.mojabochnia.pl\/?author=2"}]}},"_links":{"self":[{"href":"https:\/\/www.mojabochnia.pl\/index.php?rest_route=\/wp\/v2\/posts\/28332","targetHints":{"allow":["GET"]}}],"collection":[{"href":"https:\/\/www.mojabochnia.pl\/index.php?rest_route=\/wp\/v2\/posts"}],"about":[{"href":"https:\/\/www.mojabochnia.pl\/index.php?rest_route=\/wp\/v2\/types\/post"}],"author":[{"embeddable":true,"href":"https:\/\/www.mojabochnia.pl\/index.php?rest_route=\/wp\/v2\/users\/2"}],"replies":[{"embeddable":true,"href":"https:\/\/www.mojabochnia.pl\/index.php?rest_route=%2Fwp%2Fv2%2Fcomments&post=28332"}],"version-history":[{"count":0,"href":"https:\/\/www.mojabochnia.pl\/index.php?rest_route=\/wp\/v2\/posts\/28332\/revisions"}],"wp:attachment":[{"href":"https:\/\/www.mojabochnia.pl\/index.php?rest_route=%2Fwp%2Fv2%2Fmedia&parent=28332"}],"wp:term":[{"taxonomy":"category","embeddable":true,"href":"https:\/\/www.mojabochnia.pl\/index.php?rest_route=%2Fwp%2Fv2%2Fcategories&post=28332"},{"taxonomy":"post_tag","embeddable":true,"href":"https:\/\/www.mojabochnia.pl\/index.php?rest_route=%2Fwp%2Fv2%2Ftags&post=28332"}],"curies":[{"name":"wp","href":"https:\/\/api.w.org\/{rel}","templated":true}]}}