{"id":28311,"date":"2010-06-08T11:37:41","date_gmt":"2010-06-08T09:37:41","guid":{"rendered":"http:\/\/www.mojabochnia.pl\/?p=28311"},"modified":"2010-06-08T11:41:32","modified_gmt":"2010-06-08T09:41:32","slug":"radni-dobczyc-wypowiadaja-sie-w-sprawie-dzialania-zapory-w-dobczycach","status":"publish","type":"post","link":"https:\/\/www.mojabochnia.pl\/?p=28311","title":{"rendered":"Radni Dobczyc wypowiadaj\u0105 si\u0119 w sprawie dzia\u0142ania zapory w Dobczycach"},"content":{"rendered":"<p><em>Jeste\u015bmy g\u0142\u0119boko poruszeni tragedi\u0105 rodzin, kt\u00f3re dotkni\u0119te zosta\u0142y przez \u017cywio\u0142 powodzi w ca\u0142ym kraju, a w szczeg\u00f3lno\u015bci bliski jest nam dramat mieszka\u0144c\u00f3w gmin po\u0142o\u017conych w dolinie Raby. Nazwa naszego miasta pojawia\u0142a si\u0119 wielokrotnie w mediach w zwi\u0105zku z du\u017cym upustem wody z zapory w Dobczycach, kt\u00f3ry niew\u0105tpliwie przyczyni\u0142 si\u0119 do zwi\u0119kszenia rozmiar\u00f3w tego dramatu w gminach po\u0142o\u017conych poni\u017cej Dobczyc. <\/p>\n<p>Poniewa\u017c Samorz\u0105d Gminy i Miasta Dobczyce  nie jest ani w\u0142a\u015bcicielem, ani administratorem zbiornika i nie ma \u017cadnego wp\u0142ywu na to, ile wody i w jakim czasie jest z niego wypuszczane, nie mo\u017cemy bra\u0107 na siebie odium odpowiedzialno\u015bci za te zdarzenia. Nie jeste\u015bmy tak\u017ce kompetentni, aby je merytorycznie ocenia\u0107, tym bardziej, \u017ce skala \u017cywio\u0142u dopiero teraz jest w pe\u0142ni widoczna, a oceny dokonaj\u0105 odpowiednie organy Pa\u0144stwa.<\/em><\/p>\n<p><strong>Ca\u0142o\u015b\u0107 poni\u017cej:<\/strong><br \/>\n<a onclick=\"javascript:pageTracker._trackPageview('\/downloads\/wp-content\/uploads\/2010\/06\/ok-1.jpg');\"  href=\"http:\/\/www.mojabochnia.pl\/wp-content\/uploads\/2010\/06\/ok-1.jpg\">Zobacz pierwsz\u0105 cz\u0119\u015b\u0107 Rezolucji<\/a><br \/>\n<a onclick=\"javascript:pageTracker._trackPageview('\/downloads\/wp-content\/uploads\/2010\/06\/ok-2.jpg');\"  href=\"http:\/\/www.mojabochnia.pl\/wp-content\/uploads\/2010\/06\/ok-2.jpg\">Zobacz drug\u0105 cz\u0119\u015b\u0107 Rezolucji<\/a><\/p>\n","protected":false},"excerpt":{"rendered":"<p>Prezentujemy pe\u0142n\u0105 tre\u015b\u0107 rezolucji, kt\u00f3r\u0105 podj\u0119li 25 maja br. Radni Miejscy w Dobczycach w zwi\u0105zku z sytuacj\u0105 powodziow\u0105, jaka mia\u0142a miejsce  w maju 2010 w Dolinie Raby.<\/p>\n","protected":false},"author":2,"featured_media":0,"comment_status":"open","ping_status":"closed","sticky":false,"template":"","format":"standard","meta":{"_acf_changed":false,"footnotes":""},"categories":[5,6251,6250],"tags":[17650,17724,17797],"class_list":["post-28311","post","type-post","status-publish","format-standard","hentry","category-biezace-wydarzenia","category-polityka-i-wydarzenia","category-tematyka","tag-dobczyce","tag-rezolucja","tag-zapora"],"acf":[],"yoast_head":"<!-- This site is optimized with the Yoast SEO plugin v26.9 - https:\/\/yoast.com\/product\/yoast-seo-wordpress\/ -->\n<title>Radni Dobczyc wypowiadaj\u0105 si\u0119 w sprawie dzia\u0142ania zapory w Dobczycach - mojabochnia.pl - portal informacyjny<\/title>\n<meta name=\"robots\" content=\"index, follow, max-snippet:-1, max-image-preview:large, max-video-preview:-1\" \/>\n<link rel=\"canonical\" href=\"https:\/\/www.mojabochnia.pl\/?p=28311\" \/>\n<meta property=\"og:locale\" content=\"pl_PL\" \/>\n<meta property=\"og:type\" content=\"article\" \/>\n<meta property=\"og:title\" content=\"Radni Dobczyc wypowiadaj\u0105 si\u0119 w sprawie dzia\u0142ania zapory w Dobczycach - mojabochnia.pl - portal informacyjny\" \/>\n<meta property=\"og:description\" content=\"Prezentujemy pe\u0142n\u0105 tre\u015b\u0107 rezolucji, kt\u00f3r\u0105 podj\u0119li 25 maja br. Radni Miejscy w Dobczycach w zwi\u0105zku z sytuacj\u0105 powodziow\u0105, jaka mia\u0142a miejsce w maju 2010 w Dolinie Raby.\" \/>\n<meta property=\"og:url\" content=\"https:\/\/www.mojabochnia.pl\/?p=28311\" \/>\n<meta property=\"og:site_name\" content=\"mojabochnia.pl - portal informacyjny\" \/>\n<meta property=\"article:publisher\" content=\"https:\/\/www.facebook.com\/mojabochnia\" \/>\n<meta property=\"article:published_time\" content=\"2010-06-08T09:37:41+00:00\" \/>\n<meta property=\"article:modified_time\" content=\"2010-06-08T09:41:32+00:00\" \/>\n<meta name=\"author\" content=\"Jacek Kucharski\" \/>\n<meta name=\"twitter:card\" content=\"summary_large_image\" \/>\n<meta name=\"twitter:label1\" content=\"Written by\" \/>\n\t<meta name=\"twitter:data1\" content=\"Jacek Kucharski\" \/>\n\t<meta name=\"twitter:label2\" content=\"Est. reading time\" \/>\n\t<meta name=\"twitter:data2\" content=\"1 minuta\" \/>\n<script type=\"application\/ld+json\" class=\"yoast-schema-graph\">{\"@context\":\"https:\/\/schema.org\",\"@graph\":[{\"@type\":\"Article\",\"@id\":\"https:\/\/www.mojabochnia.pl\/?p=28311#article\",\"isPartOf\":{\"@id\":\"https:\/\/www.mojabochnia.pl\/?p=28311\"},\"author\":{\"name\":\"Jacek Kucharski\",\"@id\":\"https:\/\/www.mojabochnia.pl\/#\/schema\/person\/cbf2046fc62995d3796f0c0160613698\"},\"headline\":\"Radni Dobczyc wypowiadaj\u0105 si\u0119 w sprawie dzia\u0142ania zapory w Dobczycach\",\"datePublished\":\"2010-06-08T09:37:41+00:00\",\"dateModified\":\"2010-06-08T09:41:32+00:00\",\"mainEntityOfPage\":{\"@id\":\"https:\/\/www.mojabochnia.pl\/?p=28311\"},\"wordCount\":180,\"commentCount\":1,\"publisher\":{\"@id\":\"https:\/\/www.mojabochnia.pl\/#organization\"},\"keywords\":[\"dobczyce\",\"rezolucja\",\"zapora\"],\"articleSection\":[\"2_ostatnie\",\"polityka i wydarzenia\",\"tematyka\"],\"inLanguage\":\"pl-PL\",\"potentialAction\":[{\"@type\":\"CommentAction\",\"name\":\"Comment\",\"target\":[\"https:\/\/www.mojabochnia.pl\/?p=28311#respond\"]}]},{\"@type\":\"WebPage\",\"@id\":\"https:\/\/www.mojabochnia.pl\/?p=28311\",\"url\":\"https:\/\/www.mojabochnia.pl\/?p=28311\",\"name\":\"Radni Dobczyc wypowiadaj\u0105 si\u0119 w sprawie dzia\u0142ania zapory w Dobczycach - mojabochnia.pl - portal informacyjny\",\"isPartOf\":{\"@id\":\"https:\/\/www.mojabochnia.pl\/#website\"},\"datePublished\":\"2010-06-08T09:37:41+00:00\",\"dateModified\":\"2010-06-08T09:41:32+00:00\",\"breadcrumb\":{\"@id\":\"https:\/\/www.mojabochnia.pl\/?p=28311#breadcrumb\"},\"inLanguage\":\"pl-PL\",\"potentialAction\":[{\"@type\":\"ReadAction\",\"target\":[\"https:\/\/www.mojabochnia.pl\/?p=28311\"]}]},{\"@type\":\"BreadcrumbList\",\"@id\":\"https:\/\/www.mojabochnia.pl\/?p=28311#breadcrumb\",\"itemListElement\":[{\"@type\":\"ListItem\",\"position\":1,\"name\":\"Home\",\"item\":\"https:\/\/www.mojabochnia.pl\/\"},{\"@type\":\"ListItem\",\"position\":2,\"name\":\"Radni Dobczyc wypowiadaj\u0105 si\u0119 w sprawie dzia\u0142ania zapory w Dobczycach\"}]},{\"@type\":\"WebSite\",\"@id\":\"https:\/\/www.mojabochnia.pl\/#website\",\"url\":\"https:\/\/www.mojabochnia.pl\/\",\"name\":\"mojabochnia.pl - portal informacyjny\",\"description\":\"mojaBochnia to portal informacyjny o Bochni. Codziennie o Bochni piszemy i pokazujemy najwa\u017cniejsze wydarzenia\",\"publisher\":{\"@id\":\"https:\/\/www.mojabochnia.pl\/#organization\"},\"potentialAction\":[{\"@type\":\"SearchAction\",\"target\":{\"@type\":\"EntryPoint\",\"urlTemplate\":\"https:\/\/www.mojabochnia.pl\/?s={search_term_string}\"},\"query-input\":{\"@type\":\"PropertyValueSpecification\",\"valueRequired\":true,\"valueName\":\"search_term_string\"}}],\"inLanguage\":\"pl-PL\"},{\"@type\":\"Organization\",\"@id\":\"https:\/\/www.mojabochnia.pl\/#organization\",\"name\":\"mojabochnia.pl - portal informacyjny\",\"url\":\"https:\/\/www.mojabochnia.pl\/\",\"logo\":{\"@type\":\"ImageObject\",\"inLanguage\":\"pl-PL\",\"@id\":\"https:\/\/www.mojabochnia.pl\/#\/schema\/logo\/image\/\",\"url\":\"https:\/\/www.mojabochnia.pl\/wp-content\/uploads\/2017\/08\/logo-mb-opt.png\",\"contentUrl\":\"https:\/\/www.mojabochnia.pl\/wp-content\/uploads\/2017\/08\/logo-mb-opt.png\",\"width\":250,\"height\":48,\"caption\":\"mojabochnia.pl - portal informacyjny\"},\"image\":{\"@id\":\"https:\/\/www.mojabochnia.pl\/#\/schema\/logo\/image\/\"},\"sameAs\":[\"https:\/\/www.facebook.com\/mojabochnia\"]},{\"@type\":\"Person\",\"@id\":\"https:\/\/www.mojabochnia.pl\/#\/schema\/person\/cbf2046fc62995d3796f0c0160613698\",\"name\":\"Jacek Kucharski\",\"url\":\"https:\/\/www.mojabochnia.pl\/?author=2\"}]}<\/script>\n<!-- \/ Yoast SEO plugin. -->","yoast_head_json":{"title":"Radni Dobczyc wypowiadaj\u0105 si\u0119 w sprawie dzia\u0142ania zapory w Dobczycach - mojabochnia.pl - portal informacyjny","robots":{"index":"index","follow":"follow","max-snippet":"max-snippet:-1","max-image-preview":"max-image-preview:large","max-video-preview":"max-video-preview:-1"},"canonical":"https:\/\/www.mojabochnia.pl\/?p=28311","og_locale":"pl_PL","og_type":"article","og_title":"Radni Dobczyc wypowiadaj\u0105 si\u0119 w sprawie dzia\u0142ania zapory w Dobczycach - mojabochnia.pl - portal informacyjny","og_description":"Prezentujemy pe\u0142n\u0105 tre\u015b\u0107 rezolucji, kt\u00f3r\u0105 podj\u0119li 25 maja br. Radni Miejscy w Dobczycach w zwi\u0105zku z sytuacj\u0105 powodziow\u0105, jaka mia\u0142a miejsce w maju 2010 w Dolinie Raby.","og_url":"https:\/\/www.mojabochnia.pl\/?p=28311","og_site_name":"mojabochnia.pl - portal informacyjny","article_publisher":"https:\/\/www.facebook.com\/mojabochnia","article_published_time":"2010-06-08T09:37:41+00:00","article_modified_time":"2010-06-08T09:41:32+00:00","author":"Jacek Kucharski","twitter_card":"summary_large_image","twitter_misc":{"Written by":"Jacek Kucharski","Est. reading time":"1 minuta"},"schema":{"@context":"https:\/\/schema.org","@graph":[{"@type":"Article","@id":"https:\/\/www.mojabochnia.pl\/?p=28311#article","isPartOf":{"@id":"https:\/\/www.mojabochnia.pl\/?p=28311"},"author":{"name":"Jacek Kucharski","@id":"https:\/\/www.mojabochnia.pl\/#\/schema\/person\/cbf2046fc62995d3796f0c0160613698"},"headline":"Radni Dobczyc wypowiadaj\u0105 si\u0119 w sprawie dzia\u0142ania zapory w Dobczycach","datePublished":"2010-06-08T09:37:41+00:00","dateModified":"2010-06-08T09:41:32+00:00","mainEntityOfPage":{"@id":"https:\/\/www.mojabochnia.pl\/?p=28311"},"wordCount":180,"commentCount":1,"publisher":{"@id":"https:\/\/www.mojabochnia.pl\/#organization"},"keywords":["dobczyce","rezolucja","zapora"],"articleSection":["2_ostatnie","polityka i wydarzenia","tematyka"],"inLanguage":"pl-PL","potentialAction":[{"@type":"CommentAction","name":"Comment","target":["https:\/\/www.mojabochnia.pl\/?p=28311#respond"]}]},{"@type":"WebPage","@id":"https:\/\/www.mojabochnia.pl\/?p=28311","url":"https:\/\/www.mojabochnia.pl\/?p=28311","name":"Radni Dobczyc wypowiadaj\u0105 si\u0119 w sprawie dzia\u0142ania zapory w Dobczycach - mojabochnia.pl - portal informacyjny","isPartOf":{"@id":"https:\/\/www.mojabochnia.pl\/#website"},"datePublished":"2010-06-08T09:37:41+00:00","dateModified":"2010-06-08T09:41:32+00:00","breadcrumb":{"@id":"https:\/\/www.mojabochnia.pl\/?p=28311#breadcrumb"},"inLanguage":"pl-PL","potentialAction":[{"@type":"ReadAction","target":["https:\/\/www.mojabochnia.pl\/?p=28311"]}]},{"@type":"BreadcrumbList","@id":"https:\/\/www.mojabochnia.pl\/?p=28311#breadcrumb","itemListElement":[{"@type":"ListItem","position":1,"name":"Home","item":"https:\/\/www.mojabochnia.pl\/"},{"@type":"ListItem","position":2,"name":"Radni Dobczyc wypowiadaj\u0105 si\u0119 w sprawie dzia\u0142ania zapory w Dobczycach"}]},{"@type":"WebSite","@id":"https:\/\/www.mojabochnia.pl\/#website","url":"https:\/\/www.mojabochnia.pl\/","name":"mojabochnia.pl - portal informacyjny","description":"mojaBochnia to portal informacyjny o Bochni. Codziennie o Bochni piszemy i pokazujemy najwa\u017cniejsze wydarzenia","publisher":{"@id":"https:\/\/www.mojabochnia.pl\/#organization"},"potentialAction":[{"@type":"SearchAction","target":{"@type":"EntryPoint","urlTemplate":"https:\/\/www.mojabochnia.pl\/?s={search_term_string}"},"query-input":{"@type":"PropertyValueSpecification","valueRequired":true,"valueName":"search_term_string"}}],"inLanguage":"pl-PL"},{"@type":"Organization","@id":"https:\/\/www.mojabochnia.pl\/#organization","name":"mojabochnia.pl - portal informacyjny","url":"https:\/\/www.mojabochnia.pl\/","logo":{"@type":"ImageObject","inLanguage":"pl-PL","@id":"https:\/\/www.mojabochnia.pl\/#\/schema\/logo\/image\/","url":"https:\/\/www.mojabochnia.pl\/wp-content\/uploads\/2017\/08\/logo-mb-opt.png","contentUrl":"https:\/\/www.mojabochnia.pl\/wp-content\/uploads\/2017\/08\/logo-mb-opt.png","width":250,"height":48,"caption":"mojabochnia.pl - portal informacyjny"},"image":{"@id":"https:\/\/www.mojabochnia.pl\/#\/schema\/logo\/image\/"},"sameAs":["https:\/\/www.facebook.com\/mojabochnia"]},{"@type":"Person","@id":"https:\/\/www.mojabochnia.pl\/#\/schema\/person\/cbf2046fc62995d3796f0c0160613698","name":"Jacek Kucharski","url":"https:\/\/www.mojabochnia.pl\/?author=2"}]}},"_links":{"self":[{"href":"https:\/\/www.mojabochnia.pl\/index.php?rest_route=\/wp\/v2\/posts\/28311","targetHints":{"allow":["GET"]}}],"collection":[{"href":"https:\/\/www.mojabochnia.pl\/index.php?rest_route=\/wp\/v2\/posts"}],"about":[{"href":"https:\/\/www.mojabochnia.pl\/index.php?rest_route=\/wp\/v2\/types\/post"}],"author":[{"embeddable":true,"href":"https:\/\/www.mojabochnia.pl\/index.php?rest_route=\/wp\/v2\/users\/2"}],"replies":[{"embeddable":true,"href":"https:\/\/www.mojabochnia.pl\/index.php?rest_route=%2Fwp%2Fv2%2Fcomments&post=28311"}],"version-history":[{"count":0,"href":"https:\/\/www.mojabochnia.pl\/index.php?rest_route=\/wp\/v2\/posts\/28311\/revisions"}],"wp:attachment":[{"href":"https:\/\/www.mojabochnia.pl\/index.php?rest_route=%2Fwp%2Fv2%2Fmedia&parent=28311"}],"wp:term":[{"taxonomy":"category","embeddable":true,"href":"https:\/\/www.mojabochnia.pl\/index.php?rest_route=%2Fwp%2Fv2%2Fcategories&post=28311"},{"taxonomy":"post_tag","embeddable":true,"href":"https:\/\/www.mojabochnia.pl\/index.php?rest_route=%2Fwp%2Fv2%2Ftags&post=28311"}],"curies":[{"name":"wp","href":"https:\/\/api.w.org\/{rel}","templated":true}]}}