{"id":28168,"date":"2010-06-07T10:52:18","date_gmt":"2010-06-07T08:52:18","guid":{"rendered":"http:\/\/www.mojabochnia.pl\/?p=28168"},"modified":"2010-06-07T12:59:11","modified_gmt":"2010-06-07T10:59:11","slug":"debnik-mieszkancy-w-kleszczach-osuwiska","status":"publish","type":"post","link":"https:\/\/www.mojabochnia.pl\/?p=28168","title":{"rendered":"ul. D\u0119bnik: mieszka\u0144cy w kleszczach osuwiska"},"content":{"rendered":"<p>W sobotnie popo\u0142udnie skarpa ziemi porwa\u0142a nowy budynek mieszkalno-us\u0142ugowy. Na szcz\u0119\u015bcie jego w\u0142a\u015bciciel ju\u017c dzie\u0144 wcze\u015bniej zauwa\u017cy\u0142, \u017ce \u015bciany zaczynaj\u0105 p\u0119ka\u0107 i wyni\u00f3s\u0142 z  pomoc\u0105 s\u0105siad\u00f3w wszystek sprz\u0119t. <\/p>\n<p>\u2013 <em>Dosta\u0142em zezwolenie na budow\u0119 po badaniach geologicznych i wynika\u0142o z nich, \u017ce ma si\u0119 nic nie dzia\u0107. Podczas powodzi w 1997 r. nie by\u0142o tu \u017cadnych p\u0119kni\u0119\u0107, osuni\u0119\u0107 ziemi. Wi\u0119c oczywi\u015bcie nie spodziewa\u0142em si\u0119, \u017ce jednak tu nie mo\u017cna budowa\u0107. Badania geologiczne m\u00f3wi\u0142y, \u017ce pod budynkiem ma by\u0107 zbrojenie i pale na 6 metr\u00f3w, i tak by\u0142o zrobione. A teraz si\u0119 okaza\u0142o, \u017ce osuwisko ma 12 metr\u00f3w i wi\u0119cej, wi\u0119c te pale nic tutaj nie da\u0142y <\/em>\u2013 m\u00f3wi Zbigniew J\u0119drzejek, w\u0142a\u015bciciel zniszczonego budynku.<\/p>\n<p>Najstarsi mieszka\u0144cy ul. D\u0119bnik w Bochni nie pami\u0119taj\u0105 sytuacji, \u017ceby ziemia osuwa\u0142a si\u0119 w taki spos\u00f3b. \u2013 <em>M\u00f3j dom ma 168 lat, a ja tu mieszkam 75 lat i nic si\u0119 nie dzia\u0142o<\/em> \u2013 m\u00f3wi jedna z mieszkanek. Jej dom r\u00f3wnie\u017c jest zagro\u017cony przez osuwisko. <\/p>\n<p>W Bochni uaktywni\u0142o si\u0119 jeszcze kilka innych osuwisk, np. w rejonie osiedla Kur\u00f3w, na ul. Pag\u00f3rek.<\/p>\n<p>Wkr\u00f3tce relacja TV z miejsca zdarzenia.<\/p>\n\t  \r\n\t\r\n\t    <div class=\"mb-gallery\">\r\n\t    <a href=\"https:\/\/www.mojabochnia.pl\/?attachment_id=28169\" class=\"\"><img loading=\"lazy\" decoding=\"async\" width=\"100\" height=\"56\" src=\"https:\/\/www.mojabochnia.pl\/wp-content\/uploads\/2010\/06\/100607_debnik-120x67.jpg\" class=\"attachment-100x100 size-100x100\" alt=\"\" srcset=\"https:\/\/www.mojabochnia.pl\/wp-content\/uploads\/2010\/06\/100607_debnik-120x67.jpg 120w, https:\/\/www.mojabochnia.pl\/wp-content\/uploads\/2010\/06\/100607_debnik-468x264.jpg 468w, https:\/\/www.mojabochnia.pl\/wp-content\/uploads\/2010\/06\/100607_debnik-660x372.jpg 660w, https:\/\/www.mojabochnia.pl\/wp-content\/uploads\/2010\/06\/100607_debnik.jpg 800w\" sizes=\"auto, (max-width: 100px) 100vw, 100px\" \/><\/a><a href=\"https:\/\/www.mojabochnia.pl\/?attachment_id=28170\" class=\"\"><img loading=\"lazy\" decoding=\"async\" width=\"100\" height=\"56\" src=\"https:\/\/www.mojabochnia.pl\/wp-content\/uploads\/2010\/06\/100607_debnik1-120x67.jpg\" class=\"attachment-100x100 size-100x100\" alt=\"\" srcset=\"https:\/\/www.mojabochnia.pl\/wp-content\/uploads\/2010\/06\/100607_debnik1-120x67.jpg 120w, https:\/\/www.mojabochnia.pl\/wp-content\/uploads\/2010\/06\/100607_debnik1-468x263.jpg 468w, https:\/\/www.mojabochnia.pl\/wp-content\/uploads\/2010\/06\/100607_debnik1-660x371.jpg 660w, https:\/\/www.mojabochnia.pl\/wp-content\/uploads\/2010\/06\/100607_debnik1.jpg 800w\" sizes=\"auto, (max-width: 100px) 100vw, 100px\" \/><\/a><a href=\"https:\/\/www.mojabochnia.pl\/?attachment_id=28171\" class=\"\"><img loading=\"lazy\" decoding=\"async\" width=\"100\" height=\"56\" src=\"https:\/\/www.mojabochnia.pl\/wp-content\/uploads\/2010\/06\/100607_debnik2-120x67.jpg\" class=\"attachment-100x100 size-100x100\" alt=\"\" srcset=\"https:\/\/www.mojabochnia.pl\/wp-content\/uploads\/2010\/06\/100607_debnik2-120x67.jpg 120w, https:\/\/www.mojabochnia.pl\/wp-content\/uploads\/2010\/06\/100607_debnik2-468x263.jpg 468w, https:\/\/www.mojabochnia.pl\/wp-content\/uploads\/2010\/06\/100607_debnik2-660x371.jpg 660w, https:\/\/www.mojabochnia.pl\/wp-content\/uploads\/2010\/06\/100607_debnik2.jpg 800w\" sizes=\"auto, (max-width: 100px) 100vw, 100px\" \/><\/a><a href=\"https:\/\/www.mojabochnia.pl\/?attachment_id=28172\" class=\"\"><img loading=\"lazy\" decoding=\"async\" width=\"100\" height=\"56\" src=\"https:\/\/www.mojabochnia.pl\/wp-content\/uploads\/2010\/06\/100607_debnik3-120x67.jpg\" class=\"attachment-100x100 size-100x100\" alt=\"\" srcset=\"https:\/\/www.mojabochnia.pl\/wp-content\/uploads\/2010\/06\/100607_debnik3-120x67.jpg 120w, https:\/\/www.mojabochnia.pl\/wp-content\/uploads\/2010\/06\/100607_debnik3-468x263.jpg 468w, https:\/\/www.mojabochnia.pl\/wp-content\/uploads\/2010\/06\/100607_debnik3-660x371.jpg 660w, https:\/\/www.mojabochnia.pl\/wp-content\/uploads\/2010\/06\/100607_debnik3.jpg 800w\" sizes=\"auto, (max-width: 100px) 100vw, 100px\" \/><\/a><a href=\"https:\/\/www.mojabochnia.pl\/?attachment_id=28173\" class=\"\"><img loading=\"lazy\" decoding=\"async\" width=\"100\" height=\"56\" src=\"https:\/\/www.mojabochnia.pl\/wp-content\/uploads\/2010\/06\/100607_debnik4-120x67.jpg\" class=\"attachment-100x100 size-100x100\" alt=\"\" srcset=\"https:\/\/www.mojabochnia.pl\/wp-content\/uploads\/2010\/06\/100607_debnik4-120x67.jpg 120w, https:\/\/www.mojabochnia.pl\/wp-content\/uploads\/2010\/06\/100607_debnik4-468x263.jpg 468w, https:\/\/www.mojabochnia.pl\/wp-content\/uploads\/2010\/06\/100607_debnik4-660x371.jpg 660w, https:\/\/www.mojabochnia.pl\/wp-content\/uploads\/2010\/06\/100607_debnik4.jpg 800w\" sizes=\"auto, (max-width: 100px) 100vw, 100px\" \/><\/a><a href=\"https:\/\/www.mojabochnia.pl\/?attachment_id=28174\" class=\"\"><img loading=\"lazy\" decoding=\"async\" width=\"100\" height=\"56\" src=\"https:\/\/www.mojabochnia.pl\/wp-content\/uploads\/2010\/06\/100607_debnik5-120x67.jpg\" class=\"attachment-100x100 size-100x100\" alt=\"\" srcset=\"https:\/\/www.mojabochnia.pl\/wp-content\/uploads\/2010\/06\/100607_debnik5-120x67.jpg 120w, https:\/\/www.mojabochnia.pl\/wp-content\/uploads\/2010\/06\/100607_debnik5-468x263.jpg 468w, https:\/\/www.mojabochnia.pl\/wp-content\/uploads\/2010\/06\/100607_debnik5-660x371.jpg 660w, https:\/\/www.mojabochnia.pl\/wp-content\/uploads\/2010\/06\/100607_debnik5.jpg 800w\" sizes=\"auto, (max-width: 100px) 100vw, 100px\" \/><\/a><a href=\"https:\/\/www.mojabochnia.pl\/?attachment_id=28175\" class=\"\"><img loading=\"lazy\" decoding=\"async\" width=\"100\" height=\"56\" src=\"https:\/\/www.mojabochnia.pl\/wp-content\/uploads\/2010\/06\/100607_debnik6-120x67.jpg\" class=\"attachment-100x100 size-100x100\" alt=\"\" srcset=\"https:\/\/www.mojabochnia.pl\/wp-content\/uploads\/2010\/06\/100607_debnik6-120x67.jpg 120w, https:\/\/www.mojabochnia.pl\/wp-content\/uploads\/2010\/06\/100607_debnik6-468x263.jpg 468w, https:\/\/www.mojabochnia.pl\/wp-content\/uploads\/2010\/06\/100607_debnik6-660x372.jpg 660w, https:\/\/www.mojabochnia.pl\/wp-content\/uploads\/2010\/06\/100607_debnik6.jpg 800w\" sizes=\"auto, (max-width: 100px) 100vw, 100px\" \/><\/a><a href=\"https:\/\/www.mojabochnia.pl\/?attachment_id=28176\" class=\"\"><img loading=\"lazy\" decoding=\"async\" width=\"100\" height=\"56\" src=\"https:\/\/www.mojabochnia.pl\/wp-content\/uploads\/2010\/06\/100607_debnik7-120x67.jpg\" class=\"attachment-100x100 size-100x100\" alt=\"\" srcset=\"https:\/\/www.mojabochnia.pl\/wp-content\/uploads\/2010\/06\/100607_debnik7-120x67.jpg 120w, https:\/\/www.mojabochnia.pl\/wp-content\/uploads\/2010\/06\/100607_debnik7-468x263.jpg 468w, https:\/\/www.mojabochnia.pl\/wp-content\/uploads\/2010\/06\/100607_debnik7-660x371.jpg 660w, https:\/\/www.mojabochnia.pl\/wp-content\/uploads\/2010\/06\/100607_debnik7.jpg 800w\" sizes=\"auto, (max-width: 100px) 100vw, 100px\" \/><\/a>\t    <\/div>\r\n\t    ","protected":false},"excerpt":{"rendered":"<p>Mieszka\u0144cy ul. D\u0119bnik w Bochni dr\u017c\u0105, \u017ce osuwisko, kt\u00f3re porwa\u0142o ju\u017c jeden dom, zabierze kolejne. Zagro\u017conych jest tam a\u017c 9 budynk\u00f3w mieszkalnych. <\/p>\n","protected":false},"author":4,"featured_media":0,"comment_status":"open","ping_status":"closed","sticky":false,"template":"","format":"standard","meta":{"_acf_changed":false,"footnotes":""},"categories":[5,11,6251,6250],"tags":[17245,17843,7019,7017,7018],"class_list":["post-28168","post","type-post","status-publish","format-standard","hentry","category-biezace-wydarzenia","category-top-temat","category-polityka-i-wydarzenia","category-tematyka","tag-obwodnica","tag-osuwisko","tag-skarpa","tag-ul-debnik","tag-zbigniew-jedrzejek"],"acf":[],"yoast_head":"<!-- This site is optimized with the Yoast SEO plugin v26.9 - https:\/\/yoast.com\/product\/yoast-seo-wordpress\/ -->\n<title>ul. D\u0119bnik: mieszka\u0144cy w kleszczach osuwiska - mojabochnia.pl - portal informacyjny<\/title>\n<meta name=\"robots\" content=\"index, follow, max-snippet:-1, max-image-preview:large, max-video-preview:-1\" \/>\n<link rel=\"canonical\" href=\"https:\/\/www.mojabochnia.pl\/?p=28168\" \/>\n<meta property=\"og:locale\" content=\"pl_PL\" \/>\n<meta property=\"og:type\" content=\"article\" \/>\n<meta property=\"og:title\" content=\"ul. D\u0119bnik: mieszka\u0144cy w kleszczach osuwiska - mojabochnia.pl - portal informacyjny\" \/>\n<meta property=\"og:description\" content=\"Mieszka\u0144cy ul. D\u0119bnik w Bochni dr\u017c\u0105, \u017ce osuwisko, kt\u00f3re porwa\u0142o ju\u017c jeden dom, zabierze kolejne. Zagro\u017conych jest tam a\u017c 9 budynk\u00f3w mieszkalnych.\" \/>\n<meta property=\"og:url\" content=\"https:\/\/www.mojabochnia.pl\/?p=28168\" \/>\n<meta property=\"og:site_name\" content=\"mojabochnia.pl - portal informacyjny\" \/>\n<meta property=\"article:publisher\" content=\"https:\/\/www.facebook.com\/mojabochnia\" \/>\n<meta property=\"article:published_time\" content=\"2010-06-07T08:52:18+00:00\" \/>\n<meta property=\"article:modified_time\" content=\"2010-06-07T10:59:11+00:00\" \/>\n<meta name=\"author\" content=\"Pawe\u0142 Michalczyk\" \/>\n<meta name=\"twitter:card\" content=\"summary_large_image\" \/>\n<meta name=\"twitter:label1\" content=\"Written by\" \/>\n\t<meta name=\"twitter:data1\" content=\"Pawe\u0142 Michalczyk\" \/>\n\t<meta name=\"twitter:label2\" content=\"Est. reading time\" \/>\n\t<meta name=\"twitter:data2\" content=\"1 minuta\" \/>\n<script type=\"application\/ld+json\" class=\"yoast-schema-graph\">{\"@context\":\"https:\/\/schema.org\",\"@graph\":[{\"@type\":\"Article\",\"@id\":\"https:\/\/www.mojabochnia.pl\/?p=28168#article\",\"isPartOf\":{\"@id\":\"https:\/\/www.mojabochnia.pl\/?p=28168\"},\"author\":{\"name\":\"Pawe\u0142 Michalczyk\",\"@id\":\"https:\/\/www.mojabochnia.pl\/#\/schema\/person\/ea042e4724a77627963f02166828ead4\"},\"headline\":\"ul. D\u0119bnik: mieszka\u0144cy w kleszczach osuwiska\",\"datePublished\":\"2010-06-07T08:52:18+00:00\",\"dateModified\":\"2010-06-07T10:59:11+00:00\",\"mainEntityOfPage\":{\"@id\":\"https:\/\/www.mojabochnia.pl\/?p=28168\"},\"wordCount\":226,\"commentCount\":0,\"publisher\":{\"@id\":\"https:\/\/www.mojabochnia.pl\/#organization\"},\"keywords\":[\"obwodnica\",\"osuwisko\",\"skarpa\",\"ul.d\u0119bnik\",\"zbigniew j\u0119drzejek\"],\"articleSection\":[\"2_ostatnie\",\"3_w centrum uwagi\",\"polityka i wydarzenia\",\"tematyka\"],\"inLanguage\":\"pl-PL\",\"potentialAction\":[{\"@type\":\"CommentAction\",\"name\":\"Comment\",\"target\":[\"https:\/\/www.mojabochnia.pl\/?p=28168#respond\"]}]},{\"@type\":\"WebPage\",\"@id\":\"https:\/\/www.mojabochnia.pl\/?p=28168\",\"url\":\"https:\/\/www.mojabochnia.pl\/?p=28168\",\"name\":\"ul. D\u0119bnik: mieszka\u0144cy w kleszczach osuwiska - mojabochnia.pl - portal informacyjny\",\"isPartOf\":{\"@id\":\"https:\/\/www.mojabochnia.pl\/#website\"},\"datePublished\":\"2010-06-07T08:52:18+00:00\",\"dateModified\":\"2010-06-07T10:59:11+00:00\",\"breadcrumb\":{\"@id\":\"https:\/\/www.mojabochnia.pl\/?p=28168#breadcrumb\"},\"inLanguage\":\"pl-PL\",\"potentialAction\":[{\"@type\":\"ReadAction\",\"target\":[\"https:\/\/www.mojabochnia.pl\/?p=28168\"]}]},{\"@type\":\"BreadcrumbList\",\"@id\":\"https:\/\/www.mojabochnia.pl\/?p=28168#breadcrumb\",\"itemListElement\":[{\"@type\":\"ListItem\",\"position\":1,\"name\":\"Home\",\"item\":\"https:\/\/www.mojabochnia.pl\/\"},{\"@type\":\"ListItem\",\"position\":2,\"name\":\"ul. D\u0119bnik: mieszka\u0144cy w kleszczach osuwiska\"}]},{\"@type\":\"WebSite\",\"@id\":\"https:\/\/www.mojabochnia.pl\/#website\",\"url\":\"https:\/\/www.mojabochnia.pl\/\",\"name\":\"mojabochnia.pl - portal informacyjny\",\"description\":\"mojaBochnia to portal informacyjny o Bochni. Codziennie o Bochni piszemy i pokazujemy najwa\u017cniejsze wydarzenia\",\"publisher\":{\"@id\":\"https:\/\/www.mojabochnia.pl\/#organization\"},\"potentialAction\":[{\"@type\":\"SearchAction\",\"target\":{\"@type\":\"EntryPoint\",\"urlTemplate\":\"https:\/\/www.mojabochnia.pl\/?s={search_term_string}\"},\"query-input\":{\"@type\":\"PropertyValueSpecification\",\"valueRequired\":true,\"valueName\":\"search_term_string\"}}],\"inLanguage\":\"pl-PL\"},{\"@type\":\"Organization\",\"@id\":\"https:\/\/www.mojabochnia.pl\/#organization\",\"name\":\"mojabochnia.pl - portal informacyjny\",\"url\":\"https:\/\/www.mojabochnia.pl\/\",\"logo\":{\"@type\":\"ImageObject\",\"inLanguage\":\"pl-PL\",\"@id\":\"https:\/\/www.mojabochnia.pl\/#\/schema\/logo\/image\/\",\"url\":\"https:\/\/www.mojabochnia.pl\/wp-content\/uploads\/2017\/08\/logo-mb-opt.png\",\"contentUrl\":\"https:\/\/www.mojabochnia.pl\/wp-content\/uploads\/2017\/08\/logo-mb-opt.png\",\"width\":250,\"height\":48,\"caption\":\"mojabochnia.pl - portal informacyjny\"},\"image\":{\"@id\":\"https:\/\/www.mojabochnia.pl\/#\/schema\/logo\/image\/\"},\"sameAs\":[\"https:\/\/www.facebook.com\/mojabochnia\"]},{\"@type\":\"Person\",\"@id\":\"https:\/\/www.mojabochnia.pl\/#\/schema\/person\/ea042e4724a77627963f02166828ead4\",\"name\":\"Pawe\u0142 Michalczyk\",\"url\":\"https:\/\/www.mojabochnia.pl\/?author=4\"}]}<\/script>\n<!-- \/ Yoast SEO plugin. -->","yoast_head_json":{"title":"ul. D\u0119bnik: mieszka\u0144cy w kleszczach osuwiska - mojabochnia.pl - portal informacyjny","robots":{"index":"index","follow":"follow","max-snippet":"max-snippet:-1","max-image-preview":"max-image-preview:large","max-video-preview":"max-video-preview:-1"},"canonical":"https:\/\/www.mojabochnia.pl\/?p=28168","og_locale":"pl_PL","og_type":"article","og_title":"ul. D\u0119bnik: mieszka\u0144cy w kleszczach osuwiska - mojabochnia.pl - portal informacyjny","og_description":"Mieszka\u0144cy ul. D\u0119bnik w Bochni dr\u017c\u0105, \u017ce osuwisko, kt\u00f3re porwa\u0142o ju\u017c jeden dom, zabierze kolejne. Zagro\u017conych jest tam a\u017c 9 budynk\u00f3w mieszkalnych.","og_url":"https:\/\/www.mojabochnia.pl\/?p=28168","og_site_name":"mojabochnia.pl - portal informacyjny","article_publisher":"https:\/\/www.facebook.com\/mojabochnia","article_published_time":"2010-06-07T08:52:18+00:00","article_modified_time":"2010-06-07T10:59:11+00:00","author":"Pawe\u0142 Michalczyk","twitter_card":"summary_large_image","twitter_misc":{"Written by":"Pawe\u0142 Michalczyk","Est. reading time":"1 minuta"},"schema":{"@context":"https:\/\/schema.org","@graph":[{"@type":"Article","@id":"https:\/\/www.mojabochnia.pl\/?p=28168#article","isPartOf":{"@id":"https:\/\/www.mojabochnia.pl\/?p=28168"},"author":{"name":"Pawe\u0142 Michalczyk","@id":"https:\/\/www.mojabochnia.pl\/#\/schema\/person\/ea042e4724a77627963f02166828ead4"},"headline":"ul. D\u0119bnik: mieszka\u0144cy w kleszczach osuwiska","datePublished":"2010-06-07T08:52:18+00:00","dateModified":"2010-06-07T10:59:11+00:00","mainEntityOfPage":{"@id":"https:\/\/www.mojabochnia.pl\/?p=28168"},"wordCount":226,"commentCount":0,"publisher":{"@id":"https:\/\/www.mojabochnia.pl\/#organization"},"keywords":["obwodnica","osuwisko","skarpa","ul.d\u0119bnik","zbigniew j\u0119drzejek"],"articleSection":["2_ostatnie","3_w centrum uwagi","polityka i wydarzenia","tematyka"],"inLanguage":"pl-PL","potentialAction":[{"@type":"CommentAction","name":"Comment","target":["https:\/\/www.mojabochnia.pl\/?p=28168#respond"]}]},{"@type":"WebPage","@id":"https:\/\/www.mojabochnia.pl\/?p=28168","url":"https:\/\/www.mojabochnia.pl\/?p=28168","name":"ul. D\u0119bnik: mieszka\u0144cy w kleszczach osuwiska - mojabochnia.pl - portal informacyjny","isPartOf":{"@id":"https:\/\/www.mojabochnia.pl\/#website"},"datePublished":"2010-06-07T08:52:18+00:00","dateModified":"2010-06-07T10:59:11+00:00","breadcrumb":{"@id":"https:\/\/www.mojabochnia.pl\/?p=28168#breadcrumb"},"inLanguage":"pl-PL","potentialAction":[{"@type":"ReadAction","target":["https:\/\/www.mojabochnia.pl\/?p=28168"]}]},{"@type":"BreadcrumbList","@id":"https:\/\/www.mojabochnia.pl\/?p=28168#breadcrumb","itemListElement":[{"@type":"ListItem","position":1,"name":"Home","item":"https:\/\/www.mojabochnia.pl\/"},{"@type":"ListItem","position":2,"name":"ul. D\u0119bnik: mieszka\u0144cy w kleszczach osuwiska"}]},{"@type":"WebSite","@id":"https:\/\/www.mojabochnia.pl\/#website","url":"https:\/\/www.mojabochnia.pl\/","name":"mojabochnia.pl - portal informacyjny","description":"mojaBochnia to portal informacyjny o Bochni. Codziennie o Bochni piszemy i pokazujemy najwa\u017cniejsze wydarzenia","publisher":{"@id":"https:\/\/www.mojabochnia.pl\/#organization"},"potentialAction":[{"@type":"SearchAction","target":{"@type":"EntryPoint","urlTemplate":"https:\/\/www.mojabochnia.pl\/?s={search_term_string}"},"query-input":{"@type":"PropertyValueSpecification","valueRequired":true,"valueName":"search_term_string"}}],"inLanguage":"pl-PL"},{"@type":"Organization","@id":"https:\/\/www.mojabochnia.pl\/#organization","name":"mojabochnia.pl - portal informacyjny","url":"https:\/\/www.mojabochnia.pl\/","logo":{"@type":"ImageObject","inLanguage":"pl-PL","@id":"https:\/\/www.mojabochnia.pl\/#\/schema\/logo\/image\/","url":"https:\/\/www.mojabochnia.pl\/wp-content\/uploads\/2017\/08\/logo-mb-opt.png","contentUrl":"https:\/\/www.mojabochnia.pl\/wp-content\/uploads\/2017\/08\/logo-mb-opt.png","width":250,"height":48,"caption":"mojabochnia.pl - portal informacyjny"},"image":{"@id":"https:\/\/www.mojabochnia.pl\/#\/schema\/logo\/image\/"},"sameAs":["https:\/\/www.facebook.com\/mojabochnia"]},{"@type":"Person","@id":"https:\/\/www.mojabochnia.pl\/#\/schema\/person\/ea042e4724a77627963f02166828ead4","name":"Pawe\u0142 Michalczyk","url":"https:\/\/www.mojabochnia.pl\/?author=4"}]}},"_links":{"self":[{"href":"https:\/\/www.mojabochnia.pl\/index.php?rest_route=\/wp\/v2\/posts\/28168","targetHints":{"allow":["GET"]}}],"collection":[{"href":"https:\/\/www.mojabochnia.pl\/index.php?rest_route=\/wp\/v2\/posts"}],"about":[{"href":"https:\/\/www.mojabochnia.pl\/index.php?rest_route=\/wp\/v2\/types\/post"}],"author":[{"embeddable":true,"href":"https:\/\/www.mojabochnia.pl\/index.php?rest_route=\/wp\/v2\/users\/4"}],"replies":[{"embeddable":true,"href":"https:\/\/www.mojabochnia.pl\/index.php?rest_route=%2Fwp%2Fv2%2Fcomments&post=28168"}],"version-history":[{"count":0,"href":"https:\/\/www.mojabochnia.pl\/index.php?rest_route=\/wp\/v2\/posts\/28168\/revisions"}],"wp:attachment":[{"href":"https:\/\/www.mojabochnia.pl\/index.php?rest_route=%2Fwp%2Fv2%2Fmedia&parent=28168"}],"wp:term":[{"taxonomy":"category","embeddable":true,"href":"https:\/\/www.mojabochnia.pl\/index.php?rest_route=%2Fwp%2Fv2%2Fcategories&post=28168"},{"taxonomy":"post_tag","embeddable":true,"href":"https:\/\/www.mojabochnia.pl\/index.php?rest_route=%2Fwp%2Fv2%2Ftags&post=28168"}],"curies":[{"name":"wp","href":"https:\/\/api.w.org\/{rel}","templated":true}]}}