{"id":28143,"date":"2010-06-05T08:54:22","date_gmt":"2010-06-05T06:54:22","guid":{"rendered":"http:\/\/www.mojabochnia.pl\/?p=28143"},"modified":"2010-06-05T10:07:41","modified_gmt":"2010-06-05T08:07:41","slug":"sytuacja-powodziowa-stabilizuje-sie","status":"publish","type":"post","link":"https:\/\/www.mojabochnia.pl\/?p=28143","title":{"rendered":"Sytuacja powodziowa stabilizuje si\u0119"},"content":{"rendered":"<p>Wody na terenie gminy Bochnia oraz Drwinia wci\u0105\u017c opadaj\u0105, by\u0142y to przede wszystkim wody gruntowe, kt\u00f3re wezbra\u0142y po ulewnym deszczu, cz\u0119\u015bciowo r\u00f3wnie\u017c wyst\u0105pi\u0142a Raba na pograniczu Krzy\u017canowic i S\u0142omki. O godz. 8.00 poziom Raby wynosi\u0142 7 m, poziom Stradomki jest ju\u017c poni\u017cej stanu ostrzegawczego. R\u00f3wnie\u017c fala kulminacyjna na Wi\u015ble przep\u0142yn\u0119\u0142a ju\u017c przez powiat boche\u0144ski i jest teraz w rejonie Sandomierza. Wis\u0142a jednak wci\u0105\u017c jest u nas bardzo wysoka, wszyscy maj\u0105 nadziej\u0119, \u017ce nie dojdzie do przerwania wa\u0142\u00f3w.<\/p>\n<p>Zlokalizowano nowe osuwiska w Bochni ul. Przysieki i w \u0141apczycy.<\/p>\n<p><strong>Wykaz dr\u00f3g powiatowych wy\u0142\u0105czonych z ruchu ko\u0142owego i pieszego:<\/strong><\/p>\n<p>Sobol\u00f3w \u2013 Ubrze\u017c<br \/>\nLeszczyna \u2013 Wieruszyce w miejscowo\u015bci Cichawka<br \/>\nOlchawa \u2013 Leszczyna na odcinku Olchawa \u2013 Kr\u00f3l\u00f3wka<br \/>\nD\u0119bina \u2013 Borek w miejscowo\u015bci Borek<br \/>\nBochnia \u2013 U\u015bcie Solnena odcinku Bogucice \u2013 Majkowice, odcinek Bess\u00f3w<br \/>\nSzar\u00f3w \u2013 K\u0142aj \u2013 Prosz\u00f3wki odcinek wiadukt w Cikowicach (objazd drogami gminnymi)<br \/>\nSiedlec \u2013 Stradomka \u2013 Nieznanowice<br \/>\nD\u0105br\u00f3wka \u2013 U\u015bcie Solne w miejscowo\u015bci Okulice<\/p>\n<p>Nieprzejezdny jest te\u017c wiadukt na ul. Wygoda w Bochni, utrudnienia mo\u017cna napotka\u0107 w rejonie osuwiska w Kopalinach (droga wojew\u00f3dzka Bochnia &#8211; Limanowa).<br \/>\n965 bochnia nowy wi\u015bnicz<\/p>\n","protected":false},"excerpt":{"rendered":"<p>Sytuacja powodziowa w powiecie boche\u0144skim stabilizuje si\u0119. Znaczn\u0105 popraw\u0119 zanotowano w gminie \u0141apan\u00f3w oraz Rzezawa. Sytuacja w gminie Bochnia i Drwinia jest wci\u0105\u017c trudna, jednak zdaniem sztabu kryzysowego, nie ma zagro\u017cenia \u017cycia dla mieszka\u0144c\u00f3w. <\/p>\n","protected":false},"author":4,"featured_media":0,"comment_status":"open","ping_status":"closed","sticky":false,"template":"","format":"standard","meta":{"_acf_changed":false,"footnotes":""},"categories":[5,6251,6250],"tags":[17774,17223,17370,823,17402],"class_list":["post-28143","post","type-post","status-publish","format-standard","hentry","category-biezace-wydarzenia","category-polityka-i-wydarzenia","category-tematyka","tag-powodz","tag-raba","tag-stradomka","tag-wisla","tag-woda"],"acf":[],"yoast_head":"<!-- This site is optimized with the Yoast SEO plugin v26.9 - https:\/\/yoast.com\/product\/yoast-seo-wordpress\/ -->\n<title>Sytuacja powodziowa stabilizuje si\u0119 - mojabochnia.pl - portal informacyjny<\/title>\n<meta name=\"robots\" content=\"index, follow, max-snippet:-1, max-image-preview:large, max-video-preview:-1\" \/>\n<link rel=\"canonical\" href=\"https:\/\/www.mojabochnia.pl\/?p=28143\" \/>\n<meta property=\"og:locale\" content=\"pl_PL\" \/>\n<meta property=\"og:type\" content=\"article\" \/>\n<meta property=\"og:title\" content=\"Sytuacja powodziowa stabilizuje si\u0119 - mojabochnia.pl - portal informacyjny\" \/>\n<meta property=\"og:description\" content=\"Sytuacja powodziowa w powiecie boche\u0144skim stabilizuje si\u0119. Znaczn\u0105 popraw\u0119 zanotowano w gminie \u0141apan\u00f3w oraz Rzezawa. Sytuacja w gminie Bochnia i Drwinia jest wci\u0105\u017c trudna, jednak zdaniem sztabu kryzysowego, nie ma zagro\u017cenia \u017cycia dla mieszka\u0144c\u00f3w.\" \/>\n<meta property=\"og:url\" content=\"https:\/\/www.mojabochnia.pl\/?p=28143\" \/>\n<meta property=\"og:site_name\" content=\"mojabochnia.pl - portal informacyjny\" \/>\n<meta property=\"article:publisher\" content=\"https:\/\/www.facebook.com\/mojabochnia\" \/>\n<meta property=\"article:published_time\" content=\"2010-06-05T06:54:22+00:00\" \/>\n<meta property=\"article:modified_time\" content=\"2010-06-05T08:07:41+00:00\" \/>\n<meta name=\"author\" content=\"Pawe\u0142 Michalczyk\" \/>\n<meta name=\"twitter:card\" content=\"summary_large_image\" \/>\n<meta name=\"twitter:label1\" content=\"Written by\" \/>\n\t<meta name=\"twitter:data1\" content=\"Pawe\u0142 Michalczyk\" \/>\n\t<meta name=\"twitter:label2\" content=\"Est. reading time\" \/>\n\t<meta name=\"twitter:data2\" content=\"1 minuta\" \/>\n<script type=\"application\/ld+json\" class=\"yoast-schema-graph\">{\"@context\":\"https:\/\/schema.org\",\"@graph\":[{\"@type\":\"Article\",\"@id\":\"https:\/\/www.mojabochnia.pl\/?p=28143#article\",\"isPartOf\":{\"@id\":\"https:\/\/www.mojabochnia.pl\/?p=28143\"},\"author\":{\"name\":\"Pawe\u0142 Michalczyk\",\"@id\":\"https:\/\/www.mojabochnia.pl\/#\/schema\/person\/ea042e4724a77627963f02166828ead4\"},\"headline\":\"Sytuacja powodziowa stabilizuje si\u0119\",\"datePublished\":\"2010-06-05T06:54:22+00:00\",\"dateModified\":\"2010-06-05T08:07:41+00:00\",\"mainEntityOfPage\":{\"@id\":\"https:\/\/www.mojabochnia.pl\/?p=28143\"},\"wordCount\":206,\"commentCount\":2,\"publisher\":{\"@id\":\"https:\/\/www.mojabochnia.pl\/#organization\"},\"keywords\":[\"pow\u00f3d\u017a\",\"raba\",\"stradomka\",\"wis\u0142a\",\"woda\"],\"articleSection\":[\"2_ostatnie\",\"polityka i wydarzenia\",\"tematyka\"],\"inLanguage\":\"pl-PL\",\"potentialAction\":[{\"@type\":\"CommentAction\",\"name\":\"Comment\",\"target\":[\"https:\/\/www.mojabochnia.pl\/?p=28143#respond\"]}]},{\"@type\":\"WebPage\",\"@id\":\"https:\/\/www.mojabochnia.pl\/?p=28143\",\"url\":\"https:\/\/www.mojabochnia.pl\/?p=28143\",\"name\":\"Sytuacja powodziowa stabilizuje si\u0119 - mojabochnia.pl - portal informacyjny\",\"isPartOf\":{\"@id\":\"https:\/\/www.mojabochnia.pl\/#website\"},\"datePublished\":\"2010-06-05T06:54:22+00:00\",\"dateModified\":\"2010-06-05T08:07:41+00:00\",\"breadcrumb\":{\"@id\":\"https:\/\/www.mojabochnia.pl\/?p=28143#breadcrumb\"},\"inLanguage\":\"pl-PL\",\"potentialAction\":[{\"@type\":\"ReadAction\",\"target\":[\"https:\/\/www.mojabochnia.pl\/?p=28143\"]}]},{\"@type\":\"BreadcrumbList\",\"@id\":\"https:\/\/www.mojabochnia.pl\/?p=28143#breadcrumb\",\"itemListElement\":[{\"@type\":\"ListItem\",\"position\":1,\"name\":\"Home\",\"item\":\"https:\/\/www.mojabochnia.pl\/\"},{\"@type\":\"ListItem\",\"position\":2,\"name\":\"Sytuacja powodziowa stabilizuje si\u0119\"}]},{\"@type\":\"WebSite\",\"@id\":\"https:\/\/www.mojabochnia.pl\/#website\",\"url\":\"https:\/\/www.mojabochnia.pl\/\",\"name\":\"mojabochnia.pl - portal informacyjny\",\"description\":\"mojaBochnia to portal informacyjny o Bochni. Codziennie o Bochni piszemy i pokazujemy najwa\u017cniejsze wydarzenia\",\"publisher\":{\"@id\":\"https:\/\/www.mojabochnia.pl\/#organization\"},\"potentialAction\":[{\"@type\":\"SearchAction\",\"target\":{\"@type\":\"EntryPoint\",\"urlTemplate\":\"https:\/\/www.mojabochnia.pl\/?s={search_term_string}\"},\"query-input\":{\"@type\":\"PropertyValueSpecification\",\"valueRequired\":true,\"valueName\":\"search_term_string\"}}],\"inLanguage\":\"pl-PL\"},{\"@type\":\"Organization\",\"@id\":\"https:\/\/www.mojabochnia.pl\/#organization\",\"name\":\"mojabochnia.pl - portal informacyjny\",\"url\":\"https:\/\/www.mojabochnia.pl\/\",\"logo\":{\"@type\":\"ImageObject\",\"inLanguage\":\"pl-PL\",\"@id\":\"https:\/\/www.mojabochnia.pl\/#\/schema\/logo\/image\/\",\"url\":\"https:\/\/www.mojabochnia.pl\/wp-content\/uploads\/2017\/08\/logo-mb-opt.png\",\"contentUrl\":\"https:\/\/www.mojabochnia.pl\/wp-content\/uploads\/2017\/08\/logo-mb-opt.png\",\"width\":250,\"height\":48,\"caption\":\"mojabochnia.pl - portal informacyjny\"},\"image\":{\"@id\":\"https:\/\/www.mojabochnia.pl\/#\/schema\/logo\/image\/\"},\"sameAs\":[\"https:\/\/www.facebook.com\/mojabochnia\"]},{\"@type\":\"Person\",\"@id\":\"https:\/\/www.mojabochnia.pl\/#\/schema\/person\/ea042e4724a77627963f02166828ead4\",\"name\":\"Pawe\u0142 Michalczyk\",\"url\":\"https:\/\/www.mojabochnia.pl\/?author=4\"}]}<\/script>\n<!-- \/ Yoast SEO plugin. -->","yoast_head_json":{"title":"Sytuacja powodziowa stabilizuje si\u0119 - mojabochnia.pl - portal informacyjny","robots":{"index":"index","follow":"follow","max-snippet":"max-snippet:-1","max-image-preview":"max-image-preview:large","max-video-preview":"max-video-preview:-1"},"canonical":"https:\/\/www.mojabochnia.pl\/?p=28143","og_locale":"pl_PL","og_type":"article","og_title":"Sytuacja powodziowa stabilizuje si\u0119 - mojabochnia.pl - portal informacyjny","og_description":"Sytuacja powodziowa w powiecie boche\u0144skim stabilizuje si\u0119. Znaczn\u0105 popraw\u0119 zanotowano w gminie \u0141apan\u00f3w oraz Rzezawa. Sytuacja w gminie Bochnia i Drwinia jest wci\u0105\u017c trudna, jednak zdaniem sztabu kryzysowego, nie ma zagro\u017cenia \u017cycia dla mieszka\u0144c\u00f3w.","og_url":"https:\/\/www.mojabochnia.pl\/?p=28143","og_site_name":"mojabochnia.pl - portal informacyjny","article_publisher":"https:\/\/www.facebook.com\/mojabochnia","article_published_time":"2010-06-05T06:54:22+00:00","article_modified_time":"2010-06-05T08:07:41+00:00","author":"Pawe\u0142 Michalczyk","twitter_card":"summary_large_image","twitter_misc":{"Written by":"Pawe\u0142 Michalczyk","Est. reading time":"1 minuta"},"schema":{"@context":"https:\/\/schema.org","@graph":[{"@type":"Article","@id":"https:\/\/www.mojabochnia.pl\/?p=28143#article","isPartOf":{"@id":"https:\/\/www.mojabochnia.pl\/?p=28143"},"author":{"name":"Pawe\u0142 Michalczyk","@id":"https:\/\/www.mojabochnia.pl\/#\/schema\/person\/ea042e4724a77627963f02166828ead4"},"headline":"Sytuacja powodziowa stabilizuje si\u0119","datePublished":"2010-06-05T06:54:22+00:00","dateModified":"2010-06-05T08:07:41+00:00","mainEntityOfPage":{"@id":"https:\/\/www.mojabochnia.pl\/?p=28143"},"wordCount":206,"commentCount":2,"publisher":{"@id":"https:\/\/www.mojabochnia.pl\/#organization"},"keywords":["pow\u00f3d\u017a","raba","stradomka","wis\u0142a","woda"],"articleSection":["2_ostatnie","polityka i wydarzenia","tematyka"],"inLanguage":"pl-PL","potentialAction":[{"@type":"CommentAction","name":"Comment","target":["https:\/\/www.mojabochnia.pl\/?p=28143#respond"]}]},{"@type":"WebPage","@id":"https:\/\/www.mojabochnia.pl\/?p=28143","url":"https:\/\/www.mojabochnia.pl\/?p=28143","name":"Sytuacja powodziowa stabilizuje si\u0119 - mojabochnia.pl - portal informacyjny","isPartOf":{"@id":"https:\/\/www.mojabochnia.pl\/#website"},"datePublished":"2010-06-05T06:54:22+00:00","dateModified":"2010-06-05T08:07:41+00:00","breadcrumb":{"@id":"https:\/\/www.mojabochnia.pl\/?p=28143#breadcrumb"},"inLanguage":"pl-PL","potentialAction":[{"@type":"ReadAction","target":["https:\/\/www.mojabochnia.pl\/?p=28143"]}]},{"@type":"BreadcrumbList","@id":"https:\/\/www.mojabochnia.pl\/?p=28143#breadcrumb","itemListElement":[{"@type":"ListItem","position":1,"name":"Home","item":"https:\/\/www.mojabochnia.pl\/"},{"@type":"ListItem","position":2,"name":"Sytuacja powodziowa stabilizuje si\u0119"}]},{"@type":"WebSite","@id":"https:\/\/www.mojabochnia.pl\/#website","url":"https:\/\/www.mojabochnia.pl\/","name":"mojabochnia.pl - portal informacyjny","description":"mojaBochnia to portal informacyjny o Bochni. Codziennie o Bochni piszemy i pokazujemy najwa\u017cniejsze wydarzenia","publisher":{"@id":"https:\/\/www.mojabochnia.pl\/#organization"},"potentialAction":[{"@type":"SearchAction","target":{"@type":"EntryPoint","urlTemplate":"https:\/\/www.mojabochnia.pl\/?s={search_term_string}"},"query-input":{"@type":"PropertyValueSpecification","valueRequired":true,"valueName":"search_term_string"}}],"inLanguage":"pl-PL"},{"@type":"Organization","@id":"https:\/\/www.mojabochnia.pl\/#organization","name":"mojabochnia.pl - portal informacyjny","url":"https:\/\/www.mojabochnia.pl\/","logo":{"@type":"ImageObject","inLanguage":"pl-PL","@id":"https:\/\/www.mojabochnia.pl\/#\/schema\/logo\/image\/","url":"https:\/\/www.mojabochnia.pl\/wp-content\/uploads\/2017\/08\/logo-mb-opt.png","contentUrl":"https:\/\/www.mojabochnia.pl\/wp-content\/uploads\/2017\/08\/logo-mb-opt.png","width":250,"height":48,"caption":"mojabochnia.pl - portal informacyjny"},"image":{"@id":"https:\/\/www.mojabochnia.pl\/#\/schema\/logo\/image\/"},"sameAs":["https:\/\/www.facebook.com\/mojabochnia"]},{"@type":"Person","@id":"https:\/\/www.mojabochnia.pl\/#\/schema\/person\/ea042e4724a77627963f02166828ead4","name":"Pawe\u0142 Michalczyk","url":"https:\/\/www.mojabochnia.pl\/?author=4"}]}},"_links":{"self":[{"href":"https:\/\/www.mojabochnia.pl\/index.php?rest_route=\/wp\/v2\/posts\/28143","targetHints":{"allow":["GET"]}}],"collection":[{"href":"https:\/\/www.mojabochnia.pl\/index.php?rest_route=\/wp\/v2\/posts"}],"about":[{"href":"https:\/\/www.mojabochnia.pl\/index.php?rest_route=\/wp\/v2\/types\/post"}],"author":[{"embeddable":true,"href":"https:\/\/www.mojabochnia.pl\/index.php?rest_route=\/wp\/v2\/users\/4"}],"replies":[{"embeddable":true,"href":"https:\/\/www.mojabochnia.pl\/index.php?rest_route=%2Fwp%2Fv2%2Fcomments&post=28143"}],"version-history":[{"count":0,"href":"https:\/\/www.mojabochnia.pl\/index.php?rest_route=\/wp\/v2\/posts\/28143\/revisions"}],"wp:attachment":[{"href":"https:\/\/www.mojabochnia.pl\/index.php?rest_route=%2Fwp%2Fv2%2Fmedia&parent=28143"}],"wp:term":[{"taxonomy":"category","embeddable":true,"href":"https:\/\/www.mojabochnia.pl\/index.php?rest_route=%2Fwp%2Fv2%2Fcategories&post=28143"},{"taxonomy":"post_tag","embeddable":true,"href":"https:\/\/www.mojabochnia.pl\/index.php?rest_route=%2Fwp%2Fv2%2Ftags&post=28143"}],"curies":[{"name":"wp","href":"https:\/\/api.w.org\/{rel}","templated":true}]}}