{"id":28140,"date":"2010-06-05T10:04:09","date_gmt":"2010-06-05T08:04:09","guid":{"rendered":"http:\/\/www.mojabochnia.pl\/?p=28140"},"modified":"2010-06-07T11:31:53","modified_gmt":"2010-06-07T09:31:53","slug":"ks-jerzym-popieluszko-zwykly-swiety-czlowiek","status":"publish","type":"post","link":"https:\/\/www.mojabochnia.pl\/?p=28140","title":{"rendered":"Ks. Jerzy Popie\u0142uszko, zwyk\u0142y, \u015bwi\u0119ty cz\u0142owiek"},"content":{"rendered":"<p>Ks. Jerzy Popie\u0142uszko by\u0142 bohaterem konferencji naukowej, kt\u00f3ra odby\u0142a si\u0119 5 maja w Bochni. Wkr\u00f3tce odb\u0119dzie si\u0119 beatyfikacja kapelana Solidarno\u015bci, kt\u00f3ry przed blisko 26 laty zosta\u0142 brutalnie zamordowany przez s\u0142u\u017cby komunistyczne. <\/p>\n<p>W czasie sesji wyk\u0142ad wyg\u0142osili dr Cecylia Kuta oraz dr Maciej Korku\u0107, pracownicy krakowskiego oddzia\u0142u IPN.<\/p>\n<p>Relacj\u0119 obejrzyj <a href=\"http:\/\/www.mojabochnia.pl\/?p=26478\"><strong>tutaj<\/strong><\/a>.<\/p>\n","protected":false},"excerpt":{"rendered":"<p>W niedziel\u0119 6 czerwca w Warszawie odb\u0119dzie si\u0119 beatyfikacja ks. Jerzego Popie\u0142uszki. Na ten moment wielu czeka\u0142o od blisko 26 lat. Przypominamy w tym miejscu relacj\u0119 z sesji naukowe, po\u015bwi\u0119conej kapelanowi Solidarno\u015bci, kt\u00f3ra odby\u0142a si\u0119 w Bochni miesi\u0105c temu.<\/p>\n","protected":false},"author":4,"featured_media":0,"comment_status":"open","ping_status":"closed","sticky":false,"template":"","format":"standard","meta":{"_acf_changed":false,"footnotes":""},"categories":[5,6250,1342],"tags":[1211,17883,6831,3182],"class_list":["post-28140","post","type-post","status-publish","format-standard","hentry","category-biezace-wydarzenia","category-tematyka","category-zycie-religijne","tag-beatyfikacja","tag-civitas-christiana","tag-ks-jerzy-popieluszko","tag-niedziela"],"acf":[],"yoast_head":"<!-- This site is optimized with the Yoast SEO plugin v26.9 - https:\/\/yoast.com\/product\/yoast-seo-wordpress\/ -->\n<title>Ks. Jerzy Popie\u0142uszko, zwyk\u0142y, \u015bwi\u0119ty cz\u0142owiek - mojabochnia.pl - portal informacyjny<\/title>\n<meta name=\"robots\" content=\"index, follow, max-snippet:-1, max-image-preview:large, max-video-preview:-1\" \/>\n<link rel=\"canonical\" href=\"https:\/\/www.mojabochnia.pl\/?p=28140\" \/>\n<meta property=\"og:locale\" content=\"pl_PL\" \/>\n<meta property=\"og:type\" content=\"article\" \/>\n<meta property=\"og:title\" content=\"Ks. Jerzy Popie\u0142uszko, zwyk\u0142y, \u015bwi\u0119ty cz\u0142owiek - mojabochnia.pl - portal informacyjny\" \/>\n<meta property=\"og:description\" content=\"W niedziel\u0119 6 czerwca w Warszawie odb\u0119dzie si\u0119 beatyfikacja ks. Jerzego Popie\u0142uszki. Na ten moment wielu czeka\u0142o od blisko 26 lat. Przypominamy w tym miejscu relacj\u0119 z sesji naukowe, po\u015bwi\u0119conej kapelanowi Solidarno\u015bci, kt\u00f3ra odby\u0142a si\u0119 w Bochni miesi\u0105c temu.\" \/>\n<meta property=\"og:url\" content=\"https:\/\/www.mojabochnia.pl\/?p=28140\" \/>\n<meta property=\"og:site_name\" content=\"mojabochnia.pl - portal informacyjny\" \/>\n<meta property=\"article:publisher\" content=\"https:\/\/www.facebook.com\/mojabochnia\" \/>\n<meta property=\"article:published_time\" content=\"2010-06-05T08:04:09+00:00\" \/>\n<meta property=\"article:modified_time\" content=\"2010-06-07T09:31:53+00:00\" \/>\n<meta name=\"author\" content=\"Pawe\u0142 Michalczyk\" \/>\n<meta name=\"twitter:card\" content=\"summary_large_image\" \/>\n<meta name=\"twitter:label1\" content=\"Written by\" \/>\n\t<meta name=\"twitter:data1\" content=\"Pawe\u0142 Michalczyk\" \/>\n<script type=\"application\/ld+json\" class=\"yoast-schema-graph\">{\"@context\":\"https:\/\/schema.org\",\"@graph\":[{\"@type\":\"Article\",\"@id\":\"https:\/\/www.mojabochnia.pl\/?p=28140#article\",\"isPartOf\":{\"@id\":\"https:\/\/www.mojabochnia.pl\/?p=28140\"},\"author\":{\"name\":\"Pawe\u0142 Michalczyk\",\"@id\":\"https:\/\/www.mojabochnia.pl\/#\/schema\/person\/ea042e4724a77627963f02166828ead4\"},\"headline\":\"Ks. Jerzy Popie\u0142uszko, zwyk\u0142y, \u015bwi\u0119ty cz\u0142owiek\",\"datePublished\":\"2010-06-05T08:04:09+00:00\",\"dateModified\":\"2010-06-07T09:31:53+00:00\",\"mainEntityOfPage\":{\"@id\":\"https:\/\/www.mojabochnia.pl\/?p=28140\"},\"wordCount\":70,\"commentCount\":1,\"publisher\":{\"@id\":\"https:\/\/www.mojabochnia.pl\/#organization\"},\"keywords\":[\"beatyfikacja\",\"civitas christiana\",\"ks. jerzy popie\u0142uszko\",\"niedziela\"],\"articleSection\":[\"2_ostatnie\",\"tematyka\",\"\u017bycie religijne\"],\"inLanguage\":\"pl-PL\",\"potentialAction\":[{\"@type\":\"CommentAction\",\"name\":\"Comment\",\"target\":[\"https:\/\/www.mojabochnia.pl\/?p=28140#respond\"]}]},{\"@type\":\"WebPage\",\"@id\":\"https:\/\/www.mojabochnia.pl\/?p=28140\",\"url\":\"https:\/\/www.mojabochnia.pl\/?p=28140\",\"name\":\"Ks. Jerzy Popie\u0142uszko, zwyk\u0142y, \u015bwi\u0119ty cz\u0142owiek - mojabochnia.pl - portal informacyjny\",\"isPartOf\":{\"@id\":\"https:\/\/www.mojabochnia.pl\/#website\"},\"datePublished\":\"2010-06-05T08:04:09+00:00\",\"dateModified\":\"2010-06-07T09:31:53+00:00\",\"breadcrumb\":{\"@id\":\"https:\/\/www.mojabochnia.pl\/?p=28140#breadcrumb\"},\"inLanguage\":\"pl-PL\",\"potentialAction\":[{\"@type\":\"ReadAction\",\"target\":[\"https:\/\/www.mojabochnia.pl\/?p=28140\"]}]},{\"@type\":\"BreadcrumbList\",\"@id\":\"https:\/\/www.mojabochnia.pl\/?p=28140#breadcrumb\",\"itemListElement\":[{\"@type\":\"ListItem\",\"position\":1,\"name\":\"Home\",\"item\":\"https:\/\/www.mojabochnia.pl\/\"},{\"@type\":\"ListItem\",\"position\":2,\"name\":\"Ks. Jerzy Popie\u0142uszko, zwyk\u0142y, \u015bwi\u0119ty cz\u0142owiek\"}]},{\"@type\":\"WebSite\",\"@id\":\"https:\/\/www.mojabochnia.pl\/#website\",\"url\":\"https:\/\/www.mojabochnia.pl\/\",\"name\":\"mojabochnia.pl - portal informacyjny\",\"description\":\"mojaBochnia to portal informacyjny o Bochni. Codziennie o Bochni piszemy i pokazujemy najwa\u017cniejsze wydarzenia\",\"publisher\":{\"@id\":\"https:\/\/www.mojabochnia.pl\/#organization\"},\"potentialAction\":[{\"@type\":\"SearchAction\",\"target\":{\"@type\":\"EntryPoint\",\"urlTemplate\":\"https:\/\/www.mojabochnia.pl\/?s={search_term_string}\"},\"query-input\":{\"@type\":\"PropertyValueSpecification\",\"valueRequired\":true,\"valueName\":\"search_term_string\"}}],\"inLanguage\":\"pl-PL\"},{\"@type\":\"Organization\",\"@id\":\"https:\/\/www.mojabochnia.pl\/#organization\",\"name\":\"mojabochnia.pl - portal informacyjny\",\"url\":\"https:\/\/www.mojabochnia.pl\/\",\"logo\":{\"@type\":\"ImageObject\",\"inLanguage\":\"pl-PL\",\"@id\":\"https:\/\/www.mojabochnia.pl\/#\/schema\/logo\/image\/\",\"url\":\"https:\/\/www.mojabochnia.pl\/wp-content\/uploads\/2017\/08\/logo-mb-opt.png\",\"contentUrl\":\"https:\/\/www.mojabochnia.pl\/wp-content\/uploads\/2017\/08\/logo-mb-opt.png\",\"width\":250,\"height\":48,\"caption\":\"mojabochnia.pl - portal informacyjny\"},\"image\":{\"@id\":\"https:\/\/www.mojabochnia.pl\/#\/schema\/logo\/image\/\"},\"sameAs\":[\"https:\/\/www.facebook.com\/mojabochnia\"]},{\"@type\":\"Person\",\"@id\":\"https:\/\/www.mojabochnia.pl\/#\/schema\/person\/ea042e4724a77627963f02166828ead4\",\"name\":\"Pawe\u0142 Michalczyk\",\"url\":\"https:\/\/www.mojabochnia.pl\/?author=4\"}]}<\/script>\n<!-- \/ Yoast SEO plugin. -->","yoast_head_json":{"title":"Ks. Jerzy Popie\u0142uszko, zwyk\u0142y, \u015bwi\u0119ty cz\u0142owiek - mojabochnia.pl - portal informacyjny","robots":{"index":"index","follow":"follow","max-snippet":"max-snippet:-1","max-image-preview":"max-image-preview:large","max-video-preview":"max-video-preview:-1"},"canonical":"https:\/\/www.mojabochnia.pl\/?p=28140","og_locale":"pl_PL","og_type":"article","og_title":"Ks. Jerzy Popie\u0142uszko, zwyk\u0142y, \u015bwi\u0119ty cz\u0142owiek - mojabochnia.pl - portal informacyjny","og_description":"W niedziel\u0119 6 czerwca w Warszawie odb\u0119dzie si\u0119 beatyfikacja ks. Jerzego Popie\u0142uszki. Na ten moment wielu czeka\u0142o od blisko 26 lat. Przypominamy w tym miejscu relacj\u0119 z sesji naukowe, po\u015bwi\u0119conej kapelanowi Solidarno\u015bci, kt\u00f3ra odby\u0142a si\u0119 w Bochni miesi\u0105c temu.","og_url":"https:\/\/www.mojabochnia.pl\/?p=28140","og_site_name":"mojabochnia.pl - portal informacyjny","article_publisher":"https:\/\/www.facebook.com\/mojabochnia","article_published_time":"2010-06-05T08:04:09+00:00","article_modified_time":"2010-06-07T09:31:53+00:00","author":"Pawe\u0142 Michalczyk","twitter_card":"summary_large_image","twitter_misc":{"Written by":"Pawe\u0142 Michalczyk"},"schema":{"@context":"https:\/\/schema.org","@graph":[{"@type":"Article","@id":"https:\/\/www.mojabochnia.pl\/?p=28140#article","isPartOf":{"@id":"https:\/\/www.mojabochnia.pl\/?p=28140"},"author":{"name":"Pawe\u0142 Michalczyk","@id":"https:\/\/www.mojabochnia.pl\/#\/schema\/person\/ea042e4724a77627963f02166828ead4"},"headline":"Ks. Jerzy Popie\u0142uszko, zwyk\u0142y, \u015bwi\u0119ty cz\u0142owiek","datePublished":"2010-06-05T08:04:09+00:00","dateModified":"2010-06-07T09:31:53+00:00","mainEntityOfPage":{"@id":"https:\/\/www.mojabochnia.pl\/?p=28140"},"wordCount":70,"commentCount":1,"publisher":{"@id":"https:\/\/www.mojabochnia.pl\/#organization"},"keywords":["beatyfikacja","civitas christiana","ks. jerzy popie\u0142uszko","niedziela"],"articleSection":["2_ostatnie","tematyka","\u017bycie religijne"],"inLanguage":"pl-PL","potentialAction":[{"@type":"CommentAction","name":"Comment","target":["https:\/\/www.mojabochnia.pl\/?p=28140#respond"]}]},{"@type":"WebPage","@id":"https:\/\/www.mojabochnia.pl\/?p=28140","url":"https:\/\/www.mojabochnia.pl\/?p=28140","name":"Ks. Jerzy Popie\u0142uszko, zwyk\u0142y, \u015bwi\u0119ty cz\u0142owiek - mojabochnia.pl - portal informacyjny","isPartOf":{"@id":"https:\/\/www.mojabochnia.pl\/#website"},"datePublished":"2010-06-05T08:04:09+00:00","dateModified":"2010-06-07T09:31:53+00:00","breadcrumb":{"@id":"https:\/\/www.mojabochnia.pl\/?p=28140#breadcrumb"},"inLanguage":"pl-PL","potentialAction":[{"@type":"ReadAction","target":["https:\/\/www.mojabochnia.pl\/?p=28140"]}]},{"@type":"BreadcrumbList","@id":"https:\/\/www.mojabochnia.pl\/?p=28140#breadcrumb","itemListElement":[{"@type":"ListItem","position":1,"name":"Home","item":"https:\/\/www.mojabochnia.pl\/"},{"@type":"ListItem","position":2,"name":"Ks. Jerzy Popie\u0142uszko, zwyk\u0142y, \u015bwi\u0119ty cz\u0142owiek"}]},{"@type":"WebSite","@id":"https:\/\/www.mojabochnia.pl\/#website","url":"https:\/\/www.mojabochnia.pl\/","name":"mojabochnia.pl - portal informacyjny","description":"mojaBochnia to portal informacyjny o Bochni. Codziennie o Bochni piszemy i pokazujemy najwa\u017cniejsze wydarzenia","publisher":{"@id":"https:\/\/www.mojabochnia.pl\/#organization"},"potentialAction":[{"@type":"SearchAction","target":{"@type":"EntryPoint","urlTemplate":"https:\/\/www.mojabochnia.pl\/?s={search_term_string}"},"query-input":{"@type":"PropertyValueSpecification","valueRequired":true,"valueName":"search_term_string"}}],"inLanguage":"pl-PL"},{"@type":"Organization","@id":"https:\/\/www.mojabochnia.pl\/#organization","name":"mojabochnia.pl - portal informacyjny","url":"https:\/\/www.mojabochnia.pl\/","logo":{"@type":"ImageObject","inLanguage":"pl-PL","@id":"https:\/\/www.mojabochnia.pl\/#\/schema\/logo\/image\/","url":"https:\/\/www.mojabochnia.pl\/wp-content\/uploads\/2017\/08\/logo-mb-opt.png","contentUrl":"https:\/\/www.mojabochnia.pl\/wp-content\/uploads\/2017\/08\/logo-mb-opt.png","width":250,"height":48,"caption":"mojabochnia.pl - portal informacyjny"},"image":{"@id":"https:\/\/www.mojabochnia.pl\/#\/schema\/logo\/image\/"},"sameAs":["https:\/\/www.facebook.com\/mojabochnia"]},{"@type":"Person","@id":"https:\/\/www.mojabochnia.pl\/#\/schema\/person\/ea042e4724a77627963f02166828ead4","name":"Pawe\u0142 Michalczyk","url":"https:\/\/www.mojabochnia.pl\/?author=4"}]}},"_links":{"self":[{"href":"https:\/\/www.mojabochnia.pl\/index.php?rest_route=\/wp\/v2\/posts\/28140","targetHints":{"allow":["GET"]}}],"collection":[{"href":"https:\/\/www.mojabochnia.pl\/index.php?rest_route=\/wp\/v2\/posts"}],"about":[{"href":"https:\/\/www.mojabochnia.pl\/index.php?rest_route=\/wp\/v2\/types\/post"}],"author":[{"embeddable":true,"href":"https:\/\/www.mojabochnia.pl\/index.php?rest_route=\/wp\/v2\/users\/4"}],"replies":[{"embeddable":true,"href":"https:\/\/www.mojabochnia.pl\/index.php?rest_route=%2Fwp%2Fv2%2Fcomments&post=28140"}],"version-history":[{"count":0,"href":"https:\/\/www.mojabochnia.pl\/index.php?rest_route=\/wp\/v2\/posts\/28140\/revisions"}],"wp:attachment":[{"href":"https:\/\/www.mojabochnia.pl\/index.php?rest_route=%2Fwp%2Fv2%2Fmedia&parent=28140"}],"wp:term":[{"taxonomy":"category","embeddable":true,"href":"https:\/\/www.mojabochnia.pl\/index.php?rest_route=%2Fwp%2Fv2%2Fcategories&post=28140"},{"taxonomy":"post_tag","embeddable":true,"href":"https:\/\/www.mojabochnia.pl\/index.php?rest_route=%2Fwp%2Fv2%2Ftags&post=28140"}],"curies":[{"name":"wp","href":"https:\/\/api.w.org\/{rel}","templated":true}]}}