{"id":28125,"date":"2010-06-04T16:22:36","date_gmt":"2010-06-04T14:22:36","guid":{"rendered":"http:\/\/www.mojabochnia.pl\/?p=28125"},"modified":"2010-06-04T16:22:36","modified_gmt":"2010-06-04T14:22:36","slug":"czy-mozna-ot-tak-sobie-bezkarnie-przekopywac-wal-przeciwpowodziowy-na-pytanie-odpowiadaja-strazacy","status":"publish","type":"post","link":"https:\/\/www.mojabochnia.pl\/?p=28125","title":{"rendered":"Czy mo\u017cna ot tak sobie bezkarnie przekopywa\u0107 wa\u0142 przeciwpowodziowy? &#8211; na pytanie odpowiadaj\u0105 Stra\u017cacy"},"content":{"rendered":"<p>Oto tre\u015b\u0107 listu: <\/p>\n<p><em>Chc\u0119 zwr\u00f3ci\u0107 uwag\u0119 na przekop na rzece Drwinka. Miejsce to znajduje si\u0119 300 metr\u00f3w na po\u0142udnie od drogi \u0142\u0105cz\u0105cej Dziewin z Chobotem tzw. Topiel\u00f3w (50\u00b0 4&#8217;6.56&#8243;N  20\u00b022&#8217;56.31&#8243;E).Czy mo\u017cna ot tak sobie bezkarnie przekopywa\u0107 wa\u0142 przeciwpowodziowy ? Na zdj\u0119ciach widoczna jest ziemia z tego wykopu. Kto\u015b dwa tygodnie temu wybra\u0142 kopark\u0105 ziemi\u0119 na szeroko\u015bci ok 5m. Wiele os\u00f3b w Drwini rozmawia na ten temat, wiele os\u00f3b posiada zdj\u0119cia i wiele zg\u0142asza\u0142o to do UG (s\u0142ownie) ale reakcji w tej sprawie brak. W chwili obecnej przekop zosta\u0142 zasypany ziemi\u0105. Ot tak poprostu lu\u017an\u0105, nieubit\u0105 ziemi\u0105 (teraz mi\u0119kkie b\u0142oto). Je\u017celi fala w Wi\u015ble b\u0119dzie powodowa\u0142a cofni\u0119cie si\u0119 Drwinki to katastrof\u0119 mamy gotow\u0105, ponownie zalane zostan\u0105 Drwinia, Zielona, Niedary. Ale kogo to w og\u00f3le interesuje ?<\/p>\n<p>Mieszkaniec Drwini<br \/>\n<\/em><\/p>\n<p>Odpowied\u017a prezentujemy w materiale filmowym nagranym 21 maja br.<\/p>\n","protected":false},"excerpt":{"rendered":"<p>Wczoraj do naszej redakcji wp\u0142yn\u0105\u0142 list od naszego Czytelnika &#8211; mieszka\u0144ca Drwini, kt\u00f3ry pyta, sk\u0105d si\u0119 wzi\u0105\u0142 przekop w wale na rzece Drwinka? Byli\u015bmy wtedy na miejscu &#8211; obejrzyj materia\u0142 TV.<\/p>\n","protected":false},"author":2,"featured_media":0,"comment_status":"open","ping_status":"closed","sticky":false,"template":"","format":"standard","meta":{"_acf_changed":false,"footnotes":""},"categories":[5,6246,6251,6250,3633,3276],"tags":[6935,5206,701,17774,7014,17899,2247],"class_list":["post-28125","post","type-post","status-publish","format-standard","hentry","category-biezace-wydarzenia","category-medium","category-polityka-i-wydarzenia","category-tematyka","category-tv","category-tv-flesz","tag-chobot","tag-czeslaw-ziaja","tag-krzysztof-kokoszka","tag-powodz","tag-przekop","tag-wal","tag-wyrwa"],"acf":[],"yoast_head":"<!-- This site is optimized with the Yoast SEO plugin v26.9 - https:\/\/yoast.com\/product\/yoast-seo-wordpress\/ -->\n<title>Czy mo\u017cna ot tak sobie bezkarnie przekopywa\u0107 wa\u0142 przeciwpowodziowy? - na pytanie odpowiadaj\u0105 Stra\u017cacy - mojabochnia.pl - portal informacyjny<\/title>\n<meta name=\"robots\" content=\"index, follow, max-snippet:-1, max-image-preview:large, max-video-preview:-1\" \/>\n<link rel=\"canonical\" href=\"https:\/\/www.mojabochnia.pl\/?p=28125\" \/>\n<meta property=\"og:locale\" content=\"pl_PL\" \/>\n<meta property=\"og:type\" content=\"article\" \/>\n<meta property=\"og:title\" content=\"Czy mo\u017cna ot tak sobie bezkarnie przekopywa\u0107 wa\u0142 przeciwpowodziowy? - na pytanie odpowiadaj\u0105 Stra\u017cacy - mojabochnia.pl - portal informacyjny\" \/>\n<meta property=\"og:description\" content=\"Wczoraj do naszej redakcji wp\u0142yn\u0105\u0142 list od naszego Czytelnika - mieszka\u0144ca Drwini, kt\u00f3ry pyta, sk\u0105d si\u0119 wzi\u0105\u0142 przekop w wale na rzece Drwinka? Byli\u015bmy wtedy na miejscu - obejrzyj materia\u0142 TV.\" \/>\n<meta property=\"og:url\" content=\"https:\/\/www.mojabochnia.pl\/?p=28125\" \/>\n<meta property=\"og:site_name\" content=\"mojabochnia.pl - portal informacyjny\" \/>\n<meta property=\"article:publisher\" content=\"https:\/\/www.facebook.com\/mojabochnia\" \/>\n<meta property=\"article:published_time\" content=\"2010-06-04T14:22:36+00:00\" \/>\n<meta name=\"author\" content=\"Jacek Kucharski\" \/>\n<meta name=\"twitter:card\" content=\"summary_large_image\" \/>\n<meta name=\"twitter:label1\" content=\"Written by\" \/>\n\t<meta name=\"twitter:data1\" content=\"Jacek Kucharski\" \/>\n\t<meta name=\"twitter:label2\" content=\"Est. reading time\" \/>\n\t<meta name=\"twitter:data2\" content=\"1 minuta\" \/>\n<script type=\"application\/ld+json\" class=\"yoast-schema-graph\">{\"@context\":\"https:\/\/schema.org\",\"@graph\":[{\"@type\":\"Article\",\"@id\":\"https:\/\/www.mojabochnia.pl\/?p=28125#article\",\"isPartOf\":{\"@id\":\"https:\/\/www.mojabochnia.pl\/?p=28125\"},\"author\":{\"name\":\"Jacek Kucharski\",\"@id\":\"https:\/\/www.mojabochnia.pl\/#\/schema\/person\/cbf2046fc62995d3796f0c0160613698\"},\"headline\":\"Czy mo\u017cna ot tak sobie bezkarnie przekopywa\u0107 wa\u0142 przeciwpowodziowy? &#8211; na pytanie odpowiadaj\u0105 Stra\u017cacy\",\"datePublished\":\"2010-06-04T14:22:36+00:00\",\"mainEntityOfPage\":{\"@id\":\"https:\/\/www.mojabochnia.pl\/?p=28125\"},\"wordCount\":173,\"commentCount\":3,\"publisher\":{\"@id\":\"https:\/\/www.mojabochnia.pl\/#organization\"},\"keywords\":[\"chobot\",\"czes\u0142aw ziaja\",\"krzysztof kokoszka\",\"pow\u00f3d\u017a\",\"przekop\",\"wa\u0142\",\"wyrwa\"],\"articleSection\":[\"2_ostatnie\",\"Medium\",\"polityka i wydarzenia\",\"tematyka\",\"TV\",\"TV Flesz\"],\"inLanguage\":\"pl-PL\",\"potentialAction\":[{\"@type\":\"CommentAction\",\"name\":\"Comment\",\"target\":[\"https:\/\/www.mojabochnia.pl\/?p=28125#respond\"]}]},{\"@type\":\"WebPage\",\"@id\":\"https:\/\/www.mojabochnia.pl\/?p=28125\",\"url\":\"https:\/\/www.mojabochnia.pl\/?p=28125\",\"name\":\"Czy mo\u017cna ot tak sobie bezkarnie przekopywa\u0107 wa\u0142 przeciwpowodziowy? - na pytanie odpowiadaj\u0105 Stra\u017cacy - mojabochnia.pl - portal informacyjny\",\"isPartOf\":{\"@id\":\"https:\/\/www.mojabochnia.pl\/#website\"},\"datePublished\":\"2010-06-04T14:22:36+00:00\",\"breadcrumb\":{\"@id\":\"https:\/\/www.mojabochnia.pl\/?p=28125#breadcrumb\"},\"inLanguage\":\"pl-PL\",\"potentialAction\":[{\"@type\":\"ReadAction\",\"target\":[\"https:\/\/www.mojabochnia.pl\/?p=28125\"]}]},{\"@type\":\"BreadcrumbList\",\"@id\":\"https:\/\/www.mojabochnia.pl\/?p=28125#breadcrumb\",\"itemListElement\":[{\"@type\":\"ListItem\",\"position\":1,\"name\":\"Home\",\"item\":\"https:\/\/www.mojabochnia.pl\/\"},{\"@type\":\"ListItem\",\"position\":2,\"name\":\"Czy mo\u017cna ot tak sobie bezkarnie przekopywa\u0107 wa\u0142 przeciwpowodziowy? &#8211; na pytanie odpowiadaj\u0105 Stra\u017cacy\"}]},{\"@type\":\"WebSite\",\"@id\":\"https:\/\/www.mojabochnia.pl\/#website\",\"url\":\"https:\/\/www.mojabochnia.pl\/\",\"name\":\"mojabochnia.pl - portal informacyjny\",\"description\":\"mojaBochnia to portal informacyjny o Bochni. Codziennie o Bochni piszemy i pokazujemy najwa\u017cniejsze wydarzenia\",\"publisher\":{\"@id\":\"https:\/\/www.mojabochnia.pl\/#organization\"},\"potentialAction\":[{\"@type\":\"SearchAction\",\"target\":{\"@type\":\"EntryPoint\",\"urlTemplate\":\"https:\/\/www.mojabochnia.pl\/?s={search_term_string}\"},\"query-input\":{\"@type\":\"PropertyValueSpecification\",\"valueRequired\":true,\"valueName\":\"search_term_string\"}}],\"inLanguage\":\"pl-PL\"},{\"@type\":\"Organization\",\"@id\":\"https:\/\/www.mojabochnia.pl\/#organization\",\"name\":\"mojabochnia.pl - portal informacyjny\",\"url\":\"https:\/\/www.mojabochnia.pl\/\",\"logo\":{\"@type\":\"ImageObject\",\"inLanguage\":\"pl-PL\",\"@id\":\"https:\/\/www.mojabochnia.pl\/#\/schema\/logo\/image\/\",\"url\":\"https:\/\/www.mojabochnia.pl\/wp-content\/uploads\/2017\/08\/logo-mb-opt.png\",\"contentUrl\":\"https:\/\/www.mojabochnia.pl\/wp-content\/uploads\/2017\/08\/logo-mb-opt.png\",\"width\":250,\"height\":48,\"caption\":\"mojabochnia.pl - portal informacyjny\"},\"image\":{\"@id\":\"https:\/\/www.mojabochnia.pl\/#\/schema\/logo\/image\/\"},\"sameAs\":[\"https:\/\/www.facebook.com\/mojabochnia\"]},{\"@type\":\"Person\",\"@id\":\"https:\/\/www.mojabochnia.pl\/#\/schema\/person\/cbf2046fc62995d3796f0c0160613698\",\"name\":\"Jacek Kucharski\",\"url\":\"https:\/\/www.mojabochnia.pl\/?author=2\"}]}<\/script>\n<!-- \/ Yoast SEO plugin. -->","yoast_head_json":{"title":"Czy mo\u017cna ot tak sobie bezkarnie przekopywa\u0107 wa\u0142 przeciwpowodziowy? - na pytanie odpowiadaj\u0105 Stra\u017cacy - mojabochnia.pl - portal informacyjny","robots":{"index":"index","follow":"follow","max-snippet":"max-snippet:-1","max-image-preview":"max-image-preview:large","max-video-preview":"max-video-preview:-1"},"canonical":"https:\/\/www.mojabochnia.pl\/?p=28125","og_locale":"pl_PL","og_type":"article","og_title":"Czy mo\u017cna ot tak sobie bezkarnie przekopywa\u0107 wa\u0142 przeciwpowodziowy? - na pytanie odpowiadaj\u0105 Stra\u017cacy - mojabochnia.pl - portal informacyjny","og_description":"Wczoraj do naszej redakcji wp\u0142yn\u0105\u0142 list od naszego Czytelnika - mieszka\u0144ca Drwini, kt\u00f3ry pyta, sk\u0105d si\u0119 wzi\u0105\u0142 przekop w wale na rzece Drwinka? Byli\u015bmy wtedy na miejscu - obejrzyj materia\u0142 TV.","og_url":"https:\/\/www.mojabochnia.pl\/?p=28125","og_site_name":"mojabochnia.pl - portal informacyjny","article_publisher":"https:\/\/www.facebook.com\/mojabochnia","article_published_time":"2010-06-04T14:22:36+00:00","author":"Jacek Kucharski","twitter_card":"summary_large_image","twitter_misc":{"Written by":"Jacek Kucharski","Est. reading time":"1 minuta"},"schema":{"@context":"https:\/\/schema.org","@graph":[{"@type":"Article","@id":"https:\/\/www.mojabochnia.pl\/?p=28125#article","isPartOf":{"@id":"https:\/\/www.mojabochnia.pl\/?p=28125"},"author":{"name":"Jacek Kucharski","@id":"https:\/\/www.mojabochnia.pl\/#\/schema\/person\/cbf2046fc62995d3796f0c0160613698"},"headline":"Czy mo\u017cna ot tak sobie bezkarnie przekopywa\u0107 wa\u0142 przeciwpowodziowy? &#8211; na pytanie odpowiadaj\u0105 Stra\u017cacy","datePublished":"2010-06-04T14:22:36+00:00","mainEntityOfPage":{"@id":"https:\/\/www.mojabochnia.pl\/?p=28125"},"wordCount":173,"commentCount":3,"publisher":{"@id":"https:\/\/www.mojabochnia.pl\/#organization"},"keywords":["chobot","czes\u0142aw ziaja","krzysztof kokoszka","pow\u00f3d\u017a","przekop","wa\u0142","wyrwa"],"articleSection":["2_ostatnie","Medium","polityka i wydarzenia","tematyka","TV","TV Flesz"],"inLanguage":"pl-PL","potentialAction":[{"@type":"CommentAction","name":"Comment","target":["https:\/\/www.mojabochnia.pl\/?p=28125#respond"]}]},{"@type":"WebPage","@id":"https:\/\/www.mojabochnia.pl\/?p=28125","url":"https:\/\/www.mojabochnia.pl\/?p=28125","name":"Czy mo\u017cna ot tak sobie bezkarnie przekopywa\u0107 wa\u0142 przeciwpowodziowy? - na pytanie odpowiadaj\u0105 Stra\u017cacy - mojabochnia.pl - portal informacyjny","isPartOf":{"@id":"https:\/\/www.mojabochnia.pl\/#website"},"datePublished":"2010-06-04T14:22:36+00:00","breadcrumb":{"@id":"https:\/\/www.mojabochnia.pl\/?p=28125#breadcrumb"},"inLanguage":"pl-PL","potentialAction":[{"@type":"ReadAction","target":["https:\/\/www.mojabochnia.pl\/?p=28125"]}]},{"@type":"BreadcrumbList","@id":"https:\/\/www.mojabochnia.pl\/?p=28125#breadcrumb","itemListElement":[{"@type":"ListItem","position":1,"name":"Home","item":"https:\/\/www.mojabochnia.pl\/"},{"@type":"ListItem","position":2,"name":"Czy mo\u017cna ot tak sobie bezkarnie przekopywa\u0107 wa\u0142 przeciwpowodziowy? &#8211; na pytanie odpowiadaj\u0105 Stra\u017cacy"}]},{"@type":"WebSite","@id":"https:\/\/www.mojabochnia.pl\/#website","url":"https:\/\/www.mojabochnia.pl\/","name":"mojabochnia.pl - portal informacyjny","description":"mojaBochnia to portal informacyjny o Bochni. Codziennie o Bochni piszemy i pokazujemy najwa\u017cniejsze wydarzenia","publisher":{"@id":"https:\/\/www.mojabochnia.pl\/#organization"},"potentialAction":[{"@type":"SearchAction","target":{"@type":"EntryPoint","urlTemplate":"https:\/\/www.mojabochnia.pl\/?s={search_term_string}"},"query-input":{"@type":"PropertyValueSpecification","valueRequired":true,"valueName":"search_term_string"}}],"inLanguage":"pl-PL"},{"@type":"Organization","@id":"https:\/\/www.mojabochnia.pl\/#organization","name":"mojabochnia.pl - portal informacyjny","url":"https:\/\/www.mojabochnia.pl\/","logo":{"@type":"ImageObject","inLanguage":"pl-PL","@id":"https:\/\/www.mojabochnia.pl\/#\/schema\/logo\/image\/","url":"https:\/\/www.mojabochnia.pl\/wp-content\/uploads\/2017\/08\/logo-mb-opt.png","contentUrl":"https:\/\/www.mojabochnia.pl\/wp-content\/uploads\/2017\/08\/logo-mb-opt.png","width":250,"height":48,"caption":"mojabochnia.pl - portal informacyjny"},"image":{"@id":"https:\/\/www.mojabochnia.pl\/#\/schema\/logo\/image\/"},"sameAs":["https:\/\/www.facebook.com\/mojabochnia"]},{"@type":"Person","@id":"https:\/\/www.mojabochnia.pl\/#\/schema\/person\/cbf2046fc62995d3796f0c0160613698","name":"Jacek Kucharski","url":"https:\/\/www.mojabochnia.pl\/?author=2"}]}},"_links":{"self":[{"href":"https:\/\/www.mojabochnia.pl\/index.php?rest_route=\/wp\/v2\/posts\/28125","targetHints":{"allow":["GET"]}}],"collection":[{"href":"https:\/\/www.mojabochnia.pl\/index.php?rest_route=\/wp\/v2\/posts"}],"about":[{"href":"https:\/\/www.mojabochnia.pl\/index.php?rest_route=\/wp\/v2\/types\/post"}],"author":[{"embeddable":true,"href":"https:\/\/www.mojabochnia.pl\/index.php?rest_route=\/wp\/v2\/users\/2"}],"replies":[{"embeddable":true,"href":"https:\/\/www.mojabochnia.pl\/index.php?rest_route=%2Fwp%2Fv2%2Fcomments&post=28125"}],"version-history":[{"count":0,"href":"https:\/\/www.mojabochnia.pl\/index.php?rest_route=\/wp\/v2\/posts\/28125\/revisions"}],"wp:attachment":[{"href":"https:\/\/www.mojabochnia.pl\/index.php?rest_route=%2Fwp%2Fv2%2Fmedia&parent=28125"}],"wp:term":[{"taxonomy":"category","embeddable":true,"href":"https:\/\/www.mojabochnia.pl\/index.php?rest_route=%2Fwp%2Fv2%2Fcategories&post=28125"},{"taxonomy":"post_tag","embeddable":true,"href":"https:\/\/www.mojabochnia.pl\/index.php?rest_route=%2Fwp%2Fv2%2Ftags&post=28125"}],"curies":[{"name":"wp","href":"https:\/\/api.w.org\/{rel}","templated":true}]}}