{"id":28096,"date":"2010-06-04T13:01:51","date_gmt":"2010-06-04T11:01:51","guid":{"rendered":"http:\/\/www.mojabochnia.pl\/?p=28096"},"modified":"2010-06-04T13:03:55","modified_gmt":"2010-06-04T11:03:55","slug":"wojt-drwini-odwolany-ze-stanowiska","status":"publish","type":"post","link":"https:\/\/www.mojabochnia.pl\/?p=28096","title":{"rendered":"W\u00f3jt Drwini odwo\u0142any ze stanowiska"},"content":{"rendered":"<p>Sesja, w czasie kt\u00f3rej dosz\u0142o do odwo\u0142ania w\u00f3jta, odby\u0142a si\u0119 dzisiaj przed po\u0142udniem. Jak poinformowa\u0142 nas Stanis\u0142aw Odrobina, sekretarz gminy Drwinia, za odwo\u0142aniem w\u00f3jta jednog\u0142o\u015bnie zag\u0142osowa\u0142a ca\u0142a pi\u0119tnastka radnych. \u2013 <em>Pana w\u00f3jta na sesji nie by\u0142o, pomimo prawid\u0142owego zawiadomienia go o tym. Ma mo\u017cliwo\u015b\u0107 wniesienia odwo\u0142ania, p\u00f3\u017aniej sprawa idzie do wojewody, kt\u00f3ry podejmuje dalsze kroki<\/em>. <\/p>\n<p>Zgodnie z przepisami, teraz w\u00f3jt ma 7 dni na wniesienie odwo\u0142ania od podj\u0119tej uchwa\u0142y. Je\u015bli to nie nast\u0105pi, wojewoda ma\u0142opolski rozpocznie procedur\u0119 wprowadzenia zarz\u0105du komisarycznego.<\/p>\n","protected":false},"excerpt":{"rendered":"<p>Radni gminy Drwinia odwo\u0142ali dzisiaj ze stanowiska w\u00f3jta Andrzeja Kulara. Uchwa\u0142a o wyga\u015bni\u0119ciu mandatu w\u00f3jta zosta\u0142a podj\u0119ta jednog\u0142o\u015bnie, przypomnijmy, sprawa ma zwi\u0105zek z niedawnym wyrokiem za jazd\u0119 w\u00f3jta po pijanemu.<\/p>\n","protected":false},"author":4,"featured_media":0,"comment_status":"open","ping_status":"closed","sticky":false,"template":"","format":"standard","meta":{"_acf_changed":false,"footnotes":""},"categories":[5,6251,6250],"tags":[2202,17214,3444,346,17519,2134,17698,17493],"class_list":["post-28096","post","type-post","status-publish","format-standard","hentry","category-biezace-wydarzenia","category-polityka-i-wydarzenia","category-tematyka","tag-andrzej-kular","tag-drwinia","tag-komisarz","tag-radni","tag-sesja","tag-stanislaw-odrobina","tag-wojewoda","tag-wojt"],"acf":[],"yoast_head":"<!-- This site is optimized with the Yoast SEO plugin v26.9 - https:\/\/yoast.com\/product\/yoast-seo-wordpress\/ -->\n<title>W\u00f3jt Drwini odwo\u0142any ze stanowiska - mojabochnia.pl - portal informacyjny<\/title>\n<meta name=\"robots\" content=\"index, follow, max-snippet:-1, max-image-preview:large, max-video-preview:-1\" \/>\n<link rel=\"canonical\" href=\"https:\/\/www.mojabochnia.pl\/?p=28096\" \/>\n<meta property=\"og:locale\" content=\"pl_PL\" \/>\n<meta property=\"og:type\" content=\"article\" \/>\n<meta property=\"og:title\" content=\"W\u00f3jt Drwini odwo\u0142any ze stanowiska - mojabochnia.pl - portal informacyjny\" \/>\n<meta property=\"og:description\" content=\"Radni gminy Drwinia odwo\u0142ali dzisiaj ze stanowiska w\u00f3jta Andrzeja Kulara. Uchwa\u0142a o wyga\u015bni\u0119ciu mandatu w\u00f3jta zosta\u0142a podj\u0119ta jednog\u0142o\u015bnie, przypomnijmy, sprawa ma zwi\u0105zek z niedawnym wyrokiem za jazd\u0119 w\u00f3jta po pijanemu.\" \/>\n<meta property=\"og:url\" content=\"https:\/\/www.mojabochnia.pl\/?p=28096\" \/>\n<meta property=\"og:site_name\" content=\"mojabochnia.pl - portal informacyjny\" \/>\n<meta property=\"article:publisher\" content=\"https:\/\/www.facebook.com\/mojabochnia\" \/>\n<meta property=\"article:published_time\" content=\"2010-06-04T11:01:51+00:00\" \/>\n<meta property=\"article:modified_time\" content=\"2010-06-04T11:03:55+00:00\" \/>\n<meta name=\"author\" content=\"Pawe\u0142 Michalczyk\" \/>\n<meta name=\"twitter:card\" content=\"summary_large_image\" \/>\n<meta name=\"twitter:label1\" content=\"Written by\" \/>\n\t<meta name=\"twitter:data1\" content=\"Pawe\u0142 Michalczyk\" \/>\n\t<meta name=\"twitter:label2\" content=\"Est. reading time\" \/>\n\t<meta name=\"twitter:data2\" content=\"1 minuta\" \/>\n<script type=\"application\/ld+json\" class=\"yoast-schema-graph\">{\"@context\":\"https:\/\/schema.org\",\"@graph\":[{\"@type\":\"Article\",\"@id\":\"https:\/\/www.mojabochnia.pl\/?p=28096#article\",\"isPartOf\":{\"@id\":\"https:\/\/www.mojabochnia.pl\/?p=28096\"},\"author\":{\"name\":\"Pawe\u0142 Michalczyk\",\"@id\":\"https:\/\/www.mojabochnia.pl\/#\/schema\/person\/ea042e4724a77627963f02166828ead4\"},\"headline\":\"W\u00f3jt Drwini odwo\u0142any ze stanowiska\",\"datePublished\":\"2010-06-04T11:01:51+00:00\",\"dateModified\":\"2010-06-04T11:03:55+00:00\",\"mainEntityOfPage\":{\"@id\":\"https:\/\/www.mojabochnia.pl\/?p=28096\"},\"wordCount\":115,\"commentCount\":0,\"publisher\":{\"@id\":\"https:\/\/www.mojabochnia.pl\/#organization\"},\"keywords\":[\"andrzej kular\",\"Drwinia\",\"komisarz\",\"radni\",\"sesja\",\"stanis\u0142aw odrobina\",\"wojewoda\",\"w\u00f3jt\"],\"articleSection\":[\"2_ostatnie\",\"polityka i wydarzenia\",\"tematyka\"],\"inLanguage\":\"pl-PL\",\"potentialAction\":[{\"@type\":\"CommentAction\",\"name\":\"Comment\",\"target\":[\"https:\/\/www.mojabochnia.pl\/?p=28096#respond\"]}]},{\"@type\":\"WebPage\",\"@id\":\"https:\/\/www.mojabochnia.pl\/?p=28096\",\"url\":\"https:\/\/www.mojabochnia.pl\/?p=28096\",\"name\":\"W\u00f3jt Drwini odwo\u0142any ze stanowiska - mojabochnia.pl - portal informacyjny\",\"isPartOf\":{\"@id\":\"https:\/\/www.mojabochnia.pl\/#website\"},\"datePublished\":\"2010-06-04T11:01:51+00:00\",\"dateModified\":\"2010-06-04T11:03:55+00:00\",\"breadcrumb\":{\"@id\":\"https:\/\/www.mojabochnia.pl\/?p=28096#breadcrumb\"},\"inLanguage\":\"pl-PL\",\"potentialAction\":[{\"@type\":\"ReadAction\",\"target\":[\"https:\/\/www.mojabochnia.pl\/?p=28096\"]}]},{\"@type\":\"BreadcrumbList\",\"@id\":\"https:\/\/www.mojabochnia.pl\/?p=28096#breadcrumb\",\"itemListElement\":[{\"@type\":\"ListItem\",\"position\":1,\"name\":\"Home\",\"item\":\"https:\/\/www.mojabochnia.pl\/\"},{\"@type\":\"ListItem\",\"position\":2,\"name\":\"W\u00f3jt Drwini odwo\u0142any ze stanowiska\"}]},{\"@type\":\"WebSite\",\"@id\":\"https:\/\/www.mojabochnia.pl\/#website\",\"url\":\"https:\/\/www.mojabochnia.pl\/\",\"name\":\"mojabochnia.pl - portal informacyjny\",\"description\":\"mojaBochnia to portal informacyjny o Bochni. Codziennie o Bochni piszemy i pokazujemy najwa\u017cniejsze wydarzenia\",\"publisher\":{\"@id\":\"https:\/\/www.mojabochnia.pl\/#organization\"},\"potentialAction\":[{\"@type\":\"SearchAction\",\"target\":{\"@type\":\"EntryPoint\",\"urlTemplate\":\"https:\/\/www.mojabochnia.pl\/?s={search_term_string}\"},\"query-input\":{\"@type\":\"PropertyValueSpecification\",\"valueRequired\":true,\"valueName\":\"search_term_string\"}}],\"inLanguage\":\"pl-PL\"},{\"@type\":\"Organization\",\"@id\":\"https:\/\/www.mojabochnia.pl\/#organization\",\"name\":\"mojabochnia.pl - portal informacyjny\",\"url\":\"https:\/\/www.mojabochnia.pl\/\",\"logo\":{\"@type\":\"ImageObject\",\"inLanguage\":\"pl-PL\",\"@id\":\"https:\/\/www.mojabochnia.pl\/#\/schema\/logo\/image\/\",\"url\":\"https:\/\/www.mojabochnia.pl\/wp-content\/uploads\/2017\/08\/logo-mb-opt.png\",\"contentUrl\":\"https:\/\/www.mojabochnia.pl\/wp-content\/uploads\/2017\/08\/logo-mb-opt.png\",\"width\":250,\"height\":48,\"caption\":\"mojabochnia.pl - portal informacyjny\"},\"image\":{\"@id\":\"https:\/\/www.mojabochnia.pl\/#\/schema\/logo\/image\/\"},\"sameAs\":[\"https:\/\/www.facebook.com\/mojabochnia\"]},{\"@type\":\"Person\",\"@id\":\"https:\/\/www.mojabochnia.pl\/#\/schema\/person\/ea042e4724a77627963f02166828ead4\",\"name\":\"Pawe\u0142 Michalczyk\",\"url\":\"https:\/\/www.mojabochnia.pl\/?author=4\"}]}<\/script>\n<!-- \/ Yoast SEO plugin. -->","yoast_head_json":{"title":"W\u00f3jt Drwini odwo\u0142any ze stanowiska - mojabochnia.pl - portal informacyjny","robots":{"index":"index","follow":"follow","max-snippet":"max-snippet:-1","max-image-preview":"max-image-preview:large","max-video-preview":"max-video-preview:-1"},"canonical":"https:\/\/www.mojabochnia.pl\/?p=28096","og_locale":"pl_PL","og_type":"article","og_title":"W\u00f3jt Drwini odwo\u0142any ze stanowiska - mojabochnia.pl - portal informacyjny","og_description":"Radni gminy Drwinia odwo\u0142ali dzisiaj ze stanowiska w\u00f3jta Andrzeja Kulara. Uchwa\u0142a o wyga\u015bni\u0119ciu mandatu w\u00f3jta zosta\u0142a podj\u0119ta jednog\u0142o\u015bnie, przypomnijmy, sprawa ma zwi\u0105zek z niedawnym wyrokiem za jazd\u0119 w\u00f3jta po pijanemu.","og_url":"https:\/\/www.mojabochnia.pl\/?p=28096","og_site_name":"mojabochnia.pl - portal informacyjny","article_publisher":"https:\/\/www.facebook.com\/mojabochnia","article_published_time":"2010-06-04T11:01:51+00:00","article_modified_time":"2010-06-04T11:03:55+00:00","author":"Pawe\u0142 Michalczyk","twitter_card":"summary_large_image","twitter_misc":{"Written by":"Pawe\u0142 Michalczyk","Est. reading time":"1 minuta"},"schema":{"@context":"https:\/\/schema.org","@graph":[{"@type":"Article","@id":"https:\/\/www.mojabochnia.pl\/?p=28096#article","isPartOf":{"@id":"https:\/\/www.mojabochnia.pl\/?p=28096"},"author":{"name":"Pawe\u0142 Michalczyk","@id":"https:\/\/www.mojabochnia.pl\/#\/schema\/person\/ea042e4724a77627963f02166828ead4"},"headline":"W\u00f3jt Drwini odwo\u0142any ze stanowiska","datePublished":"2010-06-04T11:01:51+00:00","dateModified":"2010-06-04T11:03:55+00:00","mainEntityOfPage":{"@id":"https:\/\/www.mojabochnia.pl\/?p=28096"},"wordCount":115,"commentCount":0,"publisher":{"@id":"https:\/\/www.mojabochnia.pl\/#organization"},"keywords":["andrzej kular","Drwinia","komisarz","radni","sesja","stanis\u0142aw odrobina","wojewoda","w\u00f3jt"],"articleSection":["2_ostatnie","polityka i wydarzenia","tematyka"],"inLanguage":"pl-PL","potentialAction":[{"@type":"CommentAction","name":"Comment","target":["https:\/\/www.mojabochnia.pl\/?p=28096#respond"]}]},{"@type":"WebPage","@id":"https:\/\/www.mojabochnia.pl\/?p=28096","url":"https:\/\/www.mojabochnia.pl\/?p=28096","name":"W\u00f3jt Drwini odwo\u0142any ze stanowiska - mojabochnia.pl - portal informacyjny","isPartOf":{"@id":"https:\/\/www.mojabochnia.pl\/#website"},"datePublished":"2010-06-04T11:01:51+00:00","dateModified":"2010-06-04T11:03:55+00:00","breadcrumb":{"@id":"https:\/\/www.mojabochnia.pl\/?p=28096#breadcrumb"},"inLanguage":"pl-PL","potentialAction":[{"@type":"ReadAction","target":["https:\/\/www.mojabochnia.pl\/?p=28096"]}]},{"@type":"BreadcrumbList","@id":"https:\/\/www.mojabochnia.pl\/?p=28096#breadcrumb","itemListElement":[{"@type":"ListItem","position":1,"name":"Home","item":"https:\/\/www.mojabochnia.pl\/"},{"@type":"ListItem","position":2,"name":"W\u00f3jt Drwini odwo\u0142any ze stanowiska"}]},{"@type":"WebSite","@id":"https:\/\/www.mojabochnia.pl\/#website","url":"https:\/\/www.mojabochnia.pl\/","name":"mojabochnia.pl - portal informacyjny","description":"mojaBochnia to portal informacyjny o Bochni. Codziennie o Bochni piszemy i pokazujemy najwa\u017cniejsze wydarzenia","publisher":{"@id":"https:\/\/www.mojabochnia.pl\/#organization"},"potentialAction":[{"@type":"SearchAction","target":{"@type":"EntryPoint","urlTemplate":"https:\/\/www.mojabochnia.pl\/?s={search_term_string}"},"query-input":{"@type":"PropertyValueSpecification","valueRequired":true,"valueName":"search_term_string"}}],"inLanguage":"pl-PL"},{"@type":"Organization","@id":"https:\/\/www.mojabochnia.pl\/#organization","name":"mojabochnia.pl - portal informacyjny","url":"https:\/\/www.mojabochnia.pl\/","logo":{"@type":"ImageObject","inLanguage":"pl-PL","@id":"https:\/\/www.mojabochnia.pl\/#\/schema\/logo\/image\/","url":"https:\/\/www.mojabochnia.pl\/wp-content\/uploads\/2017\/08\/logo-mb-opt.png","contentUrl":"https:\/\/www.mojabochnia.pl\/wp-content\/uploads\/2017\/08\/logo-mb-opt.png","width":250,"height":48,"caption":"mojabochnia.pl - portal informacyjny"},"image":{"@id":"https:\/\/www.mojabochnia.pl\/#\/schema\/logo\/image\/"},"sameAs":["https:\/\/www.facebook.com\/mojabochnia"]},{"@type":"Person","@id":"https:\/\/www.mojabochnia.pl\/#\/schema\/person\/ea042e4724a77627963f02166828ead4","name":"Pawe\u0142 Michalczyk","url":"https:\/\/www.mojabochnia.pl\/?author=4"}]}},"_links":{"self":[{"href":"https:\/\/www.mojabochnia.pl\/index.php?rest_route=\/wp\/v2\/posts\/28096","targetHints":{"allow":["GET"]}}],"collection":[{"href":"https:\/\/www.mojabochnia.pl\/index.php?rest_route=\/wp\/v2\/posts"}],"about":[{"href":"https:\/\/www.mojabochnia.pl\/index.php?rest_route=\/wp\/v2\/types\/post"}],"author":[{"embeddable":true,"href":"https:\/\/www.mojabochnia.pl\/index.php?rest_route=\/wp\/v2\/users\/4"}],"replies":[{"embeddable":true,"href":"https:\/\/www.mojabochnia.pl\/index.php?rest_route=%2Fwp%2Fv2%2Fcomments&post=28096"}],"version-history":[{"count":0,"href":"https:\/\/www.mojabochnia.pl\/index.php?rest_route=\/wp\/v2\/posts\/28096\/revisions"}],"wp:attachment":[{"href":"https:\/\/www.mojabochnia.pl\/index.php?rest_route=%2Fwp%2Fv2%2Fmedia&parent=28096"}],"wp:term":[{"taxonomy":"category","embeddable":true,"href":"https:\/\/www.mojabochnia.pl\/index.php?rest_route=%2Fwp%2Fv2%2Fcategories&post=28096"},{"taxonomy":"post_tag","embeddable":true,"href":"https:\/\/www.mojabochnia.pl\/index.php?rest_route=%2Fwp%2Fv2%2Ftags&post=28096"}],"curies":[{"name":"wp","href":"https:\/\/api.w.org\/{rel}","templated":true}]}}