{"id":28086,"date":"2010-06-04T12:28:08","date_gmt":"2010-06-04T10:28:08","guid":{"rendered":"http:\/\/www.mojabochnia.pl\/?p=28086"},"modified":"2010-06-04T14:41:58","modified_gmt":"2010-06-04T12:41:58","slug":"dochod-z-festynu-parafialnego-trafi-do-powodzian","status":"publish","type":"post","link":"https:\/\/www.mojabochnia.pl\/?p=28086","title":{"rendered":"Doch\u00f3d z Festynu Parafialnego trafi do powodzian"},"content":{"rendered":"<p><strong>Program Festynu:<\/strong><\/p>\n<p>Niedziela, 6 czerwca (Planty Salinarne i SP nr 2)<\/p>\n<p>14.00 &#8211; wyst\u0119p Orkiestry Kopalni Soli w Bochni<br \/>\n14:45 &#8211; &#8222;Ja\u015b i Ma\u0142gosia&#8221; &#8211; bajka w wykonaniu rodzic\u00f3w dzieci z przedszkola &#8222;Ochronka&#8221; Si\u00f3str S\u0142u\u017cebniczek<br \/>\n15.40 &#8211; Gucio zaczarowany teatr Lalek BAJKA<br \/>\n16.30 &#8211; Wyst\u0119py zespo\u0142\u00f3w dzieci\u0119cych z miejskiego Domu Kultury w Bochni<br \/>\n18.30 &#8211; Losowanie cz. 1<br \/>\n19.00 &#8211; Go\u015b\u0107 festynu: Jacek i Placek (Jacek Dew\u00f3dzki)<br \/>\n20.00 &#8211; Losowanie cz. 2 &#8211; nagroda g\u0142\u00f3wna<\/p>\n<p><strong>Imprezy towarzysz\u0105ce:<\/strong><br \/>\n&#8211; \u015acianka wspinaczkowa Podhala\u0144skiej Grupy GOPR<br \/>\n&#8211; Loteria fantowa<br \/>\n&#8211; Zje\u017cd\u017calnie dmuchane<br \/>\n&#8211; Plac zabaw dla maluch\u00f3w<br \/>\n&#8211; Pokaz sprz\u0119tu stra\u017cackiego<br \/>\n&#8211; Policja i harcerze &#8211; konkursy sprawno\u015bciowe<br \/>\n&#8211; Boche\u0144skie Bractwo Motocyklowe Bochegna &#8211; Komandor Marco<br \/>\n&#8211; Konkursy Plastyczne<\/p>\n<p>Festyn organizuj\u0105 wsp\u00f3lnie: Parafia \u015bw. Miko\u0142aja, Urz\u0105d Miejski i Miejski Dom Kultury<\/p>\n","protected":false},"excerpt":{"rendered":"<p>Organizatorzy 11. ju\u017c Festynu Parafialnego, kt\u00f3ry planowany jest na najbli\u017csz\u0105 sobot\u0119 i niedziel\u0119 zdecydowali o przekazaniu dochodu z imprezy na letni wypoczynek dzieci &#8211; powodzian.<\/p>\n","protected":false},"author":2,"featured_media":0,"comment_status":"open","ping_status":"closed","sticky":false,"template":"","format":"standard","meta":{"_acf_changed":false,"footnotes":""},"categories":[5,92,6250],"tags":[7008,17392,27,4279,17774],"class_list":["post-28086","post","type-post","status-publish","format-standard","hentry","category-biezace-wydarzenia","category-kultura","category-tematyka","tag-festyn-parafialny","tag-parafia","tag-parafia-sw-mikolaja","tag-parafiada","tag-powodz"],"acf":[],"yoast_head":"<!-- This site is optimized with the Yoast SEO plugin v26.9 - https:\/\/yoast.com\/product\/yoast-seo-wordpress\/ -->\n<title>Doch\u00f3d z Festynu Parafialnego trafi do powodzian - mojabochnia.pl - portal informacyjny<\/title>\n<meta name=\"robots\" content=\"index, follow, max-snippet:-1, max-image-preview:large, max-video-preview:-1\" \/>\n<link rel=\"canonical\" href=\"https:\/\/www.mojabochnia.pl\/?p=28086\" \/>\n<meta property=\"og:locale\" content=\"pl_PL\" \/>\n<meta property=\"og:type\" content=\"article\" \/>\n<meta property=\"og:title\" content=\"Doch\u00f3d z Festynu Parafialnego trafi do powodzian - mojabochnia.pl - portal informacyjny\" \/>\n<meta property=\"og:description\" content=\"Organizatorzy 11. ju\u017c Festynu Parafialnego, kt\u00f3ry planowany jest na najbli\u017csz\u0105 sobot\u0119 i niedziel\u0119 zdecydowali o przekazaniu dochodu z imprezy na letni wypoczynek dzieci - powodzian.\" \/>\n<meta property=\"og:url\" content=\"https:\/\/www.mojabochnia.pl\/?p=28086\" \/>\n<meta property=\"og:site_name\" content=\"mojabochnia.pl - portal informacyjny\" \/>\n<meta property=\"article:publisher\" content=\"https:\/\/www.facebook.com\/mojabochnia\" \/>\n<meta property=\"article:published_time\" content=\"2010-06-04T10:28:08+00:00\" \/>\n<meta property=\"article:modified_time\" content=\"2010-06-04T12:41:58+00:00\" \/>\n<meta name=\"author\" content=\"Jacek Kucharski\" \/>\n<meta name=\"twitter:card\" content=\"summary_large_image\" \/>\n<meta name=\"twitter:label1\" content=\"Written by\" \/>\n\t<meta name=\"twitter:data1\" content=\"Jacek Kucharski\" \/>\n\t<meta name=\"twitter:label2\" content=\"Est. reading time\" \/>\n\t<meta name=\"twitter:data2\" content=\"1 minuta\" \/>\n<script type=\"application\/ld+json\" class=\"yoast-schema-graph\">{\"@context\":\"https:\/\/schema.org\",\"@graph\":[{\"@type\":\"Article\",\"@id\":\"https:\/\/www.mojabochnia.pl\/?p=28086#article\",\"isPartOf\":{\"@id\":\"https:\/\/www.mojabochnia.pl\/?p=28086\"},\"author\":{\"name\":\"Jacek Kucharski\",\"@id\":\"https:\/\/www.mojabochnia.pl\/#\/schema\/person\/cbf2046fc62995d3796f0c0160613698\"},\"headline\":\"Doch\u00f3d z Festynu Parafialnego trafi do powodzian\",\"datePublished\":\"2010-06-04T10:28:08+00:00\",\"dateModified\":\"2010-06-04T12:41:58+00:00\",\"mainEntityOfPage\":{\"@id\":\"https:\/\/www.mojabochnia.pl\/?p=28086\"},\"wordCount\":148,\"commentCount\":0,\"publisher\":{\"@id\":\"https:\/\/www.mojabochnia.pl\/#organization\"},\"keywords\":[\"festyn parafialny\",\"parafia\",\"Parafia \u015bw. Miko\u0142aja\",\"parafiada\",\"pow\u00f3d\u017a\"],\"articleSection\":[\"2_ostatnie\",\"kultura\",\"tematyka\"],\"inLanguage\":\"pl-PL\",\"potentialAction\":[{\"@type\":\"CommentAction\",\"name\":\"Comment\",\"target\":[\"https:\/\/www.mojabochnia.pl\/?p=28086#respond\"]}]},{\"@type\":\"WebPage\",\"@id\":\"https:\/\/www.mojabochnia.pl\/?p=28086\",\"url\":\"https:\/\/www.mojabochnia.pl\/?p=28086\",\"name\":\"Doch\u00f3d z Festynu Parafialnego trafi do powodzian - mojabochnia.pl - portal informacyjny\",\"isPartOf\":{\"@id\":\"https:\/\/www.mojabochnia.pl\/#website\"},\"datePublished\":\"2010-06-04T10:28:08+00:00\",\"dateModified\":\"2010-06-04T12:41:58+00:00\",\"breadcrumb\":{\"@id\":\"https:\/\/www.mojabochnia.pl\/?p=28086#breadcrumb\"},\"inLanguage\":\"pl-PL\",\"potentialAction\":[{\"@type\":\"ReadAction\",\"target\":[\"https:\/\/www.mojabochnia.pl\/?p=28086\"]}]},{\"@type\":\"BreadcrumbList\",\"@id\":\"https:\/\/www.mojabochnia.pl\/?p=28086#breadcrumb\",\"itemListElement\":[{\"@type\":\"ListItem\",\"position\":1,\"name\":\"Home\",\"item\":\"https:\/\/www.mojabochnia.pl\/\"},{\"@type\":\"ListItem\",\"position\":2,\"name\":\"Doch\u00f3d z Festynu Parafialnego trafi do powodzian\"}]},{\"@type\":\"WebSite\",\"@id\":\"https:\/\/www.mojabochnia.pl\/#website\",\"url\":\"https:\/\/www.mojabochnia.pl\/\",\"name\":\"mojabochnia.pl - portal informacyjny\",\"description\":\"mojaBochnia to portal informacyjny o Bochni. Codziennie o Bochni piszemy i pokazujemy najwa\u017cniejsze wydarzenia\",\"publisher\":{\"@id\":\"https:\/\/www.mojabochnia.pl\/#organization\"},\"potentialAction\":[{\"@type\":\"SearchAction\",\"target\":{\"@type\":\"EntryPoint\",\"urlTemplate\":\"https:\/\/www.mojabochnia.pl\/?s={search_term_string}\"},\"query-input\":{\"@type\":\"PropertyValueSpecification\",\"valueRequired\":true,\"valueName\":\"search_term_string\"}}],\"inLanguage\":\"pl-PL\"},{\"@type\":\"Organization\",\"@id\":\"https:\/\/www.mojabochnia.pl\/#organization\",\"name\":\"mojabochnia.pl - portal informacyjny\",\"url\":\"https:\/\/www.mojabochnia.pl\/\",\"logo\":{\"@type\":\"ImageObject\",\"inLanguage\":\"pl-PL\",\"@id\":\"https:\/\/www.mojabochnia.pl\/#\/schema\/logo\/image\/\",\"url\":\"https:\/\/www.mojabochnia.pl\/wp-content\/uploads\/2017\/08\/logo-mb-opt.png\",\"contentUrl\":\"https:\/\/www.mojabochnia.pl\/wp-content\/uploads\/2017\/08\/logo-mb-opt.png\",\"width\":250,\"height\":48,\"caption\":\"mojabochnia.pl - portal informacyjny\"},\"image\":{\"@id\":\"https:\/\/www.mojabochnia.pl\/#\/schema\/logo\/image\/\"},\"sameAs\":[\"https:\/\/www.facebook.com\/mojabochnia\"]},{\"@type\":\"Person\",\"@id\":\"https:\/\/www.mojabochnia.pl\/#\/schema\/person\/cbf2046fc62995d3796f0c0160613698\",\"name\":\"Jacek Kucharski\",\"url\":\"https:\/\/www.mojabochnia.pl\/?author=2\"}]}<\/script>\n<!-- \/ Yoast SEO plugin. -->","yoast_head_json":{"title":"Doch\u00f3d z Festynu Parafialnego trafi do powodzian - mojabochnia.pl - portal informacyjny","robots":{"index":"index","follow":"follow","max-snippet":"max-snippet:-1","max-image-preview":"max-image-preview:large","max-video-preview":"max-video-preview:-1"},"canonical":"https:\/\/www.mojabochnia.pl\/?p=28086","og_locale":"pl_PL","og_type":"article","og_title":"Doch\u00f3d z Festynu Parafialnego trafi do powodzian - mojabochnia.pl - portal informacyjny","og_description":"Organizatorzy 11. ju\u017c Festynu Parafialnego, kt\u00f3ry planowany jest na najbli\u017csz\u0105 sobot\u0119 i niedziel\u0119 zdecydowali o przekazaniu dochodu z imprezy na letni wypoczynek dzieci - powodzian.","og_url":"https:\/\/www.mojabochnia.pl\/?p=28086","og_site_name":"mojabochnia.pl - portal informacyjny","article_publisher":"https:\/\/www.facebook.com\/mojabochnia","article_published_time":"2010-06-04T10:28:08+00:00","article_modified_time":"2010-06-04T12:41:58+00:00","author":"Jacek Kucharski","twitter_card":"summary_large_image","twitter_misc":{"Written by":"Jacek Kucharski","Est. reading time":"1 minuta"},"schema":{"@context":"https:\/\/schema.org","@graph":[{"@type":"Article","@id":"https:\/\/www.mojabochnia.pl\/?p=28086#article","isPartOf":{"@id":"https:\/\/www.mojabochnia.pl\/?p=28086"},"author":{"name":"Jacek Kucharski","@id":"https:\/\/www.mojabochnia.pl\/#\/schema\/person\/cbf2046fc62995d3796f0c0160613698"},"headline":"Doch\u00f3d z Festynu Parafialnego trafi do powodzian","datePublished":"2010-06-04T10:28:08+00:00","dateModified":"2010-06-04T12:41:58+00:00","mainEntityOfPage":{"@id":"https:\/\/www.mojabochnia.pl\/?p=28086"},"wordCount":148,"commentCount":0,"publisher":{"@id":"https:\/\/www.mojabochnia.pl\/#organization"},"keywords":["festyn parafialny","parafia","Parafia \u015bw. Miko\u0142aja","parafiada","pow\u00f3d\u017a"],"articleSection":["2_ostatnie","kultura","tematyka"],"inLanguage":"pl-PL","potentialAction":[{"@type":"CommentAction","name":"Comment","target":["https:\/\/www.mojabochnia.pl\/?p=28086#respond"]}]},{"@type":"WebPage","@id":"https:\/\/www.mojabochnia.pl\/?p=28086","url":"https:\/\/www.mojabochnia.pl\/?p=28086","name":"Doch\u00f3d z Festynu Parafialnego trafi do powodzian - mojabochnia.pl - portal informacyjny","isPartOf":{"@id":"https:\/\/www.mojabochnia.pl\/#website"},"datePublished":"2010-06-04T10:28:08+00:00","dateModified":"2010-06-04T12:41:58+00:00","breadcrumb":{"@id":"https:\/\/www.mojabochnia.pl\/?p=28086#breadcrumb"},"inLanguage":"pl-PL","potentialAction":[{"@type":"ReadAction","target":["https:\/\/www.mojabochnia.pl\/?p=28086"]}]},{"@type":"BreadcrumbList","@id":"https:\/\/www.mojabochnia.pl\/?p=28086#breadcrumb","itemListElement":[{"@type":"ListItem","position":1,"name":"Home","item":"https:\/\/www.mojabochnia.pl\/"},{"@type":"ListItem","position":2,"name":"Doch\u00f3d z Festynu Parafialnego trafi do powodzian"}]},{"@type":"WebSite","@id":"https:\/\/www.mojabochnia.pl\/#website","url":"https:\/\/www.mojabochnia.pl\/","name":"mojabochnia.pl - portal informacyjny","description":"mojaBochnia to portal informacyjny o Bochni. Codziennie o Bochni piszemy i pokazujemy najwa\u017cniejsze wydarzenia","publisher":{"@id":"https:\/\/www.mojabochnia.pl\/#organization"},"potentialAction":[{"@type":"SearchAction","target":{"@type":"EntryPoint","urlTemplate":"https:\/\/www.mojabochnia.pl\/?s={search_term_string}"},"query-input":{"@type":"PropertyValueSpecification","valueRequired":true,"valueName":"search_term_string"}}],"inLanguage":"pl-PL"},{"@type":"Organization","@id":"https:\/\/www.mojabochnia.pl\/#organization","name":"mojabochnia.pl - portal informacyjny","url":"https:\/\/www.mojabochnia.pl\/","logo":{"@type":"ImageObject","inLanguage":"pl-PL","@id":"https:\/\/www.mojabochnia.pl\/#\/schema\/logo\/image\/","url":"https:\/\/www.mojabochnia.pl\/wp-content\/uploads\/2017\/08\/logo-mb-opt.png","contentUrl":"https:\/\/www.mojabochnia.pl\/wp-content\/uploads\/2017\/08\/logo-mb-opt.png","width":250,"height":48,"caption":"mojabochnia.pl - portal informacyjny"},"image":{"@id":"https:\/\/www.mojabochnia.pl\/#\/schema\/logo\/image\/"},"sameAs":["https:\/\/www.facebook.com\/mojabochnia"]},{"@type":"Person","@id":"https:\/\/www.mojabochnia.pl\/#\/schema\/person\/cbf2046fc62995d3796f0c0160613698","name":"Jacek Kucharski","url":"https:\/\/www.mojabochnia.pl\/?author=2"}]}},"_links":{"self":[{"href":"https:\/\/www.mojabochnia.pl\/index.php?rest_route=\/wp\/v2\/posts\/28086","targetHints":{"allow":["GET"]}}],"collection":[{"href":"https:\/\/www.mojabochnia.pl\/index.php?rest_route=\/wp\/v2\/posts"}],"about":[{"href":"https:\/\/www.mojabochnia.pl\/index.php?rest_route=\/wp\/v2\/types\/post"}],"author":[{"embeddable":true,"href":"https:\/\/www.mojabochnia.pl\/index.php?rest_route=\/wp\/v2\/users\/2"}],"replies":[{"embeddable":true,"href":"https:\/\/www.mojabochnia.pl\/index.php?rest_route=%2Fwp%2Fv2%2Fcomments&post=28086"}],"version-history":[{"count":0,"href":"https:\/\/www.mojabochnia.pl\/index.php?rest_route=\/wp\/v2\/posts\/28086\/revisions"}],"wp:attachment":[{"href":"https:\/\/www.mojabochnia.pl\/index.php?rest_route=%2Fwp%2Fv2%2Fmedia&parent=28086"}],"wp:term":[{"taxonomy":"category","embeddable":true,"href":"https:\/\/www.mojabochnia.pl\/index.php?rest_route=%2Fwp%2Fv2%2Fcategories&post=28086"},{"taxonomy":"post_tag","embeddable":true,"href":"https:\/\/www.mojabochnia.pl\/index.php?rest_route=%2Fwp%2Fv2%2Ftags&post=28086"}],"curies":[{"name":"wp","href":"https:\/\/api.w.org\/{rel}","templated":true}]}}