{"id":27886,"date":"2010-06-01T09:10:06","date_gmt":"2010-06-01T07:10:06","guid":{"rendered":"http:\/\/www.mojabochnia.pl\/?p=27886"},"modified":"2010-06-01T12:55:32","modified_gmt":"2010-06-01T10:55:32","slug":"komunikat-urzedu-miasta-bochni-w-sprawie-udzielenia-pomocy-spolecznej-osobom-lub-rodzinom-poszkodowanym-przez-powodz-w-maju-2010-roku","status":"publish","type":"post","link":"https:\/\/www.mojabochnia.pl\/?p=27886","title":{"rendered":"Komunikat Urz\u0119du Miasta Bochni w sprawie udzielenia pomocy spo\u0142ecznej osobom  lub rodzinom poszkodowanym przez pow\u00f3d\u017a w maju 2010 roku"},"content":{"rendered":"<p>Pomoc przys\u0142uguje rodzinom lub osobom samotnie gospodaruj\u0105cym, zwanym dalej \u201eosobami uprawnionymi\u201d, na remont albo odbudow\u0119 budynku mieszkalnego lub lokalu mieszkalnego, kt\u00f3ry uleg\u0142 zniszczeniu w zwi\u0105zku z powodzi\u0105 z maja 2010 r.<\/p>\n<p>Pomoc jest udzielana na wniosek osoby uprawnionej. Z wnioskiem o udzielenie pomocy mo\u017ce wyst\u0105pi\u0107 osoba uprawniona, kt\u00f3ra jest:<br \/>\n1) w\u0142a\u015bcicielem budynku mieszkalnego lub lokalu mieszkalnego;<br \/>\n2) osob\u0105, kt\u00f3rej przys\u0142uguje sp\u00f3\u0142dzielcze w\u0142asno\u015bciowe prawo do lokalu, kt\u00f3rego przedmiotem jest lokal mieszkalny lub dom jednorodzinny;<br \/>\n3) osob\u0105, kt\u00f3rej przys\u0142uguje sp\u00f3\u0142dzielcze lokatorskie prawo do lokalu mieszkalnego;<br \/>\n4) najemc\u0105 lokalu mieszkalnego albo budynku mieszkalnego.<\/p>\n<p>Pomoc b\u0119dzie mog\u0142a by\u0107 udzielona osobie uprawnionej, b\u0119d\u0105cej najemc\u0105 budynku mieszkalnego lub lokalu mieszkalnego pod warunkiem uzyskania zgody w\u0142a\u015bciciela na przeprowadzenie remontu albo odbudowy budynku mieszkalnego albo lokalu mieszkalnego. W przypadku wyra\u017cenia zgody przez w\u0142a\u015bciciela nie b\u0119dzie si\u0119 on m\u00f3g\u0142 osobno ubiega\u0107 o pomoc. Osoba uprawniona sk\u0142ada pisemne o\u015bwiadczenie o spe\u0142nieniu powy\u017cszych warunk\u00f3w, kt\u00f3re jest do\u0142\u0105czane do wniosku o udzielenie pomocy.<\/p>\n<p>Pomoc mo\u017ce by\u0107 przyznana na remont lub odbudow\u0119 budynku mieszkalnego lub lokalu mieszkalnego w wysoko\u015bci:<br \/>\n1\/ do 20 tys. z\u0142 &#8211; przypadku gdy osoba uprawniona nie przewiduje wi\u0119kszych koszt\u00f3w i rezygnuje z wyceny koszt\u00f3w, o kt\u00f3rej mowa w pkt 2;<br \/>\n2\/ od 20 tys. do 100 tys. z\u0142 &#8211; w takim przypadku dla uzyskania zasi\u0142ku niezb\u0119dna jest wcze\u015bniejsza wycena koszt\u00f3w, wykonana przez upowa\u017cnione przez do tego osoby, wyznaczone przez wojewod\u0119.<\/p>\n<p>Uwaga!!!<br \/>\nWyst\u0105pienie o pomoc do 20 tys. z\u0142 WYKLUCZA mo\u017cliwo\u015b\u0107 ubiegania si\u0119 o pomoc w wysoko\u015bci 20-100 tys. z\u0142.<br \/>\nAby uzyska\u0107 pomoc nale\u017cy z\u0142o\u017cy\u0107 wniosek, w kt\u00f3rym nale\u017cy opisa\u0107 rodzaj poniesionych szk\u00f3d, oszacowa\u0107 je oraz do\u0142\u0105czy\u0107 dokumentacj\u0119 fotograficzn\u0105 (min. 3 zdj\u0119cia). Dokumentacj\u0119 nale\u017cy z\u0142o\u017cy\u0107 w Punkcie Obs\u0142ugi Klienta Urz\u0119du Miasta (wej\u015bcie od ul. Kazimierza Wlk. przy Stra\u017cy Miejskiej) w godzinach pracy Urz\u0119du. <\/p>\n<p>Zasadno\u015b\u0107 udzielenia wniosku b\u0119dzie weryfikowana przez komisj\u0119, powo\u0142an\u0105 przez Burmistrza Miasta.<\/p>\n<p>Do udzielenia pomocy kwalifikuj\u0105 si\u0119 straty, poniesione wy\u0142\u0105cznie w substancji mieszkaniowej (przyk\u0142adowo: zawilgocenie \u015bcian, zniszczenie pod\u0142\u00f3g)<\/p>\n<p>Pomoc\u0105 nie s\u0105 obj\u0119te:<br \/>\n&#8211; straty w budynkach mieszkalnych w budowie,<br \/>\n&#8211; straty w budynkach gospodarczych, gara\u017cach, warsztatach, piwnicach itp.<br \/>\n&#8211; zniszczone sprz\u0119ty w gospodarstwach domowych  (meble, sprz\u0119t AGD)<br \/>\n&#8211; zniszczone lub uszkodzone pojazdy mechaniczne<br \/>\n&#8211; sprz\u0119t rolniczy<br \/>\n&#8211; straty w uprawach rolnych<\/p>\n<p>Pomoc wymieniona w punkcie 2 jest udzielana w ratach, pierwsza rata wynosi 50% koszt\u00f3w remontu lub odbudowy.<br \/>\nPomoc wymieniona w punkcie 2 jest udzielana po oszacowaniu wielko\u015bci szk\u00f3d, dokonanym przez wskazane przez wojewod\u0119 ma\u0142opolskiego osoby, rekrutowane spo\u015br\u00f3d pracownik\u00f3w inspekcji architektoniczno-budowlanej lub innych os\u00f3b, posiadaj\u0105cych uprawnienia rzeczoznawcy maj\u0105tkowego.<\/p>\n<p>Osoby uprawnione s\u0105 obowi\u0105zane przedstawi\u0107 faktury i rachunki, potwierdzaj\u0105ce poniesienie wydatk\u00f3w zwi\u0105zanych z remontem lub odbudow\u0105 budynk\u00f3w mieszkalnych lub lokali mieszkalnych.<\/p>\n<p>W razie, gdy osoba uprawniona nie rozliczy poniesionych wydatk\u00f3w (nie przedstawi faktur lub rachunk\u00f3w) albo przeznaczy otrzyman\u0105 pomoc na cel niezgodny z celem, na jaki zosta\u0142a ona udzielona, to zwrot tej pomocy nast\u0119puje na podstawie ustawy o pomocy spo\u0142ecznej.<\/p>\n<p>Wy\u017cej wymieniona pomoc finansowa jest udzielana w formie zasi\u0142ku celowego, przyznawanego na zasadach okre\u015blonych w art. 40 ust. 2 i 3 ustawy z 12 marca 2004 roku o pomocy spo\u0142ecznej, przez kierownika o\u015brodka pomocy spo\u0142ecznej, kt\u00f3ry dzia\u0142a z upowa\u017cnienia burmistrza miasta.<\/p>\n<p>Pomoc nie mo\u017ce przekroczy\u0107 wysoko\u015bci szk\u00f3d wyrz\u0105dzonych w danym budynku mieszkalnym lub lokalu mieszkalnym.<br \/>\nPomoc mo\u017ce by\u0107 przyznawana w drodze jednej lub kilku odr\u0119bnych decyzji administracyjnych, kt\u00f3rym nadaje si\u0119 rygor natychmiastowej wykonalno\u015bci.<\/p>\n<p>Wyp\u0142aty zasi\u0142k\u00f3w celowych osobom uprawnionym dokonywane b\u0119d\u0105 przez Miejski O\u015brodek Pomocy Spo\u0142ecznej w Bochni.<br \/>\nOd 31 maja do 2 czerwca (od poniedzia\u0142ku do \u015brody) w godzinach od 9.00 do 17.00 pod bezp\u0142atnym numerem 800 200 400 mo\u017cna uzyska\u0107 informacj\u0119 na temat pomocy finansowej dla powodzian.<\/p>\n","protected":false},"excerpt":{"rendered":"<p>Prezentujemy tre\u015b\u0107 komunikatu Urz\u0119du Miasta, wa\u017cny dla os\u00f3b poszkodowanych przez pow\u00f3d\u017a.<\/p>\n","protected":false},"author":2,"featured_media":0,"comment_status":"open","ping_status":"closed","sticky":false,"template":"","format":"standard","meta":{"_acf_changed":false,"footnotes":""},"categories":[5,6251,6250],"tags":[17716,17774,17679],"class_list":["post-27886","post","type-post","status-publish","format-standard","hentry","category-biezace-wydarzenia","category-polityka-i-wydarzenia","category-tematyka","tag-komunikat","tag-powodz","tag-urzad-miasta"],"acf":[],"yoast_head":"<!-- This site is optimized with the Yoast SEO plugin v26.9 - https:\/\/yoast.com\/product\/yoast-seo-wordpress\/ -->\n<title>Komunikat Urz\u0119du Miasta Bochni w sprawie udzielenia pomocy spo\u0142ecznej osobom lub rodzinom poszkodowanym przez pow\u00f3d\u017a w maju 2010 roku - mojabochnia.pl - portal informacyjny<\/title>\n<meta name=\"robots\" content=\"index, follow, max-snippet:-1, max-image-preview:large, max-video-preview:-1\" \/>\n<link rel=\"canonical\" href=\"https:\/\/www.mojabochnia.pl\/?p=27886\" \/>\n<meta property=\"og:locale\" content=\"pl_PL\" \/>\n<meta property=\"og:type\" content=\"article\" \/>\n<meta property=\"og:title\" content=\"Komunikat Urz\u0119du Miasta Bochni w sprawie udzielenia pomocy spo\u0142ecznej osobom lub rodzinom poszkodowanym przez pow\u00f3d\u017a w maju 2010 roku - mojabochnia.pl - portal informacyjny\" \/>\n<meta property=\"og:description\" content=\"Prezentujemy tre\u015b\u0107 komunikatu Urz\u0119du Miasta, wa\u017cny dla os\u00f3b poszkodowanych przez pow\u00f3d\u017a.\" \/>\n<meta property=\"og:url\" content=\"https:\/\/www.mojabochnia.pl\/?p=27886\" \/>\n<meta property=\"og:site_name\" content=\"mojabochnia.pl - portal informacyjny\" \/>\n<meta property=\"article:publisher\" content=\"https:\/\/www.facebook.com\/mojabochnia\" \/>\n<meta property=\"article:published_time\" content=\"2010-06-01T07:10:06+00:00\" \/>\n<meta property=\"article:modified_time\" content=\"2010-06-01T10:55:32+00:00\" \/>\n<meta name=\"author\" content=\"Jacek Kucharski\" \/>\n<meta name=\"twitter:card\" content=\"summary_large_image\" \/>\n<meta name=\"twitter:label1\" content=\"Written by\" \/>\n\t<meta name=\"twitter:data1\" content=\"Jacek Kucharski\" \/>\n\t<meta name=\"twitter:label2\" content=\"Est. reading time\" \/>\n\t<meta name=\"twitter:data2\" content=\"3 minuty\" \/>\n<script type=\"application\/ld+json\" class=\"yoast-schema-graph\">{\"@context\":\"https:\/\/schema.org\",\"@graph\":[{\"@type\":\"Article\",\"@id\":\"https:\/\/www.mojabochnia.pl\/?p=27886#article\",\"isPartOf\":{\"@id\":\"https:\/\/www.mojabochnia.pl\/?p=27886\"},\"author\":{\"name\":\"Jacek Kucharski\",\"@id\":\"https:\/\/www.mojabochnia.pl\/#\/schema\/person\/cbf2046fc62995d3796f0c0160613698\"},\"headline\":\"Komunikat Urz\u0119du Miasta Bochni w sprawie udzielenia pomocy spo\u0142ecznej osobom lub rodzinom poszkodowanym przez pow\u00f3d\u017a w maju 2010 roku\",\"datePublished\":\"2010-06-01T07:10:06+00:00\",\"dateModified\":\"2010-06-01T10:55:32+00:00\",\"mainEntityOfPage\":{\"@id\":\"https:\/\/www.mojabochnia.pl\/?p=27886\"},\"wordCount\":693,\"commentCount\":0,\"publisher\":{\"@id\":\"https:\/\/www.mojabochnia.pl\/#organization\"},\"keywords\":[\"komunikat\",\"pow\u00f3d\u017a\",\"urz\u0105d miasta\"],\"articleSection\":[\"2_ostatnie\",\"polityka i wydarzenia\",\"tematyka\"],\"inLanguage\":\"pl-PL\",\"potentialAction\":[{\"@type\":\"CommentAction\",\"name\":\"Comment\",\"target\":[\"https:\/\/www.mojabochnia.pl\/?p=27886#respond\"]}]},{\"@type\":\"WebPage\",\"@id\":\"https:\/\/www.mojabochnia.pl\/?p=27886\",\"url\":\"https:\/\/www.mojabochnia.pl\/?p=27886\",\"name\":\"Komunikat Urz\u0119du Miasta Bochni w sprawie udzielenia pomocy spo\u0142ecznej osobom lub rodzinom poszkodowanym przez pow\u00f3d\u017a w maju 2010 roku - mojabochnia.pl - portal informacyjny\",\"isPartOf\":{\"@id\":\"https:\/\/www.mojabochnia.pl\/#website\"},\"datePublished\":\"2010-06-01T07:10:06+00:00\",\"dateModified\":\"2010-06-01T10:55:32+00:00\",\"breadcrumb\":{\"@id\":\"https:\/\/www.mojabochnia.pl\/?p=27886#breadcrumb\"},\"inLanguage\":\"pl-PL\",\"potentialAction\":[{\"@type\":\"ReadAction\",\"target\":[\"https:\/\/www.mojabochnia.pl\/?p=27886\"]}]},{\"@type\":\"BreadcrumbList\",\"@id\":\"https:\/\/www.mojabochnia.pl\/?p=27886#breadcrumb\",\"itemListElement\":[{\"@type\":\"ListItem\",\"position\":1,\"name\":\"Home\",\"item\":\"https:\/\/www.mojabochnia.pl\/\"},{\"@type\":\"ListItem\",\"position\":2,\"name\":\"Komunikat Urz\u0119du Miasta Bochni w sprawie udzielenia pomocy spo\u0142ecznej osobom lub rodzinom poszkodowanym przez pow\u00f3d\u017a w maju 2010 roku\"}]},{\"@type\":\"WebSite\",\"@id\":\"https:\/\/www.mojabochnia.pl\/#website\",\"url\":\"https:\/\/www.mojabochnia.pl\/\",\"name\":\"mojabochnia.pl - portal informacyjny\",\"description\":\"mojaBochnia to portal informacyjny o Bochni. Codziennie o Bochni piszemy i pokazujemy najwa\u017cniejsze wydarzenia\",\"publisher\":{\"@id\":\"https:\/\/www.mojabochnia.pl\/#organization\"},\"potentialAction\":[{\"@type\":\"SearchAction\",\"target\":{\"@type\":\"EntryPoint\",\"urlTemplate\":\"https:\/\/www.mojabochnia.pl\/?s={search_term_string}\"},\"query-input\":{\"@type\":\"PropertyValueSpecification\",\"valueRequired\":true,\"valueName\":\"search_term_string\"}}],\"inLanguage\":\"pl-PL\"},{\"@type\":\"Organization\",\"@id\":\"https:\/\/www.mojabochnia.pl\/#organization\",\"name\":\"mojabochnia.pl - portal informacyjny\",\"url\":\"https:\/\/www.mojabochnia.pl\/\",\"logo\":{\"@type\":\"ImageObject\",\"inLanguage\":\"pl-PL\",\"@id\":\"https:\/\/www.mojabochnia.pl\/#\/schema\/logo\/image\/\",\"url\":\"https:\/\/www.mojabochnia.pl\/wp-content\/uploads\/2017\/08\/logo-mb-opt.png\",\"contentUrl\":\"https:\/\/www.mojabochnia.pl\/wp-content\/uploads\/2017\/08\/logo-mb-opt.png\",\"width\":250,\"height\":48,\"caption\":\"mojabochnia.pl - portal informacyjny\"},\"image\":{\"@id\":\"https:\/\/www.mojabochnia.pl\/#\/schema\/logo\/image\/\"},\"sameAs\":[\"https:\/\/www.facebook.com\/mojabochnia\"]},{\"@type\":\"Person\",\"@id\":\"https:\/\/www.mojabochnia.pl\/#\/schema\/person\/cbf2046fc62995d3796f0c0160613698\",\"name\":\"Jacek Kucharski\",\"url\":\"https:\/\/www.mojabochnia.pl\/?author=2\"}]}<\/script>\n<!-- \/ Yoast SEO plugin. -->","yoast_head_json":{"title":"Komunikat Urz\u0119du Miasta Bochni w sprawie udzielenia pomocy spo\u0142ecznej osobom lub rodzinom poszkodowanym przez pow\u00f3d\u017a w maju 2010 roku - mojabochnia.pl - portal informacyjny","robots":{"index":"index","follow":"follow","max-snippet":"max-snippet:-1","max-image-preview":"max-image-preview:large","max-video-preview":"max-video-preview:-1"},"canonical":"https:\/\/www.mojabochnia.pl\/?p=27886","og_locale":"pl_PL","og_type":"article","og_title":"Komunikat Urz\u0119du Miasta Bochni w sprawie udzielenia pomocy spo\u0142ecznej osobom lub rodzinom poszkodowanym przez pow\u00f3d\u017a w maju 2010 roku - mojabochnia.pl - portal informacyjny","og_description":"Prezentujemy tre\u015b\u0107 komunikatu Urz\u0119du Miasta, wa\u017cny dla os\u00f3b poszkodowanych przez pow\u00f3d\u017a.","og_url":"https:\/\/www.mojabochnia.pl\/?p=27886","og_site_name":"mojabochnia.pl - portal informacyjny","article_publisher":"https:\/\/www.facebook.com\/mojabochnia","article_published_time":"2010-06-01T07:10:06+00:00","article_modified_time":"2010-06-01T10:55:32+00:00","author":"Jacek Kucharski","twitter_card":"summary_large_image","twitter_misc":{"Written by":"Jacek Kucharski","Est. reading time":"3 minuty"},"schema":{"@context":"https:\/\/schema.org","@graph":[{"@type":"Article","@id":"https:\/\/www.mojabochnia.pl\/?p=27886#article","isPartOf":{"@id":"https:\/\/www.mojabochnia.pl\/?p=27886"},"author":{"name":"Jacek Kucharski","@id":"https:\/\/www.mojabochnia.pl\/#\/schema\/person\/cbf2046fc62995d3796f0c0160613698"},"headline":"Komunikat Urz\u0119du Miasta Bochni w sprawie udzielenia pomocy spo\u0142ecznej osobom lub rodzinom poszkodowanym przez pow\u00f3d\u017a w maju 2010 roku","datePublished":"2010-06-01T07:10:06+00:00","dateModified":"2010-06-01T10:55:32+00:00","mainEntityOfPage":{"@id":"https:\/\/www.mojabochnia.pl\/?p=27886"},"wordCount":693,"commentCount":0,"publisher":{"@id":"https:\/\/www.mojabochnia.pl\/#organization"},"keywords":["komunikat","pow\u00f3d\u017a","urz\u0105d miasta"],"articleSection":["2_ostatnie","polityka i wydarzenia","tematyka"],"inLanguage":"pl-PL","potentialAction":[{"@type":"CommentAction","name":"Comment","target":["https:\/\/www.mojabochnia.pl\/?p=27886#respond"]}]},{"@type":"WebPage","@id":"https:\/\/www.mojabochnia.pl\/?p=27886","url":"https:\/\/www.mojabochnia.pl\/?p=27886","name":"Komunikat Urz\u0119du Miasta Bochni w sprawie udzielenia pomocy spo\u0142ecznej osobom lub rodzinom poszkodowanym przez pow\u00f3d\u017a w maju 2010 roku - mojabochnia.pl - portal informacyjny","isPartOf":{"@id":"https:\/\/www.mojabochnia.pl\/#website"},"datePublished":"2010-06-01T07:10:06+00:00","dateModified":"2010-06-01T10:55:32+00:00","breadcrumb":{"@id":"https:\/\/www.mojabochnia.pl\/?p=27886#breadcrumb"},"inLanguage":"pl-PL","potentialAction":[{"@type":"ReadAction","target":["https:\/\/www.mojabochnia.pl\/?p=27886"]}]},{"@type":"BreadcrumbList","@id":"https:\/\/www.mojabochnia.pl\/?p=27886#breadcrumb","itemListElement":[{"@type":"ListItem","position":1,"name":"Home","item":"https:\/\/www.mojabochnia.pl\/"},{"@type":"ListItem","position":2,"name":"Komunikat Urz\u0119du Miasta Bochni w sprawie udzielenia pomocy spo\u0142ecznej osobom lub rodzinom poszkodowanym przez pow\u00f3d\u017a w maju 2010 roku"}]},{"@type":"WebSite","@id":"https:\/\/www.mojabochnia.pl\/#website","url":"https:\/\/www.mojabochnia.pl\/","name":"mojabochnia.pl - portal informacyjny","description":"mojaBochnia to portal informacyjny o Bochni. Codziennie o Bochni piszemy i pokazujemy najwa\u017cniejsze wydarzenia","publisher":{"@id":"https:\/\/www.mojabochnia.pl\/#organization"},"potentialAction":[{"@type":"SearchAction","target":{"@type":"EntryPoint","urlTemplate":"https:\/\/www.mojabochnia.pl\/?s={search_term_string}"},"query-input":{"@type":"PropertyValueSpecification","valueRequired":true,"valueName":"search_term_string"}}],"inLanguage":"pl-PL"},{"@type":"Organization","@id":"https:\/\/www.mojabochnia.pl\/#organization","name":"mojabochnia.pl - portal informacyjny","url":"https:\/\/www.mojabochnia.pl\/","logo":{"@type":"ImageObject","inLanguage":"pl-PL","@id":"https:\/\/www.mojabochnia.pl\/#\/schema\/logo\/image\/","url":"https:\/\/www.mojabochnia.pl\/wp-content\/uploads\/2017\/08\/logo-mb-opt.png","contentUrl":"https:\/\/www.mojabochnia.pl\/wp-content\/uploads\/2017\/08\/logo-mb-opt.png","width":250,"height":48,"caption":"mojabochnia.pl - portal informacyjny"},"image":{"@id":"https:\/\/www.mojabochnia.pl\/#\/schema\/logo\/image\/"},"sameAs":["https:\/\/www.facebook.com\/mojabochnia"]},{"@type":"Person","@id":"https:\/\/www.mojabochnia.pl\/#\/schema\/person\/cbf2046fc62995d3796f0c0160613698","name":"Jacek Kucharski","url":"https:\/\/www.mojabochnia.pl\/?author=2"}]}},"_links":{"self":[{"href":"https:\/\/www.mojabochnia.pl\/index.php?rest_route=\/wp\/v2\/posts\/27886","targetHints":{"allow":["GET"]}}],"collection":[{"href":"https:\/\/www.mojabochnia.pl\/index.php?rest_route=\/wp\/v2\/posts"}],"about":[{"href":"https:\/\/www.mojabochnia.pl\/index.php?rest_route=\/wp\/v2\/types\/post"}],"author":[{"embeddable":true,"href":"https:\/\/www.mojabochnia.pl\/index.php?rest_route=\/wp\/v2\/users\/2"}],"replies":[{"embeddable":true,"href":"https:\/\/www.mojabochnia.pl\/index.php?rest_route=%2Fwp%2Fv2%2Fcomments&post=27886"}],"version-history":[{"count":0,"href":"https:\/\/www.mojabochnia.pl\/index.php?rest_route=\/wp\/v2\/posts\/27886\/revisions"}],"wp:attachment":[{"href":"https:\/\/www.mojabochnia.pl\/index.php?rest_route=%2Fwp%2Fv2%2Fmedia&parent=27886"}],"wp:term":[{"taxonomy":"category","embeddable":true,"href":"https:\/\/www.mojabochnia.pl\/index.php?rest_route=%2Fwp%2Fv2%2Fcategories&post=27886"},{"taxonomy":"post_tag","embeddable":true,"href":"https:\/\/www.mojabochnia.pl\/index.php?rest_route=%2Fwp%2Fv2%2Ftags&post=27886"}],"curies":[{"name":"wp","href":"https:\/\/api.w.org\/{rel}","templated":true}]}}