{"id":27884,"date":"2010-06-01T08:33:12","date_gmt":"2010-06-01T06:33:12","guid":{"rendered":"http:\/\/www.mojabochnia.pl\/?p=27884"},"modified":"2010-06-01T08:33:12","modified_gmt":"2010-06-01T06:33:12","slug":"prezes-mpwik-magistrala-bochnia-%e2%80%93-brzesko-niezbednie-potrzebna","status":"publish","type":"post","link":"https:\/\/www.mojabochnia.pl\/?p=27884","title":{"rendered":"Prezes MPWiK: magistrala Bochnia \u2013 Brzesko niezb\u0119dnie potrzebna"},"content":{"rendered":"<p>Wod\u0119 trzeba by\u0142o dowozi\u0107 beczkowozami. Od kilku lat jest realizowany projekt po\u0142\u0105czenia magistral\u0105 wodoci\u0105gow\u0105 Bochni z Brzeskiem. Nie zosta\u0142 on jeszcze uko\u0144czony. \u2013 <em>Oczywi\u015bcie, nie jest to wodoci\u0105g, kt\u00f3ry zapewni wod\u0119 dla jednego i drugiego miasta. Ale zminimalizowa\u0142by skutki dowo\u017cenia wody z Krakowa, Gdowa, Brzeska <\/em>\u2013 m\u00f3wi Zbigniew Rachwa\u0142, prezes Miejskiego Przedsi\u0119biorstwa Wodoci\u0105g\u00f3w i Kanalizacji w Bochni.<\/p>\n<p>Zdaniem prezesa MPWiK, nale\u017cy te\u017c rozwa\u017cy\u0107 w perspektywie d\u0142ugoterminowej przeniesienia uj\u0119cia wody dla Bochni. \u2013 <em>Pytanie, czy to ju\u017c by\u0142a stuletnia woda, czy trzydziestoletnia. Ja pracuj\u0119 30 lat i za mojej kariery jest to najwi\u0119ksza woda. I trzeba rozwa\u017cy\u0107, jakie przyj\u0105\u0107 kierunki, rozwi\u0105zania. Czy przenosi\u0107 ujecie wody, tylko gdzie? Mo\u017ce budowa uj\u0119cia wie\u017cowego, podobnego do tego, jakie ma Stalprodukt, czy jeszcze co\u015b innego <\/em>\u2013 zastanawia si\u0119 prezes MPWiK.<\/p>\n<p>Podtopieniu uleg\u0142a r\u00f3wnie\u017c nowobudowana stacja uzdatniania wody w Bochni. Wykonawca nie przekaza\u0142 jej jeszcze do u\u017cytku. <\/p>\n","protected":false},"excerpt":{"rendered":"<p>Bochnia jak najszybciej powinna mie\u0107 zapewnione uj\u0119cie wody z Brzeska \u2013 uwa\u017caj\u0105 w\u0142adze miasta. Podczas ostatniej powodzi, gdy dosz\u0142o do zalania uj\u0119cia wody, 30-tysi\u0119czna Bochnia by\u0142a jej pozbawiona przez trzy dni. <\/p>\n","protected":false},"author":4,"featured_media":0,"comment_status":"open","ping_status":"closed","sticky":false,"template":"","format":"standard","meta":{"_acf_changed":false,"footnotes":""},"categories":[5,6251,6250],"tags":[6989,17447,17774,6988,17402,3185,2083],"class_list":["post-27884","post","type-post","status-publish","format-standard","hentry","category-biezace-wydarzenia","category-polityka-i-wydarzenia","category-tematyka","tag-magistrala","tag-mpwik","tag-powodz","tag-ujecie-wody","tag-woda","tag-zalanie","tag-zbigniew-rachwal"],"acf":[],"yoast_head":"<!-- This site is optimized with the Yoast SEO plugin v26.9 - https:\/\/yoast.com\/product\/yoast-seo-wordpress\/ -->\n<title>Prezes MPWiK: magistrala Bochnia \u2013 Brzesko niezb\u0119dnie potrzebna - mojabochnia.pl - portal informacyjny<\/title>\n<meta name=\"robots\" content=\"index, follow, max-snippet:-1, max-image-preview:large, max-video-preview:-1\" \/>\n<link rel=\"canonical\" href=\"https:\/\/www.mojabochnia.pl\/?p=27884\" \/>\n<meta property=\"og:locale\" content=\"pl_PL\" \/>\n<meta property=\"og:type\" content=\"article\" \/>\n<meta property=\"og:title\" content=\"Prezes MPWiK: magistrala Bochnia \u2013 Brzesko niezb\u0119dnie potrzebna - mojabochnia.pl - portal informacyjny\" \/>\n<meta property=\"og:description\" content=\"Bochnia jak najszybciej powinna mie\u0107 zapewnione uj\u0119cie wody z Brzeska \u2013 uwa\u017caj\u0105 w\u0142adze miasta. Podczas ostatniej powodzi, gdy dosz\u0142o do zalania uj\u0119cia wody, 30-tysi\u0119czna Bochnia by\u0142a jej pozbawiona przez trzy dni.\" \/>\n<meta property=\"og:url\" content=\"https:\/\/www.mojabochnia.pl\/?p=27884\" \/>\n<meta property=\"og:site_name\" content=\"mojabochnia.pl - portal informacyjny\" \/>\n<meta property=\"article:publisher\" content=\"https:\/\/www.facebook.com\/mojabochnia\" \/>\n<meta property=\"article:published_time\" content=\"2010-06-01T06:33:12+00:00\" \/>\n<meta name=\"author\" content=\"Pawe\u0142 Michalczyk\" \/>\n<meta name=\"twitter:card\" content=\"summary_large_image\" \/>\n<meta name=\"twitter:label1\" content=\"Written by\" \/>\n\t<meta name=\"twitter:data1\" content=\"Pawe\u0142 Michalczyk\" \/>\n\t<meta name=\"twitter:label2\" content=\"Est. reading time\" \/>\n\t<meta name=\"twitter:data2\" content=\"1 minuta\" \/>\n<script type=\"application\/ld+json\" class=\"yoast-schema-graph\">{\"@context\":\"https:\/\/schema.org\",\"@graph\":[{\"@type\":\"Article\",\"@id\":\"https:\/\/www.mojabochnia.pl\/?p=27884#article\",\"isPartOf\":{\"@id\":\"https:\/\/www.mojabochnia.pl\/?p=27884\"},\"author\":{\"name\":\"Pawe\u0142 Michalczyk\",\"@id\":\"https:\/\/www.mojabochnia.pl\/#\/schema\/person\/ea042e4724a77627963f02166828ead4\"},\"headline\":\"Prezes MPWiK: magistrala Bochnia \u2013 Brzesko niezb\u0119dnie potrzebna\",\"datePublished\":\"2010-06-01T06:33:12+00:00\",\"mainEntityOfPage\":{\"@id\":\"https:\/\/www.mojabochnia.pl\/?p=27884\"},\"wordCount\":171,\"commentCount\":3,\"publisher\":{\"@id\":\"https:\/\/www.mojabochnia.pl\/#organization\"},\"keywords\":[\"magistrala\",\"mpwik\",\"pow\u00f3d\u017a\",\"uj\u0119cie wody\",\"woda\",\"zalanie\",\"zbigniew rachwa\u0142\"],\"articleSection\":[\"2_ostatnie\",\"polityka i wydarzenia\",\"tematyka\"],\"inLanguage\":\"pl-PL\",\"potentialAction\":[{\"@type\":\"CommentAction\",\"name\":\"Comment\",\"target\":[\"https:\/\/www.mojabochnia.pl\/?p=27884#respond\"]}]},{\"@type\":\"WebPage\",\"@id\":\"https:\/\/www.mojabochnia.pl\/?p=27884\",\"url\":\"https:\/\/www.mojabochnia.pl\/?p=27884\",\"name\":\"Prezes MPWiK: magistrala Bochnia \u2013 Brzesko niezb\u0119dnie potrzebna - mojabochnia.pl - portal informacyjny\",\"isPartOf\":{\"@id\":\"https:\/\/www.mojabochnia.pl\/#website\"},\"datePublished\":\"2010-06-01T06:33:12+00:00\",\"breadcrumb\":{\"@id\":\"https:\/\/www.mojabochnia.pl\/?p=27884#breadcrumb\"},\"inLanguage\":\"pl-PL\",\"potentialAction\":[{\"@type\":\"ReadAction\",\"target\":[\"https:\/\/www.mojabochnia.pl\/?p=27884\"]}]},{\"@type\":\"BreadcrumbList\",\"@id\":\"https:\/\/www.mojabochnia.pl\/?p=27884#breadcrumb\",\"itemListElement\":[{\"@type\":\"ListItem\",\"position\":1,\"name\":\"Home\",\"item\":\"https:\/\/www.mojabochnia.pl\/\"},{\"@type\":\"ListItem\",\"position\":2,\"name\":\"Prezes MPWiK: magistrala Bochnia \u2013 Brzesko niezb\u0119dnie potrzebna\"}]},{\"@type\":\"WebSite\",\"@id\":\"https:\/\/www.mojabochnia.pl\/#website\",\"url\":\"https:\/\/www.mojabochnia.pl\/\",\"name\":\"mojabochnia.pl - portal informacyjny\",\"description\":\"mojaBochnia to portal informacyjny o Bochni. Codziennie o Bochni piszemy i pokazujemy najwa\u017cniejsze wydarzenia\",\"publisher\":{\"@id\":\"https:\/\/www.mojabochnia.pl\/#organization\"},\"potentialAction\":[{\"@type\":\"SearchAction\",\"target\":{\"@type\":\"EntryPoint\",\"urlTemplate\":\"https:\/\/www.mojabochnia.pl\/?s={search_term_string}\"},\"query-input\":{\"@type\":\"PropertyValueSpecification\",\"valueRequired\":true,\"valueName\":\"search_term_string\"}}],\"inLanguage\":\"pl-PL\"},{\"@type\":\"Organization\",\"@id\":\"https:\/\/www.mojabochnia.pl\/#organization\",\"name\":\"mojabochnia.pl - portal informacyjny\",\"url\":\"https:\/\/www.mojabochnia.pl\/\",\"logo\":{\"@type\":\"ImageObject\",\"inLanguage\":\"pl-PL\",\"@id\":\"https:\/\/www.mojabochnia.pl\/#\/schema\/logo\/image\/\",\"url\":\"https:\/\/www.mojabochnia.pl\/wp-content\/uploads\/2017\/08\/logo-mb-opt.png\",\"contentUrl\":\"https:\/\/www.mojabochnia.pl\/wp-content\/uploads\/2017\/08\/logo-mb-opt.png\",\"width\":250,\"height\":48,\"caption\":\"mojabochnia.pl - portal informacyjny\"},\"image\":{\"@id\":\"https:\/\/www.mojabochnia.pl\/#\/schema\/logo\/image\/\"},\"sameAs\":[\"https:\/\/www.facebook.com\/mojabochnia\"]},{\"@type\":\"Person\",\"@id\":\"https:\/\/www.mojabochnia.pl\/#\/schema\/person\/ea042e4724a77627963f02166828ead4\",\"name\":\"Pawe\u0142 Michalczyk\",\"url\":\"https:\/\/www.mojabochnia.pl\/?author=4\"}]}<\/script>\n<!-- \/ Yoast SEO plugin. -->","yoast_head_json":{"title":"Prezes MPWiK: magistrala Bochnia \u2013 Brzesko niezb\u0119dnie potrzebna - mojabochnia.pl - portal informacyjny","robots":{"index":"index","follow":"follow","max-snippet":"max-snippet:-1","max-image-preview":"max-image-preview:large","max-video-preview":"max-video-preview:-1"},"canonical":"https:\/\/www.mojabochnia.pl\/?p=27884","og_locale":"pl_PL","og_type":"article","og_title":"Prezes MPWiK: magistrala Bochnia \u2013 Brzesko niezb\u0119dnie potrzebna - mojabochnia.pl - portal informacyjny","og_description":"Bochnia jak najszybciej powinna mie\u0107 zapewnione uj\u0119cie wody z Brzeska \u2013 uwa\u017caj\u0105 w\u0142adze miasta. Podczas ostatniej powodzi, gdy dosz\u0142o do zalania uj\u0119cia wody, 30-tysi\u0119czna Bochnia by\u0142a jej pozbawiona przez trzy dni.","og_url":"https:\/\/www.mojabochnia.pl\/?p=27884","og_site_name":"mojabochnia.pl - portal informacyjny","article_publisher":"https:\/\/www.facebook.com\/mojabochnia","article_published_time":"2010-06-01T06:33:12+00:00","author":"Pawe\u0142 Michalczyk","twitter_card":"summary_large_image","twitter_misc":{"Written by":"Pawe\u0142 Michalczyk","Est. reading time":"1 minuta"},"schema":{"@context":"https:\/\/schema.org","@graph":[{"@type":"Article","@id":"https:\/\/www.mojabochnia.pl\/?p=27884#article","isPartOf":{"@id":"https:\/\/www.mojabochnia.pl\/?p=27884"},"author":{"name":"Pawe\u0142 Michalczyk","@id":"https:\/\/www.mojabochnia.pl\/#\/schema\/person\/ea042e4724a77627963f02166828ead4"},"headline":"Prezes MPWiK: magistrala Bochnia \u2013 Brzesko niezb\u0119dnie potrzebna","datePublished":"2010-06-01T06:33:12+00:00","mainEntityOfPage":{"@id":"https:\/\/www.mojabochnia.pl\/?p=27884"},"wordCount":171,"commentCount":3,"publisher":{"@id":"https:\/\/www.mojabochnia.pl\/#organization"},"keywords":["magistrala","mpwik","pow\u00f3d\u017a","uj\u0119cie wody","woda","zalanie","zbigniew rachwa\u0142"],"articleSection":["2_ostatnie","polityka i wydarzenia","tematyka"],"inLanguage":"pl-PL","potentialAction":[{"@type":"CommentAction","name":"Comment","target":["https:\/\/www.mojabochnia.pl\/?p=27884#respond"]}]},{"@type":"WebPage","@id":"https:\/\/www.mojabochnia.pl\/?p=27884","url":"https:\/\/www.mojabochnia.pl\/?p=27884","name":"Prezes MPWiK: magistrala Bochnia \u2013 Brzesko niezb\u0119dnie potrzebna - mojabochnia.pl - portal informacyjny","isPartOf":{"@id":"https:\/\/www.mojabochnia.pl\/#website"},"datePublished":"2010-06-01T06:33:12+00:00","breadcrumb":{"@id":"https:\/\/www.mojabochnia.pl\/?p=27884#breadcrumb"},"inLanguage":"pl-PL","potentialAction":[{"@type":"ReadAction","target":["https:\/\/www.mojabochnia.pl\/?p=27884"]}]},{"@type":"BreadcrumbList","@id":"https:\/\/www.mojabochnia.pl\/?p=27884#breadcrumb","itemListElement":[{"@type":"ListItem","position":1,"name":"Home","item":"https:\/\/www.mojabochnia.pl\/"},{"@type":"ListItem","position":2,"name":"Prezes MPWiK: magistrala Bochnia \u2013 Brzesko niezb\u0119dnie potrzebna"}]},{"@type":"WebSite","@id":"https:\/\/www.mojabochnia.pl\/#website","url":"https:\/\/www.mojabochnia.pl\/","name":"mojabochnia.pl - portal informacyjny","description":"mojaBochnia to portal informacyjny o Bochni. Codziennie o Bochni piszemy i pokazujemy najwa\u017cniejsze wydarzenia","publisher":{"@id":"https:\/\/www.mojabochnia.pl\/#organization"},"potentialAction":[{"@type":"SearchAction","target":{"@type":"EntryPoint","urlTemplate":"https:\/\/www.mojabochnia.pl\/?s={search_term_string}"},"query-input":{"@type":"PropertyValueSpecification","valueRequired":true,"valueName":"search_term_string"}}],"inLanguage":"pl-PL"},{"@type":"Organization","@id":"https:\/\/www.mojabochnia.pl\/#organization","name":"mojabochnia.pl - portal informacyjny","url":"https:\/\/www.mojabochnia.pl\/","logo":{"@type":"ImageObject","inLanguage":"pl-PL","@id":"https:\/\/www.mojabochnia.pl\/#\/schema\/logo\/image\/","url":"https:\/\/www.mojabochnia.pl\/wp-content\/uploads\/2017\/08\/logo-mb-opt.png","contentUrl":"https:\/\/www.mojabochnia.pl\/wp-content\/uploads\/2017\/08\/logo-mb-opt.png","width":250,"height":48,"caption":"mojabochnia.pl - portal informacyjny"},"image":{"@id":"https:\/\/www.mojabochnia.pl\/#\/schema\/logo\/image\/"},"sameAs":["https:\/\/www.facebook.com\/mojabochnia"]},{"@type":"Person","@id":"https:\/\/www.mojabochnia.pl\/#\/schema\/person\/ea042e4724a77627963f02166828ead4","name":"Pawe\u0142 Michalczyk","url":"https:\/\/www.mojabochnia.pl\/?author=4"}]}},"_links":{"self":[{"href":"https:\/\/www.mojabochnia.pl\/index.php?rest_route=\/wp\/v2\/posts\/27884","targetHints":{"allow":["GET"]}}],"collection":[{"href":"https:\/\/www.mojabochnia.pl\/index.php?rest_route=\/wp\/v2\/posts"}],"about":[{"href":"https:\/\/www.mojabochnia.pl\/index.php?rest_route=\/wp\/v2\/types\/post"}],"author":[{"embeddable":true,"href":"https:\/\/www.mojabochnia.pl\/index.php?rest_route=\/wp\/v2\/users\/4"}],"replies":[{"embeddable":true,"href":"https:\/\/www.mojabochnia.pl\/index.php?rest_route=%2Fwp%2Fv2%2Fcomments&post=27884"}],"version-history":[{"count":0,"href":"https:\/\/www.mojabochnia.pl\/index.php?rest_route=\/wp\/v2\/posts\/27884\/revisions"}],"wp:attachment":[{"href":"https:\/\/www.mojabochnia.pl\/index.php?rest_route=%2Fwp%2Fv2%2Fmedia&parent=27884"}],"wp:term":[{"taxonomy":"category","embeddable":true,"href":"https:\/\/www.mojabochnia.pl\/index.php?rest_route=%2Fwp%2Fv2%2Fcategories&post=27884"},{"taxonomy":"post_tag","embeddable":true,"href":"https:\/\/www.mojabochnia.pl\/index.php?rest_route=%2Fwp%2Fv2%2Ftags&post=27884"}],"curies":[{"name":"wp","href":"https:\/\/api.w.org\/{rel}","templated":true}]}}