{"id":27869,"date":"2010-05-31T14:37:25","date_gmt":"2010-05-31T12:37:25","guid":{"rendered":"http:\/\/www.mojabochnia.pl\/?p=27869"},"modified":"2010-05-31T15:11:02","modified_gmt":"2010-05-31T13:11:02","slug":"burmistrz-wisnicza-powiat-wykonal-zbyt-ciasne-przepusty","status":"publish","type":"post","link":"https:\/\/www.mojabochnia.pl\/?p=27869","title":{"rendered":"K. Ko\u0142odziejczyk: Odczuwam to jako rozpocz\u0119cie kampanii przez burmistrza Gaworczyka"},"content":{"rendered":"<p>Dzisiaj w Nowym Wi\u015bniczu odby\u0142a si\u0119 sesja rady miejskiej. Jej tematem by\u0142y m.in. szkody powodziowe. Burmistrz Stanis\u0142aw Gaworczyk zwraca\u0142 uwag\u0119 na zbyt ma\u0142\u0105 \u015brednic\u0119 kilku przepust\u00f3w. \u2013 <em>Jestem za zmian\u0105 przepustu na granicy Olchawy<\/em> \u2013 m\u00f3wi\u0142 burmistrz. Komentowa\u0142 r\u00f3wnie\u017c wydolno\u015b\u0107 innych przepust\u00f3w, wskazuj\u0105c, \u017ce projektanci nie przewidzieli podwy\u017cszonego stanu w\u00f3d opadowych.<\/p>\n<p>Krzysztof Ko\u0142odziejczyk, wiceprzewodnicz\u0105cy rady powiatu, stwierdzi\u0142, \u017ce jest zaniepokojony sugesti\u0105 burmistrza, i\u017c dwa przepusty trzeba b\u0119dzie wykonywa\u0107 na nowo. \u2013 <em>Ja ich nie projektowa\u0142em, ludzie z uprawnieniami projektowali, robili obliczenia. Gdyby\u015bmy chcieli pos\u0142ugiwa\u0107 si\u0119 tego typu rozumowaniem, to pewno wi\u0119kszo\u015b\u0107 most\u00f3w w Polsce by\u0142aby do przebudowy przy takiej powodzi, jaka nas teraz spotka\u0142a<\/em>. <\/p>\n<p>Jerzy \u0141acny, przewodnicz\u0105cy rady miejskiej Nowego Wi\u015bnicza, zwr\u00f3ci\u0142 uwag\u0119 na niewydolno\u015b\u0107 przepustu obok tartaku. \u2013 <em>Sam by\u0142em \u015bwiadkiem tego zalania, zalane by\u0142y ca\u0142e okolice tartaku, tym bardziej \u017ce ten most zosta\u0142 wykonany w grudniu ubieg\u0142ego roku. A wy\u017cej jest wiadukt na ul. S\u0142oneczn\u0105, kt\u00f3ry nie zosta\u0142 zatopiony<\/em>. <\/p>\n<p>Odpowiedzia\u0142 mu Wies\u0142aw Cholewa, cz\u0142onek zarz\u0105du powiatu. Wyliczy\u0142 on inwestycje, jakie powiat b\u0119dzie wykonywa\u0142 na terenie gminy Nowy Wi\u015bnicz (<a href=\"http:\/\/www.mojabochnia.pl\/?p=27875\">szczeg\u00f3\u0142y w relacji w TV Moja Bochnia<\/a>). <\/p>\n<p>Temat niewydolnych przepust\u00f3w powr\u00f3ci\u0142 jeszcze w trakcie wolnych wniosk\u00f3w. Rozpocz\u0119li go so\u0142tysi, za\u015b podsumowa\u0142 burmistrz ponawiaj\u0105c postulat ich przebudowy. \u2013 <em>Odczuwam to jako rozpocz\u0119cie kampanii wyborczej przez burmistrza Gaworczyka<\/em> \u2013 uwa\u017ca Krzysztof Ko\u0142odziejczyk. \u2013 <em>Zaprosi\u0142 nas na sesj\u0119 po raz pierwszy w tym roku, po to, aby skrytykowa\u0107 powiat za wykonane przepusty<\/em> \u2013 dodaje. <\/p>\n<p>Burmistrza Nowego Wi\u015bnicza chcieli\u015bmy prosi\u0107, aby odni\u00f3s\u0142 si\u0119 do tej uwagi. Niestety, nie odbiera telefonu.<\/p>\n","protected":false},"excerpt":{"rendered":"<p>Burmistrz Nowego Wi\u015bnicza rozpocz\u0105\u0142 kampani\u0119 wyborcz\u0105 \u2013 uwa\u017ca Krzysztof Ko\u0142odziejczyk, wiceprzewodnicz\u0105cy rady powiatu. Rzecz dotyczy\u0142a krytyki przepust\u00f3w, wykonanych ostatnio na drogach powiatowych. Dosz\u0142o do tego dzisiaj podczas sesji.<\/p>\n","protected":false},"author":4,"featured_media":0,"comment_status":"open","ping_status":"closed","sticky":false,"template":"","format":"standard","meta":{"_acf_changed":false,"footnotes":""},"categories":[5,6251,6250],"tags":[1541,1835,429,17118,468,1516,17519,17138,6987],"class_list":["post-27869","post","type-post","status-publish","format-standard","hentry","category-biezace-wydarzenia","category-polityka-i-wydarzenia","category-tematyka","tag-jerzy-lacny","tag-krzysztof-kolodziejczyk","tag-leksandrowa","tag-wisnicz","tag-olchawa","tag-przepust","tag-sesja","tag-stanislaw-gaworczyk","tag-wieslaw-cholewa"],"acf":[],"yoast_head":"<!-- This site is optimized with the Yoast SEO plugin v26.9 - https:\/\/yoast.com\/product\/yoast-seo-wordpress\/ -->\n<title>K. Ko\u0142odziejczyk: Odczuwam to jako rozpocz\u0119cie kampanii przez burmistrza Gaworczyka  - mojabochnia.pl - portal informacyjny<\/title>\n<meta name=\"robots\" content=\"index, follow, max-snippet:-1, max-image-preview:large, max-video-preview:-1\" \/>\n<link rel=\"canonical\" href=\"https:\/\/www.mojabochnia.pl\/?p=27869\" \/>\n<meta property=\"og:locale\" content=\"pl_PL\" \/>\n<meta property=\"og:type\" content=\"article\" \/>\n<meta property=\"og:title\" content=\"K. Ko\u0142odziejczyk: Odczuwam to jako rozpocz\u0119cie kampanii przez burmistrza Gaworczyka  - mojabochnia.pl - portal informacyjny\" \/>\n<meta property=\"og:description\" content=\"Burmistrz Nowego Wi\u015bnicza rozpocz\u0105\u0142 kampani\u0119 wyborcz\u0105 \u2013 uwa\u017ca Krzysztof Ko\u0142odziejczyk, wiceprzewodnicz\u0105cy rady powiatu. Rzecz dotyczy\u0142a krytyki przepust\u00f3w, wykonanych ostatnio na drogach powiatowych. Dosz\u0142o do tego dzisiaj podczas sesji.\" \/>\n<meta property=\"og:url\" content=\"https:\/\/www.mojabochnia.pl\/?p=27869\" \/>\n<meta property=\"og:site_name\" content=\"mojabochnia.pl - portal informacyjny\" \/>\n<meta property=\"article:publisher\" content=\"https:\/\/www.facebook.com\/mojabochnia\" \/>\n<meta property=\"article:published_time\" content=\"2010-05-31T12:37:25+00:00\" \/>\n<meta property=\"article:modified_time\" content=\"2010-05-31T13:11:02+00:00\" \/>\n<meta name=\"author\" content=\"Pawe\u0142 Michalczyk\" \/>\n<meta name=\"twitter:card\" content=\"summary_large_image\" \/>\n<meta name=\"twitter:label1\" content=\"Written by\" \/>\n\t<meta name=\"twitter:data1\" content=\"Pawe\u0142 Michalczyk\" \/>\n\t<meta name=\"twitter:label2\" content=\"Est. reading time\" \/>\n\t<meta name=\"twitter:data2\" content=\"1 minuta\" \/>\n<script type=\"application\/ld+json\" class=\"yoast-schema-graph\">{\"@context\":\"https:\/\/schema.org\",\"@graph\":[{\"@type\":\"Article\",\"@id\":\"https:\/\/www.mojabochnia.pl\/?p=27869#article\",\"isPartOf\":{\"@id\":\"https:\/\/www.mojabochnia.pl\/?p=27869\"},\"author\":{\"name\":\"Pawe\u0142 Michalczyk\",\"@id\":\"https:\/\/www.mojabochnia.pl\/#\/schema\/person\/ea042e4724a77627963f02166828ead4\"},\"headline\":\"K. Ko\u0142odziejczyk: Odczuwam to jako rozpocz\u0119cie kampanii przez burmistrza Gaworczyka\",\"datePublished\":\"2010-05-31T12:37:25+00:00\",\"dateModified\":\"2010-05-31T13:11:02+00:00\",\"mainEntityOfPage\":{\"@id\":\"https:\/\/www.mojabochnia.pl\/?p=27869\"},\"wordCount\":300,\"commentCount\":11,\"publisher\":{\"@id\":\"https:\/\/www.mojabochnia.pl\/#organization\"},\"keywords\":[\"jerzy \u0142acny\",\"krzysztof ko\u0142odziejczyk\",\"leksandrowa\",\"Nowy Wi\u015bnicz\",\"olchawa\",\"przepust\",\"sesja\",\"stanis\u0142aw gaworczyk\",\"wies\u0142aw cholewa\"],\"articleSection\":[\"2_ostatnie\",\"polityka i wydarzenia\",\"tematyka\"],\"inLanguage\":\"pl-PL\",\"potentialAction\":[{\"@type\":\"CommentAction\",\"name\":\"Comment\",\"target\":[\"https:\/\/www.mojabochnia.pl\/?p=27869#respond\"]}]},{\"@type\":\"WebPage\",\"@id\":\"https:\/\/www.mojabochnia.pl\/?p=27869\",\"url\":\"https:\/\/www.mojabochnia.pl\/?p=27869\",\"name\":\"K. Ko\u0142odziejczyk: Odczuwam to jako rozpocz\u0119cie kampanii przez burmistrza Gaworczyka - mojabochnia.pl - portal informacyjny\",\"isPartOf\":{\"@id\":\"https:\/\/www.mojabochnia.pl\/#website\"},\"datePublished\":\"2010-05-31T12:37:25+00:00\",\"dateModified\":\"2010-05-31T13:11:02+00:00\",\"breadcrumb\":{\"@id\":\"https:\/\/www.mojabochnia.pl\/?p=27869#breadcrumb\"},\"inLanguage\":\"pl-PL\",\"potentialAction\":[{\"@type\":\"ReadAction\",\"target\":[\"https:\/\/www.mojabochnia.pl\/?p=27869\"]}]},{\"@type\":\"BreadcrumbList\",\"@id\":\"https:\/\/www.mojabochnia.pl\/?p=27869#breadcrumb\",\"itemListElement\":[{\"@type\":\"ListItem\",\"position\":1,\"name\":\"Home\",\"item\":\"https:\/\/www.mojabochnia.pl\/\"},{\"@type\":\"ListItem\",\"position\":2,\"name\":\"K. Ko\u0142odziejczyk: Odczuwam to jako rozpocz\u0119cie kampanii przez burmistrza Gaworczyka\"}]},{\"@type\":\"WebSite\",\"@id\":\"https:\/\/www.mojabochnia.pl\/#website\",\"url\":\"https:\/\/www.mojabochnia.pl\/\",\"name\":\"mojabochnia.pl - portal informacyjny\",\"description\":\"mojaBochnia to portal informacyjny o Bochni. Codziennie o Bochni piszemy i pokazujemy najwa\u017cniejsze wydarzenia\",\"publisher\":{\"@id\":\"https:\/\/www.mojabochnia.pl\/#organization\"},\"potentialAction\":[{\"@type\":\"SearchAction\",\"target\":{\"@type\":\"EntryPoint\",\"urlTemplate\":\"https:\/\/www.mojabochnia.pl\/?s={search_term_string}\"},\"query-input\":{\"@type\":\"PropertyValueSpecification\",\"valueRequired\":true,\"valueName\":\"search_term_string\"}}],\"inLanguage\":\"pl-PL\"},{\"@type\":\"Organization\",\"@id\":\"https:\/\/www.mojabochnia.pl\/#organization\",\"name\":\"mojabochnia.pl - portal informacyjny\",\"url\":\"https:\/\/www.mojabochnia.pl\/\",\"logo\":{\"@type\":\"ImageObject\",\"inLanguage\":\"pl-PL\",\"@id\":\"https:\/\/www.mojabochnia.pl\/#\/schema\/logo\/image\/\",\"url\":\"https:\/\/www.mojabochnia.pl\/wp-content\/uploads\/2017\/08\/logo-mb-opt.png\",\"contentUrl\":\"https:\/\/www.mojabochnia.pl\/wp-content\/uploads\/2017\/08\/logo-mb-opt.png\",\"width\":250,\"height\":48,\"caption\":\"mojabochnia.pl - portal informacyjny\"},\"image\":{\"@id\":\"https:\/\/www.mojabochnia.pl\/#\/schema\/logo\/image\/\"},\"sameAs\":[\"https:\/\/www.facebook.com\/mojabochnia\"]},{\"@type\":\"Person\",\"@id\":\"https:\/\/www.mojabochnia.pl\/#\/schema\/person\/ea042e4724a77627963f02166828ead4\",\"name\":\"Pawe\u0142 Michalczyk\",\"url\":\"https:\/\/www.mojabochnia.pl\/?author=4\"}]}<\/script>\n<!-- \/ Yoast SEO plugin. -->","yoast_head_json":{"title":"K. Ko\u0142odziejczyk: Odczuwam to jako rozpocz\u0119cie kampanii przez burmistrza Gaworczyka  - mojabochnia.pl - portal informacyjny","robots":{"index":"index","follow":"follow","max-snippet":"max-snippet:-1","max-image-preview":"max-image-preview:large","max-video-preview":"max-video-preview:-1"},"canonical":"https:\/\/www.mojabochnia.pl\/?p=27869","og_locale":"pl_PL","og_type":"article","og_title":"K. Ko\u0142odziejczyk: Odczuwam to jako rozpocz\u0119cie kampanii przez burmistrza Gaworczyka  - mojabochnia.pl - portal informacyjny","og_description":"Burmistrz Nowego Wi\u015bnicza rozpocz\u0105\u0142 kampani\u0119 wyborcz\u0105 \u2013 uwa\u017ca Krzysztof Ko\u0142odziejczyk, wiceprzewodnicz\u0105cy rady powiatu. Rzecz dotyczy\u0142a krytyki przepust\u00f3w, wykonanych ostatnio na drogach powiatowych. Dosz\u0142o do tego dzisiaj podczas sesji.","og_url":"https:\/\/www.mojabochnia.pl\/?p=27869","og_site_name":"mojabochnia.pl - portal informacyjny","article_publisher":"https:\/\/www.facebook.com\/mojabochnia","article_published_time":"2010-05-31T12:37:25+00:00","article_modified_time":"2010-05-31T13:11:02+00:00","author":"Pawe\u0142 Michalczyk","twitter_card":"summary_large_image","twitter_misc":{"Written by":"Pawe\u0142 Michalczyk","Est. reading time":"1 minuta"},"schema":{"@context":"https:\/\/schema.org","@graph":[{"@type":"Article","@id":"https:\/\/www.mojabochnia.pl\/?p=27869#article","isPartOf":{"@id":"https:\/\/www.mojabochnia.pl\/?p=27869"},"author":{"name":"Pawe\u0142 Michalczyk","@id":"https:\/\/www.mojabochnia.pl\/#\/schema\/person\/ea042e4724a77627963f02166828ead4"},"headline":"K. Ko\u0142odziejczyk: Odczuwam to jako rozpocz\u0119cie kampanii przez burmistrza Gaworczyka","datePublished":"2010-05-31T12:37:25+00:00","dateModified":"2010-05-31T13:11:02+00:00","mainEntityOfPage":{"@id":"https:\/\/www.mojabochnia.pl\/?p=27869"},"wordCount":300,"commentCount":11,"publisher":{"@id":"https:\/\/www.mojabochnia.pl\/#organization"},"keywords":["jerzy \u0142acny","krzysztof ko\u0142odziejczyk","leksandrowa","Nowy Wi\u015bnicz","olchawa","przepust","sesja","stanis\u0142aw gaworczyk","wies\u0142aw cholewa"],"articleSection":["2_ostatnie","polityka i wydarzenia","tematyka"],"inLanguage":"pl-PL","potentialAction":[{"@type":"CommentAction","name":"Comment","target":["https:\/\/www.mojabochnia.pl\/?p=27869#respond"]}]},{"@type":"WebPage","@id":"https:\/\/www.mojabochnia.pl\/?p=27869","url":"https:\/\/www.mojabochnia.pl\/?p=27869","name":"K. Ko\u0142odziejczyk: Odczuwam to jako rozpocz\u0119cie kampanii przez burmistrza Gaworczyka - mojabochnia.pl - portal informacyjny","isPartOf":{"@id":"https:\/\/www.mojabochnia.pl\/#website"},"datePublished":"2010-05-31T12:37:25+00:00","dateModified":"2010-05-31T13:11:02+00:00","breadcrumb":{"@id":"https:\/\/www.mojabochnia.pl\/?p=27869#breadcrumb"},"inLanguage":"pl-PL","potentialAction":[{"@type":"ReadAction","target":["https:\/\/www.mojabochnia.pl\/?p=27869"]}]},{"@type":"BreadcrumbList","@id":"https:\/\/www.mojabochnia.pl\/?p=27869#breadcrumb","itemListElement":[{"@type":"ListItem","position":1,"name":"Home","item":"https:\/\/www.mojabochnia.pl\/"},{"@type":"ListItem","position":2,"name":"K. Ko\u0142odziejczyk: Odczuwam to jako rozpocz\u0119cie kampanii przez burmistrza Gaworczyka"}]},{"@type":"WebSite","@id":"https:\/\/www.mojabochnia.pl\/#website","url":"https:\/\/www.mojabochnia.pl\/","name":"mojabochnia.pl - portal informacyjny","description":"mojaBochnia to portal informacyjny o Bochni. Codziennie o Bochni piszemy i pokazujemy najwa\u017cniejsze wydarzenia","publisher":{"@id":"https:\/\/www.mojabochnia.pl\/#organization"},"potentialAction":[{"@type":"SearchAction","target":{"@type":"EntryPoint","urlTemplate":"https:\/\/www.mojabochnia.pl\/?s={search_term_string}"},"query-input":{"@type":"PropertyValueSpecification","valueRequired":true,"valueName":"search_term_string"}}],"inLanguage":"pl-PL"},{"@type":"Organization","@id":"https:\/\/www.mojabochnia.pl\/#organization","name":"mojabochnia.pl - portal informacyjny","url":"https:\/\/www.mojabochnia.pl\/","logo":{"@type":"ImageObject","inLanguage":"pl-PL","@id":"https:\/\/www.mojabochnia.pl\/#\/schema\/logo\/image\/","url":"https:\/\/www.mojabochnia.pl\/wp-content\/uploads\/2017\/08\/logo-mb-opt.png","contentUrl":"https:\/\/www.mojabochnia.pl\/wp-content\/uploads\/2017\/08\/logo-mb-opt.png","width":250,"height":48,"caption":"mojabochnia.pl - portal informacyjny"},"image":{"@id":"https:\/\/www.mojabochnia.pl\/#\/schema\/logo\/image\/"},"sameAs":["https:\/\/www.facebook.com\/mojabochnia"]},{"@type":"Person","@id":"https:\/\/www.mojabochnia.pl\/#\/schema\/person\/ea042e4724a77627963f02166828ead4","name":"Pawe\u0142 Michalczyk","url":"https:\/\/www.mojabochnia.pl\/?author=4"}]}},"_links":{"self":[{"href":"https:\/\/www.mojabochnia.pl\/index.php?rest_route=\/wp\/v2\/posts\/27869","targetHints":{"allow":["GET"]}}],"collection":[{"href":"https:\/\/www.mojabochnia.pl\/index.php?rest_route=\/wp\/v2\/posts"}],"about":[{"href":"https:\/\/www.mojabochnia.pl\/index.php?rest_route=\/wp\/v2\/types\/post"}],"author":[{"embeddable":true,"href":"https:\/\/www.mojabochnia.pl\/index.php?rest_route=\/wp\/v2\/users\/4"}],"replies":[{"embeddable":true,"href":"https:\/\/www.mojabochnia.pl\/index.php?rest_route=%2Fwp%2Fv2%2Fcomments&post=27869"}],"version-history":[{"count":0,"href":"https:\/\/www.mojabochnia.pl\/index.php?rest_route=\/wp\/v2\/posts\/27869\/revisions"}],"wp:attachment":[{"href":"https:\/\/www.mojabochnia.pl\/index.php?rest_route=%2Fwp%2Fv2%2Fmedia&parent=27869"}],"wp:term":[{"taxonomy":"category","embeddable":true,"href":"https:\/\/www.mojabochnia.pl\/index.php?rest_route=%2Fwp%2Fv2%2Fcategories&post=27869"},{"taxonomy":"post_tag","embeddable":true,"href":"https:\/\/www.mojabochnia.pl\/index.php?rest_route=%2Fwp%2Fv2%2Ftags&post=27869"}],"curies":[{"name":"wp","href":"https:\/\/api.w.org\/{rel}","templated":true}]}}