{"id":27858,"date":"2010-06-01T10:30:21","date_gmt":"2010-06-01T08:30:21","guid":{"rendered":"http:\/\/www.mojabochnia.pl\/?p=27858"},"modified":"2010-06-01T11:17:17","modified_gmt":"2010-06-01T09:17:17","slug":"760-lecie-bochenskiego-rzemiosla-60-lecie-cechu-rzemiosl-roznych","status":"publish","type":"post","link":"https:\/\/www.mojabochnia.pl\/?p=27858","title":{"rendered":"760-lecie boche\u0144skiego rzemios\u0142a i 60-lecie Cechu Rzemios\u0142 R\u00f3\u017cnych w Bochni"},"content":{"rendered":"<p>Okazj\u0105 do tego by\u0142 jubileusz 60-lecia Cechu Rzemios\u0142 R\u00f3\u017cnych oraz 760-lecia boche\u0144skiego rzemios\u0142a. Jak m\u00f3wi Janina Bajda, kierownik boche\u0144skiego cechu, tradycje rzemie\u015blnicze w Bochni s\u0105 bardzo d\u0142ugie. \u2013 <em>Na bazie rzemios\u0142a by\u0142a rozwijana miejscowa \u017cupa, czego dowodem by\u0142o powstanie cech\u00f3w rzemie\u015blniczych, bednarzy, w kt\u00f3rych by\u0142a paczkowana s\u00f3l itp. Cechy zabezpiecza\u0142y podstawowe us\u0142ugi i wyroby dla miasta, ale g\u0142\u00f3wnie koncertowa\u0142y si\u0119 na wsp\u00f3\u0142pracy z lokaln\u0105 \u017cup\u0105 soln\u0105. Rzemios\u0142o by\u0142o w tym czasie bardzo szanowane. Jako przyk\u0142ad mog\u0119 poda\u0107, \u017ce rajcami miejskimi byli przewa\u017cnie rzemie\u015blnicy<\/em> \u2013 m\u00f3wi Janina Bajda.<\/p>\n<p>Obecnie boche\u0144ski Cech Rzemios\u0142 R\u00f3\u017cnych rozszerza swoj\u0105 dzia\u0142alno\u015b\u0107 o nowe obszary, jak biuro doradztwa podatkowego czy biuro rachunkowe. \u2013 <em>Organizujemy szeroko poj\u0119t\u0105 dzia\u0142alno\u015b\u0107 o\u015bwiatow\u0105 poprzez organizowanie kurs\u00f3w kwalifikacyjnych, doskonal\u0105cych, r\u00f3wnie\u017c mamy w swoich zak\u0142adach ca\u0142y zast\u0119p uczni\u00f3w zawodu. Nikt lepiej nie jest przygotowany do zawodu ni\u017c uczniowie, kt\u00f3rzy puszczaj\u0105 nasze zak\u0142ady z tytu\u0142em czeladnika. Ucz\u0105 si\u0119 nie tylko dobrej fachowo\u015bci, ale r\u00f3wnie\u017c uczciwo\u015bci, a cz\u0119sto r\u00f3wnie\u017c kultury \u017cycia<\/em>. <\/p>\n<p>Obecnie do boche\u0144skiego Cechu Rzemios\u0142 R\u00f3\u017cnych nale\u017cy 137 zak\u0142ad\u00f3w, kt\u00f3re szkol\u0105 \u0142\u0105cznie 511 uczni\u00f3w. Najwi\u0119cej z nich szkoli si\u0119 w bran\u017cy fryzjerskiej oraz motoryzacyjnej. Z okazji jubileuszu kierownik boche\u0144skiego cechu Janina Bajda zosta\u0142a odznaczona szczeg\u00f3lnym atrybutem rzemie\u015blnik\u00f3w, szabl\u0105 Jana Kili\u0144skiego.<\/p>\n\t  \r\n\t\r\n\t    <div class=\"mb-gallery\">\r\n\t    <a href=\"https:\/\/www.mojabochnia.pl\/?attachment_id=27889\" class=\"\"><img loading=\"lazy\" decoding=\"async\" width=\"100\" height=\"56\" src=\"https:\/\/www.mojabochnia.pl\/wp-content\/uploads\/2010\/05\/100601_cech-120x67.jpg\" class=\"attachment-100x100 size-100x100\" alt=\"\" srcset=\"https:\/\/www.mojabochnia.pl\/wp-content\/uploads\/2010\/05\/100601_cech-120x67.jpg 120w, https:\/\/www.mojabochnia.pl\/wp-content\/uploads\/2010\/05\/100601_cech-468x263.jpg 468w, https:\/\/www.mojabochnia.pl\/wp-content\/uploads\/2010\/05\/100601_cech-660x371.jpg 660w, https:\/\/www.mojabochnia.pl\/wp-content\/uploads\/2010\/05\/100601_cech.jpg 800w\" sizes=\"auto, (max-width: 100px) 100vw, 100px\" \/><\/a><a href=\"https:\/\/www.mojabochnia.pl\/?attachment_id=27890\" class=\"\"><img loading=\"lazy\" decoding=\"async\" width=\"100\" height=\"56\" src=\"https:\/\/www.mojabochnia.pl\/wp-content\/uploads\/2010\/05\/100601_cech1-120x67.jpg\" class=\"attachment-100x100 size-100x100\" alt=\"\" srcset=\"https:\/\/www.mojabochnia.pl\/wp-content\/uploads\/2010\/05\/100601_cech1-120x67.jpg 120w, https:\/\/www.mojabochnia.pl\/wp-content\/uploads\/2010\/05\/100601_cech1-468x263.jpg 468w, https:\/\/www.mojabochnia.pl\/wp-content\/uploads\/2010\/05\/100601_cech1-660x371.jpg 660w, https:\/\/www.mojabochnia.pl\/wp-content\/uploads\/2010\/05\/100601_cech1.jpg 800w\" sizes=\"auto, (max-width: 100px) 100vw, 100px\" \/><\/a><a href=\"https:\/\/www.mojabochnia.pl\/?attachment_id=27891\" class=\"\"><img loading=\"lazy\" decoding=\"async\" width=\"100\" height=\"56\" src=\"https:\/\/www.mojabochnia.pl\/wp-content\/uploads\/2010\/05\/100601_cech2-120x67.jpg\" class=\"attachment-100x100 size-100x100\" alt=\"\" srcset=\"https:\/\/www.mojabochnia.pl\/wp-content\/uploads\/2010\/05\/100601_cech2-120x67.jpg 120w, https:\/\/www.mojabochnia.pl\/wp-content\/uploads\/2010\/05\/100601_cech2-468x263.jpg 468w, https:\/\/www.mojabochnia.pl\/wp-content\/uploads\/2010\/05\/100601_cech2-660x371.jpg 660w, https:\/\/www.mojabochnia.pl\/wp-content\/uploads\/2010\/05\/100601_cech2.jpg 800w\" sizes=\"auto, (max-width: 100px) 100vw, 100px\" \/><\/a><a href=\"https:\/\/www.mojabochnia.pl\/?attachment_id=27892\" class=\"\"><img loading=\"lazy\" decoding=\"async\" width=\"100\" height=\"56\" src=\"https:\/\/www.mojabochnia.pl\/wp-content\/uploads\/2010\/05\/100601_cech3-120x67.jpg\" class=\"attachment-100x100 size-100x100\" alt=\"\" srcset=\"https:\/\/www.mojabochnia.pl\/wp-content\/uploads\/2010\/05\/100601_cech3-120x67.jpg 120w, https:\/\/www.mojabochnia.pl\/wp-content\/uploads\/2010\/05\/100601_cech3-468x263.jpg 468w, https:\/\/www.mojabochnia.pl\/wp-content\/uploads\/2010\/05\/100601_cech3-660x371.jpg 660w, https:\/\/www.mojabochnia.pl\/wp-content\/uploads\/2010\/05\/100601_cech3.jpg 800w\" sizes=\"auto, (max-width: 100px) 100vw, 100px\" \/><\/a><a href=\"https:\/\/www.mojabochnia.pl\/?attachment_id=27893\" class=\"\"><img loading=\"lazy\" decoding=\"async\" width=\"100\" height=\"56\" src=\"https:\/\/www.mojabochnia.pl\/wp-content\/uploads\/2010\/05\/100601_cech4-120x67.jpg\" class=\"attachment-100x100 size-100x100\" alt=\"\" srcset=\"https:\/\/www.mojabochnia.pl\/wp-content\/uploads\/2010\/05\/100601_cech4-120x67.jpg 120w, https:\/\/www.mojabochnia.pl\/wp-content\/uploads\/2010\/05\/100601_cech4-468x263.jpg 468w, https:\/\/www.mojabochnia.pl\/wp-content\/uploads\/2010\/05\/100601_cech4-660x371.jpg 660w, https:\/\/www.mojabochnia.pl\/wp-content\/uploads\/2010\/05\/100601_cech4.jpg 800w\" sizes=\"auto, (max-width: 100px) 100vw, 100px\" \/><\/a><a href=\"https:\/\/www.mojabochnia.pl\/?attachment_id=27894\" class=\"\"><img loading=\"lazy\" decoding=\"async\" width=\"100\" height=\"56\" src=\"https:\/\/www.mojabochnia.pl\/wp-content\/uploads\/2010\/05\/100601_cech5-120x67.jpg\" class=\"attachment-100x100 size-100x100\" alt=\"\" srcset=\"https:\/\/www.mojabochnia.pl\/wp-content\/uploads\/2010\/05\/100601_cech5-120x67.jpg 120w, https:\/\/www.mojabochnia.pl\/wp-content\/uploads\/2010\/05\/100601_cech5-468x263.jpg 468w, https:\/\/www.mojabochnia.pl\/wp-content\/uploads\/2010\/05\/100601_cech5-660x371.jpg 660w, https:\/\/www.mojabochnia.pl\/wp-content\/uploads\/2010\/05\/100601_cech5.jpg 800w\" sizes=\"auto, (max-width: 100px) 100vw, 100px\" \/><\/a><a href=\"https:\/\/www.mojabochnia.pl\/?attachment_id=27895\" class=\"\"><img loading=\"lazy\" decoding=\"async\" width=\"100\" height=\"56\" src=\"https:\/\/www.mojabochnia.pl\/wp-content\/uploads\/2010\/05\/100601_cech6-120x67.jpg\" class=\"attachment-100x100 size-100x100\" alt=\"\" srcset=\"https:\/\/www.mojabochnia.pl\/wp-content\/uploads\/2010\/05\/100601_cech6-120x67.jpg 120w, https:\/\/www.mojabochnia.pl\/wp-content\/uploads\/2010\/05\/100601_cech6-468x263.jpg 468w, https:\/\/www.mojabochnia.pl\/wp-content\/uploads\/2010\/05\/100601_cech6-660x371.jpg 660w, https:\/\/www.mojabochnia.pl\/wp-content\/uploads\/2010\/05\/100601_cech6.jpg 800w\" sizes=\"auto, (max-width: 100px) 100vw, 100px\" \/><\/a><a href=\"https:\/\/www.mojabochnia.pl\/?attachment_id=27896\" class=\"\"><img loading=\"lazy\" decoding=\"async\" width=\"100\" height=\"56\" src=\"https:\/\/www.mojabochnia.pl\/wp-content\/uploads\/2010\/05\/100601_cech7-120x67.jpg\" class=\"attachment-100x100 size-100x100\" alt=\"\" srcset=\"https:\/\/www.mojabochnia.pl\/wp-content\/uploads\/2010\/05\/100601_cech7-120x67.jpg 120w, https:\/\/www.mojabochnia.pl\/wp-content\/uploads\/2010\/05\/100601_cech7-468x263.jpg 468w, https:\/\/www.mojabochnia.pl\/wp-content\/uploads\/2010\/05\/100601_cech7-660x371.jpg 660w, https:\/\/www.mojabochnia.pl\/wp-content\/uploads\/2010\/05\/100601_cech7.jpg 800w\" sizes=\"auto, (max-width: 100px) 100vw, 100px\" \/><\/a><a href=\"https:\/\/www.mojabochnia.pl\/?attachment_id=27897\" class=\"\"><img loading=\"lazy\" decoding=\"async\" width=\"100\" height=\"56\" src=\"https:\/\/www.mojabochnia.pl\/wp-content\/uploads\/2010\/05\/100601_cech8-120x67.jpg\" class=\"attachment-100x100 size-100x100\" alt=\"\" srcset=\"https:\/\/www.mojabochnia.pl\/wp-content\/uploads\/2010\/05\/100601_cech8-120x67.jpg 120w, https:\/\/www.mojabochnia.pl\/wp-content\/uploads\/2010\/05\/100601_cech8-468x263.jpg 468w, https:\/\/www.mojabochnia.pl\/wp-content\/uploads\/2010\/05\/100601_cech8-660x371.jpg 660w, https:\/\/www.mojabochnia.pl\/wp-content\/uploads\/2010\/05\/100601_cech8.jpg 800w\" sizes=\"auto, (max-width: 100px) 100vw, 100px\" \/><\/a><a href=\"https:\/\/www.mojabochnia.pl\/?attachment_id=27898\" class=\"\"><img loading=\"lazy\" decoding=\"async\" width=\"100\" height=\"56\" src=\"https:\/\/www.mojabochnia.pl\/wp-content\/uploads\/2010\/05\/100601_cech9-120x67.jpg\" class=\"attachment-100x100 size-100x100\" alt=\"\" srcset=\"https:\/\/www.mojabochnia.pl\/wp-content\/uploads\/2010\/05\/100601_cech9-120x67.jpg 120w, https:\/\/www.mojabochnia.pl\/wp-content\/uploads\/2010\/05\/100601_cech9-468x263.jpg 468w, https:\/\/www.mojabochnia.pl\/wp-content\/uploads\/2010\/05\/100601_cech9-660x371.jpg 660w, https:\/\/www.mojabochnia.pl\/wp-content\/uploads\/2010\/05\/100601_cech9.jpg 800w\" sizes=\"auto, (max-width: 100px) 100vw, 100px\" \/><\/a><a href=\"https:\/\/www.mojabochnia.pl\/?attachment_id=27899\" class=\"\"><img loading=\"lazy\" decoding=\"async\" width=\"100\" height=\"56\" src=\"https:\/\/www.mojabochnia.pl\/wp-content\/uploads\/2010\/05\/100601_cech10-120x67.jpg\" class=\"attachment-100x100 size-100x100\" alt=\"\" srcset=\"https:\/\/www.mojabochnia.pl\/wp-content\/uploads\/2010\/05\/100601_cech10-120x67.jpg 120w, https:\/\/www.mojabochnia.pl\/wp-content\/uploads\/2010\/05\/100601_cech10-468x263.jpg 468w, https:\/\/www.mojabochnia.pl\/wp-content\/uploads\/2010\/05\/100601_cech10-660x371.jpg 660w, https:\/\/www.mojabochnia.pl\/wp-content\/uploads\/2010\/05\/100601_cech10.jpg 800w\" sizes=\"auto, (max-width: 100px) 100vw, 100px\" \/><\/a><a href=\"https:\/\/www.mojabochnia.pl\/?attachment_id=27900\" class=\"\"><img loading=\"lazy\" decoding=\"async\" width=\"100\" height=\"56\" src=\"https:\/\/www.mojabochnia.pl\/wp-content\/uploads\/2010\/05\/100601_cech11-120x67.jpg\" class=\"attachment-100x100 size-100x100\" alt=\"\" srcset=\"https:\/\/www.mojabochnia.pl\/wp-content\/uploads\/2010\/05\/100601_cech11-120x67.jpg 120w, https:\/\/www.mojabochnia.pl\/wp-content\/uploads\/2010\/05\/100601_cech11-468x263.jpg 468w, https:\/\/www.mojabochnia.pl\/wp-content\/uploads\/2010\/05\/100601_cech11-660x371.jpg 660w, https:\/\/www.mojabochnia.pl\/wp-content\/uploads\/2010\/05\/100601_cech11.jpg 800w\" sizes=\"auto, (max-width: 100px) 100vw, 100px\" \/><\/a><a href=\"https:\/\/www.mojabochnia.pl\/?attachment_id=27901\" class=\"\"><img loading=\"lazy\" decoding=\"async\" width=\"100\" height=\"56\" src=\"https:\/\/www.mojabochnia.pl\/wp-content\/uploads\/2010\/05\/100601_cech12-120x67.jpg\" class=\"attachment-100x100 size-100x100\" alt=\"\" srcset=\"https:\/\/www.mojabochnia.pl\/wp-content\/uploads\/2010\/05\/100601_cech12-120x67.jpg 120w, https:\/\/www.mojabochnia.pl\/wp-content\/uploads\/2010\/05\/100601_cech12-468x263.jpg 468w, https:\/\/www.mojabochnia.pl\/wp-content\/uploads\/2010\/05\/100601_cech12-660x371.jpg 660w, https:\/\/www.mojabochnia.pl\/wp-content\/uploads\/2010\/05\/100601_cech12.jpg 800w\" sizes=\"auto, (max-width: 100px) 100vw, 100px\" \/><\/a><a href=\"https:\/\/www.mojabochnia.pl\/?attachment_id=27902\" class=\"\"><img loading=\"lazy\" decoding=\"async\" width=\"100\" height=\"56\" src=\"https:\/\/www.mojabochnia.pl\/wp-content\/uploads\/2010\/05\/100601_cech13-120x67.jpg\" class=\"attachment-100x100 size-100x100\" alt=\"\" srcset=\"https:\/\/www.mojabochnia.pl\/wp-content\/uploads\/2010\/05\/100601_cech13-120x67.jpg 120w, https:\/\/www.mojabochnia.pl\/wp-content\/uploads\/2010\/05\/100601_cech13-468x263.jpg 468w, https:\/\/www.mojabochnia.pl\/wp-content\/uploads\/2010\/05\/100601_cech13-660x371.jpg 660w, https:\/\/www.mojabochnia.pl\/wp-content\/uploads\/2010\/05\/100601_cech13.jpg 800w\" sizes=\"auto, (max-width: 100px) 100vw, 100px\" \/><\/a><a href=\"https:\/\/www.mojabochnia.pl\/?attachment_id=27903\" class=\"\"><img loading=\"lazy\" decoding=\"async\" width=\"100\" height=\"56\" src=\"https:\/\/www.mojabochnia.pl\/wp-content\/uploads\/2010\/05\/100601_cech14-120x67.jpg\" class=\"attachment-100x100 size-100x100\" alt=\"\" srcset=\"https:\/\/www.mojabochnia.pl\/wp-content\/uploads\/2010\/05\/100601_cech14-120x67.jpg 120w, https:\/\/www.mojabochnia.pl\/wp-content\/uploads\/2010\/05\/100601_cech14-468x263.jpg 468w, https:\/\/www.mojabochnia.pl\/wp-content\/uploads\/2010\/05\/100601_cech14-660x371.jpg 660w, https:\/\/www.mojabochnia.pl\/wp-content\/uploads\/2010\/05\/100601_cech14.jpg 800w\" sizes=\"auto, (max-width: 100px) 100vw, 100px\" \/><\/a>\t    <\/div>\r\n\t    ","protected":false},"excerpt":{"rendered":"<p>W Bochni odby\u0142o si\u0119 w niedziel\u0119 \u015bwi\u0119to rzemios\u0142a. Przybyli na nie przedstawiciele cech\u00f3w rzemie\u015blniczych z ca\u0142ego regionu tarnowskiego: Brzeska, Tarnowa, Pilzna, D\u0119bicy i D\u0105browy Tarnowskiej. <\/p>\n","protected":false},"author":4,"featured_media":0,"comment_status":"open","ping_status":"closed","sticky":false,"template":"","format":"standard","meta":{"_acf_changed":false,"footnotes":""},"categories":[5,11,6251,6250],"tags":[3779,3778,17298,2196,6986],"class_list":["post-27858","post","type-post","status-publish","format-standard","hentry","category-biezace-wydarzenia","category-top-temat","category-polityka-i-wydarzenia","category-tematyka","tag-cech-rzemiosl-roznych","tag-janina-bajda","tag-jubileusz","tag-kierownik","tag-swieto-rzemiosla"],"acf":[],"yoast_head":"<!-- This site is optimized with the Yoast SEO plugin v26.9 - https:\/\/yoast.com\/product\/yoast-seo-wordpress\/ -->\n<title>760-lecie boche\u0144skiego rzemios\u0142a i 60-lecie Cechu Rzemios\u0142 R\u00f3\u017cnych w Bochni - mojabochnia.pl - portal informacyjny<\/title>\n<meta name=\"robots\" content=\"index, follow, max-snippet:-1, max-image-preview:large, max-video-preview:-1\" \/>\n<link rel=\"canonical\" href=\"https:\/\/www.mojabochnia.pl\/?p=27858\" \/>\n<meta property=\"og:locale\" content=\"pl_PL\" \/>\n<meta property=\"og:type\" content=\"article\" \/>\n<meta property=\"og:title\" content=\"760-lecie boche\u0144skiego rzemios\u0142a i 60-lecie Cechu Rzemios\u0142 R\u00f3\u017cnych w Bochni - mojabochnia.pl - portal informacyjny\" \/>\n<meta property=\"og:description\" content=\"W Bochni odby\u0142o si\u0119 w niedziel\u0119 \u015bwi\u0119to rzemios\u0142a. Przybyli na nie przedstawiciele cech\u00f3w rzemie\u015blniczych z ca\u0142ego regionu tarnowskiego: Brzeska, Tarnowa, Pilzna, D\u0119bicy i D\u0105browy Tarnowskiej.\" \/>\n<meta property=\"og:url\" content=\"https:\/\/www.mojabochnia.pl\/?p=27858\" \/>\n<meta property=\"og:site_name\" content=\"mojabochnia.pl - portal informacyjny\" \/>\n<meta property=\"article:publisher\" content=\"https:\/\/www.facebook.com\/mojabochnia\" \/>\n<meta property=\"article:published_time\" content=\"2010-06-01T08:30:21+00:00\" \/>\n<meta property=\"article:modified_time\" content=\"2010-06-01T09:17:17+00:00\" \/>\n<meta name=\"author\" content=\"Pawe\u0142 Michalczyk\" \/>\n<meta name=\"twitter:card\" content=\"summary_large_image\" \/>\n<meta name=\"twitter:label1\" content=\"Written by\" \/>\n\t<meta name=\"twitter:data1\" content=\"Pawe\u0142 Michalczyk\" \/>\n\t<meta name=\"twitter:label2\" content=\"Est. reading time\" \/>\n\t<meta name=\"twitter:data2\" content=\"1 minuta\" \/>\n<script type=\"application\/ld+json\" class=\"yoast-schema-graph\">{\"@context\":\"https:\/\/schema.org\",\"@graph\":[{\"@type\":\"Article\",\"@id\":\"https:\/\/www.mojabochnia.pl\/?p=27858#article\",\"isPartOf\":{\"@id\":\"https:\/\/www.mojabochnia.pl\/?p=27858\"},\"author\":{\"name\":\"Pawe\u0142 Michalczyk\",\"@id\":\"https:\/\/www.mojabochnia.pl\/#\/schema\/person\/ea042e4724a77627963f02166828ead4\"},\"headline\":\"760-lecie boche\u0144skiego rzemios\u0142a i 60-lecie Cechu Rzemios\u0142 R\u00f3\u017cnych w Bochni\",\"datePublished\":\"2010-06-01T08:30:21+00:00\",\"dateModified\":\"2010-06-01T09:17:17+00:00\",\"mainEntityOfPage\":{\"@id\":\"https:\/\/www.mojabochnia.pl\/?p=27858\"},\"wordCount\":265,\"commentCount\":0,\"publisher\":{\"@id\":\"https:\/\/www.mojabochnia.pl\/#organization\"},\"keywords\":[\"cech rzemios\u0142 r\u00f3\u017cnych\",\"janina bajda\",\"jubileusz\",\"kierownik\",\"\u015bwi\u0119to rzemios\u0142a\"],\"articleSection\":[\"2_ostatnie\",\"3_w centrum uwagi\",\"polityka i wydarzenia\",\"tematyka\"],\"inLanguage\":\"pl-PL\",\"potentialAction\":[{\"@type\":\"CommentAction\",\"name\":\"Comment\",\"target\":[\"https:\/\/www.mojabochnia.pl\/?p=27858#respond\"]}]},{\"@type\":\"WebPage\",\"@id\":\"https:\/\/www.mojabochnia.pl\/?p=27858\",\"url\":\"https:\/\/www.mojabochnia.pl\/?p=27858\",\"name\":\"760-lecie boche\u0144skiego rzemios\u0142a i 60-lecie Cechu Rzemios\u0142 R\u00f3\u017cnych w Bochni - mojabochnia.pl - portal informacyjny\",\"isPartOf\":{\"@id\":\"https:\/\/www.mojabochnia.pl\/#website\"},\"datePublished\":\"2010-06-01T08:30:21+00:00\",\"dateModified\":\"2010-06-01T09:17:17+00:00\",\"breadcrumb\":{\"@id\":\"https:\/\/www.mojabochnia.pl\/?p=27858#breadcrumb\"},\"inLanguage\":\"pl-PL\",\"potentialAction\":[{\"@type\":\"ReadAction\",\"target\":[\"https:\/\/www.mojabochnia.pl\/?p=27858\"]}]},{\"@type\":\"BreadcrumbList\",\"@id\":\"https:\/\/www.mojabochnia.pl\/?p=27858#breadcrumb\",\"itemListElement\":[{\"@type\":\"ListItem\",\"position\":1,\"name\":\"Home\",\"item\":\"https:\/\/www.mojabochnia.pl\/\"},{\"@type\":\"ListItem\",\"position\":2,\"name\":\"760-lecie boche\u0144skiego rzemios\u0142a i 60-lecie Cechu Rzemios\u0142 R\u00f3\u017cnych w Bochni\"}]},{\"@type\":\"WebSite\",\"@id\":\"https:\/\/www.mojabochnia.pl\/#website\",\"url\":\"https:\/\/www.mojabochnia.pl\/\",\"name\":\"mojabochnia.pl - portal informacyjny\",\"description\":\"mojaBochnia to portal informacyjny o Bochni. Codziennie o Bochni piszemy i pokazujemy najwa\u017cniejsze wydarzenia\",\"publisher\":{\"@id\":\"https:\/\/www.mojabochnia.pl\/#organization\"},\"potentialAction\":[{\"@type\":\"SearchAction\",\"target\":{\"@type\":\"EntryPoint\",\"urlTemplate\":\"https:\/\/www.mojabochnia.pl\/?s={search_term_string}\"},\"query-input\":{\"@type\":\"PropertyValueSpecification\",\"valueRequired\":true,\"valueName\":\"search_term_string\"}}],\"inLanguage\":\"pl-PL\"},{\"@type\":\"Organization\",\"@id\":\"https:\/\/www.mojabochnia.pl\/#organization\",\"name\":\"mojabochnia.pl - portal informacyjny\",\"url\":\"https:\/\/www.mojabochnia.pl\/\",\"logo\":{\"@type\":\"ImageObject\",\"inLanguage\":\"pl-PL\",\"@id\":\"https:\/\/www.mojabochnia.pl\/#\/schema\/logo\/image\/\",\"url\":\"https:\/\/www.mojabochnia.pl\/wp-content\/uploads\/2017\/08\/logo-mb-opt.png\",\"contentUrl\":\"https:\/\/www.mojabochnia.pl\/wp-content\/uploads\/2017\/08\/logo-mb-opt.png\",\"width\":250,\"height\":48,\"caption\":\"mojabochnia.pl - portal informacyjny\"},\"image\":{\"@id\":\"https:\/\/www.mojabochnia.pl\/#\/schema\/logo\/image\/\"},\"sameAs\":[\"https:\/\/www.facebook.com\/mojabochnia\"]},{\"@type\":\"Person\",\"@id\":\"https:\/\/www.mojabochnia.pl\/#\/schema\/person\/ea042e4724a77627963f02166828ead4\",\"name\":\"Pawe\u0142 Michalczyk\",\"url\":\"https:\/\/www.mojabochnia.pl\/?author=4\"}]}<\/script>\n<!-- \/ Yoast SEO plugin. -->","yoast_head_json":{"title":"760-lecie boche\u0144skiego rzemios\u0142a i 60-lecie Cechu Rzemios\u0142 R\u00f3\u017cnych w Bochni - mojabochnia.pl - portal informacyjny","robots":{"index":"index","follow":"follow","max-snippet":"max-snippet:-1","max-image-preview":"max-image-preview:large","max-video-preview":"max-video-preview:-1"},"canonical":"https:\/\/www.mojabochnia.pl\/?p=27858","og_locale":"pl_PL","og_type":"article","og_title":"760-lecie boche\u0144skiego rzemios\u0142a i 60-lecie Cechu Rzemios\u0142 R\u00f3\u017cnych w Bochni - mojabochnia.pl - portal informacyjny","og_description":"W Bochni odby\u0142o si\u0119 w niedziel\u0119 \u015bwi\u0119to rzemios\u0142a. Przybyli na nie przedstawiciele cech\u00f3w rzemie\u015blniczych z ca\u0142ego regionu tarnowskiego: Brzeska, Tarnowa, Pilzna, D\u0119bicy i D\u0105browy Tarnowskiej.","og_url":"https:\/\/www.mojabochnia.pl\/?p=27858","og_site_name":"mojabochnia.pl - portal informacyjny","article_publisher":"https:\/\/www.facebook.com\/mojabochnia","article_published_time":"2010-06-01T08:30:21+00:00","article_modified_time":"2010-06-01T09:17:17+00:00","author":"Pawe\u0142 Michalczyk","twitter_card":"summary_large_image","twitter_misc":{"Written by":"Pawe\u0142 Michalczyk","Est. reading time":"1 minuta"},"schema":{"@context":"https:\/\/schema.org","@graph":[{"@type":"Article","@id":"https:\/\/www.mojabochnia.pl\/?p=27858#article","isPartOf":{"@id":"https:\/\/www.mojabochnia.pl\/?p=27858"},"author":{"name":"Pawe\u0142 Michalczyk","@id":"https:\/\/www.mojabochnia.pl\/#\/schema\/person\/ea042e4724a77627963f02166828ead4"},"headline":"760-lecie boche\u0144skiego rzemios\u0142a i 60-lecie Cechu Rzemios\u0142 R\u00f3\u017cnych w Bochni","datePublished":"2010-06-01T08:30:21+00:00","dateModified":"2010-06-01T09:17:17+00:00","mainEntityOfPage":{"@id":"https:\/\/www.mojabochnia.pl\/?p=27858"},"wordCount":265,"commentCount":0,"publisher":{"@id":"https:\/\/www.mojabochnia.pl\/#organization"},"keywords":["cech rzemios\u0142 r\u00f3\u017cnych","janina bajda","jubileusz","kierownik","\u015bwi\u0119to rzemios\u0142a"],"articleSection":["2_ostatnie","3_w centrum uwagi","polityka i wydarzenia","tematyka"],"inLanguage":"pl-PL","potentialAction":[{"@type":"CommentAction","name":"Comment","target":["https:\/\/www.mojabochnia.pl\/?p=27858#respond"]}]},{"@type":"WebPage","@id":"https:\/\/www.mojabochnia.pl\/?p=27858","url":"https:\/\/www.mojabochnia.pl\/?p=27858","name":"760-lecie boche\u0144skiego rzemios\u0142a i 60-lecie Cechu Rzemios\u0142 R\u00f3\u017cnych w Bochni - mojabochnia.pl - portal informacyjny","isPartOf":{"@id":"https:\/\/www.mojabochnia.pl\/#website"},"datePublished":"2010-06-01T08:30:21+00:00","dateModified":"2010-06-01T09:17:17+00:00","breadcrumb":{"@id":"https:\/\/www.mojabochnia.pl\/?p=27858#breadcrumb"},"inLanguage":"pl-PL","potentialAction":[{"@type":"ReadAction","target":["https:\/\/www.mojabochnia.pl\/?p=27858"]}]},{"@type":"BreadcrumbList","@id":"https:\/\/www.mojabochnia.pl\/?p=27858#breadcrumb","itemListElement":[{"@type":"ListItem","position":1,"name":"Home","item":"https:\/\/www.mojabochnia.pl\/"},{"@type":"ListItem","position":2,"name":"760-lecie boche\u0144skiego rzemios\u0142a i 60-lecie Cechu Rzemios\u0142 R\u00f3\u017cnych w Bochni"}]},{"@type":"WebSite","@id":"https:\/\/www.mojabochnia.pl\/#website","url":"https:\/\/www.mojabochnia.pl\/","name":"mojabochnia.pl - portal informacyjny","description":"mojaBochnia to portal informacyjny o Bochni. Codziennie o Bochni piszemy i pokazujemy najwa\u017cniejsze wydarzenia","publisher":{"@id":"https:\/\/www.mojabochnia.pl\/#organization"},"potentialAction":[{"@type":"SearchAction","target":{"@type":"EntryPoint","urlTemplate":"https:\/\/www.mojabochnia.pl\/?s={search_term_string}"},"query-input":{"@type":"PropertyValueSpecification","valueRequired":true,"valueName":"search_term_string"}}],"inLanguage":"pl-PL"},{"@type":"Organization","@id":"https:\/\/www.mojabochnia.pl\/#organization","name":"mojabochnia.pl - portal informacyjny","url":"https:\/\/www.mojabochnia.pl\/","logo":{"@type":"ImageObject","inLanguage":"pl-PL","@id":"https:\/\/www.mojabochnia.pl\/#\/schema\/logo\/image\/","url":"https:\/\/www.mojabochnia.pl\/wp-content\/uploads\/2017\/08\/logo-mb-opt.png","contentUrl":"https:\/\/www.mojabochnia.pl\/wp-content\/uploads\/2017\/08\/logo-mb-opt.png","width":250,"height":48,"caption":"mojabochnia.pl - portal informacyjny"},"image":{"@id":"https:\/\/www.mojabochnia.pl\/#\/schema\/logo\/image\/"},"sameAs":["https:\/\/www.facebook.com\/mojabochnia"]},{"@type":"Person","@id":"https:\/\/www.mojabochnia.pl\/#\/schema\/person\/ea042e4724a77627963f02166828ead4","name":"Pawe\u0142 Michalczyk","url":"https:\/\/www.mojabochnia.pl\/?author=4"}]}},"_links":{"self":[{"href":"https:\/\/www.mojabochnia.pl\/index.php?rest_route=\/wp\/v2\/posts\/27858","targetHints":{"allow":["GET"]}}],"collection":[{"href":"https:\/\/www.mojabochnia.pl\/index.php?rest_route=\/wp\/v2\/posts"}],"about":[{"href":"https:\/\/www.mojabochnia.pl\/index.php?rest_route=\/wp\/v2\/types\/post"}],"author":[{"embeddable":true,"href":"https:\/\/www.mojabochnia.pl\/index.php?rest_route=\/wp\/v2\/users\/4"}],"replies":[{"embeddable":true,"href":"https:\/\/www.mojabochnia.pl\/index.php?rest_route=%2Fwp%2Fv2%2Fcomments&post=27858"}],"version-history":[{"count":0,"href":"https:\/\/www.mojabochnia.pl\/index.php?rest_route=\/wp\/v2\/posts\/27858\/revisions"}],"wp:attachment":[{"href":"https:\/\/www.mojabochnia.pl\/index.php?rest_route=%2Fwp%2Fv2%2Fmedia&parent=27858"}],"wp:term":[{"taxonomy":"category","embeddable":true,"href":"https:\/\/www.mojabochnia.pl\/index.php?rest_route=%2Fwp%2Fv2%2Fcategories&post=27858"},{"taxonomy":"post_tag","embeddable":true,"href":"https:\/\/www.mojabochnia.pl\/index.php?rest_route=%2Fwp%2Fv2%2Ftags&post=27858"}],"curies":[{"name":"wp","href":"https:\/\/api.w.org\/{rel}","templated":true}]}}