{"id":27746,"date":"2010-05-27T14:34:12","date_gmt":"2010-05-27T12:34:12","guid":{"rendered":"http:\/\/www.mojabochnia.pl\/?p=27746"},"modified":"2014-10-01T11:14:03","modified_gmt":"2014-10-01T09:14:03","slug":"kamienica-rynek-13-sprzedaz-odrzucona-jednym-glosem","status":"publish","type":"post","link":"https:\/\/www.mojabochnia.pl\/?p=27746","title":{"rendered":"Kamienica Rynek 13: sprzeda\u017c odrzucona jednym g\u0142osem. Rozd\u017awi\u0119k w klubie PiS"},"content":{"rendered":"<p>Burmistrz Bogdan Kosturkiewicz, kt\u00f3ry przed\u0142o\u017cy\u0142 projekt uchwa\u0142y, uwa\u017ca, \u017ce radni zobowi\u0105zali si\u0119 do sprzeda\u017cy nieruchomo\u015bci, przyjmuj\u0105c bud\u017cet na ten rok. \u2013 <em>Przypominam, \u017ce w naszym bud\u017cecie sprzeda\u017c kamienicy jest wpisana w bud\u017cecie, kt\u00f3ry zosta\u0142 uchwalony przez rad\u0119 miejsk\u0105. Jako w\u0142adza wykonawcza staram si\u0119 przygotowa\u0107 uchwa\u0142\u0119<\/em> \u2013 m\u00f3wi\u0142 burmistrz jeszcze przed g\u0142osowaniem.<\/p>\n<p>Radny Mariusz Trojak jest przeciwnego zdania. Uwa\u017ca, \u017ce miasto nie powinno wyzbywa\u0107 si\u0119 zabytkowych obiekt\u00f3w. \u2013 <em>Nie ma w bud\u017cecie zapisu, \u017ce kamienic\u0119 mamy sprzeda\u0107. Mamy tylko okre\u015blone dochody maj\u0105tkowe, natomiast kiedy konstruowano bud\u017cet, taki temat nie pada\u0142: \u201ejak nie osi\u0105gniemy wp\u0142yw\u00f3w powiedzmy 2 mln z\u0142 z kamienicy, to nam si\u0119 bud\u017cet zawali\u201d. Id\u0105c takim tokiem rozumowania, nale\u017ca\u0142oby sprzeda\u0107 wszystkie kamienice, kt\u00f3re mamy w rynku i jak gdyby pozbywamy si\u0119 problemu<\/em>. <\/p>\n<p>Radny dodaje, \u017ce sprzedawszy kamienic\u0119 Rynek 13 miasto nie mia\u0142oby pewno\u015bci, \u017ce jej nabywca j\u0105 odnowi. \u2013<em> B\u0119dzie sta\u0142 jaki\u015b &#8222;pasztet&#8221;, kt\u00f3ry b\u0119dzie szpeci\u0142 nasze miasto, a w tym momencie s\u0105 inne drogi<\/em> \u2013 dodaje Mariusz Trojak. R\u00f3wnie\u017c radna Karolina Siwek uwa\u017ca, \u017ce kamienicy nie powinno si\u0119 sprzedawa\u0107, gdy\u017c w tak atrakcyjnej lokalizacji mo\u017cna j\u0105 wykorzysta\u0107 w dobry dla miasta spos\u00f3b. <\/p>\n<p>Za sprzeda\u017c\u0105 kamienicy przy ul. Rynek 13 w Bochni g\u0142osowa\u0142o 9 os\u00f3b, 10 by\u0142o przeciw, jedna osoba wstrzyma\u0142a si\u0119 od g\u0142osu. G\u0142osowanie ujawni\u0142o podzia\u0142 w koalicyjnym klubie PiS.<\/p>\n","protected":false},"excerpt":{"rendered":"<p>Kamienica w Bochni, kt\u00f3ra blisko rok temu uleg\u0142a katastrofie budowlanej, nie zostanie sprzedana \u2013 tak zdecydowali radni. Budynek przy ul. Rynek 13 ju\u017c miesi\u0105c temu by\u0142 przedmiotem uchwa\u0142y, pod obrady trafi\u0142 podczas dzisiejszej sesji. <\/p>\n","protected":false},"author":4,"featured_media":0,"comment_status":"open","ping_status":"closed","sticky":false,"template":"","format":"standard","meta":{"_acf_changed":false,"footnotes":""},"categories":[5,6251,6250],"tags":[17171,17421,17294,849,1421,6255,5926,17369],"class_list":["post-27746","post","type-post","status-publish","format-standard","hentry","category-biezace-wydarzenia","category-polityka-i-wydarzenia","category-tematyka","tag-bogdan-kosturkiewicz","tag-burmistrz","tag-kamienica","tag-katastrofa-budowlana","tag-mariusz-trojak","tag-rynek-13","tag-sprzedaz","tag-zabytek"],"acf":[],"yoast_head":"<!-- This site is optimized with the Yoast SEO plugin v26.9 - https:\/\/yoast.com\/product\/yoast-seo-wordpress\/ -->\n<title>Kamienica Rynek 13: sprzeda\u017c odrzucona jednym g\u0142osem. Rozd\u017awi\u0119k w klubie PiS - mojabochnia.pl - portal informacyjny<\/title>\n<meta name=\"robots\" content=\"index, follow, max-snippet:-1, max-image-preview:large, max-video-preview:-1\" \/>\n<link rel=\"canonical\" href=\"https:\/\/www.mojabochnia.pl\/?p=27746\" \/>\n<meta property=\"og:locale\" content=\"pl_PL\" \/>\n<meta property=\"og:type\" content=\"article\" \/>\n<meta property=\"og:title\" content=\"Kamienica Rynek 13: sprzeda\u017c odrzucona jednym g\u0142osem. Rozd\u017awi\u0119k w klubie PiS - mojabochnia.pl - portal informacyjny\" \/>\n<meta property=\"og:description\" content=\"Kamienica w Bochni, kt\u00f3ra blisko rok temu uleg\u0142a katastrofie budowlanej, nie zostanie sprzedana \u2013 tak zdecydowali radni. Budynek przy ul. Rynek 13 ju\u017c miesi\u0105c temu by\u0142 przedmiotem uchwa\u0142y, pod obrady trafi\u0142 podczas dzisiejszej sesji.\" \/>\n<meta property=\"og:url\" content=\"https:\/\/www.mojabochnia.pl\/?p=27746\" \/>\n<meta property=\"og:site_name\" content=\"mojabochnia.pl - portal informacyjny\" \/>\n<meta property=\"article:publisher\" content=\"https:\/\/www.facebook.com\/mojabochnia\" \/>\n<meta property=\"article:published_time\" content=\"2010-05-27T12:34:12+00:00\" \/>\n<meta property=\"article:modified_time\" content=\"2014-10-01T09:14:03+00:00\" \/>\n<meta name=\"author\" content=\"Pawe\u0142 Michalczyk\" \/>\n<meta name=\"twitter:card\" content=\"summary_large_image\" \/>\n<meta name=\"twitter:label1\" content=\"Written by\" \/>\n\t<meta name=\"twitter:data1\" content=\"Pawe\u0142 Michalczyk\" \/>\n\t<meta name=\"twitter:label2\" content=\"Est. reading time\" \/>\n\t<meta name=\"twitter:data2\" content=\"1 minuta\" \/>\n<script type=\"application\/ld+json\" class=\"yoast-schema-graph\">{\"@context\":\"https:\/\/schema.org\",\"@graph\":[{\"@type\":\"Article\",\"@id\":\"https:\/\/www.mojabochnia.pl\/?p=27746#article\",\"isPartOf\":{\"@id\":\"https:\/\/www.mojabochnia.pl\/?p=27746\"},\"author\":{\"name\":\"Pawe\u0142 Michalczyk\",\"@id\":\"https:\/\/www.mojabochnia.pl\/#\/schema\/person\/ea042e4724a77627963f02166828ead4\"},\"headline\":\"Kamienica Rynek 13: sprzeda\u017c odrzucona jednym g\u0142osem. Rozd\u017awi\u0119k w klubie PiS\",\"datePublished\":\"2010-05-27T12:34:12+00:00\",\"dateModified\":\"2014-10-01T09:14:03+00:00\",\"mainEntityOfPage\":{\"@id\":\"https:\/\/www.mojabochnia.pl\/?p=27746\"},\"wordCount\":261,\"commentCount\":1,\"publisher\":{\"@id\":\"https:\/\/www.mojabochnia.pl\/#organization\"},\"keywords\":[\"bogdan kosturkiewicz\",\"burmistrz\",\"kamienica\",\"katastrofa budowlana\",\"mariusz trojak\",\"rynek 13\",\"sprzeda\u017c\",\"zabytek\"],\"articleSection\":[\"2_ostatnie\",\"polityka i wydarzenia\",\"tematyka\"],\"inLanguage\":\"pl-PL\",\"potentialAction\":[{\"@type\":\"CommentAction\",\"name\":\"Comment\",\"target\":[\"https:\/\/www.mojabochnia.pl\/?p=27746#respond\"]}]},{\"@type\":\"WebPage\",\"@id\":\"https:\/\/www.mojabochnia.pl\/?p=27746\",\"url\":\"https:\/\/www.mojabochnia.pl\/?p=27746\",\"name\":\"Kamienica Rynek 13: sprzeda\u017c odrzucona jednym g\u0142osem. Rozd\u017awi\u0119k w klubie PiS - mojabochnia.pl - portal informacyjny\",\"isPartOf\":{\"@id\":\"https:\/\/www.mojabochnia.pl\/#website\"},\"datePublished\":\"2010-05-27T12:34:12+00:00\",\"dateModified\":\"2014-10-01T09:14:03+00:00\",\"breadcrumb\":{\"@id\":\"https:\/\/www.mojabochnia.pl\/?p=27746#breadcrumb\"},\"inLanguage\":\"pl-PL\",\"potentialAction\":[{\"@type\":\"ReadAction\",\"target\":[\"https:\/\/www.mojabochnia.pl\/?p=27746\"]}]},{\"@type\":\"BreadcrumbList\",\"@id\":\"https:\/\/www.mojabochnia.pl\/?p=27746#breadcrumb\",\"itemListElement\":[{\"@type\":\"ListItem\",\"position\":1,\"name\":\"Home\",\"item\":\"https:\/\/www.mojabochnia.pl\/\"},{\"@type\":\"ListItem\",\"position\":2,\"name\":\"Kamienica Rynek 13: sprzeda\u017c odrzucona jednym g\u0142osem. Rozd\u017awi\u0119k w klubie PiS\"}]},{\"@type\":\"WebSite\",\"@id\":\"https:\/\/www.mojabochnia.pl\/#website\",\"url\":\"https:\/\/www.mojabochnia.pl\/\",\"name\":\"mojabochnia.pl - portal informacyjny\",\"description\":\"mojaBochnia to portal informacyjny o Bochni. Codziennie o Bochni piszemy i pokazujemy najwa\u017cniejsze wydarzenia\",\"publisher\":{\"@id\":\"https:\/\/www.mojabochnia.pl\/#organization\"},\"potentialAction\":[{\"@type\":\"SearchAction\",\"target\":{\"@type\":\"EntryPoint\",\"urlTemplate\":\"https:\/\/www.mojabochnia.pl\/?s={search_term_string}\"},\"query-input\":{\"@type\":\"PropertyValueSpecification\",\"valueRequired\":true,\"valueName\":\"search_term_string\"}}],\"inLanguage\":\"pl-PL\"},{\"@type\":\"Organization\",\"@id\":\"https:\/\/www.mojabochnia.pl\/#organization\",\"name\":\"mojabochnia.pl - portal informacyjny\",\"url\":\"https:\/\/www.mojabochnia.pl\/\",\"logo\":{\"@type\":\"ImageObject\",\"inLanguage\":\"pl-PL\",\"@id\":\"https:\/\/www.mojabochnia.pl\/#\/schema\/logo\/image\/\",\"url\":\"https:\/\/www.mojabochnia.pl\/wp-content\/uploads\/2017\/08\/logo-mb-opt.png\",\"contentUrl\":\"https:\/\/www.mojabochnia.pl\/wp-content\/uploads\/2017\/08\/logo-mb-opt.png\",\"width\":250,\"height\":48,\"caption\":\"mojabochnia.pl - portal informacyjny\"},\"image\":{\"@id\":\"https:\/\/www.mojabochnia.pl\/#\/schema\/logo\/image\/\"},\"sameAs\":[\"https:\/\/www.facebook.com\/mojabochnia\"]},{\"@type\":\"Person\",\"@id\":\"https:\/\/www.mojabochnia.pl\/#\/schema\/person\/ea042e4724a77627963f02166828ead4\",\"name\":\"Pawe\u0142 Michalczyk\",\"url\":\"https:\/\/www.mojabochnia.pl\/?author=4\"}]}<\/script>\n<!-- \/ Yoast SEO plugin. -->","yoast_head_json":{"title":"Kamienica Rynek 13: sprzeda\u017c odrzucona jednym g\u0142osem. Rozd\u017awi\u0119k w klubie PiS - mojabochnia.pl - portal informacyjny","robots":{"index":"index","follow":"follow","max-snippet":"max-snippet:-1","max-image-preview":"max-image-preview:large","max-video-preview":"max-video-preview:-1"},"canonical":"https:\/\/www.mojabochnia.pl\/?p=27746","og_locale":"pl_PL","og_type":"article","og_title":"Kamienica Rynek 13: sprzeda\u017c odrzucona jednym g\u0142osem. Rozd\u017awi\u0119k w klubie PiS - mojabochnia.pl - portal informacyjny","og_description":"Kamienica w Bochni, kt\u00f3ra blisko rok temu uleg\u0142a katastrofie budowlanej, nie zostanie sprzedana \u2013 tak zdecydowali radni. Budynek przy ul. Rynek 13 ju\u017c miesi\u0105c temu by\u0142 przedmiotem uchwa\u0142y, pod obrady trafi\u0142 podczas dzisiejszej sesji.","og_url":"https:\/\/www.mojabochnia.pl\/?p=27746","og_site_name":"mojabochnia.pl - portal informacyjny","article_publisher":"https:\/\/www.facebook.com\/mojabochnia","article_published_time":"2010-05-27T12:34:12+00:00","article_modified_time":"2014-10-01T09:14:03+00:00","author":"Pawe\u0142 Michalczyk","twitter_card":"summary_large_image","twitter_misc":{"Written by":"Pawe\u0142 Michalczyk","Est. reading time":"1 minuta"},"schema":{"@context":"https:\/\/schema.org","@graph":[{"@type":"Article","@id":"https:\/\/www.mojabochnia.pl\/?p=27746#article","isPartOf":{"@id":"https:\/\/www.mojabochnia.pl\/?p=27746"},"author":{"name":"Pawe\u0142 Michalczyk","@id":"https:\/\/www.mojabochnia.pl\/#\/schema\/person\/ea042e4724a77627963f02166828ead4"},"headline":"Kamienica Rynek 13: sprzeda\u017c odrzucona jednym g\u0142osem. Rozd\u017awi\u0119k w klubie PiS","datePublished":"2010-05-27T12:34:12+00:00","dateModified":"2014-10-01T09:14:03+00:00","mainEntityOfPage":{"@id":"https:\/\/www.mojabochnia.pl\/?p=27746"},"wordCount":261,"commentCount":1,"publisher":{"@id":"https:\/\/www.mojabochnia.pl\/#organization"},"keywords":["bogdan kosturkiewicz","burmistrz","kamienica","katastrofa budowlana","mariusz trojak","rynek 13","sprzeda\u017c","zabytek"],"articleSection":["2_ostatnie","polityka i wydarzenia","tematyka"],"inLanguage":"pl-PL","potentialAction":[{"@type":"CommentAction","name":"Comment","target":["https:\/\/www.mojabochnia.pl\/?p=27746#respond"]}]},{"@type":"WebPage","@id":"https:\/\/www.mojabochnia.pl\/?p=27746","url":"https:\/\/www.mojabochnia.pl\/?p=27746","name":"Kamienica Rynek 13: sprzeda\u017c odrzucona jednym g\u0142osem. Rozd\u017awi\u0119k w klubie PiS - mojabochnia.pl - portal informacyjny","isPartOf":{"@id":"https:\/\/www.mojabochnia.pl\/#website"},"datePublished":"2010-05-27T12:34:12+00:00","dateModified":"2014-10-01T09:14:03+00:00","breadcrumb":{"@id":"https:\/\/www.mojabochnia.pl\/?p=27746#breadcrumb"},"inLanguage":"pl-PL","potentialAction":[{"@type":"ReadAction","target":["https:\/\/www.mojabochnia.pl\/?p=27746"]}]},{"@type":"BreadcrumbList","@id":"https:\/\/www.mojabochnia.pl\/?p=27746#breadcrumb","itemListElement":[{"@type":"ListItem","position":1,"name":"Home","item":"https:\/\/www.mojabochnia.pl\/"},{"@type":"ListItem","position":2,"name":"Kamienica Rynek 13: sprzeda\u017c odrzucona jednym g\u0142osem. Rozd\u017awi\u0119k w klubie PiS"}]},{"@type":"WebSite","@id":"https:\/\/www.mojabochnia.pl\/#website","url":"https:\/\/www.mojabochnia.pl\/","name":"mojabochnia.pl - portal informacyjny","description":"mojaBochnia to portal informacyjny o Bochni. Codziennie o Bochni piszemy i pokazujemy najwa\u017cniejsze wydarzenia","publisher":{"@id":"https:\/\/www.mojabochnia.pl\/#organization"},"potentialAction":[{"@type":"SearchAction","target":{"@type":"EntryPoint","urlTemplate":"https:\/\/www.mojabochnia.pl\/?s={search_term_string}"},"query-input":{"@type":"PropertyValueSpecification","valueRequired":true,"valueName":"search_term_string"}}],"inLanguage":"pl-PL"},{"@type":"Organization","@id":"https:\/\/www.mojabochnia.pl\/#organization","name":"mojabochnia.pl - portal informacyjny","url":"https:\/\/www.mojabochnia.pl\/","logo":{"@type":"ImageObject","inLanguage":"pl-PL","@id":"https:\/\/www.mojabochnia.pl\/#\/schema\/logo\/image\/","url":"https:\/\/www.mojabochnia.pl\/wp-content\/uploads\/2017\/08\/logo-mb-opt.png","contentUrl":"https:\/\/www.mojabochnia.pl\/wp-content\/uploads\/2017\/08\/logo-mb-opt.png","width":250,"height":48,"caption":"mojabochnia.pl - portal informacyjny"},"image":{"@id":"https:\/\/www.mojabochnia.pl\/#\/schema\/logo\/image\/"},"sameAs":["https:\/\/www.facebook.com\/mojabochnia"]},{"@type":"Person","@id":"https:\/\/www.mojabochnia.pl\/#\/schema\/person\/ea042e4724a77627963f02166828ead4","name":"Pawe\u0142 Michalczyk","url":"https:\/\/www.mojabochnia.pl\/?author=4"}]}},"_links":{"self":[{"href":"https:\/\/www.mojabochnia.pl\/index.php?rest_route=\/wp\/v2\/posts\/27746","targetHints":{"allow":["GET"]}}],"collection":[{"href":"https:\/\/www.mojabochnia.pl\/index.php?rest_route=\/wp\/v2\/posts"}],"about":[{"href":"https:\/\/www.mojabochnia.pl\/index.php?rest_route=\/wp\/v2\/types\/post"}],"author":[{"embeddable":true,"href":"https:\/\/www.mojabochnia.pl\/index.php?rest_route=\/wp\/v2\/users\/4"}],"replies":[{"embeddable":true,"href":"https:\/\/www.mojabochnia.pl\/index.php?rest_route=%2Fwp%2Fv2%2Fcomments&post=27746"}],"version-history":[{"count":1,"href":"https:\/\/www.mojabochnia.pl\/index.php?rest_route=\/wp\/v2\/posts\/27746\/revisions"}],"predecessor-version":[{"id":114489,"href":"https:\/\/www.mojabochnia.pl\/index.php?rest_route=\/wp\/v2\/posts\/27746\/revisions\/114489"}],"wp:attachment":[{"href":"https:\/\/www.mojabochnia.pl\/index.php?rest_route=%2Fwp%2Fv2%2Fmedia&parent=27746"}],"wp:term":[{"taxonomy":"category","embeddable":true,"href":"https:\/\/www.mojabochnia.pl\/index.php?rest_route=%2Fwp%2Fv2%2Fcategories&post=27746"},{"taxonomy":"post_tag","embeddable":true,"href":"https:\/\/www.mojabochnia.pl\/index.php?rest_route=%2Fwp%2Fv2%2Ftags&post=27746"}],"curies":[{"name":"wp","href":"https:\/\/api.w.org\/{rel}","templated":true}]}}