{"id":27612,"date":"2010-05-26T11:25:02","date_gmt":"2010-05-26T09:25:02","guid":{"rendered":"http:\/\/www.mojabochnia.pl\/?p=27612"},"modified":"2010-05-27T12:27:42","modified_gmt":"2010-05-27T10:27:42","slug":"apel-wojewody-do-pracodawcow-ktorzy-zatrudniaja-strazakow-ochotnikow","status":"publish","type":"post","link":"https:\/\/www.mojabochnia.pl\/?p=27612","title":{"rendered":"Apel wojewody do pracodawc\u00f3w, kt\u00f3rzy zatrudniaj\u0105 stra\u017cak\u00f3w ochotnik\u00f3w"},"content":{"rendered":"<p>Pe\u0142na tre\u015b\u0107 apelu:<\/p>\n<p><em>Dosz\u0142y do mnie niepokoj\u0105ce informacje, \u017ce stra\u017cacy ochotnicy, kt\u00f3rzy dzie\u0144 i noc walczyli w ostatnich dniach z powodzi\u0105, mog\u0105 mie\u0107 problemy w zak\u0142adach pracy, w kt\u00f3rych s\u0105 zatrudnieni.<\/p>\n<p>Zwracam si\u0119 do wszystkich pracodawc\u00f3w, kt\u00f3rzy zatrudniaj\u0105 stra\u017cak\u00f3w ochotnik\u00f3w. Prosz\u0119 o zrozumienie dla ich pracy na rzecz ma\u0142opolskiej spo\u0142eczno\u015bci. Stra\u017cacy ochotnicy to ludzie, kt\u00f3rzy z wielkim zaanga\u017cowaniem i odwag\u0105 uczestnicz\u0105 w akacjach ratowania \u017cycia ludzkiego i mienia. Mo\u017cecie by\u0107 Pa\u0144stwo dumni ze swoich pracownik\u00f3w. Rozumiem oczywi\u015bcie, ze nieobecno\u015b\u0107 w pracy mo\u017ce by\u0107 utrudnieniem dla Pa\u0144stwa firm, jednak jest to czas szczeg\u00f3lny, w kt\u00f3rym na pierwszym planie jest walka z powodzi\u0105 i solidarno\u015b\u0107 z poszkodowanymi. Prosz\u0119 o wyrozumia\u0142o\u015b\u0107 i cierpliwo\u015b\u0107.<\/p>\n<p>B\u0119d\u0119 chcia\u0142 w najbli\u017cszym czasie zwr\u00f3ci\u0107 si\u0119 do samorz\u0105d\u00f3w lokalnych z Ma\u0142opolski z pro\u015bb\u0105 o podj\u0119cie rozm\u00f3w z Pa\u0144stwa przedstawicielami na temat mo\u017cliwo\u015bci obni\u017cenia obci\u0105\u017ce\u0144 podatkowych, by cho\u0107 w ten spos\u00f3b zrekompensowa\u0107 Pa\u0144stwu straty z powodu nieobecno\u015bci pracownik\u00f3w.<br \/>\n<\/em><br \/>\nStanis\u0142aw Kracik<br \/>\nWojewoda ma\u0142opolski<\/p>\n","protected":false},"excerpt":{"rendered":"<p>Prezentujemy Panstwu apel, jaki wystosowa\u0142 do pracodawc\u00f3w zatrudniaj\u0105cych stra\u017cak\u00f3w &#8211; ochotnik\u00f3w, wojewoda ma\u0142opolski Stanis\u0142aw Kracik w zwi\u0105zku z ich nieobecno\u015bciami w pracy z powodu powodzi. <\/p>\n","protected":false},"author":2,"featured_media":0,"comment_status":"open","ping_status":"closed","sticky":false,"template":"","format":"standard","meta":{"_acf_changed":false,"footnotes":""},"categories":[5,6251,6250],"tags":[2143,17755,17774,2872,6955,6956,1292,1083],"class_list":["post-27612","post","type-post","status-publish","format-standard","hentry","category-biezace-wydarzenia","category-polityka-i-wydarzenia","category-tematyka","tag-ochotnicza-straz-pozarna","tag-osp","tag-powodz","tag-pracodawca","tag-pracodawcy","tag-samorzad-lokalny","tag-stanislaw-kracik","tag-wojewoda-malopolski"],"acf":[],"yoast_head":"<!-- This site is optimized with the Yoast SEO plugin v26.9 - https:\/\/yoast.com\/product\/yoast-seo-wordpress\/ -->\n<title>Apel wojewody do pracodawc\u00f3w, kt\u00f3rzy zatrudniaj\u0105 stra\u017cak\u00f3w ochotnik\u00f3w - mojabochnia.pl - portal informacyjny<\/title>\n<meta name=\"robots\" content=\"index, follow, max-snippet:-1, max-image-preview:large, max-video-preview:-1\" \/>\n<link rel=\"canonical\" href=\"https:\/\/www.mojabochnia.pl\/?p=27612\" \/>\n<meta property=\"og:locale\" content=\"pl_PL\" \/>\n<meta property=\"og:type\" content=\"article\" \/>\n<meta property=\"og:title\" content=\"Apel wojewody do pracodawc\u00f3w, kt\u00f3rzy zatrudniaj\u0105 stra\u017cak\u00f3w ochotnik\u00f3w - mojabochnia.pl - portal informacyjny\" \/>\n<meta property=\"og:description\" content=\"Prezentujemy Panstwu apel, jaki wystosowa\u0142 do pracodawc\u00f3w zatrudniaj\u0105cych stra\u017cak\u00f3w - ochotnik\u00f3w, wojewoda ma\u0142opolski Stanis\u0142aw Kracik w zwi\u0105zku z ich nieobecno\u015bciami w pracy z powodu powodzi.\" \/>\n<meta property=\"og:url\" content=\"https:\/\/www.mojabochnia.pl\/?p=27612\" \/>\n<meta property=\"og:site_name\" content=\"mojabochnia.pl - portal informacyjny\" \/>\n<meta property=\"article:publisher\" content=\"https:\/\/www.facebook.com\/mojabochnia\" \/>\n<meta property=\"article:published_time\" content=\"2010-05-26T09:25:02+00:00\" \/>\n<meta property=\"article:modified_time\" content=\"2010-05-27T10:27:42+00:00\" \/>\n<meta name=\"author\" content=\"Jacek Kucharski\" \/>\n<meta name=\"twitter:card\" content=\"summary_large_image\" \/>\n<meta name=\"twitter:label1\" content=\"Written by\" \/>\n\t<meta name=\"twitter:data1\" content=\"Jacek Kucharski\" \/>\n\t<meta name=\"twitter:label2\" content=\"Est. reading time\" \/>\n\t<meta name=\"twitter:data2\" content=\"1 minuta\" \/>\n<script type=\"application\/ld+json\" class=\"yoast-schema-graph\">{\"@context\":\"https:\/\/schema.org\",\"@graph\":[{\"@type\":\"Article\",\"@id\":\"https:\/\/www.mojabochnia.pl\/?p=27612#article\",\"isPartOf\":{\"@id\":\"https:\/\/www.mojabochnia.pl\/?p=27612\"},\"author\":{\"name\":\"Jacek Kucharski\",\"@id\":\"https:\/\/www.mojabochnia.pl\/#\/schema\/person\/cbf2046fc62995d3796f0c0160613698\"},\"headline\":\"Apel wojewody do pracodawc\u00f3w, kt\u00f3rzy zatrudniaj\u0105 stra\u017cak\u00f3w ochotnik\u00f3w\",\"datePublished\":\"2010-05-26T09:25:02+00:00\",\"dateModified\":\"2010-05-27T10:27:42+00:00\",\"mainEntityOfPage\":{\"@id\":\"https:\/\/www.mojabochnia.pl\/?p=27612\"},\"wordCount\":212,\"commentCount\":0,\"publisher\":{\"@id\":\"https:\/\/www.mojabochnia.pl\/#organization\"},\"keywords\":[\"ochotnicza stra\u017c po\u017carna\",\"osp\",\"pow\u00f3d\u017a\",\"pracodawca\",\"pracodawcy\",\"samorz\u0105d lokalny\",\"stanis\u0142aw kracik\",\"wojewoda ma\u0142opolski\"],\"articleSection\":[\"2_ostatnie\",\"polityka i wydarzenia\",\"tematyka\"],\"inLanguage\":\"pl-PL\",\"potentialAction\":[{\"@type\":\"CommentAction\",\"name\":\"Comment\",\"target\":[\"https:\/\/www.mojabochnia.pl\/?p=27612#respond\"]}]},{\"@type\":\"WebPage\",\"@id\":\"https:\/\/www.mojabochnia.pl\/?p=27612\",\"url\":\"https:\/\/www.mojabochnia.pl\/?p=27612\",\"name\":\"Apel wojewody do pracodawc\u00f3w, kt\u00f3rzy zatrudniaj\u0105 stra\u017cak\u00f3w ochotnik\u00f3w - mojabochnia.pl - portal informacyjny\",\"isPartOf\":{\"@id\":\"https:\/\/www.mojabochnia.pl\/#website\"},\"datePublished\":\"2010-05-26T09:25:02+00:00\",\"dateModified\":\"2010-05-27T10:27:42+00:00\",\"breadcrumb\":{\"@id\":\"https:\/\/www.mojabochnia.pl\/?p=27612#breadcrumb\"},\"inLanguage\":\"pl-PL\",\"potentialAction\":[{\"@type\":\"ReadAction\",\"target\":[\"https:\/\/www.mojabochnia.pl\/?p=27612\"]}]},{\"@type\":\"BreadcrumbList\",\"@id\":\"https:\/\/www.mojabochnia.pl\/?p=27612#breadcrumb\",\"itemListElement\":[{\"@type\":\"ListItem\",\"position\":1,\"name\":\"Home\",\"item\":\"https:\/\/www.mojabochnia.pl\/\"},{\"@type\":\"ListItem\",\"position\":2,\"name\":\"Apel wojewody do pracodawc\u00f3w, kt\u00f3rzy zatrudniaj\u0105 stra\u017cak\u00f3w ochotnik\u00f3w\"}]},{\"@type\":\"WebSite\",\"@id\":\"https:\/\/www.mojabochnia.pl\/#website\",\"url\":\"https:\/\/www.mojabochnia.pl\/\",\"name\":\"mojabochnia.pl - portal informacyjny\",\"description\":\"mojaBochnia to portal informacyjny o Bochni. Codziennie o Bochni piszemy i pokazujemy najwa\u017cniejsze wydarzenia\",\"publisher\":{\"@id\":\"https:\/\/www.mojabochnia.pl\/#organization\"},\"potentialAction\":[{\"@type\":\"SearchAction\",\"target\":{\"@type\":\"EntryPoint\",\"urlTemplate\":\"https:\/\/www.mojabochnia.pl\/?s={search_term_string}\"},\"query-input\":{\"@type\":\"PropertyValueSpecification\",\"valueRequired\":true,\"valueName\":\"search_term_string\"}}],\"inLanguage\":\"pl-PL\"},{\"@type\":\"Organization\",\"@id\":\"https:\/\/www.mojabochnia.pl\/#organization\",\"name\":\"mojabochnia.pl - portal informacyjny\",\"url\":\"https:\/\/www.mojabochnia.pl\/\",\"logo\":{\"@type\":\"ImageObject\",\"inLanguage\":\"pl-PL\",\"@id\":\"https:\/\/www.mojabochnia.pl\/#\/schema\/logo\/image\/\",\"url\":\"https:\/\/www.mojabochnia.pl\/wp-content\/uploads\/2017\/08\/logo-mb-opt.png\",\"contentUrl\":\"https:\/\/www.mojabochnia.pl\/wp-content\/uploads\/2017\/08\/logo-mb-opt.png\",\"width\":250,\"height\":48,\"caption\":\"mojabochnia.pl - portal informacyjny\"},\"image\":{\"@id\":\"https:\/\/www.mojabochnia.pl\/#\/schema\/logo\/image\/\"},\"sameAs\":[\"https:\/\/www.facebook.com\/mojabochnia\"]},{\"@type\":\"Person\",\"@id\":\"https:\/\/www.mojabochnia.pl\/#\/schema\/person\/cbf2046fc62995d3796f0c0160613698\",\"name\":\"Jacek Kucharski\",\"url\":\"https:\/\/www.mojabochnia.pl\/?author=2\"}]}<\/script>\n<!-- \/ Yoast SEO plugin. -->","yoast_head_json":{"title":"Apel wojewody do pracodawc\u00f3w, kt\u00f3rzy zatrudniaj\u0105 stra\u017cak\u00f3w ochotnik\u00f3w - mojabochnia.pl - portal informacyjny","robots":{"index":"index","follow":"follow","max-snippet":"max-snippet:-1","max-image-preview":"max-image-preview:large","max-video-preview":"max-video-preview:-1"},"canonical":"https:\/\/www.mojabochnia.pl\/?p=27612","og_locale":"pl_PL","og_type":"article","og_title":"Apel wojewody do pracodawc\u00f3w, kt\u00f3rzy zatrudniaj\u0105 stra\u017cak\u00f3w ochotnik\u00f3w - mojabochnia.pl - portal informacyjny","og_description":"Prezentujemy Panstwu apel, jaki wystosowa\u0142 do pracodawc\u00f3w zatrudniaj\u0105cych stra\u017cak\u00f3w - ochotnik\u00f3w, wojewoda ma\u0142opolski Stanis\u0142aw Kracik w zwi\u0105zku z ich nieobecno\u015bciami w pracy z powodu powodzi.","og_url":"https:\/\/www.mojabochnia.pl\/?p=27612","og_site_name":"mojabochnia.pl - portal informacyjny","article_publisher":"https:\/\/www.facebook.com\/mojabochnia","article_published_time":"2010-05-26T09:25:02+00:00","article_modified_time":"2010-05-27T10:27:42+00:00","author":"Jacek Kucharski","twitter_card":"summary_large_image","twitter_misc":{"Written by":"Jacek Kucharski","Est. reading time":"1 minuta"},"schema":{"@context":"https:\/\/schema.org","@graph":[{"@type":"Article","@id":"https:\/\/www.mojabochnia.pl\/?p=27612#article","isPartOf":{"@id":"https:\/\/www.mojabochnia.pl\/?p=27612"},"author":{"name":"Jacek Kucharski","@id":"https:\/\/www.mojabochnia.pl\/#\/schema\/person\/cbf2046fc62995d3796f0c0160613698"},"headline":"Apel wojewody do pracodawc\u00f3w, kt\u00f3rzy zatrudniaj\u0105 stra\u017cak\u00f3w ochotnik\u00f3w","datePublished":"2010-05-26T09:25:02+00:00","dateModified":"2010-05-27T10:27:42+00:00","mainEntityOfPage":{"@id":"https:\/\/www.mojabochnia.pl\/?p=27612"},"wordCount":212,"commentCount":0,"publisher":{"@id":"https:\/\/www.mojabochnia.pl\/#organization"},"keywords":["ochotnicza stra\u017c po\u017carna","osp","pow\u00f3d\u017a","pracodawca","pracodawcy","samorz\u0105d lokalny","stanis\u0142aw kracik","wojewoda ma\u0142opolski"],"articleSection":["2_ostatnie","polityka i wydarzenia","tematyka"],"inLanguage":"pl-PL","potentialAction":[{"@type":"CommentAction","name":"Comment","target":["https:\/\/www.mojabochnia.pl\/?p=27612#respond"]}]},{"@type":"WebPage","@id":"https:\/\/www.mojabochnia.pl\/?p=27612","url":"https:\/\/www.mojabochnia.pl\/?p=27612","name":"Apel wojewody do pracodawc\u00f3w, kt\u00f3rzy zatrudniaj\u0105 stra\u017cak\u00f3w ochotnik\u00f3w - mojabochnia.pl - portal informacyjny","isPartOf":{"@id":"https:\/\/www.mojabochnia.pl\/#website"},"datePublished":"2010-05-26T09:25:02+00:00","dateModified":"2010-05-27T10:27:42+00:00","breadcrumb":{"@id":"https:\/\/www.mojabochnia.pl\/?p=27612#breadcrumb"},"inLanguage":"pl-PL","potentialAction":[{"@type":"ReadAction","target":["https:\/\/www.mojabochnia.pl\/?p=27612"]}]},{"@type":"BreadcrumbList","@id":"https:\/\/www.mojabochnia.pl\/?p=27612#breadcrumb","itemListElement":[{"@type":"ListItem","position":1,"name":"Home","item":"https:\/\/www.mojabochnia.pl\/"},{"@type":"ListItem","position":2,"name":"Apel wojewody do pracodawc\u00f3w, kt\u00f3rzy zatrudniaj\u0105 stra\u017cak\u00f3w ochotnik\u00f3w"}]},{"@type":"WebSite","@id":"https:\/\/www.mojabochnia.pl\/#website","url":"https:\/\/www.mojabochnia.pl\/","name":"mojabochnia.pl - portal informacyjny","description":"mojaBochnia to portal informacyjny o Bochni. Codziennie o Bochni piszemy i pokazujemy najwa\u017cniejsze wydarzenia","publisher":{"@id":"https:\/\/www.mojabochnia.pl\/#organization"},"potentialAction":[{"@type":"SearchAction","target":{"@type":"EntryPoint","urlTemplate":"https:\/\/www.mojabochnia.pl\/?s={search_term_string}"},"query-input":{"@type":"PropertyValueSpecification","valueRequired":true,"valueName":"search_term_string"}}],"inLanguage":"pl-PL"},{"@type":"Organization","@id":"https:\/\/www.mojabochnia.pl\/#organization","name":"mojabochnia.pl - portal informacyjny","url":"https:\/\/www.mojabochnia.pl\/","logo":{"@type":"ImageObject","inLanguage":"pl-PL","@id":"https:\/\/www.mojabochnia.pl\/#\/schema\/logo\/image\/","url":"https:\/\/www.mojabochnia.pl\/wp-content\/uploads\/2017\/08\/logo-mb-opt.png","contentUrl":"https:\/\/www.mojabochnia.pl\/wp-content\/uploads\/2017\/08\/logo-mb-opt.png","width":250,"height":48,"caption":"mojabochnia.pl - portal informacyjny"},"image":{"@id":"https:\/\/www.mojabochnia.pl\/#\/schema\/logo\/image\/"},"sameAs":["https:\/\/www.facebook.com\/mojabochnia"]},{"@type":"Person","@id":"https:\/\/www.mojabochnia.pl\/#\/schema\/person\/cbf2046fc62995d3796f0c0160613698","name":"Jacek Kucharski","url":"https:\/\/www.mojabochnia.pl\/?author=2"}]}},"_links":{"self":[{"href":"https:\/\/www.mojabochnia.pl\/index.php?rest_route=\/wp\/v2\/posts\/27612","targetHints":{"allow":["GET"]}}],"collection":[{"href":"https:\/\/www.mojabochnia.pl\/index.php?rest_route=\/wp\/v2\/posts"}],"about":[{"href":"https:\/\/www.mojabochnia.pl\/index.php?rest_route=\/wp\/v2\/types\/post"}],"author":[{"embeddable":true,"href":"https:\/\/www.mojabochnia.pl\/index.php?rest_route=\/wp\/v2\/users\/2"}],"replies":[{"embeddable":true,"href":"https:\/\/www.mojabochnia.pl\/index.php?rest_route=%2Fwp%2Fv2%2Fcomments&post=27612"}],"version-history":[{"count":0,"href":"https:\/\/www.mojabochnia.pl\/index.php?rest_route=\/wp\/v2\/posts\/27612\/revisions"}],"wp:attachment":[{"href":"https:\/\/www.mojabochnia.pl\/index.php?rest_route=%2Fwp%2Fv2%2Fmedia&parent=27612"}],"wp:term":[{"taxonomy":"category","embeddable":true,"href":"https:\/\/www.mojabochnia.pl\/index.php?rest_route=%2Fwp%2Fv2%2Fcategories&post=27612"},{"taxonomy":"post_tag","embeddable":true,"href":"https:\/\/www.mojabochnia.pl\/index.php?rest_route=%2Fwp%2Fv2%2Ftags&post=27612"}],"curies":[{"name":"wp","href":"https:\/\/api.w.org\/{rel}","templated":true}]}}