{"id":268,"date":"2008-07-25T06:15:46","date_gmt":"2008-07-25T04:15:46","guid":{"rendered":"http:\/\/beta.mojabochnia.pl\/?p=268"},"modified":"2008-08-06T12:12:50","modified_gmt":"2008-08-06T10:12:50","slug":"powiat-bez-rzecznika-praw-konsumenta","status":"publish","type":"post","link":"https:\/\/www.mojabochnia.pl\/?p=268","title":{"rendered":"Powiat bez rzecznika praw konsumenta"},"content":{"rendered":"<p>\u2013 <em>Sprawy zwi\u0105zane z prowadzeniem spraw konsument\u00f3w s\u0105 zabezpieczane przez Starostwo Powiatowe w Bochni w postaci zar\u00f3wno pracy biura rzecznika konsument\u00f3w. Rol\u0105 biura jest rejestracja, bie\u017c\u0105ca korespondencja, informowanie stron o przys\u0142uguj\u0105cych mo\u017cliwo\u015bciach dzia\u0142ania. Kwestia reprezentacji prawnej interes\u00f3w konsument\u00f3w jest realizowana przez oddelegowanych ze starostwa pracownik\u00f3w merytorycznych biura obs\u0142ugi prawnej <\/em>\u2013 m\u00f3wi starosta.<\/p>\n<p>Biuro Rzecznika Praw Konsumenta obs\u0142uguje jedna osoba, za\u015b interesy konsument\u00f3w w s\u0105dzie reprezentuj\u0105 dwie osoby. <\/p>\n","protected":false},"excerpt":{"rendered":"<p> Wci\u0105\u017c nie wiadomo, kiedy powiat boche\u0144ski b\u0119dzie mia\u0142 nowego rzecznika praw konsumenta. Przypomnijmy, w czerwcu rada powiatu odwo\u0142a\u0142a z tego stanowiska Ma\u0142gorzat\u0119 Szczepar\u0119 (ona sama wcze\u015bniej z\u0142o\u017cy\u0142a dymisj\u0119). Jak m\u00f3wi starosta Jacek Paj\u0105k, mimo wakatu konsumenci powiatu boche\u0144skiego maj\u0105 si\u0119 do kogo zg\u0142asza\u0107. Funkcjonuje bowiem biuro rzecznika praw konsument\u00f3w. <\/p>\n","protected":false},"author":4,"featured_media":0,"comment_status":"open","ping_status":"open","sticky":false,"template":"","format":"standard","meta":{"_acf_changed":false,"footnotes":""},"categories":[5],"tags":[17136,17224,307,17174],"class_list":["post-268","post","type-post","status-publish","format-standard","hentry","category-biezace-wydarzenia","tag-jacek-pajak","tag-malgorzata-szczepara","tag-rzecznik-praw-konsumenta","tag-starostwo-powiatowe"],"acf":[],"yoast_head":"<!-- This site is optimized with the Yoast SEO plugin v26.9 - https:\/\/yoast.com\/product\/yoast-seo-wordpress\/ -->\n<title>Powiat bez rzecznika praw konsumenta - mojabochnia.pl - portal informacyjny<\/title>\n<meta name=\"robots\" content=\"index, follow, max-snippet:-1, max-image-preview:large, max-video-preview:-1\" \/>\n<link rel=\"canonical\" href=\"https:\/\/www.mojabochnia.pl\/?p=268\" \/>\n<meta property=\"og:locale\" content=\"pl_PL\" \/>\n<meta property=\"og:type\" content=\"article\" \/>\n<meta property=\"og:title\" content=\"Powiat bez rzecznika praw konsumenta - mojabochnia.pl - portal informacyjny\" \/>\n<meta property=\"og:description\" content=\"Wci\u0105\u017c nie wiadomo, kiedy powiat boche\u0144ski b\u0119dzie mia\u0142 nowego rzecznika praw konsumenta. Przypomnijmy, w czerwcu rada powiatu odwo\u0142a\u0142a z tego stanowiska Ma\u0142gorzat\u0119 Szczepar\u0119 (ona sama wcze\u015bniej z\u0142o\u017cy\u0142a dymisj\u0119). Jak m\u00f3wi starosta Jacek Paj\u0105k, mimo wakatu konsumenci powiatu boche\u0144skiego maj\u0105 si\u0119 do kogo zg\u0142asza\u0107. Funkcjonuje bowiem biuro rzecznika praw konsument\u00f3w.\" \/>\n<meta property=\"og:url\" content=\"https:\/\/www.mojabochnia.pl\/?p=268\" \/>\n<meta property=\"og:site_name\" content=\"mojabochnia.pl - portal informacyjny\" \/>\n<meta property=\"article:publisher\" content=\"https:\/\/www.facebook.com\/mojabochnia\" \/>\n<meta property=\"article:published_time\" content=\"2008-07-25T04:15:46+00:00\" \/>\n<meta property=\"article:modified_time\" content=\"2008-08-06T10:12:50+00:00\" \/>\n<meta name=\"author\" content=\"Pawe\u0142 Michalczyk\" \/>\n<meta name=\"twitter:card\" content=\"summary_large_image\" \/>\n<meta name=\"twitter:label1\" content=\"Written by\" \/>\n\t<meta name=\"twitter:data1\" content=\"Pawe\u0142 Michalczyk\" \/>\n<script type=\"application\/ld+json\" class=\"yoast-schema-graph\">{\"@context\":\"https:\/\/schema.org\",\"@graph\":[{\"@type\":\"Article\",\"@id\":\"https:\/\/www.mojabochnia.pl\/?p=268#article\",\"isPartOf\":{\"@id\":\"https:\/\/www.mojabochnia.pl\/?p=268\"},\"author\":{\"name\":\"Pawe\u0142 Michalczyk\",\"@id\":\"https:\/\/www.mojabochnia.pl\/#\/schema\/person\/ea042e4724a77627963f02166828ead4\"},\"headline\":\"Powiat bez rzecznika praw konsumenta\",\"datePublished\":\"2008-07-25T04:15:46+00:00\",\"dateModified\":\"2008-08-06T10:12:50+00:00\",\"mainEntityOfPage\":{\"@id\":\"https:\/\/www.mojabochnia.pl\/?p=268\"},\"wordCount\":88,\"commentCount\":0,\"publisher\":{\"@id\":\"https:\/\/www.mojabochnia.pl\/#organization\"},\"keywords\":[\"jacek paj\u0105k\",\"ma\u0142gorzata szczepara\",\"rzecznik praw konsumenta\",\"starostwo powiatowe\"],\"articleSection\":[\"2_ostatnie\"],\"inLanguage\":\"pl-PL\",\"potentialAction\":[{\"@type\":\"CommentAction\",\"name\":\"Comment\",\"target\":[\"https:\/\/www.mojabochnia.pl\/?p=268#respond\"]}]},{\"@type\":\"WebPage\",\"@id\":\"https:\/\/www.mojabochnia.pl\/?p=268\",\"url\":\"https:\/\/www.mojabochnia.pl\/?p=268\",\"name\":\"Powiat bez rzecznika praw konsumenta - mojabochnia.pl - portal informacyjny\",\"isPartOf\":{\"@id\":\"https:\/\/www.mojabochnia.pl\/#website\"},\"datePublished\":\"2008-07-25T04:15:46+00:00\",\"dateModified\":\"2008-08-06T10:12:50+00:00\",\"breadcrumb\":{\"@id\":\"https:\/\/www.mojabochnia.pl\/?p=268#breadcrumb\"},\"inLanguage\":\"pl-PL\",\"potentialAction\":[{\"@type\":\"ReadAction\",\"target\":[\"https:\/\/www.mojabochnia.pl\/?p=268\"]}]},{\"@type\":\"BreadcrumbList\",\"@id\":\"https:\/\/www.mojabochnia.pl\/?p=268#breadcrumb\",\"itemListElement\":[{\"@type\":\"ListItem\",\"position\":1,\"name\":\"Home\",\"item\":\"https:\/\/www.mojabochnia.pl\/\"},{\"@type\":\"ListItem\",\"position\":2,\"name\":\"Powiat bez rzecznika praw konsumenta\"}]},{\"@type\":\"WebSite\",\"@id\":\"https:\/\/www.mojabochnia.pl\/#website\",\"url\":\"https:\/\/www.mojabochnia.pl\/\",\"name\":\"mojabochnia.pl - portal informacyjny\",\"description\":\"mojaBochnia to portal informacyjny o Bochni. Codziennie o Bochni piszemy i pokazujemy najwa\u017cniejsze wydarzenia\",\"publisher\":{\"@id\":\"https:\/\/www.mojabochnia.pl\/#organization\"},\"potentialAction\":[{\"@type\":\"SearchAction\",\"target\":{\"@type\":\"EntryPoint\",\"urlTemplate\":\"https:\/\/www.mojabochnia.pl\/?s={search_term_string}\"},\"query-input\":{\"@type\":\"PropertyValueSpecification\",\"valueRequired\":true,\"valueName\":\"search_term_string\"}}],\"inLanguage\":\"pl-PL\"},{\"@type\":\"Organization\",\"@id\":\"https:\/\/www.mojabochnia.pl\/#organization\",\"name\":\"mojabochnia.pl - portal informacyjny\",\"url\":\"https:\/\/www.mojabochnia.pl\/\",\"logo\":{\"@type\":\"ImageObject\",\"inLanguage\":\"pl-PL\",\"@id\":\"https:\/\/www.mojabochnia.pl\/#\/schema\/logo\/image\/\",\"url\":\"https:\/\/www.mojabochnia.pl\/wp-content\/uploads\/2017\/08\/logo-mb-opt.png\",\"contentUrl\":\"https:\/\/www.mojabochnia.pl\/wp-content\/uploads\/2017\/08\/logo-mb-opt.png\",\"width\":250,\"height\":48,\"caption\":\"mojabochnia.pl - portal informacyjny\"},\"image\":{\"@id\":\"https:\/\/www.mojabochnia.pl\/#\/schema\/logo\/image\/\"},\"sameAs\":[\"https:\/\/www.facebook.com\/mojabochnia\"]},{\"@type\":\"Person\",\"@id\":\"https:\/\/www.mojabochnia.pl\/#\/schema\/person\/ea042e4724a77627963f02166828ead4\",\"name\":\"Pawe\u0142 Michalczyk\",\"url\":\"https:\/\/www.mojabochnia.pl\/?author=4\"}]}<\/script>\n<!-- \/ Yoast SEO plugin. -->","yoast_head_json":{"title":"Powiat bez rzecznika praw konsumenta - mojabochnia.pl - portal informacyjny","robots":{"index":"index","follow":"follow","max-snippet":"max-snippet:-1","max-image-preview":"max-image-preview:large","max-video-preview":"max-video-preview:-1"},"canonical":"https:\/\/www.mojabochnia.pl\/?p=268","og_locale":"pl_PL","og_type":"article","og_title":"Powiat bez rzecznika praw konsumenta - mojabochnia.pl - portal informacyjny","og_description":"Wci\u0105\u017c nie wiadomo, kiedy powiat boche\u0144ski b\u0119dzie mia\u0142 nowego rzecznika praw konsumenta. Przypomnijmy, w czerwcu rada powiatu odwo\u0142a\u0142a z tego stanowiska Ma\u0142gorzat\u0119 Szczepar\u0119 (ona sama wcze\u015bniej z\u0142o\u017cy\u0142a dymisj\u0119). Jak m\u00f3wi starosta Jacek Paj\u0105k, mimo wakatu konsumenci powiatu boche\u0144skiego maj\u0105 si\u0119 do kogo zg\u0142asza\u0107. Funkcjonuje bowiem biuro rzecznika praw konsument\u00f3w.","og_url":"https:\/\/www.mojabochnia.pl\/?p=268","og_site_name":"mojabochnia.pl - portal informacyjny","article_publisher":"https:\/\/www.facebook.com\/mojabochnia","article_published_time":"2008-07-25T04:15:46+00:00","article_modified_time":"2008-08-06T10:12:50+00:00","author":"Pawe\u0142 Michalczyk","twitter_card":"summary_large_image","twitter_misc":{"Written by":"Pawe\u0142 Michalczyk"},"schema":{"@context":"https:\/\/schema.org","@graph":[{"@type":"Article","@id":"https:\/\/www.mojabochnia.pl\/?p=268#article","isPartOf":{"@id":"https:\/\/www.mojabochnia.pl\/?p=268"},"author":{"name":"Pawe\u0142 Michalczyk","@id":"https:\/\/www.mojabochnia.pl\/#\/schema\/person\/ea042e4724a77627963f02166828ead4"},"headline":"Powiat bez rzecznika praw konsumenta","datePublished":"2008-07-25T04:15:46+00:00","dateModified":"2008-08-06T10:12:50+00:00","mainEntityOfPage":{"@id":"https:\/\/www.mojabochnia.pl\/?p=268"},"wordCount":88,"commentCount":0,"publisher":{"@id":"https:\/\/www.mojabochnia.pl\/#organization"},"keywords":["jacek paj\u0105k","ma\u0142gorzata szczepara","rzecznik praw konsumenta","starostwo powiatowe"],"articleSection":["2_ostatnie"],"inLanguage":"pl-PL","potentialAction":[{"@type":"CommentAction","name":"Comment","target":["https:\/\/www.mojabochnia.pl\/?p=268#respond"]}]},{"@type":"WebPage","@id":"https:\/\/www.mojabochnia.pl\/?p=268","url":"https:\/\/www.mojabochnia.pl\/?p=268","name":"Powiat bez rzecznika praw konsumenta - mojabochnia.pl - portal informacyjny","isPartOf":{"@id":"https:\/\/www.mojabochnia.pl\/#website"},"datePublished":"2008-07-25T04:15:46+00:00","dateModified":"2008-08-06T10:12:50+00:00","breadcrumb":{"@id":"https:\/\/www.mojabochnia.pl\/?p=268#breadcrumb"},"inLanguage":"pl-PL","potentialAction":[{"@type":"ReadAction","target":["https:\/\/www.mojabochnia.pl\/?p=268"]}]},{"@type":"BreadcrumbList","@id":"https:\/\/www.mojabochnia.pl\/?p=268#breadcrumb","itemListElement":[{"@type":"ListItem","position":1,"name":"Home","item":"https:\/\/www.mojabochnia.pl\/"},{"@type":"ListItem","position":2,"name":"Powiat bez rzecznika praw konsumenta"}]},{"@type":"WebSite","@id":"https:\/\/www.mojabochnia.pl\/#website","url":"https:\/\/www.mojabochnia.pl\/","name":"mojabochnia.pl - portal informacyjny","description":"mojaBochnia to portal informacyjny o Bochni. Codziennie o Bochni piszemy i pokazujemy najwa\u017cniejsze wydarzenia","publisher":{"@id":"https:\/\/www.mojabochnia.pl\/#organization"},"potentialAction":[{"@type":"SearchAction","target":{"@type":"EntryPoint","urlTemplate":"https:\/\/www.mojabochnia.pl\/?s={search_term_string}"},"query-input":{"@type":"PropertyValueSpecification","valueRequired":true,"valueName":"search_term_string"}}],"inLanguage":"pl-PL"},{"@type":"Organization","@id":"https:\/\/www.mojabochnia.pl\/#organization","name":"mojabochnia.pl - portal informacyjny","url":"https:\/\/www.mojabochnia.pl\/","logo":{"@type":"ImageObject","inLanguage":"pl-PL","@id":"https:\/\/www.mojabochnia.pl\/#\/schema\/logo\/image\/","url":"https:\/\/www.mojabochnia.pl\/wp-content\/uploads\/2017\/08\/logo-mb-opt.png","contentUrl":"https:\/\/www.mojabochnia.pl\/wp-content\/uploads\/2017\/08\/logo-mb-opt.png","width":250,"height":48,"caption":"mojabochnia.pl - portal informacyjny"},"image":{"@id":"https:\/\/www.mojabochnia.pl\/#\/schema\/logo\/image\/"},"sameAs":["https:\/\/www.facebook.com\/mojabochnia"]},{"@type":"Person","@id":"https:\/\/www.mojabochnia.pl\/#\/schema\/person\/ea042e4724a77627963f02166828ead4","name":"Pawe\u0142 Michalczyk","url":"https:\/\/www.mojabochnia.pl\/?author=4"}]}},"_links":{"self":[{"href":"https:\/\/www.mojabochnia.pl\/index.php?rest_route=\/wp\/v2\/posts\/268","targetHints":{"allow":["GET"]}}],"collection":[{"href":"https:\/\/www.mojabochnia.pl\/index.php?rest_route=\/wp\/v2\/posts"}],"about":[{"href":"https:\/\/www.mojabochnia.pl\/index.php?rest_route=\/wp\/v2\/types\/post"}],"author":[{"embeddable":true,"href":"https:\/\/www.mojabochnia.pl\/index.php?rest_route=\/wp\/v2\/users\/4"}],"replies":[{"embeddable":true,"href":"https:\/\/www.mojabochnia.pl\/index.php?rest_route=%2Fwp%2Fv2%2Fcomments&post=268"}],"version-history":[{"count":0,"href":"https:\/\/www.mojabochnia.pl\/index.php?rest_route=\/wp\/v2\/posts\/268\/revisions"}],"wp:attachment":[{"href":"https:\/\/www.mojabochnia.pl\/index.php?rest_route=%2Fwp%2Fv2%2Fmedia&parent=268"}],"wp:term":[{"taxonomy":"category","embeddable":true,"href":"https:\/\/www.mojabochnia.pl\/index.php?rest_route=%2Fwp%2Fv2%2Fcategories&post=268"},{"taxonomy":"post_tag","embeddable":true,"href":"https:\/\/www.mojabochnia.pl\/index.php?rest_route=%2Fwp%2Fv2%2Ftags&post=268"}],"curies":[{"name":"wp","href":"https:\/\/api.w.org\/{rel}","templated":true}]}}