{"id":2575,"date":"2008-11-02T10:29:04","date_gmt":"2008-11-02T09:29:04","guid":{"rendered":"http:\/\/www.mojabochnia.pl\/?p=2575"},"modified":"2008-11-02T19:02:54","modified_gmt":"2008-11-02T18:02:54","slug":"dlaczego-w-bochni-mamy-plac-turka","status":"publish","type":"post","link":"https:\/\/www.mojabochnia.pl\/?p=2575","title":{"rendered":"Dlaczego w Bochni mamy Plac Turka?"},"content":{"rendered":"<p>Niezwyk\u0142y spacer jak co roku zosta\u0142 zorganizowany  w przeddzie\u0144 Uroczysto\u015bci Wszystkich \u015awi\u0119tych, a przewodnikiem niezmiennie by\u0142 Jan Flasza, dyrektor Muzeum im. Stanis\u0142awa Fischera, wsp\u00f3\u0142autor ksi\u0105\u017cki &#8222;Cmentarze boche\u0144skie. Przewodnik historyczny&#8221;.<\/p>\n<p>&#8211; <em>Cmentarz boche\u0144ski nale\u017cy do najstarszych nekropolii w Polsce po\u0142udniowej. Za\u0142o\u017cony zosta\u0142 w 1787 roku, mniej wi\u0119cej w tym samym czasie co cmentarz \u0141yczakowski we Lwowie. Jest starszy o trzy lata od cmentarza na Pow\u0105zkach w Warszawie, i pi\u0119tna\u015bcie lat od Cmentarza Rakowickiego w Krakowie. Na tym cmentarzu, a zaw\u0142aszcza na tzw. jego starej cz\u0119\u015bci znajduje si\u0119 mn\u00f3stwo nagrobk\u00f3w s\u0142awnych os\u00f3b, tak \u017ce godzinami mo\u017cna by by\u0142o o nich opowiada\u0107<\/em> \u2013 m\u00f3wi\u0142 Jan Flasza podczas przechadzki.<\/p>\n<p>Spacer po boche\u0144skim cmentarzu z Kr\u0119giem M\u0142odych Mi\u0142o\u015bnik\u00f3w Starej Bochni rozpocz\u0105\u0142 si\u0119 przy g\u0142\u00f3wnej bramie wej\u015bciowej, od ulicy Orackiej. Nast\u0119pnie przez oko\u0142o dwie godziny uczestnicy w\u0119drowali cmentarnymi alejkami przy kt\u00f3rych spocz\u0119li m.in. zas\u0142u\u017ceni obywatele miasta, pedagodzy boche\u0144skiego Gimnazjum czy arty\u015bci. Zebrani, g\u0142\u00f3wnie m\u0142odzi ludzie przeszli m.in. obok grobu Antoniego Brandta, by\u0142ego burmistrza miasta,  dyrektora kasy oszcz\u0119dno\u015bci oraz radcy prawnego, Wojciecha Samka, rze\u017abiarza, Stanis\u0142awa Kaczmarczyka, geologa boche\u0144skiej kopalni czy Edwarda Ar\u0142amowskiego, adwokata, wybitnego szachisty rodem z Bochni.  <\/p>\n<p>Uczestnicy spaceru dotarli tak\u017ce do nagrobka J\u00f3zefa Turka d\u0142ugoletniego burmistrza miasta Bochni, za\u0142o\u017cyciela boche\u0144skiej stra\u017cy, kt\u00f3ry w XIX wieku ofiarowa\u0142 teren przy ul. Kazimierza Wielkiego miastu. To w\u0142a\u015bnie od jego imienia miejsce to nazywane jest Placem Turka. Jednak zanim Niemcy podczas okupacji wybudowali tutaj park, teren ten s\u0142u\u017cy\u0142 za post\u00f3j furmanek.<\/p>\n<p>Podobnych opowiada\u0144 podczas spaceru mo\u017cna by\u0142o wys\u0142ucha\u0107 bardzo wiele, bo jak zaznaczy\u0142 Jan Flasza, nawet przechadzka po cmentarzu mo\u017ce by\u0107 wspania\u0142\u0105 lekcj\u0105 historii. <\/p>\n<p><img decoding=\"async\" src=\"\/f\/2008\/11\/081103_at_spacer_cmentarz1.jpg\" alt=\"null\" \/><br \/>\n<img decoding=\"async\" src=\"\/f\/2008\/11\/081103_at_spacer_cmentarz2.jpg\" alt=\"null\" \/><br \/>\n<img decoding=\"async\" src=\"\/f\/2008\/11\/081103_at_spacer_cmentarz3.jpg\" alt=\"null\" \/><br \/>\n<img decoding=\"async\" src=\"\/f\/2008\/11\/081103_at_spacer_cmentarz4.jpg\" alt=\"null\" \/><br \/>\n<img decoding=\"async\" src=\"\/f\/2008\/11\/081103_at_spacer_cmentarz5.jpg\" alt=\"null\" \/><br \/>\n<img decoding=\"async\" src=\"\/f\/2008\/11\/081103_at_spacer_cmentarz6.jpg\" alt=\"null\" \/><br \/>\n<img decoding=\"async\" src=\"\/f\/2008\/11\/081103_at_spacer_cmentarz7.jpg\" alt=\"null\" \/><br \/>\n<img decoding=\"async\" src=\"\/f\/2008\/11\/081103_at_spacer_cmentarz8.jpg\" alt=\"null\" \/><br \/>\n<img decoding=\"async\" src=\"\/f\/2008\/11\/081103_at_spacer_cmentarz9.jpg\" alt=\"null\" \/><\/p>\n","protected":false},"excerpt":{"rendered":"<p>Mi\u0119dzy innymi na takie pytanie mogli us\u0142ysze\u0107 odpowiedz uczestnicy, kt\u00f3rzy w pi\u0105tkowe popo\u0142udnie w\u0119drowali alejkami  cmentarza komunalnego w Bochni.<\/p>\n","protected":false},"author":1,"featured_media":0,"comment_status":"open","ping_status":"closed","sticky":false,"template":"","format":"standard","meta":{"_acf_changed":false,"footnotes":""},"categories":[5],"tags":[1381,564,1436,17131,17126,1437,17391,17237,321,17460,1433,121],"class_list":["post-2575","post","type-post","status-publish","format-standard","hentry","category-biezace-wydarzenia","tag-cmentarz-komunalny","tag-czas-wolny","tag-edward-arlamowski","tag-historia","tag-jan-flasza","tag-krag-milosnikow-starej-bochni","tag-mlodziez","tag-plac-turka","tag-swieto","tag-ul-oracka","tag-wszystkich-swietych","tag-wypoczynek"],"acf":[],"yoast_head":"<!-- This site is optimized with the Yoast SEO plugin v26.9 - https:\/\/yoast.com\/product\/yoast-seo-wordpress\/ -->\n<title>Dlaczego w Bochni mamy Plac Turka?  - mojabochnia.pl - portal informacyjny<\/title>\n<meta name=\"robots\" content=\"index, follow, max-snippet:-1, max-image-preview:large, max-video-preview:-1\" \/>\n<link rel=\"canonical\" href=\"https:\/\/www.mojabochnia.pl\/?p=2575\" \/>\n<meta property=\"og:locale\" content=\"pl_PL\" \/>\n<meta property=\"og:type\" content=\"article\" \/>\n<meta property=\"og:title\" content=\"Dlaczego w Bochni mamy Plac Turka?  - mojabochnia.pl - portal informacyjny\" \/>\n<meta property=\"og:description\" content=\"Mi\u0119dzy innymi na takie pytanie mogli us\u0142ysze\u0107 odpowiedz uczestnicy, kt\u00f3rzy w pi\u0105tkowe popo\u0142udnie w\u0119drowali alejkami cmentarza komunalnego w Bochni.\" \/>\n<meta property=\"og:url\" content=\"https:\/\/www.mojabochnia.pl\/?p=2575\" \/>\n<meta property=\"og:site_name\" content=\"mojabochnia.pl - portal informacyjny\" \/>\n<meta property=\"article:publisher\" content=\"https:\/\/www.facebook.com\/mojabochnia\" \/>\n<meta property=\"article:published_time\" content=\"2008-11-02T09:29:04+00:00\" \/>\n<meta property=\"article:modified_time\" content=\"2008-11-02T18:02:54+00:00\" \/>\n<meta name=\"author\" content=\"administrator\" \/>\n<meta name=\"twitter:card\" content=\"summary_large_image\" \/>\n<meta name=\"twitter:label1\" content=\"Written by\" \/>\n\t<meta name=\"twitter:data1\" content=\"administrator\" \/>\n\t<meta name=\"twitter:label2\" content=\"Est. reading time\" \/>\n\t<meta name=\"twitter:data2\" content=\"2 minuty\" \/>\n<script type=\"application\/ld+json\" class=\"yoast-schema-graph\">{\"@context\":\"https:\/\/schema.org\",\"@graph\":[{\"@type\":\"Article\",\"@id\":\"https:\/\/www.mojabochnia.pl\/?p=2575#article\",\"isPartOf\":{\"@id\":\"https:\/\/www.mojabochnia.pl\/?p=2575\"},\"author\":{\"name\":\"administrator\",\"@id\":\"https:\/\/www.mojabochnia.pl\/#\/schema\/person\/c00e1f64e6fa0e6de6d410f2c340017f\"},\"headline\":\"Dlaczego w Bochni mamy Plac Turka?\",\"datePublished\":\"2008-11-02T09:29:04+00:00\",\"dateModified\":\"2008-11-02T18:02:54+00:00\",\"mainEntityOfPage\":{\"@id\":\"https:\/\/www.mojabochnia.pl\/?p=2575\"},\"wordCount\":329,\"commentCount\":0,\"publisher\":{\"@id\":\"https:\/\/www.mojabochnia.pl\/#organization\"},\"keywords\":[\"cmentarz komunalny\",\"czas wolny\",\"edward ar\u0142amowski\",\"historia\",\"jan flasza\",\"kr\u0105g mi\u0142o\u015bnik\u00f3w starej bochni\",\"m\u0142odzie\u017c\",\"plac turka\",\"\u015bwi\u0119to\",\"ul. oracka\",\"wszystkich \u015bwi\u0119tych\",\"wypoczynek\"],\"articleSection\":[\"2_ostatnie\"],\"inLanguage\":\"pl-PL\",\"potentialAction\":[{\"@type\":\"CommentAction\",\"name\":\"Comment\",\"target\":[\"https:\/\/www.mojabochnia.pl\/?p=2575#respond\"]}]},{\"@type\":\"WebPage\",\"@id\":\"https:\/\/www.mojabochnia.pl\/?p=2575\",\"url\":\"https:\/\/www.mojabochnia.pl\/?p=2575\",\"name\":\"Dlaczego w Bochni mamy Plac Turka? - mojabochnia.pl - portal informacyjny\",\"isPartOf\":{\"@id\":\"https:\/\/www.mojabochnia.pl\/#website\"},\"datePublished\":\"2008-11-02T09:29:04+00:00\",\"dateModified\":\"2008-11-02T18:02:54+00:00\",\"breadcrumb\":{\"@id\":\"https:\/\/www.mojabochnia.pl\/?p=2575#breadcrumb\"},\"inLanguage\":\"pl-PL\",\"potentialAction\":[{\"@type\":\"ReadAction\",\"target\":[\"https:\/\/www.mojabochnia.pl\/?p=2575\"]}]},{\"@type\":\"BreadcrumbList\",\"@id\":\"https:\/\/www.mojabochnia.pl\/?p=2575#breadcrumb\",\"itemListElement\":[{\"@type\":\"ListItem\",\"position\":1,\"name\":\"Home\",\"item\":\"https:\/\/www.mojabochnia.pl\/\"},{\"@type\":\"ListItem\",\"position\":2,\"name\":\"Dlaczego w Bochni mamy Plac Turka?\"}]},{\"@type\":\"WebSite\",\"@id\":\"https:\/\/www.mojabochnia.pl\/#website\",\"url\":\"https:\/\/www.mojabochnia.pl\/\",\"name\":\"mojabochnia.pl - portal informacyjny\",\"description\":\"mojaBochnia to portal informacyjny o Bochni. Codziennie o Bochni piszemy i pokazujemy najwa\u017cniejsze wydarzenia\",\"publisher\":{\"@id\":\"https:\/\/www.mojabochnia.pl\/#organization\"},\"potentialAction\":[{\"@type\":\"SearchAction\",\"target\":{\"@type\":\"EntryPoint\",\"urlTemplate\":\"https:\/\/www.mojabochnia.pl\/?s={search_term_string}\"},\"query-input\":{\"@type\":\"PropertyValueSpecification\",\"valueRequired\":true,\"valueName\":\"search_term_string\"}}],\"inLanguage\":\"pl-PL\"},{\"@type\":\"Organization\",\"@id\":\"https:\/\/www.mojabochnia.pl\/#organization\",\"name\":\"mojabochnia.pl - portal informacyjny\",\"url\":\"https:\/\/www.mojabochnia.pl\/\",\"logo\":{\"@type\":\"ImageObject\",\"inLanguage\":\"pl-PL\",\"@id\":\"https:\/\/www.mojabochnia.pl\/#\/schema\/logo\/image\/\",\"url\":\"https:\/\/www.mojabochnia.pl\/wp-content\/uploads\/2017\/08\/logo-mb-opt.png\",\"contentUrl\":\"https:\/\/www.mojabochnia.pl\/wp-content\/uploads\/2017\/08\/logo-mb-opt.png\",\"width\":250,\"height\":48,\"caption\":\"mojabochnia.pl - portal informacyjny\"},\"image\":{\"@id\":\"https:\/\/www.mojabochnia.pl\/#\/schema\/logo\/image\/\"},\"sameAs\":[\"https:\/\/www.facebook.com\/mojabochnia\"]},{\"@type\":\"Person\",\"@id\":\"https:\/\/www.mojabochnia.pl\/#\/schema\/person\/c00e1f64e6fa0e6de6d410f2c340017f\",\"name\":\"administrator\",\"url\":\"https:\/\/www.mojabochnia.pl\/?author=1\"}]}<\/script>\n<!-- \/ Yoast SEO plugin. -->","yoast_head_json":{"title":"Dlaczego w Bochni mamy Plac Turka?  - mojabochnia.pl - portal informacyjny","robots":{"index":"index","follow":"follow","max-snippet":"max-snippet:-1","max-image-preview":"max-image-preview:large","max-video-preview":"max-video-preview:-1"},"canonical":"https:\/\/www.mojabochnia.pl\/?p=2575","og_locale":"pl_PL","og_type":"article","og_title":"Dlaczego w Bochni mamy Plac Turka?  - mojabochnia.pl - portal informacyjny","og_description":"Mi\u0119dzy innymi na takie pytanie mogli us\u0142ysze\u0107 odpowiedz uczestnicy, kt\u00f3rzy w pi\u0105tkowe popo\u0142udnie w\u0119drowali alejkami cmentarza komunalnego w Bochni.","og_url":"https:\/\/www.mojabochnia.pl\/?p=2575","og_site_name":"mojabochnia.pl - portal informacyjny","article_publisher":"https:\/\/www.facebook.com\/mojabochnia","article_published_time":"2008-11-02T09:29:04+00:00","article_modified_time":"2008-11-02T18:02:54+00:00","author":"administrator","twitter_card":"summary_large_image","twitter_misc":{"Written by":"administrator","Est. reading time":"2 minuty"},"schema":{"@context":"https:\/\/schema.org","@graph":[{"@type":"Article","@id":"https:\/\/www.mojabochnia.pl\/?p=2575#article","isPartOf":{"@id":"https:\/\/www.mojabochnia.pl\/?p=2575"},"author":{"name":"administrator","@id":"https:\/\/www.mojabochnia.pl\/#\/schema\/person\/c00e1f64e6fa0e6de6d410f2c340017f"},"headline":"Dlaczego w Bochni mamy Plac Turka?","datePublished":"2008-11-02T09:29:04+00:00","dateModified":"2008-11-02T18:02:54+00:00","mainEntityOfPage":{"@id":"https:\/\/www.mojabochnia.pl\/?p=2575"},"wordCount":329,"commentCount":0,"publisher":{"@id":"https:\/\/www.mojabochnia.pl\/#organization"},"keywords":["cmentarz komunalny","czas wolny","edward ar\u0142amowski","historia","jan flasza","kr\u0105g mi\u0142o\u015bnik\u00f3w starej bochni","m\u0142odzie\u017c","plac turka","\u015bwi\u0119to","ul. oracka","wszystkich \u015bwi\u0119tych","wypoczynek"],"articleSection":["2_ostatnie"],"inLanguage":"pl-PL","potentialAction":[{"@type":"CommentAction","name":"Comment","target":["https:\/\/www.mojabochnia.pl\/?p=2575#respond"]}]},{"@type":"WebPage","@id":"https:\/\/www.mojabochnia.pl\/?p=2575","url":"https:\/\/www.mojabochnia.pl\/?p=2575","name":"Dlaczego w Bochni mamy Plac Turka? - mojabochnia.pl - portal informacyjny","isPartOf":{"@id":"https:\/\/www.mojabochnia.pl\/#website"},"datePublished":"2008-11-02T09:29:04+00:00","dateModified":"2008-11-02T18:02:54+00:00","breadcrumb":{"@id":"https:\/\/www.mojabochnia.pl\/?p=2575#breadcrumb"},"inLanguage":"pl-PL","potentialAction":[{"@type":"ReadAction","target":["https:\/\/www.mojabochnia.pl\/?p=2575"]}]},{"@type":"BreadcrumbList","@id":"https:\/\/www.mojabochnia.pl\/?p=2575#breadcrumb","itemListElement":[{"@type":"ListItem","position":1,"name":"Home","item":"https:\/\/www.mojabochnia.pl\/"},{"@type":"ListItem","position":2,"name":"Dlaczego w Bochni mamy Plac Turka?"}]},{"@type":"WebSite","@id":"https:\/\/www.mojabochnia.pl\/#website","url":"https:\/\/www.mojabochnia.pl\/","name":"mojabochnia.pl - portal informacyjny","description":"mojaBochnia to portal informacyjny o Bochni. Codziennie o Bochni piszemy i pokazujemy najwa\u017cniejsze wydarzenia","publisher":{"@id":"https:\/\/www.mojabochnia.pl\/#organization"},"potentialAction":[{"@type":"SearchAction","target":{"@type":"EntryPoint","urlTemplate":"https:\/\/www.mojabochnia.pl\/?s={search_term_string}"},"query-input":{"@type":"PropertyValueSpecification","valueRequired":true,"valueName":"search_term_string"}}],"inLanguage":"pl-PL"},{"@type":"Organization","@id":"https:\/\/www.mojabochnia.pl\/#organization","name":"mojabochnia.pl - portal informacyjny","url":"https:\/\/www.mojabochnia.pl\/","logo":{"@type":"ImageObject","inLanguage":"pl-PL","@id":"https:\/\/www.mojabochnia.pl\/#\/schema\/logo\/image\/","url":"https:\/\/www.mojabochnia.pl\/wp-content\/uploads\/2017\/08\/logo-mb-opt.png","contentUrl":"https:\/\/www.mojabochnia.pl\/wp-content\/uploads\/2017\/08\/logo-mb-opt.png","width":250,"height":48,"caption":"mojabochnia.pl - portal informacyjny"},"image":{"@id":"https:\/\/www.mojabochnia.pl\/#\/schema\/logo\/image\/"},"sameAs":["https:\/\/www.facebook.com\/mojabochnia"]},{"@type":"Person","@id":"https:\/\/www.mojabochnia.pl\/#\/schema\/person\/c00e1f64e6fa0e6de6d410f2c340017f","name":"administrator","url":"https:\/\/www.mojabochnia.pl\/?author=1"}]}},"_links":{"self":[{"href":"https:\/\/www.mojabochnia.pl\/index.php?rest_route=\/wp\/v2\/posts\/2575","targetHints":{"allow":["GET"]}}],"collection":[{"href":"https:\/\/www.mojabochnia.pl\/index.php?rest_route=\/wp\/v2\/posts"}],"about":[{"href":"https:\/\/www.mojabochnia.pl\/index.php?rest_route=\/wp\/v2\/types\/post"}],"author":[{"embeddable":true,"href":"https:\/\/www.mojabochnia.pl\/index.php?rest_route=\/wp\/v2\/users\/1"}],"replies":[{"embeddable":true,"href":"https:\/\/www.mojabochnia.pl\/index.php?rest_route=%2Fwp%2Fv2%2Fcomments&post=2575"}],"version-history":[{"count":0,"href":"https:\/\/www.mojabochnia.pl\/index.php?rest_route=\/wp\/v2\/posts\/2575\/revisions"}],"wp:attachment":[{"href":"https:\/\/www.mojabochnia.pl\/index.php?rest_route=%2Fwp%2Fv2%2Fmedia&parent=2575"}],"wp:term":[{"taxonomy":"category","embeddable":true,"href":"https:\/\/www.mojabochnia.pl\/index.php?rest_route=%2Fwp%2Fv2%2Fcategories&post=2575"},{"taxonomy":"post_tag","embeddable":true,"href":"https:\/\/www.mojabochnia.pl\/index.php?rest_route=%2Fwp%2Fv2%2Ftags&post=2575"}],"curies":[{"name":"wp","href":"https:\/\/api.w.org\/{rel}","templated":true}]}}