{"id":2567,"date":"2008-11-02T07:55:05","date_gmt":"2008-11-02T06:55:05","guid":{"rendered":"http:\/\/www.mojabochnia.pl\/?p=2567"},"modified":"2008-11-03T09:16:47","modified_gmt":"2008-11-03T08:16:47","slug":"czym-sa-wypominki","status":"publish","type":"post","link":"https:\/\/www.mojabochnia.pl\/?p=2567","title":{"rendered":"Czym s\u0105 wypominki?"},"content":{"rendered":"<p>W listopadzie wierni zamawiaj\u0105 wypominki za dusze zmar\u0142ych. Jest to szczeg\u00f3lna modlitwa, przywo\u0142uj\u0105ca na my\u015bl s\u0142owa Chrystusa \u201eGdzie dw\u00f3ch albo trzech modli si\u0119 w imi\u0119 moje, tam ja jestem po\u015br\u00f3d nich. <\/p>\n<p>\u2013 <em>Ludzie chc\u0105, aby ca\u0142a wsp\u00f3lnota Ko\u015bcio\u0142a modli\u0142a si\u0119 za zmar\u0142ych wypominanych, \u017ceby nie by\u0142a to modlitwa pojedyncza. Zwykle modlimy si\u0119 indywidualnie, natomiast za wypominanych modli si\u0119 ca\u0142y Ko\u015bci\u00f3\u0142 <\/em>\u2013 m\u00f3wi ks. Jan Nowakowski, proboszcz parafii \u015bw. Paw\u0142a Aposto\u0142a w Bochni.<\/p>\n","protected":false},"excerpt":{"rendered":"<p>Dzie\u0144 Zaduszny sk\u0142ania do refleksji nad przemijaniem, a wierz\u0105cych do modlitwy w intencji zmar\u0142ych. Ich droga \u017cycia ju\u017c si\u0119 sko\u0144czy\u0142a i teraz mog\u0105 liczy\u0107 tylko na nasz\u0105 pomoc duchow\u0105. <\/p>\n","protected":false},"author":4,"featured_media":0,"comment_status":"open","ping_status":"closed","sticky":false,"template":"","format":"standard","meta":{"_acf_changed":false,"footnotes":""},"categories":[11,1342],"tags":[17360,17325,404,1426,361,1431],"class_list":["post-2567","post","type-post","status-publish","format-standard","hentry","category-top-temat","category-zycie-religijne","tag-cmentarz","tag-kosciol","tag-ks-jan-nowakowski","tag-odpust-zupelny","tag-parafia-sw-pawla-apostola","tag-wypominki"],"acf":[],"yoast_head":"<!-- This site is optimized with the Yoast SEO plugin v26.9 - https:\/\/yoast.com\/product\/yoast-seo-wordpress\/ -->\n<title>Czym s\u0105 wypominki? - mojabochnia.pl - portal informacyjny<\/title>\n<meta name=\"robots\" content=\"index, follow, max-snippet:-1, max-image-preview:large, max-video-preview:-1\" \/>\n<link rel=\"canonical\" href=\"https:\/\/www.mojabochnia.pl\/?p=2567\" \/>\n<meta property=\"og:locale\" content=\"pl_PL\" \/>\n<meta property=\"og:type\" content=\"article\" \/>\n<meta property=\"og:title\" content=\"Czym s\u0105 wypominki? - mojabochnia.pl - portal informacyjny\" \/>\n<meta property=\"og:description\" content=\"Dzie\u0144 Zaduszny sk\u0142ania do refleksji nad przemijaniem, a wierz\u0105cych do modlitwy w intencji zmar\u0142ych. Ich droga \u017cycia ju\u017c si\u0119 sko\u0144czy\u0142a i teraz mog\u0105 liczy\u0107 tylko na nasz\u0105 pomoc duchow\u0105.\" \/>\n<meta property=\"og:url\" content=\"https:\/\/www.mojabochnia.pl\/?p=2567\" \/>\n<meta property=\"og:site_name\" content=\"mojabochnia.pl - portal informacyjny\" \/>\n<meta property=\"article:publisher\" content=\"https:\/\/www.facebook.com\/mojabochnia\" \/>\n<meta property=\"article:published_time\" content=\"2008-11-02T06:55:05+00:00\" \/>\n<meta property=\"article:modified_time\" content=\"2008-11-03T08:16:47+00:00\" \/>\n<meta name=\"author\" content=\"Pawe\u0142 Michalczyk\" \/>\n<meta name=\"twitter:card\" content=\"summary_large_image\" \/>\n<meta name=\"twitter:label1\" content=\"Written by\" \/>\n\t<meta name=\"twitter:data1\" content=\"Pawe\u0142 Michalczyk\" \/>\n<script type=\"application\/ld+json\" class=\"yoast-schema-graph\">{\"@context\":\"https:\/\/schema.org\",\"@graph\":[{\"@type\":\"Article\",\"@id\":\"https:\/\/www.mojabochnia.pl\/?p=2567#article\",\"isPartOf\":{\"@id\":\"https:\/\/www.mojabochnia.pl\/?p=2567\"},\"author\":{\"name\":\"Pawe\u0142 Michalczyk\",\"@id\":\"https:\/\/www.mojabochnia.pl\/#\/schema\/person\/ea042e4724a77627963f02166828ead4\"},\"headline\":\"Czym s\u0105 wypominki?\",\"datePublished\":\"2008-11-02T06:55:05+00:00\",\"dateModified\":\"2008-11-03T08:16:47+00:00\",\"mainEntityOfPage\":{\"@id\":\"https:\/\/www.mojabochnia.pl\/?p=2567\"},\"wordCount\":94,\"commentCount\":0,\"publisher\":{\"@id\":\"https:\/\/www.mojabochnia.pl\/#organization\"},\"keywords\":[\"cmentarz\",\"ko\u015bci\u00f3\u0142\",\"ks. jan nowakowski\",\"odpust zupe\u0142ny\",\"parafia \u015bw. paw\u0142a aposto\u0142a\",\"wypominki\"],\"articleSection\":[\"3_w centrum uwagi\",\"\u017bycie religijne\"],\"inLanguage\":\"pl-PL\",\"potentialAction\":[{\"@type\":\"CommentAction\",\"name\":\"Comment\",\"target\":[\"https:\/\/www.mojabochnia.pl\/?p=2567#respond\"]}]},{\"@type\":\"WebPage\",\"@id\":\"https:\/\/www.mojabochnia.pl\/?p=2567\",\"url\":\"https:\/\/www.mojabochnia.pl\/?p=2567\",\"name\":\"Czym s\u0105 wypominki? - mojabochnia.pl - portal informacyjny\",\"isPartOf\":{\"@id\":\"https:\/\/www.mojabochnia.pl\/#website\"},\"datePublished\":\"2008-11-02T06:55:05+00:00\",\"dateModified\":\"2008-11-03T08:16:47+00:00\",\"breadcrumb\":{\"@id\":\"https:\/\/www.mojabochnia.pl\/?p=2567#breadcrumb\"},\"inLanguage\":\"pl-PL\",\"potentialAction\":[{\"@type\":\"ReadAction\",\"target\":[\"https:\/\/www.mojabochnia.pl\/?p=2567\"]}]},{\"@type\":\"BreadcrumbList\",\"@id\":\"https:\/\/www.mojabochnia.pl\/?p=2567#breadcrumb\",\"itemListElement\":[{\"@type\":\"ListItem\",\"position\":1,\"name\":\"Home\",\"item\":\"https:\/\/www.mojabochnia.pl\/\"},{\"@type\":\"ListItem\",\"position\":2,\"name\":\"Czym s\u0105 wypominki?\"}]},{\"@type\":\"WebSite\",\"@id\":\"https:\/\/www.mojabochnia.pl\/#website\",\"url\":\"https:\/\/www.mojabochnia.pl\/\",\"name\":\"mojabochnia.pl - portal informacyjny\",\"description\":\"mojaBochnia to portal informacyjny o Bochni. Codziennie o Bochni piszemy i pokazujemy najwa\u017cniejsze wydarzenia\",\"publisher\":{\"@id\":\"https:\/\/www.mojabochnia.pl\/#organization\"},\"potentialAction\":[{\"@type\":\"SearchAction\",\"target\":{\"@type\":\"EntryPoint\",\"urlTemplate\":\"https:\/\/www.mojabochnia.pl\/?s={search_term_string}\"},\"query-input\":{\"@type\":\"PropertyValueSpecification\",\"valueRequired\":true,\"valueName\":\"search_term_string\"}}],\"inLanguage\":\"pl-PL\"},{\"@type\":\"Organization\",\"@id\":\"https:\/\/www.mojabochnia.pl\/#organization\",\"name\":\"mojabochnia.pl - portal informacyjny\",\"url\":\"https:\/\/www.mojabochnia.pl\/\",\"logo\":{\"@type\":\"ImageObject\",\"inLanguage\":\"pl-PL\",\"@id\":\"https:\/\/www.mojabochnia.pl\/#\/schema\/logo\/image\/\",\"url\":\"https:\/\/www.mojabochnia.pl\/wp-content\/uploads\/2017\/08\/logo-mb-opt.png\",\"contentUrl\":\"https:\/\/www.mojabochnia.pl\/wp-content\/uploads\/2017\/08\/logo-mb-opt.png\",\"width\":250,\"height\":48,\"caption\":\"mojabochnia.pl - portal informacyjny\"},\"image\":{\"@id\":\"https:\/\/www.mojabochnia.pl\/#\/schema\/logo\/image\/\"},\"sameAs\":[\"https:\/\/www.facebook.com\/mojabochnia\"]},{\"@type\":\"Person\",\"@id\":\"https:\/\/www.mojabochnia.pl\/#\/schema\/person\/ea042e4724a77627963f02166828ead4\",\"name\":\"Pawe\u0142 Michalczyk\",\"url\":\"https:\/\/www.mojabochnia.pl\/?author=4\"}]}<\/script>\n<!-- \/ Yoast SEO plugin. -->","yoast_head_json":{"title":"Czym s\u0105 wypominki? - mojabochnia.pl - portal informacyjny","robots":{"index":"index","follow":"follow","max-snippet":"max-snippet:-1","max-image-preview":"max-image-preview:large","max-video-preview":"max-video-preview:-1"},"canonical":"https:\/\/www.mojabochnia.pl\/?p=2567","og_locale":"pl_PL","og_type":"article","og_title":"Czym s\u0105 wypominki? - mojabochnia.pl - portal informacyjny","og_description":"Dzie\u0144 Zaduszny sk\u0142ania do refleksji nad przemijaniem, a wierz\u0105cych do modlitwy w intencji zmar\u0142ych. Ich droga \u017cycia ju\u017c si\u0119 sko\u0144czy\u0142a i teraz mog\u0105 liczy\u0107 tylko na nasz\u0105 pomoc duchow\u0105.","og_url":"https:\/\/www.mojabochnia.pl\/?p=2567","og_site_name":"mojabochnia.pl - portal informacyjny","article_publisher":"https:\/\/www.facebook.com\/mojabochnia","article_published_time":"2008-11-02T06:55:05+00:00","article_modified_time":"2008-11-03T08:16:47+00:00","author":"Pawe\u0142 Michalczyk","twitter_card":"summary_large_image","twitter_misc":{"Written by":"Pawe\u0142 Michalczyk"},"schema":{"@context":"https:\/\/schema.org","@graph":[{"@type":"Article","@id":"https:\/\/www.mojabochnia.pl\/?p=2567#article","isPartOf":{"@id":"https:\/\/www.mojabochnia.pl\/?p=2567"},"author":{"name":"Pawe\u0142 Michalczyk","@id":"https:\/\/www.mojabochnia.pl\/#\/schema\/person\/ea042e4724a77627963f02166828ead4"},"headline":"Czym s\u0105 wypominki?","datePublished":"2008-11-02T06:55:05+00:00","dateModified":"2008-11-03T08:16:47+00:00","mainEntityOfPage":{"@id":"https:\/\/www.mojabochnia.pl\/?p=2567"},"wordCount":94,"commentCount":0,"publisher":{"@id":"https:\/\/www.mojabochnia.pl\/#organization"},"keywords":["cmentarz","ko\u015bci\u00f3\u0142","ks. jan nowakowski","odpust zupe\u0142ny","parafia \u015bw. paw\u0142a aposto\u0142a","wypominki"],"articleSection":["3_w centrum uwagi","\u017bycie religijne"],"inLanguage":"pl-PL","potentialAction":[{"@type":"CommentAction","name":"Comment","target":["https:\/\/www.mojabochnia.pl\/?p=2567#respond"]}]},{"@type":"WebPage","@id":"https:\/\/www.mojabochnia.pl\/?p=2567","url":"https:\/\/www.mojabochnia.pl\/?p=2567","name":"Czym s\u0105 wypominki? - mojabochnia.pl - portal informacyjny","isPartOf":{"@id":"https:\/\/www.mojabochnia.pl\/#website"},"datePublished":"2008-11-02T06:55:05+00:00","dateModified":"2008-11-03T08:16:47+00:00","breadcrumb":{"@id":"https:\/\/www.mojabochnia.pl\/?p=2567#breadcrumb"},"inLanguage":"pl-PL","potentialAction":[{"@type":"ReadAction","target":["https:\/\/www.mojabochnia.pl\/?p=2567"]}]},{"@type":"BreadcrumbList","@id":"https:\/\/www.mojabochnia.pl\/?p=2567#breadcrumb","itemListElement":[{"@type":"ListItem","position":1,"name":"Home","item":"https:\/\/www.mojabochnia.pl\/"},{"@type":"ListItem","position":2,"name":"Czym s\u0105 wypominki?"}]},{"@type":"WebSite","@id":"https:\/\/www.mojabochnia.pl\/#website","url":"https:\/\/www.mojabochnia.pl\/","name":"mojabochnia.pl - portal informacyjny","description":"mojaBochnia to portal informacyjny o Bochni. Codziennie o Bochni piszemy i pokazujemy najwa\u017cniejsze wydarzenia","publisher":{"@id":"https:\/\/www.mojabochnia.pl\/#organization"},"potentialAction":[{"@type":"SearchAction","target":{"@type":"EntryPoint","urlTemplate":"https:\/\/www.mojabochnia.pl\/?s={search_term_string}"},"query-input":{"@type":"PropertyValueSpecification","valueRequired":true,"valueName":"search_term_string"}}],"inLanguage":"pl-PL"},{"@type":"Organization","@id":"https:\/\/www.mojabochnia.pl\/#organization","name":"mojabochnia.pl - portal informacyjny","url":"https:\/\/www.mojabochnia.pl\/","logo":{"@type":"ImageObject","inLanguage":"pl-PL","@id":"https:\/\/www.mojabochnia.pl\/#\/schema\/logo\/image\/","url":"https:\/\/www.mojabochnia.pl\/wp-content\/uploads\/2017\/08\/logo-mb-opt.png","contentUrl":"https:\/\/www.mojabochnia.pl\/wp-content\/uploads\/2017\/08\/logo-mb-opt.png","width":250,"height":48,"caption":"mojabochnia.pl - portal informacyjny"},"image":{"@id":"https:\/\/www.mojabochnia.pl\/#\/schema\/logo\/image\/"},"sameAs":["https:\/\/www.facebook.com\/mojabochnia"]},{"@type":"Person","@id":"https:\/\/www.mojabochnia.pl\/#\/schema\/person\/ea042e4724a77627963f02166828ead4","name":"Pawe\u0142 Michalczyk","url":"https:\/\/www.mojabochnia.pl\/?author=4"}]}},"_links":{"self":[{"href":"https:\/\/www.mojabochnia.pl\/index.php?rest_route=\/wp\/v2\/posts\/2567","targetHints":{"allow":["GET"]}}],"collection":[{"href":"https:\/\/www.mojabochnia.pl\/index.php?rest_route=\/wp\/v2\/posts"}],"about":[{"href":"https:\/\/www.mojabochnia.pl\/index.php?rest_route=\/wp\/v2\/types\/post"}],"author":[{"embeddable":true,"href":"https:\/\/www.mojabochnia.pl\/index.php?rest_route=\/wp\/v2\/users\/4"}],"replies":[{"embeddable":true,"href":"https:\/\/www.mojabochnia.pl\/index.php?rest_route=%2Fwp%2Fv2%2Fcomments&post=2567"}],"version-history":[{"count":0,"href":"https:\/\/www.mojabochnia.pl\/index.php?rest_route=\/wp\/v2\/posts\/2567\/revisions"}],"wp:attachment":[{"href":"https:\/\/www.mojabochnia.pl\/index.php?rest_route=%2Fwp%2Fv2%2Fmedia&parent=2567"}],"wp:term":[{"taxonomy":"category","embeddable":true,"href":"https:\/\/www.mojabochnia.pl\/index.php?rest_route=%2Fwp%2Fv2%2Fcategories&post=2567"},{"taxonomy":"post_tag","embeddable":true,"href":"https:\/\/www.mojabochnia.pl\/index.php?rest_route=%2Fwp%2Fv2%2Ftags&post=2567"}],"curies":[{"name":"wp","href":"https:\/\/api.w.org\/{rel}","templated":true}]}}