{"id":2565,"date":"2008-11-01T07:42:36","date_gmt":"2008-11-01T06:42:36","guid":{"rendered":"http:\/\/www.mojabochnia.pl\/?p=2565"},"modified":"2008-11-03T09:17:25","modified_gmt":"2008-11-03T08:17:25","slug":"jak-zyskac-odpust-za-zmarlych","status":"publish","type":"post","link":"https:\/\/www.mojabochnia.pl\/?p=2565","title":{"rendered":"Jak zyska\u0107 odpust za zmar\u0142ych?"},"content":{"rendered":"<p>To szczeg\u00f3lny czas, w kt\u00f3rym \u015bwi\u0119tych obcowanie nabiera realnego kszta\u0142tu. \u2013 <em>Odpust to darowanie kary za grzechy ju\u017c odpuszczone. Trzeba tylko dobrej woli i wype\u0142nienia okre\u015blonych warunk\u00f3w: nawiedzenie cmentarza i modlitwa za zmar\u0142ych, a tak\u017ce tzw. warunki zwyk\u0142e zyskania odpustu zupe\u0142nego: komunia \u015bw. modlitwa Ojcze nasz, Wierz\u0119 w Boga, jakakolwiek modlitwa w intencjach Ojca \u015bwi\u0119tego oraz wyzbycie si\u0119 przywi\u0105zania do grzechu<\/em> \u2013 m\u00f3wi ks. Maciej \u015amigacz z parafii \u015bw. Miko\u0142aja w Bochni.<\/p>\n<p>W bazylice katedralnej w Tarnowie na pocz\u0105tku listopada otwarta jest krypta, w kt\u00f3rej spoczywaj\u0105 biskupi. R\u00f3wnie\u017c jej nawiedzenie pozwala w spe\u0142nieniu jednego z warunk\u00f3w uzyskania odpustu.<\/p>\n","protected":false},"excerpt":{"rendered":"<p>Od 1 do 8 listopada codziennie mo\u017cna zyska\u0107 odpust zupe\u0142ny i ofiarowa\u0107 go za zmar\u0142ych. Ko\u015bci\u00f3\u0142 wyznaczy\u0142 kilka warunk\u00f3w, kt\u00f3re nale\u017cy spe\u0142ni\u0107, aby dusze cierpi\u0105ce w czy\u015b\u0107cu mog\u0142y dozna\u0107 od nas pomocy. <\/p>\n","protected":false},"author":4,"featured_media":0,"comment_status":"open","ping_status":"closed","sticky":false,"template":"","format":"standard","meta":{"_acf_changed":false,"footnotes":""},"categories":[11,1342],"tags":[17360,1427,1428,17364,1426,27,17468,1397],"class_list":["post-2565","post","type-post","status-publish","format-standard","hentry","category-top-temat","category-zycie-religijne","tag-cmentarz","tag-ks-maciej-smigacz","tag-msza-sw","tag-odpust","tag-odpust-zupelny","tag-parafia-sw-mikolaja","tag-procesja","tag-znicz"],"acf":[],"yoast_head":"<!-- This site is optimized with the Yoast SEO plugin v26.9 - https:\/\/yoast.com\/product\/yoast-seo-wordpress\/ -->\n<title>Jak zyska\u0107 odpust za zmar\u0142ych? - mojabochnia.pl - portal informacyjny<\/title>\n<meta name=\"robots\" content=\"index, follow, max-snippet:-1, max-image-preview:large, max-video-preview:-1\" \/>\n<link rel=\"canonical\" href=\"https:\/\/www.mojabochnia.pl\/?p=2565\" \/>\n<meta property=\"og:locale\" content=\"pl_PL\" \/>\n<meta property=\"og:type\" content=\"article\" \/>\n<meta property=\"og:title\" content=\"Jak zyska\u0107 odpust za zmar\u0142ych? - mojabochnia.pl - portal informacyjny\" \/>\n<meta property=\"og:description\" content=\"Od 1 do 8 listopada codziennie mo\u017cna zyska\u0107 odpust zupe\u0142ny i ofiarowa\u0107 go za zmar\u0142ych. Ko\u015bci\u00f3\u0142 wyznaczy\u0142 kilka warunk\u00f3w, kt\u00f3re nale\u017cy spe\u0142ni\u0107, aby dusze cierpi\u0105ce w czy\u015b\u0107cu mog\u0142y dozna\u0107 od nas pomocy.\" \/>\n<meta property=\"og:url\" content=\"https:\/\/www.mojabochnia.pl\/?p=2565\" \/>\n<meta property=\"og:site_name\" content=\"mojabochnia.pl - portal informacyjny\" \/>\n<meta property=\"article:publisher\" content=\"https:\/\/www.facebook.com\/mojabochnia\" \/>\n<meta property=\"article:published_time\" content=\"2008-11-01T06:42:36+00:00\" \/>\n<meta property=\"article:modified_time\" content=\"2008-11-03T08:17:25+00:00\" \/>\n<meta name=\"author\" content=\"Pawe\u0142 Michalczyk\" \/>\n<meta name=\"twitter:card\" content=\"summary_large_image\" \/>\n<meta name=\"twitter:label1\" content=\"Written by\" \/>\n\t<meta name=\"twitter:data1\" content=\"Pawe\u0142 Michalczyk\" \/>\n\t<meta name=\"twitter:label2\" content=\"Est. reading time\" \/>\n\t<meta name=\"twitter:data2\" content=\"1 minuta\" \/>\n<script type=\"application\/ld+json\" class=\"yoast-schema-graph\">{\"@context\":\"https:\/\/schema.org\",\"@graph\":[{\"@type\":\"Article\",\"@id\":\"https:\/\/www.mojabochnia.pl\/?p=2565#article\",\"isPartOf\":{\"@id\":\"https:\/\/www.mojabochnia.pl\/?p=2565\"},\"author\":{\"name\":\"Pawe\u0142 Michalczyk\",\"@id\":\"https:\/\/www.mojabochnia.pl\/#\/schema\/person\/ea042e4724a77627963f02166828ead4\"},\"headline\":\"Jak zyska\u0107 odpust za zmar\u0142ych?\",\"datePublished\":\"2008-11-01T06:42:36+00:00\",\"dateModified\":\"2008-11-03T08:17:25+00:00\",\"mainEntityOfPage\":{\"@id\":\"https:\/\/www.mojabochnia.pl\/?p=2565\"},\"wordCount\":122,\"commentCount\":1,\"publisher\":{\"@id\":\"https:\/\/www.mojabochnia.pl\/#organization\"},\"keywords\":[\"cmentarz\",\"ks. maciej \u015bmigacz\",\"msza \u015bw.\",\"odpust\",\"odpust zupe\u0142ny\",\"Parafia \u015bw. Miko\u0142aja\",\"procesja\",\"znicz\"],\"articleSection\":[\"3_w centrum uwagi\",\"\u017bycie religijne\"],\"inLanguage\":\"pl-PL\",\"potentialAction\":[{\"@type\":\"CommentAction\",\"name\":\"Comment\",\"target\":[\"https:\/\/www.mojabochnia.pl\/?p=2565#respond\"]}]},{\"@type\":\"WebPage\",\"@id\":\"https:\/\/www.mojabochnia.pl\/?p=2565\",\"url\":\"https:\/\/www.mojabochnia.pl\/?p=2565\",\"name\":\"Jak zyska\u0107 odpust za zmar\u0142ych? - mojabochnia.pl - portal informacyjny\",\"isPartOf\":{\"@id\":\"https:\/\/www.mojabochnia.pl\/#website\"},\"datePublished\":\"2008-11-01T06:42:36+00:00\",\"dateModified\":\"2008-11-03T08:17:25+00:00\",\"breadcrumb\":{\"@id\":\"https:\/\/www.mojabochnia.pl\/?p=2565#breadcrumb\"},\"inLanguage\":\"pl-PL\",\"potentialAction\":[{\"@type\":\"ReadAction\",\"target\":[\"https:\/\/www.mojabochnia.pl\/?p=2565\"]}]},{\"@type\":\"BreadcrumbList\",\"@id\":\"https:\/\/www.mojabochnia.pl\/?p=2565#breadcrumb\",\"itemListElement\":[{\"@type\":\"ListItem\",\"position\":1,\"name\":\"Home\",\"item\":\"https:\/\/www.mojabochnia.pl\/\"},{\"@type\":\"ListItem\",\"position\":2,\"name\":\"Jak zyska\u0107 odpust za zmar\u0142ych?\"}]},{\"@type\":\"WebSite\",\"@id\":\"https:\/\/www.mojabochnia.pl\/#website\",\"url\":\"https:\/\/www.mojabochnia.pl\/\",\"name\":\"mojabochnia.pl - portal informacyjny\",\"description\":\"mojaBochnia to portal informacyjny o Bochni. Codziennie o Bochni piszemy i pokazujemy najwa\u017cniejsze wydarzenia\",\"publisher\":{\"@id\":\"https:\/\/www.mojabochnia.pl\/#organization\"},\"potentialAction\":[{\"@type\":\"SearchAction\",\"target\":{\"@type\":\"EntryPoint\",\"urlTemplate\":\"https:\/\/www.mojabochnia.pl\/?s={search_term_string}\"},\"query-input\":{\"@type\":\"PropertyValueSpecification\",\"valueRequired\":true,\"valueName\":\"search_term_string\"}}],\"inLanguage\":\"pl-PL\"},{\"@type\":\"Organization\",\"@id\":\"https:\/\/www.mojabochnia.pl\/#organization\",\"name\":\"mojabochnia.pl - portal informacyjny\",\"url\":\"https:\/\/www.mojabochnia.pl\/\",\"logo\":{\"@type\":\"ImageObject\",\"inLanguage\":\"pl-PL\",\"@id\":\"https:\/\/www.mojabochnia.pl\/#\/schema\/logo\/image\/\",\"url\":\"https:\/\/www.mojabochnia.pl\/wp-content\/uploads\/2017\/08\/logo-mb-opt.png\",\"contentUrl\":\"https:\/\/www.mojabochnia.pl\/wp-content\/uploads\/2017\/08\/logo-mb-opt.png\",\"width\":250,\"height\":48,\"caption\":\"mojabochnia.pl - portal informacyjny\"},\"image\":{\"@id\":\"https:\/\/www.mojabochnia.pl\/#\/schema\/logo\/image\/\"},\"sameAs\":[\"https:\/\/www.facebook.com\/mojabochnia\"]},{\"@type\":\"Person\",\"@id\":\"https:\/\/www.mojabochnia.pl\/#\/schema\/person\/ea042e4724a77627963f02166828ead4\",\"name\":\"Pawe\u0142 Michalczyk\",\"url\":\"https:\/\/www.mojabochnia.pl\/?author=4\"}]}<\/script>\n<!-- \/ Yoast SEO plugin. -->","yoast_head_json":{"title":"Jak zyska\u0107 odpust za zmar\u0142ych? - mojabochnia.pl - portal informacyjny","robots":{"index":"index","follow":"follow","max-snippet":"max-snippet:-1","max-image-preview":"max-image-preview:large","max-video-preview":"max-video-preview:-1"},"canonical":"https:\/\/www.mojabochnia.pl\/?p=2565","og_locale":"pl_PL","og_type":"article","og_title":"Jak zyska\u0107 odpust za zmar\u0142ych? - mojabochnia.pl - portal informacyjny","og_description":"Od 1 do 8 listopada codziennie mo\u017cna zyska\u0107 odpust zupe\u0142ny i ofiarowa\u0107 go za zmar\u0142ych. Ko\u015bci\u00f3\u0142 wyznaczy\u0142 kilka warunk\u00f3w, kt\u00f3re nale\u017cy spe\u0142ni\u0107, aby dusze cierpi\u0105ce w czy\u015b\u0107cu mog\u0142y dozna\u0107 od nas pomocy.","og_url":"https:\/\/www.mojabochnia.pl\/?p=2565","og_site_name":"mojabochnia.pl - portal informacyjny","article_publisher":"https:\/\/www.facebook.com\/mojabochnia","article_published_time":"2008-11-01T06:42:36+00:00","article_modified_time":"2008-11-03T08:17:25+00:00","author":"Pawe\u0142 Michalczyk","twitter_card":"summary_large_image","twitter_misc":{"Written by":"Pawe\u0142 Michalczyk","Est. reading time":"1 minuta"},"schema":{"@context":"https:\/\/schema.org","@graph":[{"@type":"Article","@id":"https:\/\/www.mojabochnia.pl\/?p=2565#article","isPartOf":{"@id":"https:\/\/www.mojabochnia.pl\/?p=2565"},"author":{"name":"Pawe\u0142 Michalczyk","@id":"https:\/\/www.mojabochnia.pl\/#\/schema\/person\/ea042e4724a77627963f02166828ead4"},"headline":"Jak zyska\u0107 odpust za zmar\u0142ych?","datePublished":"2008-11-01T06:42:36+00:00","dateModified":"2008-11-03T08:17:25+00:00","mainEntityOfPage":{"@id":"https:\/\/www.mojabochnia.pl\/?p=2565"},"wordCount":122,"commentCount":1,"publisher":{"@id":"https:\/\/www.mojabochnia.pl\/#organization"},"keywords":["cmentarz","ks. maciej \u015bmigacz","msza \u015bw.","odpust","odpust zupe\u0142ny","Parafia \u015bw. Miko\u0142aja","procesja","znicz"],"articleSection":["3_w centrum uwagi","\u017bycie religijne"],"inLanguage":"pl-PL","potentialAction":[{"@type":"CommentAction","name":"Comment","target":["https:\/\/www.mojabochnia.pl\/?p=2565#respond"]}]},{"@type":"WebPage","@id":"https:\/\/www.mojabochnia.pl\/?p=2565","url":"https:\/\/www.mojabochnia.pl\/?p=2565","name":"Jak zyska\u0107 odpust za zmar\u0142ych? - mojabochnia.pl - portal informacyjny","isPartOf":{"@id":"https:\/\/www.mojabochnia.pl\/#website"},"datePublished":"2008-11-01T06:42:36+00:00","dateModified":"2008-11-03T08:17:25+00:00","breadcrumb":{"@id":"https:\/\/www.mojabochnia.pl\/?p=2565#breadcrumb"},"inLanguage":"pl-PL","potentialAction":[{"@type":"ReadAction","target":["https:\/\/www.mojabochnia.pl\/?p=2565"]}]},{"@type":"BreadcrumbList","@id":"https:\/\/www.mojabochnia.pl\/?p=2565#breadcrumb","itemListElement":[{"@type":"ListItem","position":1,"name":"Home","item":"https:\/\/www.mojabochnia.pl\/"},{"@type":"ListItem","position":2,"name":"Jak zyska\u0107 odpust za zmar\u0142ych?"}]},{"@type":"WebSite","@id":"https:\/\/www.mojabochnia.pl\/#website","url":"https:\/\/www.mojabochnia.pl\/","name":"mojabochnia.pl - portal informacyjny","description":"mojaBochnia to portal informacyjny o Bochni. Codziennie o Bochni piszemy i pokazujemy najwa\u017cniejsze wydarzenia","publisher":{"@id":"https:\/\/www.mojabochnia.pl\/#organization"},"potentialAction":[{"@type":"SearchAction","target":{"@type":"EntryPoint","urlTemplate":"https:\/\/www.mojabochnia.pl\/?s={search_term_string}"},"query-input":{"@type":"PropertyValueSpecification","valueRequired":true,"valueName":"search_term_string"}}],"inLanguage":"pl-PL"},{"@type":"Organization","@id":"https:\/\/www.mojabochnia.pl\/#organization","name":"mojabochnia.pl - portal informacyjny","url":"https:\/\/www.mojabochnia.pl\/","logo":{"@type":"ImageObject","inLanguage":"pl-PL","@id":"https:\/\/www.mojabochnia.pl\/#\/schema\/logo\/image\/","url":"https:\/\/www.mojabochnia.pl\/wp-content\/uploads\/2017\/08\/logo-mb-opt.png","contentUrl":"https:\/\/www.mojabochnia.pl\/wp-content\/uploads\/2017\/08\/logo-mb-opt.png","width":250,"height":48,"caption":"mojabochnia.pl - portal informacyjny"},"image":{"@id":"https:\/\/www.mojabochnia.pl\/#\/schema\/logo\/image\/"},"sameAs":["https:\/\/www.facebook.com\/mojabochnia"]},{"@type":"Person","@id":"https:\/\/www.mojabochnia.pl\/#\/schema\/person\/ea042e4724a77627963f02166828ead4","name":"Pawe\u0142 Michalczyk","url":"https:\/\/www.mojabochnia.pl\/?author=4"}]}},"_links":{"self":[{"href":"https:\/\/www.mojabochnia.pl\/index.php?rest_route=\/wp\/v2\/posts\/2565","targetHints":{"allow":["GET"]}}],"collection":[{"href":"https:\/\/www.mojabochnia.pl\/index.php?rest_route=\/wp\/v2\/posts"}],"about":[{"href":"https:\/\/www.mojabochnia.pl\/index.php?rest_route=\/wp\/v2\/types\/post"}],"author":[{"embeddable":true,"href":"https:\/\/www.mojabochnia.pl\/index.php?rest_route=\/wp\/v2\/users\/4"}],"replies":[{"embeddable":true,"href":"https:\/\/www.mojabochnia.pl\/index.php?rest_route=%2Fwp%2Fv2%2Fcomments&post=2565"}],"version-history":[{"count":0,"href":"https:\/\/www.mojabochnia.pl\/index.php?rest_route=\/wp\/v2\/posts\/2565\/revisions"}],"wp:attachment":[{"href":"https:\/\/www.mojabochnia.pl\/index.php?rest_route=%2Fwp%2Fv2%2Fmedia&parent=2565"}],"wp:term":[{"taxonomy":"category","embeddable":true,"href":"https:\/\/www.mojabochnia.pl\/index.php?rest_route=%2Fwp%2Fv2%2Fcategories&post=2565"},{"taxonomy":"post_tag","embeddable":true,"href":"https:\/\/www.mojabochnia.pl\/index.php?rest_route=%2Fwp%2Fv2%2Ftags&post=2565"}],"curies":[{"name":"wp","href":"https:\/\/api.w.org\/{rel}","templated":true}]}}