{"id":256,"date":"2008-08-05T13:44:22","date_gmt":"2008-08-05T11:44:22","guid":{"rendered":"http:\/\/beta.mojabochnia.pl\/?p=256"},"modified":"2008-08-21T13:05:28","modified_gmt":"2008-08-21T11:05:28","slug":"bal-w-zamku-krolewskim","status":"publish","type":"post","link":"https:\/\/www.mojabochnia.pl\/?p=256","title":{"rendered":"Bal w Zamku Kr\u00f3lewskim"},"content":{"rendered":"<p>Organizatorzy zapraszaj\u0105 wszystkich do bawienia si\u0119 i integrowania z osobami niepe\u0142nosprawnymi. W programie imprezy zaplanowano m.in.: pokazy stra\u017cackie i zawody stra\u017cackie, wyjazd podno\u015bnikiem stra\u017cackim, pokazy policji, m.in. tropienie z u\u017cyciem psa, sprz\u0119t policyjny. M\u0142odzie\u017cowe Obserwatorium Astronomiczne wystawi lunety, przez kt\u00f3re b\u0119dzie mo\u017cna m.in. ogl\u0105da\u0107 plamy na S\u0142o\u0144cu, planety. Hufiec Pracy OHP zorganizuje pokazy stylizacji, manicure, fryzury, pokazy kucharskie. W planach jest tak\u017ce: rysowanie kred\u0105 na trakcie kr\u00f3lewskim, konkurencje sportowe, gry planszowe, rzut ringiem, puszczanie \u017cycze\u0144 do nieba oraz zwiedzanie Galerii Sztuki Polskiej XIX wieku. <\/p>\n<p>O godz. 16.00 w Zamku Kr\u00f3lewskim rozpocznie si\u0119 Bal dla Niepe\u0142nosprawnych, na kt\u00f3ry zaproszono ponad 150 os\u00f3b. Potrwa do godz. 22. Te bale to ju\u017c wieloletnia tradycja. Pokazuj\u0105 one, \u017ce osoby niepe\u0142nosprawne, r\u00f3wnie\u017c te poruszaj\u0105ce si\u0119 na w\u00f3zkach, potrafi\u0105 si\u0119 doskonale bawi\u0107. <\/p>\n<p>W Niepo\u0142omicach szczeg\u00f3lna troska o osoby niepe\u0142nosprawne rozpocz\u0119\u0142a si\u0119 wraz z organizacj\u0105 pierwszego obozu dla os\u00f3b niepe\u0142nosprawnych w 1991 roku. Gmina zaprosi\u0142a do siebie niepe\u0142nosprawnych, da\u0142a lokal i wy\u017cywienie. Uczestnicy p\u0142acili tylko symboliczn\u0105 op\u0142at\u0119. Opiek\u0119 sprawowali liczni wolontariusze. Z biegiem lat obozy sta\u0142y si\u0119 coraz bardziej popularne. Zacz\u0119\u0142y integrowa\u0107 niepe\u0142nosprawnych z r\u00f3\u017cnych cz\u0119\u015bci Polski z pe\u0142nosprawnymi wolontariuszami i z mieszka\u0144cami Niepo\u0142omic. I w efekcie powsta\u0142a idea zorganizowania Niepo\u0142omickiego Dnia Os\u00f3b Niepe\u0142nosprawnych. <\/p>\n","protected":false},"excerpt":{"rendered":"<p>Dzisiaj na rynku w Niepo\u0142omicach odbywa si\u0119 I Niepo\u0142omicki Dzie\u0144 Os\u00f3b Niepe\u0142nosprawnych. Z tej okazji przygotowano kilka atrakcji nie tylko dla niepe\u0142nosprawnych. Jednak z my\u015bl\u0105 o osobach upo\u015bledzonych przygotowano Bal dla Niepe\u0142nosprawnych.<\/p>\n","protected":false},"author":1,"featured_media":0,"comment_status":"open","ping_status":"open","sticky":false,"template":"","format":"standard","meta":{"_acf_changed":false,"footnotes":""},"categories":[5],"tags":[300,301,17221,17220,44,256],"class_list":["post-256","post","type-post","status-publish","format-standard","hentry","category-biezace-wydarzenia","tag-bal","tag-mlodziezowe-obserwatorium-astronomiczne","tag-niepelnosprawni","tag-niepolomice","tag-pokaz-strazacki","tag-rysunek"],"acf":[],"yoast_head":"<!-- This site is optimized with the Yoast SEO plugin v26.9 - https:\/\/yoast.com\/product\/yoast-seo-wordpress\/ -->\n<title>Bal w Zamku Kr\u00f3lewskim - mojabochnia.pl - portal informacyjny<\/title>\n<meta name=\"robots\" content=\"index, follow, max-snippet:-1, max-image-preview:large, max-video-preview:-1\" \/>\n<link rel=\"canonical\" href=\"https:\/\/www.mojabochnia.pl\/?p=256\" \/>\n<meta property=\"og:locale\" content=\"pl_PL\" \/>\n<meta property=\"og:type\" content=\"article\" \/>\n<meta property=\"og:title\" content=\"Bal w Zamku Kr\u00f3lewskim - mojabochnia.pl - portal informacyjny\" \/>\n<meta property=\"og:description\" content=\"Dzisiaj na rynku w Niepo\u0142omicach odbywa si\u0119 I Niepo\u0142omicki Dzie\u0144 Os\u00f3b Niepe\u0142nosprawnych. Z tej okazji przygotowano kilka atrakcji nie tylko dla niepe\u0142nosprawnych. Jednak z my\u015bl\u0105 o osobach upo\u015bledzonych przygotowano Bal dla Niepe\u0142nosprawnych.\" \/>\n<meta property=\"og:url\" content=\"https:\/\/www.mojabochnia.pl\/?p=256\" \/>\n<meta property=\"og:site_name\" content=\"mojabochnia.pl - portal informacyjny\" \/>\n<meta property=\"article:publisher\" content=\"https:\/\/www.facebook.com\/mojabochnia\" \/>\n<meta property=\"article:published_time\" content=\"2008-08-05T11:44:22+00:00\" \/>\n<meta property=\"article:modified_time\" content=\"2008-08-21T11:05:28+00:00\" \/>\n<meta name=\"author\" content=\"administrator\" \/>\n<meta name=\"twitter:card\" content=\"summary_large_image\" \/>\n<meta name=\"twitter:label1\" content=\"Written by\" \/>\n\t<meta name=\"twitter:data1\" content=\"administrator\" \/>\n\t<meta name=\"twitter:label2\" content=\"Est. reading time\" \/>\n\t<meta name=\"twitter:data2\" content=\"1 minuta\" \/>\n<script type=\"application\/ld+json\" class=\"yoast-schema-graph\">{\"@context\":\"https:\/\/schema.org\",\"@graph\":[{\"@type\":\"Article\",\"@id\":\"https:\/\/www.mojabochnia.pl\/?p=256#article\",\"isPartOf\":{\"@id\":\"https:\/\/www.mojabochnia.pl\/?p=256\"},\"author\":{\"name\":\"administrator\",\"@id\":\"https:\/\/www.mojabochnia.pl\/#\/schema\/person\/c00e1f64e6fa0e6de6d410f2c340017f\"},\"headline\":\"Bal w Zamku Kr\u00f3lewskim\",\"datePublished\":\"2008-08-05T11:44:22+00:00\",\"dateModified\":\"2008-08-21T11:05:28+00:00\",\"mainEntityOfPage\":{\"@id\":\"https:\/\/www.mojabochnia.pl\/?p=256\"},\"wordCount\":250,\"commentCount\":0,\"publisher\":{\"@id\":\"https:\/\/www.mojabochnia.pl\/#organization\"},\"keywords\":[\"bal\",\"m\u0142odzie\u017cowe obserwatorium astronomiczne\",\"niepe\u0142nosprawni\",\"niepo\u0142omice\",\"pokaz stra\u017cacki\",\"rysunek\"],\"articleSection\":[\"2_ostatnie\"],\"inLanguage\":\"pl-PL\",\"potentialAction\":[{\"@type\":\"CommentAction\",\"name\":\"Comment\",\"target\":[\"https:\/\/www.mojabochnia.pl\/?p=256#respond\"]}]},{\"@type\":\"WebPage\",\"@id\":\"https:\/\/www.mojabochnia.pl\/?p=256\",\"url\":\"https:\/\/www.mojabochnia.pl\/?p=256\",\"name\":\"Bal w Zamku Kr\u00f3lewskim - mojabochnia.pl - portal informacyjny\",\"isPartOf\":{\"@id\":\"https:\/\/www.mojabochnia.pl\/#website\"},\"datePublished\":\"2008-08-05T11:44:22+00:00\",\"dateModified\":\"2008-08-21T11:05:28+00:00\",\"breadcrumb\":{\"@id\":\"https:\/\/www.mojabochnia.pl\/?p=256#breadcrumb\"},\"inLanguage\":\"pl-PL\",\"potentialAction\":[{\"@type\":\"ReadAction\",\"target\":[\"https:\/\/www.mojabochnia.pl\/?p=256\"]}]},{\"@type\":\"BreadcrumbList\",\"@id\":\"https:\/\/www.mojabochnia.pl\/?p=256#breadcrumb\",\"itemListElement\":[{\"@type\":\"ListItem\",\"position\":1,\"name\":\"Home\",\"item\":\"https:\/\/www.mojabochnia.pl\/\"},{\"@type\":\"ListItem\",\"position\":2,\"name\":\"Bal w Zamku Kr\u00f3lewskim\"}]},{\"@type\":\"WebSite\",\"@id\":\"https:\/\/www.mojabochnia.pl\/#website\",\"url\":\"https:\/\/www.mojabochnia.pl\/\",\"name\":\"mojabochnia.pl - portal informacyjny\",\"description\":\"mojaBochnia to portal informacyjny o Bochni. Codziennie o Bochni piszemy i pokazujemy najwa\u017cniejsze wydarzenia\",\"publisher\":{\"@id\":\"https:\/\/www.mojabochnia.pl\/#organization\"},\"potentialAction\":[{\"@type\":\"SearchAction\",\"target\":{\"@type\":\"EntryPoint\",\"urlTemplate\":\"https:\/\/www.mojabochnia.pl\/?s={search_term_string}\"},\"query-input\":{\"@type\":\"PropertyValueSpecification\",\"valueRequired\":true,\"valueName\":\"search_term_string\"}}],\"inLanguage\":\"pl-PL\"},{\"@type\":\"Organization\",\"@id\":\"https:\/\/www.mojabochnia.pl\/#organization\",\"name\":\"mojabochnia.pl - portal informacyjny\",\"url\":\"https:\/\/www.mojabochnia.pl\/\",\"logo\":{\"@type\":\"ImageObject\",\"inLanguage\":\"pl-PL\",\"@id\":\"https:\/\/www.mojabochnia.pl\/#\/schema\/logo\/image\/\",\"url\":\"https:\/\/www.mojabochnia.pl\/wp-content\/uploads\/2017\/08\/logo-mb-opt.png\",\"contentUrl\":\"https:\/\/www.mojabochnia.pl\/wp-content\/uploads\/2017\/08\/logo-mb-opt.png\",\"width\":250,\"height\":48,\"caption\":\"mojabochnia.pl - portal informacyjny\"},\"image\":{\"@id\":\"https:\/\/www.mojabochnia.pl\/#\/schema\/logo\/image\/\"},\"sameAs\":[\"https:\/\/www.facebook.com\/mojabochnia\"]},{\"@type\":\"Person\",\"@id\":\"https:\/\/www.mojabochnia.pl\/#\/schema\/person\/c00e1f64e6fa0e6de6d410f2c340017f\",\"name\":\"administrator\",\"url\":\"https:\/\/www.mojabochnia.pl\/?author=1\"}]}<\/script>\n<!-- \/ Yoast SEO plugin. -->","yoast_head_json":{"title":"Bal w Zamku Kr\u00f3lewskim - mojabochnia.pl - portal informacyjny","robots":{"index":"index","follow":"follow","max-snippet":"max-snippet:-1","max-image-preview":"max-image-preview:large","max-video-preview":"max-video-preview:-1"},"canonical":"https:\/\/www.mojabochnia.pl\/?p=256","og_locale":"pl_PL","og_type":"article","og_title":"Bal w Zamku Kr\u00f3lewskim - mojabochnia.pl - portal informacyjny","og_description":"Dzisiaj na rynku w Niepo\u0142omicach odbywa si\u0119 I Niepo\u0142omicki Dzie\u0144 Os\u00f3b Niepe\u0142nosprawnych. Z tej okazji przygotowano kilka atrakcji nie tylko dla niepe\u0142nosprawnych. Jednak z my\u015bl\u0105 o osobach upo\u015bledzonych przygotowano Bal dla Niepe\u0142nosprawnych.","og_url":"https:\/\/www.mojabochnia.pl\/?p=256","og_site_name":"mojabochnia.pl - portal informacyjny","article_publisher":"https:\/\/www.facebook.com\/mojabochnia","article_published_time":"2008-08-05T11:44:22+00:00","article_modified_time":"2008-08-21T11:05:28+00:00","author":"administrator","twitter_card":"summary_large_image","twitter_misc":{"Written by":"administrator","Est. reading time":"1 minuta"},"schema":{"@context":"https:\/\/schema.org","@graph":[{"@type":"Article","@id":"https:\/\/www.mojabochnia.pl\/?p=256#article","isPartOf":{"@id":"https:\/\/www.mojabochnia.pl\/?p=256"},"author":{"name":"administrator","@id":"https:\/\/www.mojabochnia.pl\/#\/schema\/person\/c00e1f64e6fa0e6de6d410f2c340017f"},"headline":"Bal w Zamku Kr\u00f3lewskim","datePublished":"2008-08-05T11:44:22+00:00","dateModified":"2008-08-21T11:05:28+00:00","mainEntityOfPage":{"@id":"https:\/\/www.mojabochnia.pl\/?p=256"},"wordCount":250,"commentCount":0,"publisher":{"@id":"https:\/\/www.mojabochnia.pl\/#organization"},"keywords":["bal","m\u0142odzie\u017cowe obserwatorium astronomiczne","niepe\u0142nosprawni","niepo\u0142omice","pokaz stra\u017cacki","rysunek"],"articleSection":["2_ostatnie"],"inLanguage":"pl-PL","potentialAction":[{"@type":"CommentAction","name":"Comment","target":["https:\/\/www.mojabochnia.pl\/?p=256#respond"]}]},{"@type":"WebPage","@id":"https:\/\/www.mojabochnia.pl\/?p=256","url":"https:\/\/www.mojabochnia.pl\/?p=256","name":"Bal w Zamku Kr\u00f3lewskim - mojabochnia.pl - portal informacyjny","isPartOf":{"@id":"https:\/\/www.mojabochnia.pl\/#website"},"datePublished":"2008-08-05T11:44:22+00:00","dateModified":"2008-08-21T11:05:28+00:00","breadcrumb":{"@id":"https:\/\/www.mojabochnia.pl\/?p=256#breadcrumb"},"inLanguage":"pl-PL","potentialAction":[{"@type":"ReadAction","target":["https:\/\/www.mojabochnia.pl\/?p=256"]}]},{"@type":"BreadcrumbList","@id":"https:\/\/www.mojabochnia.pl\/?p=256#breadcrumb","itemListElement":[{"@type":"ListItem","position":1,"name":"Home","item":"https:\/\/www.mojabochnia.pl\/"},{"@type":"ListItem","position":2,"name":"Bal w Zamku Kr\u00f3lewskim"}]},{"@type":"WebSite","@id":"https:\/\/www.mojabochnia.pl\/#website","url":"https:\/\/www.mojabochnia.pl\/","name":"mojabochnia.pl - portal informacyjny","description":"mojaBochnia to portal informacyjny o Bochni. Codziennie o Bochni piszemy i pokazujemy najwa\u017cniejsze wydarzenia","publisher":{"@id":"https:\/\/www.mojabochnia.pl\/#organization"},"potentialAction":[{"@type":"SearchAction","target":{"@type":"EntryPoint","urlTemplate":"https:\/\/www.mojabochnia.pl\/?s={search_term_string}"},"query-input":{"@type":"PropertyValueSpecification","valueRequired":true,"valueName":"search_term_string"}}],"inLanguage":"pl-PL"},{"@type":"Organization","@id":"https:\/\/www.mojabochnia.pl\/#organization","name":"mojabochnia.pl - portal informacyjny","url":"https:\/\/www.mojabochnia.pl\/","logo":{"@type":"ImageObject","inLanguage":"pl-PL","@id":"https:\/\/www.mojabochnia.pl\/#\/schema\/logo\/image\/","url":"https:\/\/www.mojabochnia.pl\/wp-content\/uploads\/2017\/08\/logo-mb-opt.png","contentUrl":"https:\/\/www.mojabochnia.pl\/wp-content\/uploads\/2017\/08\/logo-mb-opt.png","width":250,"height":48,"caption":"mojabochnia.pl - portal informacyjny"},"image":{"@id":"https:\/\/www.mojabochnia.pl\/#\/schema\/logo\/image\/"},"sameAs":["https:\/\/www.facebook.com\/mojabochnia"]},{"@type":"Person","@id":"https:\/\/www.mojabochnia.pl\/#\/schema\/person\/c00e1f64e6fa0e6de6d410f2c340017f","name":"administrator","url":"https:\/\/www.mojabochnia.pl\/?author=1"}]}},"_links":{"self":[{"href":"https:\/\/www.mojabochnia.pl\/index.php?rest_route=\/wp\/v2\/posts\/256","targetHints":{"allow":["GET"]}}],"collection":[{"href":"https:\/\/www.mojabochnia.pl\/index.php?rest_route=\/wp\/v2\/posts"}],"about":[{"href":"https:\/\/www.mojabochnia.pl\/index.php?rest_route=\/wp\/v2\/types\/post"}],"author":[{"embeddable":true,"href":"https:\/\/www.mojabochnia.pl\/index.php?rest_route=\/wp\/v2\/users\/1"}],"replies":[{"embeddable":true,"href":"https:\/\/www.mojabochnia.pl\/index.php?rest_route=%2Fwp%2Fv2%2Fcomments&post=256"}],"version-history":[{"count":0,"href":"https:\/\/www.mojabochnia.pl\/index.php?rest_route=\/wp\/v2\/posts\/256\/revisions"}],"wp:attachment":[{"href":"https:\/\/www.mojabochnia.pl\/index.php?rest_route=%2Fwp%2Fv2%2Fmedia&parent=256"}],"wp:term":[{"taxonomy":"category","embeddable":true,"href":"https:\/\/www.mojabochnia.pl\/index.php?rest_route=%2Fwp%2Fv2%2Fcategories&post=256"},{"taxonomy":"post_tag","embeddable":true,"href":"https:\/\/www.mojabochnia.pl\/index.php?rest_route=%2Fwp%2Fv2%2Ftags&post=256"}],"curies":[{"name":"wp","href":"https:\/\/api.w.org\/{rel}","templated":true}]}}