{"id":254,"date":"2008-08-05T12:15:52","date_gmt":"2008-08-05T10:15:52","guid":{"rendered":"http:\/\/beta.mojabochnia.pl\/?p=254"},"modified":"2008-08-08T13:05:48","modified_gmt":"2008-08-08T11:05:48","slug":"jubileuszowy-memorial-zakonczony","status":"publish","type":"post","link":"https:\/\/www.mojabochnia.pl\/?p=254","title":{"rendered":"Jubileuszowy memoria\u0142 zako\u0144czony"},"content":{"rendered":"<p>Jubileuszowy XV Memoria\u0142owy Bieg Majora Bacy by\u0142 w tym roku wyj\u0105tkowy.<br \/>\n&#8211; <em>Mi\u0119dzy innymi ze wzgl\u0119du na ilo\u015b\u0107 uczestnik\u00f3w <\/em>\u2013 podkre\u015bla dyrektor Miejskiego O\u015brodka Sportu i Rekreacji w Bochni Sabina Bajda \u2013 <em>a\u017c 156 os\u00f3b z Polski, Ukrainy i Mo\u0142dawii wzi\u0119\u0142o udzia\u0142  w tegorocznym biegu.<\/em><\/p>\n<p>Na starcie pojawi\u0142o si\u0119 wielu znanych biegaczy, reprezentant\u00f3w poszczeg\u00f3lnych klub\u00f3w sportowych. Najlepszy czas uzyska\u0142 Rafa\u0142 Snochowski  z LKS Omega Kleszcz\u00f3w. Nie da\u0142 szans mocnej ekipie Ukrainy i dziesi\u0119ciokilometrow\u0105 boche\u0144sk\u0105 tras\u0119 pokona\u0142 w ci\u0105gu 31 minut i 39 sekund. \u2013 <em>Biegi trenuj\u0119 ju\u017c od 9 lat <\/em>\u2013 podkre\u015bla zwyci\u0119zca,  dodaje te\u017c ze skromno\u015bci\u0105  \u2013 <em>ale ten czas nie jest moim rekordem.<\/em> Jednak w  opinii obserwator\u00f3w biegu  to  Snochowski by\u0142 najbardziej wyr\u00f3\u017cniaj\u0105c\u0105 si\u0119 postaci\u0105. \u2013 <em>Na pewno jego zwyci\u0119stwo zaskoczy\u0142o reprezentant\u00f3w Ukrainy, kt\u00f3rzy zwykle na nasz boche\u0144ski memoria\u0142 przyje\u017cd\u017caj\u0105 z bardzo mocna ekip\u0105 i s\u0105 nastawieni na wygran\u0105<\/em>&#8211; m\u00f3wi g\u0142\u00f3wny koordynator biegu Sabina Bajda. <\/p>\n<p>Snochowski pozostawi\u0142 w tyle  Vadyma Slobedeniuka z klubu Rovno \u2013 Ukraina i Aleksandra Veliczke z Kovel \u2013 Ukraina. \u2013 <em>To zwyci\u0119stwo jest dla mnie tym bardziej cenne, \u017ce mam \u015bwiadomo\u015b\u0107, i\u017c by\u0142em nieco zm\u0119czony <\/em>\u2013 dodaje Snochowski \u2013 <em>ca\u0142\u0105 noc sp\u0119dzi\u0142em bowiem w poci\u0105gu, jad\u0105c z Gda\u0144ska, gdzie te\u017c uczestniczy\u0142em w zawodach.<\/em><\/p>\n<p>W\u015br\u00f3d kobiet walka by\u0142a r\u00f3wnie\u017c bardzo zaci\u0119ta, ale tutaj Ukrainki nie da\u0142y szans Polkom i zaj\u0119\u0142y dwa pierwsze miejsca na podium w klasyfikacji generalnej. I tak na pierwszym miejscu pojawi\u0142a si\u0119 Lilia Fiskovicz z Novolynsk \u2013 Ukraina, z czasem 00:36:43, tu\u017c za ni\u0105 uplasowa\u0142a si\u0119 Olena Serdyuk z Kovel \u2013 Ukraina. Trzecie miejsce zaj\u0119\u0142a natomiast Aleksandra Jawor z Cz\u0119stochowy.<\/p>\n<p>&#8211; <em>Boche\u0144skie biegi gromadz\u0105 nie tylko zawodowc\u00f3w <\/em>\u2013 podkre\u015bla Sabina Bajda \u2013 <em>w\u015br\u00f3d walcz\u0105cych mieli\u015bmy r\u00f3wnie\u017c wielu amator\u00f3w, kt\u00f3rzy kochaj\u0105 t\u0119 dyscyplin\u0119 sportu.<\/em>I rzeczywi\u015bcie na zawodach mo\u017cna by\u0142o spotka\u0107 wiele os\u00f3b, kt\u00f3re podkre\u015bla\u0142y, i\u017c bieganie jest jedn\u0105 z najlepszych i stosunkowo niedrogich form sp\u0119dzania wolnego czasu. \u2013 Wystarczy <em>podkoszulek, spodenki i dobre buty <\/em>\u2013 zach\u0119ca S. Bajda \u2013 <em>no i oczywi\u015bcie troch\u0119 zapa\u0142u<\/em>.<\/p>\n<p>Opr\u00f3cz biegu g\u0142\u00f3wnego odbywa\u0142y si\u0119 dwa biegi towarzysz\u0105ce, przeznaczone dla dzieci. W grupie do lat 12 pierwsze miejsca zaj\u0119li Monika Goli\u0144ska i Tomasz K\u0105dzio\u0142ka. W kategorii dzieci od lat 12 do 16 pierwsze miejsce zdobyli Kludia Cicho\u0144 i Jakub Motak.<\/p>\n<p>Najstarszym biegaczem by\u0142 Augustyn Obszarny z klubu Dystans Krak\u00f3w, ur. w 1934 roku.<br \/>\n&#8211; <em>Wyr\u00f3\u017cnili\u015bmy r\u00f3wnie\u017c najlepszego i najstarszego bochnianina <\/em>\u2013 podkre\u015bla dyrektor S. Bajda \u2013 <em>chcieliby\u015bmy zach\u0119ci\u0107 bochnian do liczniejszego w przysz\u0142ym roku  udzia\u0142u w imprezie sportowej, kt\u00f3ra ma miejsce na naszym terenie.<\/em><br \/>\nGodne podkre\u015blenia jest r\u00f3wnie\u017c to, \u017ce  XV Memoria\u0142owy Bieg Majora Bacy uzyska\u0142 patronat Prezydenta RP!<\/p>\n<p>Bieg zorganizowali:<br \/>\n Miejski O\u015brodek Sportu i Rekreacji w Bochni, Towarzystwo Sportowe \u201eMOSiR\u201d, Miejski Dom Kultury w Bochni, Klub Biegacza Bochnia, Ma\u0142opolskie T KKF w Krakowie Ognisko Bochnia, Urz\u0105d Miejski w Bochni.<\/p>\n<p>Wsparcia finansowego udzielili:<br \/>\nGmina Miasta Bochni, Ministerstwo Sportu i Turystyki, Starostwo Powiatowe, Coca Cola Powerade, Firma Szkoleniowo-Doradcza NOVISION i Apteka Regis.<\/p>\n<p><strong>Wyniki XV Memoria\u0142owego Biegu Majora Bacy<\/p>\n<p>Klasyfikacja generalna m\u0119\u017cczyzn:<\/strong><br \/>\nI miejsce Rafa\u0142 Snochowski  LKS Omega Kleszcz\u00f3w  00:31:39<br \/>\nII miejsce Vadym Slobodeniuk  Rovno \u2013 Ukraina   00:32:11<br \/>\nIII miejsce Veliczko Aleksandr  Kovel \u2013 Ukraina   00:32:17<\/p>\n<p>W kategorii M-16 (m\u0119\u017cczyzn od 16 do 19 lat):<br \/>\nI miejsce Witalij Jaszczuk  Rovno \u2013 Ukraina   00:35:56<br \/>\nII miejsce Mateusz Golonka   ULKS Technik Trzcinica  00:37:22<br \/>\nIII miejsce \u0141ukasz Pa\u0144kowski  Gierszowice    00:38:23<\/p>\n<p>W kategorii M \u2013 20 (m\u0119\u017cczyzn od 20 do 29 lat):<br \/>\nI miejsce Siergiej Fiskovicz  Ukraina    00:32:45<br \/>\nII miejsce Daniel Wosik   UMKS Ostrowia   00:34:31<br \/>\nIII miejsce Jacek Rudzi\u0144ski   Kocmyrz\u00f3w   00:34:46<\/p>\n<p>W kategorii M \u2013 30 (m\u0119\u017cczyzn od 30 do 39 lat):<br \/>\nI miejsce Oleksij Bonczar  Kovel \u2013 Ukraina    00:32:19<br \/>\nII miejsce Krzysztof Bartkiewicz Maratony Polskie.PL TEAM  00:33:05<br \/>\nIII miejsce Mariusz Borychowski 7 BOW S\u0142upsk    00:33:56<\/p>\n<p>W kategorii M \u2013 40 (m\u0119\u017cczyzn od 40 do 49 lat):<br \/>\nI miejsce Grzegorz Czy\u017c  Automatyka Tarn\u00f3w   00:35:12<br \/>\nII miejsce Ryszard Kobajko  TKKF Czarni Jan\u00f3w   00:36:12<br \/>\nIII miejsce Marian Ry\u017cak  Newag Nowy S\u0105cz             00:37:30<\/p>\n<p>W kategorii M \u2013 50 (m\u0119\u017cczyzn od 50 do 59 lat):<br \/>\nI miejsce Krzysztof Borowski Blachownia    00:36:55<br \/>\nII miejsce Jan Wojnowski  Bielsko-Bia\u0142a    00:38:01<br \/>\nIII miejsce Leszek Remiasz  Nowy S\u0105cz    00:41:14<\/p>\n<p>W kategorii M \u2013 60 (m\u0119\u017cczyzn powy\u017cej 60 lat):<br \/>\nI miejsce Tadeusz Rojewski K\u0119dzierzyn-Ko\u017ale   00:41:51<br \/>\nII miejsce W\u0142adys\u0142aw Dyrda  Skok Piast Tychy   00:44:15<br \/>\nIII miejsce Leopold Jamro  Gorlice            00:46:42<\/p>\n<p><strong>Klasyfikacja generalna kobiet:<\/strong><br \/>\nI miejsce Lilia Fiskovicz  Novolynsk \u2013 Ukraina   00:36:43<br \/>\nII miejsce Olena Serdyuk  Kovel \u2013 Ukraina           00:37:33<br \/>\nIII miejsce Aleksandra Jawor        Cz\u0119stochowa    00:37:40<\/p>\n<p>W kategorii K \u2013 16 (kobiet od 16 do 34 lat):<br \/>\nI miejsce Beata Wro\u0144ska  Jas\u0142o     00:45:13<br \/>\nII miejsce Natalia Stasik  Chyrowa     00:46:18<br \/>\nIII miejsce Agnieszka Nawrot J\u0119drzej\u00f3w    00:47:03<\/p>\n<p>W kategorii K \u2013 35 (kobiet od 35 do 49 lat):<br \/>\nI miejsce Izabela Zatorska UKS Kopernik    00:38:48<br \/>\nII miejsce Danuta Zatorska  Ropczyce    00:41:47<br \/>\nIII miejsce S\u0142awomira N\u0119dza  Krak\u00f3w            00:43:13<\/p>\n<p>W kategorii K \u2013 50 (kobiet powy\u017cej 50 lat):<br \/>\nI miejsce Zofia Le\u015bkiewicz Bielsko-Bia\u0142a    00:47:27<br \/>\nII miejsce Anna Kapu\u015bci\u0144ska Victoria \u015awi\u0119toch\u0142owice   00:49:40<br \/>\nIII miejsce Teresa Dyrda  Skok Piast Tychy   00:53:02<br \/>\nIV miejsce Gra\u017cyna Or\u0142owska  Krak\u00f3w    01:16:59<\/p>\n<p>Najstarszym biegaczem by\u0142:  Augustyn Obszarny  ur. 1934 z klubu Dystans Krak\u00f3w<br \/>\nNajlepszym bochnianinem: Adrian Barna\u015b \u2013 34 miejsce z czasem 00:40:05,<br \/>\n    KB LOK Bochnia<br \/>\nNajstarszy bochnianin, kt\u00f3ry bra\u0142 udzia\u0142 w biegu to Andrzej Drozd.<\/p>\n<p><strong>Wyniki biegu memoria\u0142owego dla dzieci do lat 12:<\/strong><\/p>\n<p>Dziewcz\u0119ta:<br \/>\nI miejsce Monika Goli\u0144ska<br \/>\nII miejsce Aleksandra Pa\u0144kowska<br \/>\nIII miejsce Agnieszka Grochowska <\/p>\n<p>Ch\u0142opcy:<br \/>\nI miejsce Tomasz K\u0105dzio\u0142ka<br \/>\nII miejsce Arkadiusz  Budzy\u0144<br \/>\nIII miejsce Daniel Marosz<\/p>\n<p><strong>Wyniki biegu memoria\u0142owego dzieci od lat 12 do 16:<\/strong><\/p>\n<p>Dziewcz\u0119ta:<br \/>\nI miejsce Klaudia Cicho\u0144<br \/>\nII miejsce El\u017cbieta Bursztyn<\/p>\n<p>Ch\u0142opcy:<br \/>\nI miejsce Jakub Motak<br \/>\nII miejsce Krzysztof Krawiec<br \/>\nIII miejsce Bart\u0142omiej Skrzyniarz<\/p>\n","protected":false},"excerpt":{"rendered":"<p>Od pi\u0119tnastu lat dla upami\u0119tnienia postaci majora Jana Kaczmarczyka ps. \u201eBaca\u201d, zabitego przez hitlerowc\u00f3w organizowane s\u0105 biegi uliczne. W ubieg\u0142\u0105 niedziel\u0119 odby\u0142 si\u0119 jubileuszowy XV ju\u017c Memoria\u0142owy Bieg Majora Bacy. Uczestnicy tradycyjnie mieli do pokonania dziesi\u0119ciokilometrow\u0105 tras\u0119 prowadz\u0105c\u0105 ulicami Bochni. Dzieci w wieku od 12 do 16 lat bieg\u0142y na dystansie jednego kilometra.<\/p>\n","protected":false},"author":8,"featured_media":0,"comment_status":"open","ping_status":"open","sticky":false,"template":"","format":"standard","meta":{"_acf_changed":false,"footnotes":""},"categories":[5],"tags":[179,17178,176,17177,178,17106],"class_list":["post-254","post","type-post","status-publish","format-standard","hentry","category-biezace-wydarzenia","tag-biegi-uliczne","tag-chodenice","tag-jan-kaczmarczyk","tag-memorialowy-bieg-majora-bacy","tag-mosir","tag-sport"],"acf":[],"yoast_head":"<!-- This site is optimized with the Yoast SEO plugin v26.9 - https:\/\/yoast.com\/product\/yoast-seo-wordpress\/ -->\n<title>Jubileuszowy memoria\u0142 zako\u0144czony - mojabochnia.pl - portal informacyjny<\/title>\n<meta name=\"robots\" content=\"index, follow, max-snippet:-1, max-image-preview:large, max-video-preview:-1\" \/>\n<link rel=\"canonical\" href=\"https:\/\/www.mojabochnia.pl\/?p=254\" \/>\n<meta property=\"og:locale\" content=\"pl_PL\" \/>\n<meta property=\"og:type\" content=\"article\" \/>\n<meta property=\"og:title\" content=\"Jubileuszowy memoria\u0142 zako\u0144czony - mojabochnia.pl - portal informacyjny\" \/>\n<meta property=\"og:description\" content=\"Od pi\u0119tnastu lat dla upami\u0119tnienia postaci majora Jana Kaczmarczyka ps. \u201eBaca\u201d, zabitego przez hitlerowc\u00f3w organizowane s\u0105 biegi uliczne. W ubieg\u0142\u0105 niedziel\u0119 odby\u0142 si\u0119 jubileuszowy XV ju\u017c Memoria\u0142owy Bieg Majora Bacy. Uczestnicy tradycyjnie mieli do pokonania dziesi\u0119ciokilometrow\u0105 tras\u0119 prowadz\u0105c\u0105 ulicami Bochni. Dzieci w wieku od 12 do 16 lat bieg\u0142y na dystansie jednego kilometra.\" \/>\n<meta property=\"og:url\" content=\"https:\/\/www.mojabochnia.pl\/?p=254\" \/>\n<meta property=\"og:site_name\" content=\"mojabochnia.pl - portal informacyjny\" \/>\n<meta property=\"article:publisher\" content=\"https:\/\/www.facebook.com\/mojabochnia\" \/>\n<meta property=\"article:published_time\" content=\"2008-08-05T10:15:52+00:00\" \/>\n<meta property=\"article:modified_time\" content=\"2008-08-08T11:05:48+00:00\" \/>\n<meta name=\"author\" content=\"informacja prasowa\" \/>\n<meta name=\"twitter:card\" content=\"summary_large_image\" \/>\n<meta name=\"twitter:label1\" content=\"Written by\" \/>\n\t<meta name=\"twitter:data1\" content=\"informacja prasowa\" \/>\n\t<meta name=\"twitter:label2\" content=\"Est. reading time\" \/>\n\t<meta name=\"twitter:data2\" content=\"5 minut\" \/>\n<script type=\"application\/ld+json\" class=\"yoast-schema-graph\">{\"@context\":\"https:\/\/schema.org\",\"@graph\":[{\"@type\":\"Article\",\"@id\":\"https:\/\/www.mojabochnia.pl\/?p=254#article\",\"isPartOf\":{\"@id\":\"https:\/\/www.mojabochnia.pl\/?p=254\"},\"author\":{\"name\":\"informacja prasowa\",\"@id\":\"https:\/\/www.mojabochnia.pl\/#\/schema\/person\/9e15cf1bcb74043790f124a3130fe41e\"},\"headline\":\"Jubileuszowy memoria\u0142 zako\u0144czony\",\"datePublished\":\"2008-08-05T10:15:52+00:00\",\"dateModified\":\"2008-08-08T11:05:48+00:00\",\"mainEntityOfPage\":{\"@id\":\"https:\/\/www.mojabochnia.pl\/?p=254\"},\"wordCount\":965,\"commentCount\":1,\"publisher\":{\"@id\":\"https:\/\/www.mojabochnia.pl\/#organization\"},\"keywords\":[\"biegi uliczne\",\"chodenice\",\"jan kaczmarczyk\",\"memoria\u0142owy bieg majora bacy\",\"MOSiR\",\"sport\"],\"articleSection\":[\"2_ostatnie\"],\"inLanguage\":\"pl-PL\",\"potentialAction\":[{\"@type\":\"CommentAction\",\"name\":\"Comment\",\"target\":[\"https:\/\/www.mojabochnia.pl\/?p=254#respond\"]}]},{\"@type\":\"WebPage\",\"@id\":\"https:\/\/www.mojabochnia.pl\/?p=254\",\"url\":\"https:\/\/www.mojabochnia.pl\/?p=254\",\"name\":\"Jubileuszowy memoria\u0142 zako\u0144czony - mojabochnia.pl - portal informacyjny\",\"isPartOf\":{\"@id\":\"https:\/\/www.mojabochnia.pl\/#website\"},\"datePublished\":\"2008-08-05T10:15:52+00:00\",\"dateModified\":\"2008-08-08T11:05:48+00:00\",\"breadcrumb\":{\"@id\":\"https:\/\/www.mojabochnia.pl\/?p=254#breadcrumb\"},\"inLanguage\":\"pl-PL\",\"potentialAction\":[{\"@type\":\"ReadAction\",\"target\":[\"https:\/\/www.mojabochnia.pl\/?p=254\"]}]},{\"@type\":\"BreadcrumbList\",\"@id\":\"https:\/\/www.mojabochnia.pl\/?p=254#breadcrumb\",\"itemListElement\":[{\"@type\":\"ListItem\",\"position\":1,\"name\":\"Home\",\"item\":\"https:\/\/www.mojabochnia.pl\/\"},{\"@type\":\"ListItem\",\"position\":2,\"name\":\"Jubileuszowy memoria\u0142 zako\u0144czony\"}]},{\"@type\":\"WebSite\",\"@id\":\"https:\/\/www.mojabochnia.pl\/#website\",\"url\":\"https:\/\/www.mojabochnia.pl\/\",\"name\":\"mojabochnia.pl - portal informacyjny\",\"description\":\"mojaBochnia to portal informacyjny o Bochni. Codziennie o Bochni piszemy i pokazujemy najwa\u017cniejsze wydarzenia\",\"publisher\":{\"@id\":\"https:\/\/www.mojabochnia.pl\/#organization\"},\"potentialAction\":[{\"@type\":\"SearchAction\",\"target\":{\"@type\":\"EntryPoint\",\"urlTemplate\":\"https:\/\/www.mojabochnia.pl\/?s={search_term_string}\"},\"query-input\":{\"@type\":\"PropertyValueSpecification\",\"valueRequired\":true,\"valueName\":\"search_term_string\"}}],\"inLanguage\":\"pl-PL\"},{\"@type\":\"Organization\",\"@id\":\"https:\/\/www.mojabochnia.pl\/#organization\",\"name\":\"mojabochnia.pl - portal informacyjny\",\"url\":\"https:\/\/www.mojabochnia.pl\/\",\"logo\":{\"@type\":\"ImageObject\",\"inLanguage\":\"pl-PL\",\"@id\":\"https:\/\/www.mojabochnia.pl\/#\/schema\/logo\/image\/\",\"url\":\"https:\/\/www.mojabochnia.pl\/wp-content\/uploads\/2017\/08\/logo-mb-opt.png\",\"contentUrl\":\"https:\/\/www.mojabochnia.pl\/wp-content\/uploads\/2017\/08\/logo-mb-opt.png\",\"width\":250,\"height\":48,\"caption\":\"mojabochnia.pl - portal informacyjny\"},\"image\":{\"@id\":\"https:\/\/www.mojabochnia.pl\/#\/schema\/logo\/image\/\"},\"sameAs\":[\"https:\/\/www.facebook.com\/mojabochnia\"]},{\"@type\":\"Person\",\"@id\":\"https:\/\/www.mojabochnia.pl\/#\/schema\/person\/9e15cf1bcb74043790f124a3130fe41e\",\"name\":\"informacja prasowa\",\"sameAs\":[\"http:\/\/\"],\"url\":\"https:\/\/www.mojabochnia.pl\/?author=8\"}]}<\/script>\n<!-- \/ Yoast SEO plugin. -->","yoast_head_json":{"title":"Jubileuszowy memoria\u0142 zako\u0144czony - mojabochnia.pl - portal informacyjny","robots":{"index":"index","follow":"follow","max-snippet":"max-snippet:-1","max-image-preview":"max-image-preview:large","max-video-preview":"max-video-preview:-1"},"canonical":"https:\/\/www.mojabochnia.pl\/?p=254","og_locale":"pl_PL","og_type":"article","og_title":"Jubileuszowy memoria\u0142 zako\u0144czony - mojabochnia.pl - portal informacyjny","og_description":"Od pi\u0119tnastu lat dla upami\u0119tnienia postaci majora Jana Kaczmarczyka ps. \u201eBaca\u201d, zabitego przez hitlerowc\u00f3w organizowane s\u0105 biegi uliczne. W ubieg\u0142\u0105 niedziel\u0119 odby\u0142 si\u0119 jubileuszowy XV ju\u017c Memoria\u0142owy Bieg Majora Bacy. Uczestnicy tradycyjnie mieli do pokonania dziesi\u0119ciokilometrow\u0105 tras\u0119 prowadz\u0105c\u0105 ulicami Bochni. Dzieci w wieku od 12 do 16 lat bieg\u0142y na dystansie jednego kilometra.","og_url":"https:\/\/www.mojabochnia.pl\/?p=254","og_site_name":"mojabochnia.pl - portal informacyjny","article_publisher":"https:\/\/www.facebook.com\/mojabochnia","article_published_time":"2008-08-05T10:15:52+00:00","article_modified_time":"2008-08-08T11:05:48+00:00","author":"informacja prasowa","twitter_card":"summary_large_image","twitter_misc":{"Written by":"informacja prasowa","Est. reading time":"5 minut"},"schema":{"@context":"https:\/\/schema.org","@graph":[{"@type":"Article","@id":"https:\/\/www.mojabochnia.pl\/?p=254#article","isPartOf":{"@id":"https:\/\/www.mojabochnia.pl\/?p=254"},"author":{"name":"informacja prasowa","@id":"https:\/\/www.mojabochnia.pl\/#\/schema\/person\/9e15cf1bcb74043790f124a3130fe41e"},"headline":"Jubileuszowy memoria\u0142 zako\u0144czony","datePublished":"2008-08-05T10:15:52+00:00","dateModified":"2008-08-08T11:05:48+00:00","mainEntityOfPage":{"@id":"https:\/\/www.mojabochnia.pl\/?p=254"},"wordCount":965,"commentCount":1,"publisher":{"@id":"https:\/\/www.mojabochnia.pl\/#organization"},"keywords":["biegi uliczne","chodenice","jan kaczmarczyk","memoria\u0142owy bieg majora bacy","MOSiR","sport"],"articleSection":["2_ostatnie"],"inLanguage":"pl-PL","potentialAction":[{"@type":"CommentAction","name":"Comment","target":["https:\/\/www.mojabochnia.pl\/?p=254#respond"]}]},{"@type":"WebPage","@id":"https:\/\/www.mojabochnia.pl\/?p=254","url":"https:\/\/www.mojabochnia.pl\/?p=254","name":"Jubileuszowy memoria\u0142 zako\u0144czony - mojabochnia.pl - portal informacyjny","isPartOf":{"@id":"https:\/\/www.mojabochnia.pl\/#website"},"datePublished":"2008-08-05T10:15:52+00:00","dateModified":"2008-08-08T11:05:48+00:00","breadcrumb":{"@id":"https:\/\/www.mojabochnia.pl\/?p=254#breadcrumb"},"inLanguage":"pl-PL","potentialAction":[{"@type":"ReadAction","target":["https:\/\/www.mojabochnia.pl\/?p=254"]}]},{"@type":"BreadcrumbList","@id":"https:\/\/www.mojabochnia.pl\/?p=254#breadcrumb","itemListElement":[{"@type":"ListItem","position":1,"name":"Home","item":"https:\/\/www.mojabochnia.pl\/"},{"@type":"ListItem","position":2,"name":"Jubileuszowy memoria\u0142 zako\u0144czony"}]},{"@type":"WebSite","@id":"https:\/\/www.mojabochnia.pl\/#website","url":"https:\/\/www.mojabochnia.pl\/","name":"mojabochnia.pl - portal informacyjny","description":"mojaBochnia to portal informacyjny o Bochni. Codziennie o Bochni piszemy i pokazujemy najwa\u017cniejsze wydarzenia","publisher":{"@id":"https:\/\/www.mojabochnia.pl\/#organization"},"potentialAction":[{"@type":"SearchAction","target":{"@type":"EntryPoint","urlTemplate":"https:\/\/www.mojabochnia.pl\/?s={search_term_string}"},"query-input":{"@type":"PropertyValueSpecification","valueRequired":true,"valueName":"search_term_string"}}],"inLanguage":"pl-PL"},{"@type":"Organization","@id":"https:\/\/www.mojabochnia.pl\/#organization","name":"mojabochnia.pl - portal informacyjny","url":"https:\/\/www.mojabochnia.pl\/","logo":{"@type":"ImageObject","inLanguage":"pl-PL","@id":"https:\/\/www.mojabochnia.pl\/#\/schema\/logo\/image\/","url":"https:\/\/www.mojabochnia.pl\/wp-content\/uploads\/2017\/08\/logo-mb-opt.png","contentUrl":"https:\/\/www.mojabochnia.pl\/wp-content\/uploads\/2017\/08\/logo-mb-opt.png","width":250,"height":48,"caption":"mojabochnia.pl - portal informacyjny"},"image":{"@id":"https:\/\/www.mojabochnia.pl\/#\/schema\/logo\/image\/"},"sameAs":["https:\/\/www.facebook.com\/mojabochnia"]},{"@type":"Person","@id":"https:\/\/www.mojabochnia.pl\/#\/schema\/person\/9e15cf1bcb74043790f124a3130fe41e","name":"informacja prasowa","sameAs":["http:\/\/"],"url":"https:\/\/www.mojabochnia.pl\/?author=8"}]}},"_links":{"self":[{"href":"https:\/\/www.mojabochnia.pl\/index.php?rest_route=\/wp\/v2\/posts\/254","targetHints":{"allow":["GET"]}}],"collection":[{"href":"https:\/\/www.mojabochnia.pl\/index.php?rest_route=\/wp\/v2\/posts"}],"about":[{"href":"https:\/\/www.mojabochnia.pl\/index.php?rest_route=\/wp\/v2\/types\/post"}],"author":[{"embeddable":true,"href":"https:\/\/www.mojabochnia.pl\/index.php?rest_route=\/wp\/v2\/users\/8"}],"replies":[{"embeddable":true,"href":"https:\/\/www.mojabochnia.pl\/index.php?rest_route=%2Fwp%2Fv2%2Fcomments&post=254"}],"version-history":[{"count":0,"href":"https:\/\/www.mojabochnia.pl\/index.php?rest_route=\/wp\/v2\/posts\/254\/revisions"}],"wp:attachment":[{"href":"https:\/\/www.mojabochnia.pl\/index.php?rest_route=%2Fwp%2Fv2%2Fmedia&parent=254"}],"wp:term":[{"taxonomy":"category","embeddable":true,"href":"https:\/\/www.mojabochnia.pl\/index.php?rest_route=%2Fwp%2Fv2%2Fcategories&post=254"},{"taxonomy":"post_tag","embeddable":true,"href":"https:\/\/www.mojabochnia.pl\/index.php?rest_route=%2Fwp%2Fv2%2Ftags&post=254"}],"curies":[{"name":"wp","href":"https:\/\/api.w.org\/{rel}","templated":true}]}}