{"id":2418,"date":"2008-10-24T14:12:51","date_gmt":"2008-10-24T12:12:51","guid":{"rendered":"http:\/\/www.mojabochnia.pl\/?p=2418"},"modified":"2008-10-24T14:16:35","modified_gmt":"2008-10-24T12:16:35","slug":"rekolekcje-ewangelizacyjne-w-lipnicy-program","status":"publish","type":"post","link":"https:\/\/www.mojabochnia.pl\/?p=2418","title":{"rendered":"Rekolekcje ewangelizacyjne w Lipnicy &#8211; program"},"content":{"rendered":"<p><strong>PROGRAM \u2013 ROZK\u0141AD ZAJ\u0118\u0106<\/strong><\/p>\n<p>PI\u0104TEK<\/p>\n<p>17.30 \u2013 18.00 Czekamy na Ciebie Siostro i Bracie \/w budynku szko\u0142y w Lipnicy Murowanej\/<br \/>\n18.00 \u2013 18.30 Rozpocz\u0119cie rekolekcji, zapoznanie si\u0119 z programem i ze sob\u0105<br \/>\n18.30 \u2013 19.15 Po\u015bwiecenie kopii figury Pi\u0119knej Madonny z Dzieci\u0105tkiem.<br \/>\nKonferencja: ,,Bo\u017cy plan zbawienia wzgl\u0119dem ka\u017cdego cz\u0142owieka\u201d<br \/>\n19.15 \u2013 19.30 Przerwa na kaw\u0119, herbat\u0119<br \/>\n19.30 \u2013 20.30 Rozmowy ewangeliczne w grupach<br \/>\n20.30 \u2013 21.00 Przej\u015bcie do ko\u015bcio\u0142a na Eucharysti\u0119<br \/>\n21.00 \u2013 Eucharystia z homili\u0105: ,,Jezus Chrystus-jedyny realizator Bo\u017cego planu zbawienia\u201d<\/p>\n<p>SOBOTA<\/p>\n<p>8.00 \u2013 9.00 Jutrznia z konferencj\u0105: ,,Maryja w Bo\u017cym planie zbawienia \/w szkole\/<br \/>\n9.00 \u2013 9.30 Przerwa na kaw\u0119, herbat\u0119<br \/>\n9.30 \u2013 10.30 Konferencja: ,,Matka naszego zawierzenia\u201d<br \/>\n10.45 \u2013 11.45 Rozmowy ewangeliczne w grupach<br \/>\n12.00 \u2013 13.15 Szko\u0142a modlitwy \u2013 konferencja: ,,Modlitwa r\u00f3\u017ca\u0144cowa\u201d<br \/>\n13.30 \u2013 14.15 Obiad<br \/>\n14.15 \u2013 14.30 Procesja z figur\u0105 Matki Bo\u017cej do ko\u015bcio\u0142a<br \/>\n14.30 \u2013 16.10 Eucharystia z homili\u0105: ,,Maryja w Ewangelii jako wz\u00f3r nowego cz\u0142owieka\u201d<br \/>\n16.10 \u2013 16.30 Przej\u015bcie z ko\u015bcio\u0142a do szko\u0142y<br \/>\n16.30 \u2013 17.30 Konferencja: ,,Zawierzenie si\u0119 Niepokalanej\u201d<br \/>\n17.45 \u2013 18.45 Rozmowy ewangeliczne w grupach<br \/>\n19.00 \u2013 19.30 Kolacja<br \/>\n19.30 \u2013 20.30 Pogodny wiecz\u00f3r<br \/>\n20.30 \u2013 21.00 Przej\u015bcie do ko\u015bcio\u0142a na Apel Jasnog\u00f3rski<br \/>\n21.00 \u2013 Apel Jasnog\u00f3rski \/w ko\u015bciele wsp\u00f3lnie z wiernymi ca\u0142ej parafii\/<\/p>\n<p>NIEDZIELA<\/p>\n<p>8.00 \u2013 9.00 Jutrznia z konferencj\u0105: ,,Or\u0119dzie fatimskie a nasze zadania\u201d<br \/>\n9.00 \u2013 9.30 Przerwa na kaw\u0119 lub herbat\u0119<br \/>\n9.30 \u2013 10.15 Konferencja: ,,Nowa Kultura\u201d<br \/>\n10.30 \u2013 11.30 Konferencja: ,,Krucjata Wyzwolenia Cz\u0142owieka\u201d<br \/>\noraz \u015bwiadectwa cz\u0142onk\u00f3w Krucjaty<br \/>\n11.45 \u2013 12.45 Rozmowy ewangeliczne w grupach<br \/>\n13.00 &#8211; 13.45 Obiad<br \/>\n13.45 \u2013 14.00 Przej\u015bcie do ko\u015bcio\u0142a na Eucharysti\u0119<br \/>\n14.00 \u2013 15.30 Eucharystia z homili\u0105: ,,Nowy cz\u0142owiek rycerzem Niepokalanej\u201d<br \/>\nZawierzenie si\u0119 Matce Bo\u017cej.<br \/>\n15.30 \u2013 15.45 Przej\u015bcie z ko\u015bcio\u0142a do szko\u0142y<br \/>\n15.45 \u2013 17.30 \u015awiadectwa uczestnik\u00f3w rekolekcji<br \/>\n17.30 \u2013 Zako\u0144czenie, podsumowanie, og\u0142oszenia, Agapa<\/p>\n","protected":false},"excerpt":{"rendered":"<p>Od dzi\u015b do niedzieli w Lipnicy Murowanej potrwaj\u0105 rekolekcje ewangelizacyjne Domowego Ko\u015bcio\u0142a, czyli rodzinnej ga\u0142\u0119zi Ruchu \u015awiat\u0142o &#8211; \u017bycie. B\u0119d\u0105 one mia\u0142y miejsce w budynku Zespo\u0142u Szk\u00f3\u0142 w Lipnicy Murowanej.<\/p>\n","protected":false},"author":4,"featured_media":0,"comment_status":"open","ping_status":"closed","sticky":false,"template":"","format":"standard","meta":{"_acf_changed":false,"footnotes":""},"categories":[1342],"tags":[1348,254,947,1346,1347],"class_list":["post-2418","post","type-post","status-publish","format-standard","hentry","category-zycie-religijne","tag-domowy-kosciol-ruchu-swiatlo-zycie","tag-lipnia-murowana","tag-matka-boza","tag-rekolekcje-ewangelizacyjne","tag-ruch-swiatlo-zycie"],"acf":[],"yoast_head":"<!-- This site is optimized with the Yoast SEO plugin v26.9 - https:\/\/yoast.com\/product\/yoast-seo-wordpress\/ -->\n<title>Rekolekcje ewangelizacyjne w Lipnicy - program - mojabochnia.pl - portal informacyjny<\/title>\n<meta name=\"robots\" content=\"index, follow, max-snippet:-1, max-image-preview:large, max-video-preview:-1\" \/>\n<link rel=\"canonical\" href=\"https:\/\/www.mojabochnia.pl\/?p=2418\" \/>\n<meta property=\"og:locale\" content=\"pl_PL\" \/>\n<meta property=\"og:type\" content=\"article\" \/>\n<meta property=\"og:title\" content=\"Rekolekcje ewangelizacyjne w Lipnicy - program - mojabochnia.pl - portal informacyjny\" \/>\n<meta property=\"og:description\" content=\"Od dzi\u015b do niedzieli w Lipnicy Murowanej potrwaj\u0105 rekolekcje ewangelizacyjne Domowego Ko\u015bcio\u0142a, czyli rodzinnej ga\u0142\u0119zi Ruchu \u015awiat\u0142o - \u017bycie. B\u0119d\u0105 one mia\u0142y miejsce w budynku Zespo\u0142u Szk\u00f3\u0142 w Lipnicy Murowanej.\" \/>\n<meta property=\"og:url\" content=\"https:\/\/www.mojabochnia.pl\/?p=2418\" \/>\n<meta property=\"og:site_name\" content=\"mojabochnia.pl - portal informacyjny\" \/>\n<meta property=\"article:publisher\" content=\"https:\/\/www.facebook.com\/mojabochnia\" \/>\n<meta property=\"article:published_time\" content=\"2008-10-24T12:12:51+00:00\" \/>\n<meta property=\"article:modified_time\" content=\"2008-10-24T12:16:35+00:00\" \/>\n<meta name=\"author\" content=\"Pawe\u0142 Michalczyk\" \/>\n<meta name=\"twitter:card\" content=\"summary_large_image\" \/>\n<meta name=\"twitter:label1\" content=\"Written by\" \/>\n\t<meta name=\"twitter:data1\" content=\"Pawe\u0142 Michalczyk\" \/>\n\t<meta name=\"twitter:label2\" content=\"Est. reading time\" \/>\n\t<meta name=\"twitter:data2\" content=\"1 minuta\" \/>\n<script type=\"application\/ld+json\" class=\"yoast-schema-graph\">{\"@context\":\"https:\/\/schema.org\",\"@graph\":[{\"@type\":\"Article\",\"@id\":\"https:\/\/www.mojabochnia.pl\/?p=2418#article\",\"isPartOf\":{\"@id\":\"https:\/\/www.mojabochnia.pl\/?p=2418\"},\"author\":{\"name\":\"Pawe\u0142 Michalczyk\",\"@id\":\"https:\/\/www.mojabochnia.pl\/#\/schema\/person\/ea042e4724a77627963f02166828ead4\"},\"headline\":\"Rekolekcje ewangelizacyjne w Lipnicy &#8211; program\",\"datePublished\":\"2008-10-24T12:12:51+00:00\",\"dateModified\":\"2008-10-24T12:16:35+00:00\",\"mainEntityOfPage\":{\"@id\":\"https:\/\/www.mojabochnia.pl\/?p=2418\"},\"wordCount\":256,\"commentCount\":3,\"publisher\":{\"@id\":\"https:\/\/www.mojabochnia.pl\/#organization\"},\"keywords\":[\"domowy ko\u015bci\u00f3\u0142 ruchu \u015bwiat\u0142o - \u017cycie\",\"lipnia murowana\",\"matka bo\u017ca\",\"rekolekcje ewangelizacyjne\",\"ruch \u015bwiat\u0142o - \u017cycie\"],\"articleSection\":[\"\u017bycie religijne\"],\"inLanguage\":\"pl-PL\",\"potentialAction\":[{\"@type\":\"CommentAction\",\"name\":\"Comment\",\"target\":[\"https:\/\/www.mojabochnia.pl\/?p=2418#respond\"]}]},{\"@type\":\"WebPage\",\"@id\":\"https:\/\/www.mojabochnia.pl\/?p=2418\",\"url\":\"https:\/\/www.mojabochnia.pl\/?p=2418\",\"name\":\"Rekolekcje ewangelizacyjne w Lipnicy - program - mojabochnia.pl - portal informacyjny\",\"isPartOf\":{\"@id\":\"https:\/\/www.mojabochnia.pl\/#website\"},\"datePublished\":\"2008-10-24T12:12:51+00:00\",\"dateModified\":\"2008-10-24T12:16:35+00:00\",\"breadcrumb\":{\"@id\":\"https:\/\/www.mojabochnia.pl\/?p=2418#breadcrumb\"},\"inLanguage\":\"pl-PL\",\"potentialAction\":[{\"@type\":\"ReadAction\",\"target\":[\"https:\/\/www.mojabochnia.pl\/?p=2418\"]}]},{\"@type\":\"BreadcrumbList\",\"@id\":\"https:\/\/www.mojabochnia.pl\/?p=2418#breadcrumb\",\"itemListElement\":[{\"@type\":\"ListItem\",\"position\":1,\"name\":\"Home\",\"item\":\"https:\/\/www.mojabochnia.pl\/\"},{\"@type\":\"ListItem\",\"position\":2,\"name\":\"Rekolekcje ewangelizacyjne w Lipnicy &#8211; program\"}]},{\"@type\":\"WebSite\",\"@id\":\"https:\/\/www.mojabochnia.pl\/#website\",\"url\":\"https:\/\/www.mojabochnia.pl\/\",\"name\":\"mojabochnia.pl - portal informacyjny\",\"description\":\"mojaBochnia to portal informacyjny o Bochni. Codziennie o Bochni piszemy i pokazujemy najwa\u017cniejsze wydarzenia\",\"publisher\":{\"@id\":\"https:\/\/www.mojabochnia.pl\/#organization\"},\"potentialAction\":[{\"@type\":\"SearchAction\",\"target\":{\"@type\":\"EntryPoint\",\"urlTemplate\":\"https:\/\/www.mojabochnia.pl\/?s={search_term_string}\"},\"query-input\":{\"@type\":\"PropertyValueSpecification\",\"valueRequired\":true,\"valueName\":\"search_term_string\"}}],\"inLanguage\":\"pl-PL\"},{\"@type\":\"Organization\",\"@id\":\"https:\/\/www.mojabochnia.pl\/#organization\",\"name\":\"mojabochnia.pl - portal informacyjny\",\"url\":\"https:\/\/www.mojabochnia.pl\/\",\"logo\":{\"@type\":\"ImageObject\",\"inLanguage\":\"pl-PL\",\"@id\":\"https:\/\/www.mojabochnia.pl\/#\/schema\/logo\/image\/\",\"url\":\"https:\/\/www.mojabochnia.pl\/wp-content\/uploads\/2017\/08\/logo-mb-opt.png\",\"contentUrl\":\"https:\/\/www.mojabochnia.pl\/wp-content\/uploads\/2017\/08\/logo-mb-opt.png\",\"width\":250,\"height\":48,\"caption\":\"mojabochnia.pl - portal informacyjny\"},\"image\":{\"@id\":\"https:\/\/www.mojabochnia.pl\/#\/schema\/logo\/image\/\"},\"sameAs\":[\"https:\/\/www.facebook.com\/mojabochnia\"]},{\"@type\":\"Person\",\"@id\":\"https:\/\/www.mojabochnia.pl\/#\/schema\/person\/ea042e4724a77627963f02166828ead4\",\"name\":\"Pawe\u0142 Michalczyk\",\"url\":\"https:\/\/www.mojabochnia.pl\/?author=4\"}]}<\/script>\n<!-- \/ Yoast SEO plugin. -->","yoast_head_json":{"title":"Rekolekcje ewangelizacyjne w Lipnicy - program - mojabochnia.pl - portal informacyjny","robots":{"index":"index","follow":"follow","max-snippet":"max-snippet:-1","max-image-preview":"max-image-preview:large","max-video-preview":"max-video-preview:-1"},"canonical":"https:\/\/www.mojabochnia.pl\/?p=2418","og_locale":"pl_PL","og_type":"article","og_title":"Rekolekcje ewangelizacyjne w Lipnicy - program - mojabochnia.pl - portal informacyjny","og_description":"Od dzi\u015b do niedzieli w Lipnicy Murowanej potrwaj\u0105 rekolekcje ewangelizacyjne Domowego Ko\u015bcio\u0142a, czyli rodzinnej ga\u0142\u0119zi Ruchu \u015awiat\u0142o - \u017bycie. B\u0119d\u0105 one mia\u0142y miejsce w budynku Zespo\u0142u Szk\u00f3\u0142 w Lipnicy Murowanej.","og_url":"https:\/\/www.mojabochnia.pl\/?p=2418","og_site_name":"mojabochnia.pl - portal informacyjny","article_publisher":"https:\/\/www.facebook.com\/mojabochnia","article_published_time":"2008-10-24T12:12:51+00:00","article_modified_time":"2008-10-24T12:16:35+00:00","author":"Pawe\u0142 Michalczyk","twitter_card":"summary_large_image","twitter_misc":{"Written by":"Pawe\u0142 Michalczyk","Est. reading time":"1 minuta"},"schema":{"@context":"https:\/\/schema.org","@graph":[{"@type":"Article","@id":"https:\/\/www.mojabochnia.pl\/?p=2418#article","isPartOf":{"@id":"https:\/\/www.mojabochnia.pl\/?p=2418"},"author":{"name":"Pawe\u0142 Michalczyk","@id":"https:\/\/www.mojabochnia.pl\/#\/schema\/person\/ea042e4724a77627963f02166828ead4"},"headline":"Rekolekcje ewangelizacyjne w Lipnicy &#8211; program","datePublished":"2008-10-24T12:12:51+00:00","dateModified":"2008-10-24T12:16:35+00:00","mainEntityOfPage":{"@id":"https:\/\/www.mojabochnia.pl\/?p=2418"},"wordCount":256,"commentCount":3,"publisher":{"@id":"https:\/\/www.mojabochnia.pl\/#organization"},"keywords":["domowy ko\u015bci\u00f3\u0142 ruchu \u015bwiat\u0142o - \u017cycie","lipnia murowana","matka bo\u017ca","rekolekcje ewangelizacyjne","ruch \u015bwiat\u0142o - \u017cycie"],"articleSection":["\u017bycie religijne"],"inLanguage":"pl-PL","potentialAction":[{"@type":"CommentAction","name":"Comment","target":["https:\/\/www.mojabochnia.pl\/?p=2418#respond"]}]},{"@type":"WebPage","@id":"https:\/\/www.mojabochnia.pl\/?p=2418","url":"https:\/\/www.mojabochnia.pl\/?p=2418","name":"Rekolekcje ewangelizacyjne w Lipnicy - program - mojabochnia.pl - portal informacyjny","isPartOf":{"@id":"https:\/\/www.mojabochnia.pl\/#website"},"datePublished":"2008-10-24T12:12:51+00:00","dateModified":"2008-10-24T12:16:35+00:00","breadcrumb":{"@id":"https:\/\/www.mojabochnia.pl\/?p=2418#breadcrumb"},"inLanguage":"pl-PL","potentialAction":[{"@type":"ReadAction","target":["https:\/\/www.mojabochnia.pl\/?p=2418"]}]},{"@type":"BreadcrumbList","@id":"https:\/\/www.mojabochnia.pl\/?p=2418#breadcrumb","itemListElement":[{"@type":"ListItem","position":1,"name":"Home","item":"https:\/\/www.mojabochnia.pl\/"},{"@type":"ListItem","position":2,"name":"Rekolekcje ewangelizacyjne w Lipnicy &#8211; program"}]},{"@type":"WebSite","@id":"https:\/\/www.mojabochnia.pl\/#website","url":"https:\/\/www.mojabochnia.pl\/","name":"mojabochnia.pl - portal informacyjny","description":"mojaBochnia to portal informacyjny o Bochni. Codziennie o Bochni piszemy i pokazujemy najwa\u017cniejsze wydarzenia","publisher":{"@id":"https:\/\/www.mojabochnia.pl\/#organization"},"potentialAction":[{"@type":"SearchAction","target":{"@type":"EntryPoint","urlTemplate":"https:\/\/www.mojabochnia.pl\/?s={search_term_string}"},"query-input":{"@type":"PropertyValueSpecification","valueRequired":true,"valueName":"search_term_string"}}],"inLanguage":"pl-PL"},{"@type":"Organization","@id":"https:\/\/www.mojabochnia.pl\/#organization","name":"mojabochnia.pl - portal informacyjny","url":"https:\/\/www.mojabochnia.pl\/","logo":{"@type":"ImageObject","inLanguage":"pl-PL","@id":"https:\/\/www.mojabochnia.pl\/#\/schema\/logo\/image\/","url":"https:\/\/www.mojabochnia.pl\/wp-content\/uploads\/2017\/08\/logo-mb-opt.png","contentUrl":"https:\/\/www.mojabochnia.pl\/wp-content\/uploads\/2017\/08\/logo-mb-opt.png","width":250,"height":48,"caption":"mojabochnia.pl - portal informacyjny"},"image":{"@id":"https:\/\/www.mojabochnia.pl\/#\/schema\/logo\/image\/"},"sameAs":["https:\/\/www.facebook.com\/mojabochnia"]},{"@type":"Person","@id":"https:\/\/www.mojabochnia.pl\/#\/schema\/person\/ea042e4724a77627963f02166828ead4","name":"Pawe\u0142 Michalczyk","url":"https:\/\/www.mojabochnia.pl\/?author=4"}]}},"_links":{"self":[{"href":"https:\/\/www.mojabochnia.pl\/index.php?rest_route=\/wp\/v2\/posts\/2418","targetHints":{"allow":["GET"]}}],"collection":[{"href":"https:\/\/www.mojabochnia.pl\/index.php?rest_route=\/wp\/v2\/posts"}],"about":[{"href":"https:\/\/www.mojabochnia.pl\/index.php?rest_route=\/wp\/v2\/types\/post"}],"author":[{"embeddable":true,"href":"https:\/\/www.mojabochnia.pl\/index.php?rest_route=\/wp\/v2\/users\/4"}],"replies":[{"embeddable":true,"href":"https:\/\/www.mojabochnia.pl\/index.php?rest_route=%2Fwp%2Fv2%2Fcomments&post=2418"}],"version-history":[{"count":0,"href":"https:\/\/www.mojabochnia.pl\/index.php?rest_route=\/wp\/v2\/posts\/2418\/revisions"}],"wp:attachment":[{"href":"https:\/\/www.mojabochnia.pl\/index.php?rest_route=%2Fwp%2Fv2%2Fmedia&parent=2418"}],"wp:term":[{"taxonomy":"category","embeddable":true,"href":"https:\/\/www.mojabochnia.pl\/index.php?rest_route=%2Fwp%2Fv2%2Fcategories&post=2418"},{"taxonomy":"post_tag","embeddable":true,"href":"https:\/\/www.mojabochnia.pl\/index.php?rest_route=%2Fwp%2Fv2%2Ftags&post=2418"}],"curies":[{"name":"wp","href":"https:\/\/api.w.org\/{rel}","templated":true}]}}