{"id":2383,"date":"2008-10-24T13:22:27","date_gmt":"2008-10-24T11:22:27","guid":{"rendered":"http:\/\/www.mojabochnia.pl\/?p=2383"},"modified":"2008-10-27T11:00:41","modified_gmt":"2008-10-27T10:00:41","slug":"reczna-jutrzejszy-mecz-w-konskich-przelozony-na-za-miesiac","status":"publish","type":"post","link":"https:\/\/www.mojabochnia.pl\/?p=2383","title":{"rendered":"R\u0119czna: jutrzejszy mecz w Ko\u0144skich prze\u0142o\u017cony na za miesi\u0105c"},"content":{"rendered":"<p>Jutrzejszy mecz, ze wzgl\u0119du na pro\u015bb\u0119 dru\u017cyny z Ko\u0144skich, zosta\u0142 prze\u0142o\u017cony dopiero na 22 listopada, natomiast za tydzie\u0144  wszystkie dru\u017cyny pauzuj\u0105 ze wzgl\u0119du na uroczysto\u015b\u0107 Wszystkich \u015awi\u0119tych.<\/p>\n<p>St\u0105d najbli\u017cszy mecz z zespo\u0142em KS Viret CMC Zawiercie, kt\u00f3ry obecnie jest wiceliderem tabeli, z jednym punktem straty do naszej dru\u017cyny, b\u0119dziemy mogli obejrze\u0107 w boche\u0144skiej hali dopiero 8 listopada. <\/p>\n<p>Wi\u0119cej informacji i aktualna tabela znajduje si\u0119 na stronie: <a onclick=\"javascript:pageTracker._trackPageview('\/outgoing\/www.bksstalproduktbochnia.pl');\"  href=\"http:\/\/www.bksstalproduktbochnia.pl\">www.bksstalproduktbochnia.pl<\/a><\/p>\n","protected":false},"excerpt":{"rendered":"<p>Pi\u0142karze r\u0119czni BKS Stalprodukt przez najbli\u017csze dwa tygodnie nie rozegraj\u0105 \u017cadnego meczu.<\/p>\n","protected":false},"author":2,"featured_media":0,"comment_status":"open","ping_status":"closed","sticky":false,"template":"","format":"standard","meta":{"_acf_changed":false,"footnotes":""},"categories":[29],"tags":[1146,1149,1147,189],"class_list":["post-2383","post","type-post","status-publish","format-standard","hentry","category-sport","tag-bks-stalprodukt","tag-hala-i-lo","tag-ii-liga","tag-pilka-reczna"],"acf":[],"yoast_head":"<!-- This site is optimized with the Yoast SEO plugin v26.9 - https:\/\/yoast.com\/product\/yoast-seo-wordpress\/ -->\n<title>R\u0119czna: jutrzejszy mecz w Ko\u0144skich prze\u0142o\u017cony na za miesi\u0105c - mojabochnia.pl - portal informacyjny<\/title>\n<meta name=\"robots\" content=\"index, follow, max-snippet:-1, max-image-preview:large, max-video-preview:-1\" \/>\n<link rel=\"canonical\" href=\"https:\/\/www.mojabochnia.pl\/?p=2383\" \/>\n<meta property=\"og:locale\" content=\"pl_PL\" \/>\n<meta property=\"og:type\" content=\"article\" \/>\n<meta property=\"og:title\" content=\"R\u0119czna: jutrzejszy mecz w Ko\u0144skich prze\u0142o\u017cony na za miesi\u0105c - mojabochnia.pl - portal informacyjny\" \/>\n<meta property=\"og:description\" content=\"Pi\u0142karze r\u0119czni BKS Stalprodukt przez najbli\u017csze dwa tygodnie nie rozegraj\u0105 \u017cadnego meczu.\" \/>\n<meta property=\"og:url\" content=\"https:\/\/www.mojabochnia.pl\/?p=2383\" \/>\n<meta property=\"og:site_name\" content=\"mojabochnia.pl - portal informacyjny\" \/>\n<meta property=\"article:publisher\" content=\"https:\/\/www.facebook.com\/mojabochnia\" \/>\n<meta property=\"article:published_time\" content=\"2008-10-24T11:22:27+00:00\" \/>\n<meta property=\"article:modified_time\" content=\"2008-10-27T10:00:41+00:00\" \/>\n<meta name=\"author\" content=\"Jacek Kucharski\" \/>\n<meta name=\"twitter:card\" content=\"summary_large_image\" \/>\n<meta name=\"twitter:label1\" content=\"Written by\" \/>\n\t<meta name=\"twitter:data1\" content=\"Jacek Kucharski\" \/>\n<script type=\"application\/ld+json\" class=\"yoast-schema-graph\">{\"@context\":\"https:\/\/schema.org\",\"@graph\":[{\"@type\":\"Article\",\"@id\":\"https:\/\/www.mojabochnia.pl\/?p=2383#article\",\"isPartOf\":{\"@id\":\"https:\/\/www.mojabochnia.pl\/?p=2383\"},\"author\":{\"name\":\"Jacek Kucharski\",\"@id\":\"https:\/\/www.mojabochnia.pl\/#\/schema\/person\/cbf2046fc62995d3796f0c0160613698\"},\"headline\":\"R\u0119czna: jutrzejszy mecz w Ko\u0144skich prze\u0142o\u017cony na za miesi\u0105c\",\"datePublished\":\"2008-10-24T11:22:27+00:00\",\"dateModified\":\"2008-10-27T10:00:41+00:00\",\"mainEntityOfPage\":{\"@id\":\"https:\/\/www.mojabochnia.pl\/?p=2383\"},\"wordCount\":98,\"commentCount\":0,\"publisher\":{\"@id\":\"https:\/\/www.mojabochnia.pl\/#organization\"},\"keywords\":[\"BKS stalprodukt\",\"hala I LO\",\"II liga\",\"pi\u0142ka r\u0119czna\"],\"articleSection\":[\"sport\"],\"inLanguage\":\"pl-PL\",\"potentialAction\":[{\"@type\":\"CommentAction\",\"name\":\"Comment\",\"target\":[\"https:\/\/www.mojabochnia.pl\/?p=2383#respond\"]}]},{\"@type\":\"WebPage\",\"@id\":\"https:\/\/www.mojabochnia.pl\/?p=2383\",\"url\":\"https:\/\/www.mojabochnia.pl\/?p=2383\",\"name\":\"R\u0119czna: jutrzejszy mecz w Ko\u0144skich prze\u0142o\u017cony na za miesi\u0105c - mojabochnia.pl - portal informacyjny\",\"isPartOf\":{\"@id\":\"https:\/\/www.mojabochnia.pl\/#website\"},\"datePublished\":\"2008-10-24T11:22:27+00:00\",\"dateModified\":\"2008-10-27T10:00:41+00:00\",\"breadcrumb\":{\"@id\":\"https:\/\/www.mojabochnia.pl\/?p=2383#breadcrumb\"},\"inLanguage\":\"pl-PL\",\"potentialAction\":[{\"@type\":\"ReadAction\",\"target\":[\"https:\/\/www.mojabochnia.pl\/?p=2383\"]}]},{\"@type\":\"BreadcrumbList\",\"@id\":\"https:\/\/www.mojabochnia.pl\/?p=2383#breadcrumb\",\"itemListElement\":[{\"@type\":\"ListItem\",\"position\":1,\"name\":\"Home\",\"item\":\"https:\/\/www.mojabochnia.pl\/\"},{\"@type\":\"ListItem\",\"position\":2,\"name\":\"R\u0119czna: jutrzejszy mecz w Ko\u0144skich prze\u0142o\u017cony na za miesi\u0105c\"}]},{\"@type\":\"WebSite\",\"@id\":\"https:\/\/www.mojabochnia.pl\/#website\",\"url\":\"https:\/\/www.mojabochnia.pl\/\",\"name\":\"mojabochnia.pl - portal informacyjny\",\"description\":\"mojaBochnia to portal informacyjny o Bochni. Codziennie o Bochni piszemy i pokazujemy najwa\u017cniejsze wydarzenia\",\"publisher\":{\"@id\":\"https:\/\/www.mojabochnia.pl\/#organization\"},\"potentialAction\":[{\"@type\":\"SearchAction\",\"target\":{\"@type\":\"EntryPoint\",\"urlTemplate\":\"https:\/\/www.mojabochnia.pl\/?s={search_term_string}\"},\"query-input\":{\"@type\":\"PropertyValueSpecification\",\"valueRequired\":true,\"valueName\":\"search_term_string\"}}],\"inLanguage\":\"pl-PL\"},{\"@type\":\"Organization\",\"@id\":\"https:\/\/www.mojabochnia.pl\/#organization\",\"name\":\"mojabochnia.pl - portal informacyjny\",\"url\":\"https:\/\/www.mojabochnia.pl\/\",\"logo\":{\"@type\":\"ImageObject\",\"inLanguage\":\"pl-PL\",\"@id\":\"https:\/\/www.mojabochnia.pl\/#\/schema\/logo\/image\/\",\"url\":\"https:\/\/www.mojabochnia.pl\/wp-content\/uploads\/2017\/08\/logo-mb-opt.png\",\"contentUrl\":\"https:\/\/www.mojabochnia.pl\/wp-content\/uploads\/2017\/08\/logo-mb-opt.png\",\"width\":250,\"height\":48,\"caption\":\"mojabochnia.pl - portal informacyjny\"},\"image\":{\"@id\":\"https:\/\/www.mojabochnia.pl\/#\/schema\/logo\/image\/\"},\"sameAs\":[\"https:\/\/www.facebook.com\/mojabochnia\"]},{\"@type\":\"Person\",\"@id\":\"https:\/\/www.mojabochnia.pl\/#\/schema\/person\/cbf2046fc62995d3796f0c0160613698\",\"name\":\"Jacek Kucharski\",\"url\":\"https:\/\/www.mojabochnia.pl\/?author=2\"}]}<\/script>\n<!-- \/ Yoast SEO plugin. -->","yoast_head_json":{"title":"R\u0119czna: jutrzejszy mecz w Ko\u0144skich prze\u0142o\u017cony na za miesi\u0105c - mojabochnia.pl - portal informacyjny","robots":{"index":"index","follow":"follow","max-snippet":"max-snippet:-1","max-image-preview":"max-image-preview:large","max-video-preview":"max-video-preview:-1"},"canonical":"https:\/\/www.mojabochnia.pl\/?p=2383","og_locale":"pl_PL","og_type":"article","og_title":"R\u0119czna: jutrzejszy mecz w Ko\u0144skich prze\u0142o\u017cony na za miesi\u0105c - mojabochnia.pl - portal informacyjny","og_description":"Pi\u0142karze r\u0119czni BKS Stalprodukt przez najbli\u017csze dwa tygodnie nie rozegraj\u0105 \u017cadnego meczu.","og_url":"https:\/\/www.mojabochnia.pl\/?p=2383","og_site_name":"mojabochnia.pl - portal informacyjny","article_publisher":"https:\/\/www.facebook.com\/mojabochnia","article_published_time":"2008-10-24T11:22:27+00:00","article_modified_time":"2008-10-27T10:00:41+00:00","author":"Jacek Kucharski","twitter_card":"summary_large_image","twitter_misc":{"Written by":"Jacek Kucharski"},"schema":{"@context":"https:\/\/schema.org","@graph":[{"@type":"Article","@id":"https:\/\/www.mojabochnia.pl\/?p=2383#article","isPartOf":{"@id":"https:\/\/www.mojabochnia.pl\/?p=2383"},"author":{"name":"Jacek Kucharski","@id":"https:\/\/www.mojabochnia.pl\/#\/schema\/person\/cbf2046fc62995d3796f0c0160613698"},"headline":"R\u0119czna: jutrzejszy mecz w Ko\u0144skich prze\u0142o\u017cony na za miesi\u0105c","datePublished":"2008-10-24T11:22:27+00:00","dateModified":"2008-10-27T10:00:41+00:00","mainEntityOfPage":{"@id":"https:\/\/www.mojabochnia.pl\/?p=2383"},"wordCount":98,"commentCount":0,"publisher":{"@id":"https:\/\/www.mojabochnia.pl\/#organization"},"keywords":["BKS stalprodukt","hala I LO","II liga","pi\u0142ka r\u0119czna"],"articleSection":["sport"],"inLanguage":"pl-PL","potentialAction":[{"@type":"CommentAction","name":"Comment","target":["https:\/\/www.mojabochnia.pl\/?p=2383#respond"]}]},{"@type":"WebPage","@id":"https:\/\/www.mojabochnia.pl\/?p=2383","url":"https:\/\/www.mojabochnia.pl\/?p=2383","name":"R\u0119czna: jutrzejszy mecz w Ko\u0144skich prze\u0142o\u017cony na za miesi\u0105c - mojabochnia.pl - portal informacyjny","isPartOf":{"@id":"https:\/\/www.mojabochnia.pl\/#website"},"datePublished":"2008-10-24T11:22:27+00:00","dateModified":"2008-10-27T10:00:41+00:00","breadcrumb":{"@id":"https:\/\/www.mojabochnia.pl\/?p=2383#breadcrumb"},"inLanguage":"pl-PL","potentialAction":[{"@type":"ReadAction","target":["https:\/\/www.mojabochnia.pl\/?p=2383"]}]},{"@type":"BreadcrumbList","@id":"https:\/\/www.mojabochnia.pl\/?p=2383#breadcrumb","itemListElement":[{"@type":"ListItem","position":1,"name":"Home","item":"https:\/\/www.mojabochnia.pl\/"},{"@type":"ListItem","position":2,"name":"R\u0119czna: jutrzejszy mecz w Ko\u0144skich prze\u0142o\u017cony na za miesi\u0105c"}]},{"@type":"WebSite","@id":"https:\/\/www.mojabochnia.pl\/#website","url":"https:\/\/www.mojabochnia.pl\/","name":"mojabochnia.pl - portal informacyjny","description":"mojaBochnia to portal informacyjny o Bochni. Codziennie o Bochni piszemy i pokazujemy najwa\u017cniejsze wydarzenia","publisher":{"@id":"https:\/\/www.mojabochnia.pl\/#organization"},"potentialAction":[{"@type":"SearchAction","target":{"@type":"EntryPoint","urlTemplate":"https:\/\/www.mojabochnia.pl\/?s={search_term_string}"},"query-input":{"@type":"PropertyValueSpecification","valueRequired":true,"valueName":"search_term_string"}}],"inLanguage":"pl-PL"},{"@type":"Organization","@id":"https:\/\/www.mojabochnia.pl\/#organization","name":"mojabochnia.pl - portal informacyjny","url":"https:\/\/www.mojabochnia.pl\/","logo":{"@type":"ImageObject","inLanguage":"pl-PL","@id":"https:\/\/www.mojabochnia.pl\/#\/schema\/logo\/image\/","url":"https:\/\/www.mojabochnia.pl\/wp-content\/uploads\/2017\/08\/logo-mb-opt.png","contentUrl":"https:\/\/www.mojabochnia.pl\/wp-content\/uploads\/2017\/08\/logo-mb-opt.png","width":250,"height":48,"caption":"mojabochnia.pl - portal informacyjny"},"image":{"@id":"https:\/\/www.mojabochnia.pl\/#\/schema\/logo\/image\/"},"sameAs":["https:\/\/www.facebook.com\/mojabochnia"]},{"@type":"Person","@id":"https:\/\/www.mojabochnia.pl\/#\/schema\/person\/cbf2046fc62995d3796f0c0160613698","name":"Jacek Kucharski","url":"https:\/\/www.mojabochnia.pl\/?author=2"}]}},"_links":{"self":[{"href":"https:\/\/www.mojabochnia.pl\/index.php?rest_route=\/wp\/v2\/posts\/2383","targetHints":{"allow":["GET"]}}],"collection":[{"href":"https:\/\/www.mojabochnia.pl\/index.php?rest_route=\/wp\/v2\/posts"}],"about":[{"href":"https:\/\/www.mojabochnia.pl\/index.php?rest_route=\/wp\/v2\/types\/post"}],"author":[{"embeddable":true,"href":"https:\/\/www.mojabochnia.pl\/index.php?rest_route=\/wp\/v2\/users\/2"}],"replies":[{"embeddable":true,"href":"https:\/\/www.mojabochnia.pl\/index.php?rest_route=%2Fwp%2Fv2%2Fcomments&post=2383"}],"version-history":[{"count":0,"href":"https:\/\/www.mojabochnia.pl\/index.php?rest_route=\/wp\/v2\/posts\/2383\/revisions"}],"wp:attachment":[{"href":"https:\/\/www.mojabochnia.pl\/index.php?rest_route=%2Fwp%2Fv2%2Fmedia&parent=2383"}],"wp:term":[{"taxonomy":"category","embeddable":true,"href":"https:\/\/www.mojabochnia.pl\/index.php?rest_route=%2Fwp%2Fv2%2Fcategories&post=2383"},{"taxonomy":"post_tag","embeddable":true,"href":"https:\/\/www.mojabochnia.pl\/index.php?rest_route=%2Fwp%2Fv2%2Ftags&post=2383"}],"curies":[{"name":"wp","href":"https:\/\/api.w.org\/{rel}","templated":true}]}}