{"id":23359,"date":"2010-02-25T13:18:33","date_gmt":"2010-02-25T12:18:33","guid":{"rendered":"http:\/\/www.mojabochnia.pl\/?p=23359"},"modified":"2010-02-26T08:44:28","modified_gmt":"2010-02-26T07:44:28","slug":"topnieja-pieniadze-na-drugi-etap-kn2","status":"publish","type":"post","link":"https:\/\/www.mojabochnia.pl\/?p=23359","title":{"rendered":"Topniej\u0105 pieni\u0105dze na drugi etap KN2"},"content":{"rendered":"<p>Miesi\u0105c temu z budowy drogi zdj\u0119to 200 tys. z\u0142 na zakup autobusu dla Boche\u0144skiego zak\u0142adu Komunikacji. Na co tym razem te pieni\u0105dze zostan\u0105 przeznaczone, zapytali\u015bmy burmistrza Bogdana Kosturkiewicza. <\/p>\n<p>\u2013 <em>Pieni\u0105dze nie zosta\u0142y zdj\u0119te, na razie zosta\u0142y wypo\u017cyczone na realizacj\u0119 innych zada\u0144, takich jak np. zakup wyposa\u017cenia dla hali widowiskowo-sportowej. W jakim zakresie te \u015brodki zostan\u0105 wykorzystane, dopiero zobaczymy. W tej chwili s\u0105 prowadzone przetargi na realizacj\u0119 konkretnych remont\u00f3w konkretnych dr\u00f3g czy chodnik\u00f3w, zobaczymy jakie \u015brodki finansowe zostan\u0105 wydane na realizacj\u0119 tych wszystkich zada\u0144, ile \u015brodk\u00f3w finansowych powr\u00f3ci na realizacj\u0119 tego zadania, kt\u00f3re na razie nie jest jeszcze wykonywane, dlatego mo\u017cna spokojnie przerzuci\u0107 z tego zadania \u015brodki gdzie indziej<\/em> \u2013 argumentuje burmistrz.<\/p>\n<p>Burmistrz dodaje, \u017ce obecnie nie wiadomo, ile b\u0119dzie kosztowa\u0142 drugi etap KN2. Ma by\u0107 to jasne dopiero po przetargach. Radny Kazimierz \u015acis\u0142o krytykuje tak\u0105 polityk\u0119. <\/p>\n<p>\u2013 <em>W poprzednim miesi\u0105cu zdj\u0119li\u015bmy 200 tys. z\u0142 na autobus, na tej sesji zdj\u0119li\u015bmy nast\u0119pne 570 tys. z\u0142, daje nam to 770 tys. z\u0142. dochodzimy do miliona z\u0142otych i \u017cadnych ruch\u00f3w nie ma. Mieszka\u0144cy osiedla Niepodleg\u0142o\u015bci na zebraniu byli zapewniani, \u017ce b\u0119dzie wykonywany drugi etap tej obwodnicy i pan burmistrz dzisiaj t\u0142umaczy to po\u017cyczk\u0105. Nie uwa\u017cam za celowe, aby sobie po\u017cycza\u0107 z bud\u017cetu akurat z tej inwestycji na ziele\u0144, utrzymanie czysto\u015bci, bo te wszystkie \u015brodki by\u0142y ju\u017c zabezpieczane w bud\u017cecie. Natomiast nie wiem, z czego burmistrz b\u0119dzie oddawa\u0142, chyba \u017ce b\u0119dziemy zaci\u0105ga\u0107 nast\u0119pne kredyty<\/em> \u2013 m\u00f3wi radny.<\/p>\n<p>W bud\u017cecie Bochni na ten rok na budow\u0119 drugiego etapu obwodnicy p\u00f3\u0142nocno-zachodniej zabezpieczono 4,7 mln z\u0142. Po przesuni\u0119ciach zosta\u0142o nieca\u0142e 4 mln z\u0142 na ten cel.<\/p>\n","protected":false},"excerpt":{"rendered":"<p>Kolejne pieni\u0105dze zosta\u0142y zdj\u0119te z drugiego etapu planowanej budowy obwodnicy p\u00f3\u0142nocno-zachodniej Bochni. Podczas dzisiejszej sesji radni przesun\u0119li ponad p\u00f3\u0142 miliona z\u0142 z tej inwestycji na inne cele. <\/p>\n","protected":false},"author":4,"featured_media":0,"comment_status":"open","ping_status":"closed","sticky":false,"template":"","format":"standard","meta":{"_acf_changed":false,"footnotes":""},"categories":[5,11,6251,6250],"tags":[17171,17336,17421,1418,722,17245,17480,17519,17479],"class_list":["post-23359","post","type-post","status-publish","format-standard","hentry","category-biezace-wydarzenia","category-top-temat","category-polityka-i-wydarzenia","category-tematyka","tag-bogdan-kosturkiewicz","tag-budzet","tag-burmistrz","tag-kazimierz-scislo","tag-kn2","tag-obwodnica","tag-radny","tag-sesja","tag-uchwala"],"acf":[],"yoast_head":"<!-- This site is optimized with the Yoast SEO plugin v26.9 - https:\/\/yoast.com\/product\/yoast-seo-wordpress\/ -->\n<title>Topniej\u0105 pieni\u0105dze na drugi etap KN2  - mojabochnia.pl - portal informacyjny<\/title>\n<meta name=\"robots\" content=\"index, follow, max-snippet:-1, max-image-preview:large, max-video-preview:-1\" \/>\n<link rel=\"canonical\" href=\"https:\/\/www.mojabochnia.pl\/?p=23359\" \/>\n<meta property=\"og:locale\" content=\"pl_PL\" \/>\n<meta property=\"og:type\" content=\"article\" \/>\n<meta property=\"og:title\" content=\"Topniej\u0105 pieni\u0105dze na drugi etap KN2  - mojabochnia.pl - portal informacyjny\" \/>\n<meta property=\"og:description\" content=\"Kolejne pieni\u0105dze zosta\u0142y zdj\u0119te z drugiego etapu planowanej budowy obwodnicy p\u00f3\u0142nocno-zachodniej Bochni. Podczas dzisiejszej sesji radni przesun\u0119li ponad p\u00f3\u0142 miliona z\u0142 z tej inwestycji na inne cele.\" \/>\n<meta property=\"og:url\" content=\"https:\/\/www.mojabochnia.pl\/?p=23359\" \/>\n<meta property=\"og:site_name\" content=\"mojabochnia.pl - portal informacyjny\" \/>\n<meta property=\"article:publisher\" content=\"https:\/\/www.facebook.com\/mojabochnia\" \/>\n<meta property=\"article:published_time\" content=\"2010-02-25T12:18:33+00:00\" \/>\n<meta property=\"article:modified_time\" content=\"2010-02-26T07:44:28+00:00\" \/>\n<meta name=\"author\" content=\"Pawe\u0142 Michalczyk\" \/>\n<meta name=\"twitter:card\" content=\"summary_large_image\" \/>\n<meta name=\"twitter:label1\" content=\"Written by\" \/>\n\t<meta name=\"twitter:data1\" content=\"Pawe\u0142 Michalczyk\" \/>\n\t<meta name=\"twitter:label2\" content=\"Est. reading time\" \/>\n\t<meta name=\"twitter:data2\" content=\"2 minuty\" \/>\n<script type=\"application\/ld+json\" class=\"yoast-schema-graph\">{\"@context\":\"https:\/\/schema.org\",\"@graph\":[{\"@type\":\"Article\",\"@id\":\"https:\/\/www.mojabochnia.pl\/?p=23359#article\",\"isPartOf\":{\"@id\":\"https:\/\/www.mojabochnia.pl\/?p=23359\"},\"author\":{\"name\":\"Pawe\u0142 Michalczyk\",\"@id\":\"https:\/\/www.mojabochnia.pl\/#\/schema\/person\/ea042e4724a77627963f02166828ead4\"},\"headline\":\"Topniej\u0105 pieni\u0105dze na drugi etap KN2\",\"datePublished\":\"2010-02-25T12:18:33+00:00\",\"dateModified\":\"2010-02-26T07:44:28+00:00\",\"mainEntityOfPage\":{\"@id\":\"https:\/\/www.mojabochnia.pl\/?p=23359\"},\"wordCount\":307,\"commentCount\":7,\"publisher\":{\"@id\":\"https:\/\/www.mojabochnia.pl\/#organization\"},\"keywords\":[\"bogdan kosturkiewicz\",\"bud\u017cet\",\"burmistrz\",\"kazimierz \u015bcis\u0142o\",\"KN2\",\"obwodnica\",\"radny\",\"sesja\",\"uchwa\u0142a\"],\"articleSection\":[\"2_ostatnie\",\"3_w centrum uwagi\",\"polityka i wydarzenia\",\"tematyka\"],\"inLanguage\":\"pl-PL\",\"potentialAction\":[{\"@type\":\"CommentAction\",\"name\":\"Comment\",\"target\":[\"https:\/\/www.mojabochnia.pl\/?p=23359#respond\"]}]},{\"@type\":\"WebPage\",\"@id\":\"https:\/\/www.mojabochnia.pl\/?p=23359\",\"url\":\"https:\/\/www.mojabochnia.pl\/?p=23359\",\"name\":\"Topniej\u0105 pieni\u0105dze na drugi etap KN2 - mojabochnia.pl - portal informacyjny\",\"isPartOf\":{\"@id\":\"https:\/\/www.mojabochnia.pl\/#website\"},\"datePublished\":\"2010-02-25T12:18:33+00:00\",\"dateModified\":\"2010-02-26T07:44:28+00:00\",\"breadcrumb\":{\"@id\":\"https:\/\/www.mojabochnia.pl\/?p=23359#breadcrumb\"},\"inLanguage\":\"pl-PL\",\"potentialAction\":[{\"@type\":\"ReadAction\",\"target\":[\"https:\/\/www.mojabochnia.pl\/?p=23359\"]}]},{\"@type\":\"BreadcrumbList\",\"@id\":\"https:\/\/www.mojabochnia.pl\/?p=23359#breadcrumb\",\"itemListElement\":[{\"@type\":\"ListItem\",\"position\":1,\"name\":\"Home\",\"item\":\"https:\/\/www.mojabochnia.pl\/\"},{\"@type\":\"ListItem\",\"position\":2,\"name\":\"Topniej\u0105 pieni\u0105dze na drugi etap KN2\"}]},{\"@type\":\"WebSite\",\"@id\":\"https:\/\/www.mojabochnia.pl\/#website\",\"url\":\"https:\/\/www.mojabochnia.pl\/\",\"name\":\"mojabochnia.pl - portal informacyjny\",\"description\":\"mojaBochnia to portal informacyjny o Bochni. Codziennie o Bochni piszemy i pokazujemy najwa\u017cniejsze wydarzenia\",\"publisher\":{\"@id\":\"https:\/\/www.mojabochnia.pl\/#organization\"},\"potentialAction\":[{\"@type\":\"SearchAction\",\"target\":{\"@type\":\"EntryPoint\",\"urlTemplate\":\"https:\/\/www.mojabochnia.pl\/?s={search_term_string}\"},\"query-input\":{\"@type\":\"PropertyValueSpecification\",\"valueRequired\":true,\"valueName\":\"search_term_string\"}}],\"inLanguage\":\"pl-PL\"},{\"@type\":\"Organization\",\"@id\":\"https:\/\/www.mojabochnia.pl\/#organization\",\"name\":\"mojabochnia.pl - portal informacyjny\",\"url\":\"https:\/\/www.mojabochnia.pl\/\",\"logo\":{\"@type\":\"ImageObject\",\"inLanguage\":\"pl-PL\",\"@id\":\"https:\/\/www.mojabochnia.pl\/#\/schema\/logo\/image\/\",\"url\":\"https:\/\/www.mojabochnia.pl\/wp-content\/uploads\/2017\/08\/logo-mb-opt.png\",\"contentUrl\":\"https:\/\/www.mojabochnia.pl\/wp-content\/uploads\/2017\/08\/logo-mb-opt.png\",\"width\":250,\"height\":48,\"caption\":\"mojabochnia.pl - portal informacyjny\"},\"image\":{\"@id\":\"https:\/\/www.mojabochnia.pl\/#\/schema\/logo\/image\/\"},\"sameAs\":[\"https:\/\/www.facebook.com\/mojabochnia\"]},{\"@type\":\"Person\",\"@id\":\"https:\/\/www.mojabochnia.pl\/#\/schema\/person\/ea042e4724a77627963f02166828ead4\",\"name\":\"Pawe\u0142 Michalczyk\",\"url\":\"https:\/\/www.mojabochnia.pl\/?author=4\"}]}<\/script>\n<!-- \/ Yoast SEO plugin. -->","yoast_head_json":{"title":"Topniej\u0105 pieni\u0105dze na drugi etap KN2  - mojabochnia.pl - portal informacyjny","robots":{"index":"index","follow":"follow","max-snippet":"max-snippet:-1","max-image-preview":"max-image-preview:large","max-video-preview":"max-video-preview:-1"},"canonical":"https:\/\/www.mojabochnia.pl\/?p=23359","og_locale":"pl_PL","og_type":"article","og_title":"Topniej\u0105 pieni\u0105dze na drugi etap KN2  - mojabochnia.pl - portal informacyjny","og_description":"Kolejne pieni\u0105dze zosta\u0142y zdj\u0119te z drugiego etapu planowanej budowy obwodnicy p\u00f3\u0142nocno-zachodniej Bochni. Podczas dzisiejszej sesji radni przesun\u0119li ponad p\u00f3\u0142 miliona z\u0142 z tej inwestycji na inne cele.","og_url":"https:\/\/www.mojabochnia.pl\/?p=23359","og_site_name":"mojabochnia.pl - portal informacyjny","article_publisher":"https:\/\/www.facebook.com\/mojabochnia","article_published_time":"2010-02-25T12:18:33+00:00","article_modified_time":"2010-02-26T07:44:28+00:00","author":"Pawe\u0142 Michalczyk","twitter_card":"summary_large_image","twitter_misc":{"Written by":"Pawe\u0142 Michalczyk","Est. reading time":"2 minuty"},"schema":{"@context":"https:\/\/schema.org","@graph":[{"@type":"Article","@id":"https:\/\/www.mojabochnia.pl\/?p=23359#article","isPartOf":{"@id":"https:\/\/www.mojabochnia.pl\/?p=23359"},"author":{"name":"Pawe\u0142 Michalczyk","@id":"https:\/\/www.mojabochnia.pl\/#\/schema\/person\/ea042e4724a77627963f02166828ead4"},"headline":"Topniej\u0105 pieni\u0105dze na drugi etap KN2","datePublished":"2010-02-25T12:18:33+00:00","dateModified":"2010-02-26T07:44:28+00:00","mainEntityOfPage":{"@id":"https:\/\/www.mojabochnia.pl\/?p=23359"},"wordCount":307,"commentCount":7,"publisher":{"@id":"https:\/\/www.mojabochnia.pl\/#organization"},"keywords":["bogdan kosturkiewicz","bud\u017cet","burmistrz","kazimierz \u015bcis\u0142o","KN2","obwodnica","radny","sesja","uchwa\u0142a"],"articleSection":["2_ostatnie","3_w centrum uwagi","polityka i wydarzenia","tematyka"],"inLanguage":"pl-PL","potentialAction":[{"@type":"CommentAction","name":"Comment","target":["https:\/\/www.mojabochnia.pl\/?p=23359#respond"]}]},{"@type":"WebPage","@id":"https:\/\/www.mojabochnia.pl\/?p=23359","url":"https:\/\/www.mojabochnia.pl\/?p=23359","name":"Topniej\u0105 pieni\u0105dze na drugi etap KN2 - mojabochnia.pl - portal informacyjny","isPartOf":{"@id":"https:\/\/www.mojabochnia.pl\/#website"},"datePublished":"2010-02-25T12:18:33+00:00","dateModified":"2010-02-26T07:44:28+00:00","breadcrumb":{"@id":"https:\/\/www.mojabochnia.pl\/?p=23359#breadcrumb"},"inLanguage":"pl-PL","potentialAction":[{"@type":"ReadAction","target":["https:\/\/www.mojabochnia.pl\/?p=23359"]}]},{"@type":"BreadcrumbList","@id":"https:\/\/www.mojabochnia.pl\/?p=23359#breadcrumb","itemListElement":[{"@type":"ListItem","position":1,"name":"Home","item":"https:\/\/www.mojabochnia.pl\/"},{"@type":"ListItem","position":2,"name":"Topniej\u0105 pieni\u0105dze na drugi etap KN2"}]},{"@type":"WebSite","@id":"https:\/\/www.mojabochnia.pl\/#website","url":"https:\/\/www.mojabochnia.pl\/","name":"mojabochnia.pl - portal informacyjny","description":"mojaBochnia to portal informacyjny o Bochni. Codziennie o Bochni piszemy i pokazujemy najwa\u017cniejsze wydarzenia","publisher":{"@id":"https:\/\/www.mojabochnia.pl\/#organization"},"potentialAction":[{"@type":"SearchAction","target":{"@type":"EntryPoint","urlTemplate":"https:\/\/www.mojabochnia.pl\/?s={search_term_string}"},"query-input":{"@type":"PropertyValueSpecification","valueRequired":true,"valueName":"search_term_string"}}],"inLanguage":"pl-PL"},{"@type":"Organization","@id":"https:\/\/www.mojabochnia.pl\/#organization","name":"mojabochnia.pl - portal informacyjny","url":"https:\/\/www.mojabochnia.pl\/","logo":{"@type":"ImageObject","inLanguage":"pl-PL","@id":"https:\/\/www.mojabochnia.pl\/#\/schema\/logo\/image\/","url":"https:\/\/www.mojabochnia.pl\/wp-content\/uploads\/2017\/08\/logo-mb-opt.png","contentUrl":"https:\/\/www.mojabochnia.pl\/wp-content\/uploads\/2017\/08\/logo-mb-opt.png","width":250,"height":48,"caption":"mojabochnia.pl - portal informacyjny"},"image":{"@id":"https:\/\/www.mojabochnia.pl\/#\/schema\/logo\/image\/"},"sameAs":["https:\/\/www.facebook.com\/mojabochnia"]},{"@type":"Person","@id":"https:\/\/www.mojabochnia.pl\/#\/schema\/person\/ea042e4724a77627963f02166828ead4","name":"Pawe\u0142 Michalczyk","url":"https:\/\/www.mojabochnia.pl\/?author=4"}]}},"_links":{"self":[{"href":"https:\/\/www.mojabochnia.pl\/index.php?rest_route=\/wp\/v2\/posts\/23359","targetHints":{"allow":["GET"]}}],"collection":[{"href":"https:\/\/www.mojabochnia.pl\/index.php?rest_route=\/wp\/v2\/posts"}],"about":[{"href":"https:\/\/www.mojabochnia.pl\/index.php?rest_route=\/wp\/v2\/types\/post"}],"author":[{"embeddable":true,"href":"https:\/\/www.mojabochnia.pl\/index.php?rest_route=\/wp\/v2\/users\/4"}],"replies":[{"embeddable":true,"href":"https:\/\/www.mojabochnia.pl\/index.php?rest_route=%2Fwp%2Fv2%2Fcomments&post=23359"}],"version-history":[{"count":0,"href":"https:\/\/www.mojabochnia.pl\/index.php?rest_route=\/wp\/v2\/posts\/23359\/revisions"}],"wp:attachment":[{"href":"https:\/\/www.mojabochnia.pl\/index.php?rest_route=%2Fwp%2Fv2%2Fmedia&parent=23359"}],"wp:term":[{"taxonomy":"category","embeddable":true,"href":"https:\/\/www.mojabochnia.pl\/index.php?rest_route=%2Fwp%2Fv2%2Fcategories&post=23359"},{"taxonomy":"post_tag","embeddable":true,"href":"https:\/\/www.mojabochnia.pl\/index.php?rest_route=%2Fwp%2Fv2%2Ftags&post=23359"}],"curies":[{"name":"wp","href":"https:\/\/api.w.org\/{rel}","templated":true}]}}