{"id":23249,"date":"2010-02-24T14:04:10","date_gmt":"2010-02-24T13:04:10","guid":{"rendered":"http:\/\/www.mojabochnia.pl\/?p=23249"},"modified":"2010-02-25T11:02:04","modified_gmt":"2010-02-25T10:02:04","slug":"prokuratura-i-sad-ex-skarbnik-powiatu-nie-falszowal-uchwaly-rady-powiatu","status":"publish","type":"post","link":"https:\/\/www.mojabochnia.pl\/?p=23249","title":{"rendered":"Prokuratura i s\u0105d: Ex-skarbnik powiatu nie sfa\u0142szowa\u0142 uchwa\u0142y Zarz\u0105du Powiatu"},"content":{"rendered":"<p>Przypomnijmy &#8211; zdaniem starosty &#8211; przest\u0119pstwo mia\u0142o polega\u0107 na sfa\u0142szowaniu uchwa\u0142y Rady Powiatu. Prokuratura nie dopatrzy\u0142a si\u0119 znamion przest\u0119pstwa, starosta z\u0142o\u017cy\u0142 jednak za\u017calenie do s\u0105du na t\u0119 decyzj\u0119. Prokuratura wyda\u0142a postanowienie o odmowie wszcz\u0119cia dochodzenia w sprawie by\u0142ego skarbnika powiatu jeszcze we wrze\u015bniu. Argumentowa\u0142a, \u017ce skarbnik poprawi\u0142 b\u0142\u0105d literowy w uchwale, maj\u0105c na uwadze wcze\u015bniejsz\u0105 intencj\u0119 zarz\u0105du powiatu (w uchwale zamiast kwoty 25 tys. z\u0142 by\u0142a kwota 5 tys. z\u0142, skarbnik za\u015b dopisa\u0142 cyfr\u0119 \u201e2\u201d i zmian\u0119 parafowa\u0142 swoim nazwiskiem i piecz\u0105tk\u0105).<\/p>\n<p>Starosta Jacek Paj\u0105k, nie zgadzaj\u0105c si\u0119 z postanowieniem prokuratury, z\u0142o\u017cy\u0142 za\u017calenie do S\u0105du Rejonowego w Bochni. Ten jednak z\u0142o\u017cy\u0142 wniosek o wy\u0142\u0105czenie go z rozpatrywania tej sprawy. Trafi\u0142a ona w efekcie do S\u0105du Rejonowego w Tarnowie.<\/p>\n<p>Jak poinformowa\u0142 nas dzisiaj prezes S\u0105du Rejonowego w Tarnowie &#8211; s\u0119dzia Zbigniew Zabawa, na wczorajszej rozprawie s\u0105d oddali\u0142 za\u017calenie starosty i podtrzyma\u0142 postanowienie prokuratury. Tym samy post\u0119powanie w tej sprawie wyczerpa\u0142o \u015brodki odwo\u0142awcze i sta\u0142o si\u0119 prawomocne.<\/p>\n<p>Warto doda\u0107, \u017ce wci\u0105\u017c w toku w prokuraturze jest sprawa, kt\u00f3r\u0105 do prokuratury z\u0142o\u017cy\u0142 tym razem sam ex-skarbnik. Rzecz dotyczy rzekomego mobbingu, jakiego mia\u0142 dopu\u015bci\u0107 si\u0119 wobec niego starosta.<\/p>\n","protected":false},"excerpt":{"rendered":"<p>Wczoraj w S\u0105dzie Rejonowym w Tarnowie \u2013 Wydzia\u0142 II Karny s\u0105d rozpatrywa\u0142 za\u017calenie starosty boche\u0144skiego na postanowienie prokuratury o odmowie wszcz\u0119cia dochodzenia w sprawie rzekomego sfa\u0142szowania uchwa\u0142y Rady Powiatu.<\/p>\n","protected":false},"author":9,"featured_media":0,"comment_status":"open","ping_status":"closed","sticky":false,"template":"","format":"standard","meta":{"_acf_changed":false,"footnotes":""},"categories":[5,11,6251,6250],"tags":[6584,1283,5568],"class_list":["post-23249","post","type-post","status-publish","format-standard","hentry","category-biezace-wydarzenia","category-top-temat","category-polityka-i-wydarzenia","category-tematyka","tag-ex-skarbnik","tag-marian-kumorek","tag-skarbnik-powiatu"],"acf":[],"yoast_head":"<!-- This site is optimized with the Yoast SEO plugin v26.9 - https:\/\/yoast.com\/product\/yoast-seo-wordpress\/ -->\n<title>Prokuratura i s\u0105d: Ex-skarbnik powiatu nie sfa\u0142szowa\u0142 uchwa\u0142y Zarz\u0105du Powiatu - mojabochnia.pl - portal informacyjny<\/title>\n<meta name=\"robots\" content=\"index, follow, max-snippet:-1, max-image-preview:large, max-video-preview:-1\" \/>\n<link rel=\"canonical\" href=\"https:\/\/www.mojabochnia.pl\/?p=23249\" \/>\n<meta property=\"og:locale\" content=\"pl_PL\" \/>\n<meta property=\"og:type\" content=\"article\" \/>\n<meta property=\"og:title\" content=\"Prokuratura i s\u0105d: Ex-skarbnik powiatu nie sfa\u0142szowa\u0142 uchwa\u0142y Zarz\u0105du Powiatu - mojabochnia.pl - portal informacyjny\" \/>\n<meta property=\"og:description\" content=\"Wczoraj w S\u0105dzie Rejonowym w Tarnowie \u2013 Wydzia\u0142 II Karny s\u0105d rozpatrywa\u0142 za\u017calenie starosty boche\u0144skiego na postanowienie prokuratury o odmowie wszcz\u0119cia dochodzenia w sprawie rzekomego sfa\u0142szowania uchwa\u0142y Rady Powiatu.\" \/>\n<meta property=\"og:url\" content=\"https:\/\/www.mojabochnia.pl\/?p=23249\" \/>\n<meta property=\"og:site_name\" content=\"mojabochnia.pl - portal informacyjny\" \/>\n<meta property=\"article:publisher\" content=\"https:\/\/www.facebook.com\/mojabochnia\" \/>\n<meta property=\"article:published_time\" content=\"2010-02-24T13:04:10+00:00\" \/>\n<meta property=\"article:modified_time\" content=\"2010-02-25T10:02:04+00:00\" \/>\n<meta name=\"author\" content=\"Aleksander Rzepecki\" \/>\n<meta name=\"twitter:card\" content=\"summary_large_image\" \/>\n<meta name=\"twitter:label1\" content=\"Written by\" \/>\n\t<meta name=\"twitter:data1\" content=\"Aleksander Rzepecki\" \/>\n\t<meta name=\"twitter:label2\" content=\"Est. reading time\" \/>\n\t<meta name=\"twitter:data2\" content=\"1 minuta\" \/>\n<script type=\"application\/ld+json\" class=\"yoast-schema-graph\">{\"@context\":\"https:\/\/schema.org\",\"@graph\":[{\"@type\":\"Article\",\"@id\":\"https:\/\/www.mojabochnia.pl\/?p=23249#article\",\"isPartOf\":{\"@id\":\"https:\/\/www.mojabochnia.pl\/?p=23249\"},\"author\":{\"name\":\"Aleksander Rzepecki\",\"@id\":\"https:\/\/www.mojabochnia.pl\/#\/schema\/person\/6cc2563b6df80713ce6940e6ed184c6c\"},\"headline\":\"Prokuratura i s\u0105d: Ex-skarbnik powiatu nie sfa\u0142szowa\u0142 uchwa\u0142y Zarz\u0105du Powiatu\",\"datePublished\":\"2010-02-24T13:04:10+00:00\",\"dateModified\":\"2010-02-25T10:02:04+00:00\",\"mainEntityOfPage\":{\"@id\":\"https:\/\/www.mojabochnia.pl\/?p=23249\"},\"wordCount\":239,\"commentCount\":7,\"publisher\":{\"@id\":\"https:\/\/www.mojabochnia.pl\/#organization\"},\"keywords\":[\"ex-skarbnik\",\"marian kumorek\",\"skarbnik powiatu\"],\"articleSection\":[\"2_ostatnie\",\"3_w centrum uwagi\",\"polityka i wydarzenia\",\"tematyka\"],\"inLanguage\":\"pl-PL\",\"potentialAction\":[{\"@type\":\"CommentAction\",\"name\":\"Comment\",\"target\":[\"https:\/\/www.mojabochnia.pl\/?p=23249#respond\"]}]},{\"@type\":\"WebPage\",\"@id\":\"https:\/\/www.mojabochnia.pl\/?p=23249\",\"url\":\"https:\/\/www.mojabochnia.pl\/?p=23249\",\"name\":\"Prokuratura i s\u0105d: Ex-skarbnik powiatu nie sfa\u0142szowa\u0142 uchwa\u0142y Zarz\u0105du Powiatu - mojabochnia.pl - portal informacyjny\",\"isPartOf\":{\"@id\":\"https:\/\/www.mojabochnia.pl\/#website\"},\"datePublished\":\"2010-02-24T13:04:10+00:00\",\"dateModified\":\"2010-02-25T10:02:04+00:00\",\"breadcrumb\":{\"@id\":\"https:\/\/www.mojabochnia.pl\/?p=23249#breadcrumb\"},\"inLanguage\":\"pl-PL\",\"potentialAction\":[{\"@type\":\"ReadAction\",\"target\":[\"https:\/\/www.mojabochnia.pl\/?p=23249\"]}]},{\"@type\":\"BreadcrumbList\",\"@id\":\"https:\/\/www.mojabochnia.pl\/?p=23249#breadcrumb\",\"itemListElement\":[{\"@type\":\"ListItem\",\"position\":1,\"name\":\"Home\",\"item\":\"https:\/\/www.mojabochnia.pl\/\"},{\"@type\":\"ListItem\",\"position\":2,\"name\":\"Prokuratura i s\u0105d: Ex-skarbnik powiatu nie sfa\u0142szowa\u0142 uchwa\u0142y Zarz\u0105du Powiatu\"}]},{\"@type\":\"WebSite\",\"@id\":\"https:\/\/www.mojabochnia.pl\/#website\",\"url\":\"https:\/\/www.mojabochnia.pl\/\",\"name\":\"mojabochnia.pl - portal informacyjny\",\"description\":\"mojaBochnia to portal informacyjny o Bochni. Codziennie o Bochni piszemy i pokazujemy najwa\u017cniejsze wydarzenia\",\"publisher\":{\"@id\":\"https:\/\/www.mojabochnia.pl\/#organization\"},\"potentialAction\":[{\"@type\":\"SearchAction\",\"target\":{\"@type\":\"EntryPoint\",\"urlTemplate\":\"https:\/\/www.mojabochnia.pl\/?s={search_term_string}\"},\"query-input\":{\"@type\":\"PropertyValueSpecification\",\"valueRequired\":true,\"valueName\":\"search_term_string\"}}],\"inLanguage\":\"pl-PL\"},{\"@type\":\"Organization\",\"@id\":\"https:\/\/www.mojabochnia.pl\/#organization\",\"name\":\"mojabochnia.pl - portal informacyjny\",\"url\":\"https:\/\/www.mojabochnia.pl\/\",\"logo\":{\"@type\":\"ImageObject\",\"inLanguage\":\"pl-PL\",\"@id\":\"https:\/\/www.mojabochnia.pl\/#\/schema\/logo\/image\/\",\"url\":\"https:\/\/www.mojabochnia.pl\/wp-content\/uploads\/2017\/08\/logo-mb-opt.png\",\"contentUrl\":\"https:\/\/www.mojabochnia.pl\/wp-content\/uploads\/2017\/08\/logo-mb-opt.png\",\"width\":250,\"height\":48,\"caption\":\"mojabochnia.pl - portal informacyjny\"},\"image\":{\"@id\":\"https:\/\/www.mojabochnia.pl\/#\/schema\/logo\/image\/\"},\"sameAs\":[\"https:\/\/www.facebook.com\/mojabochnia\"]},{\"@type\":\"Person\",\"@id\":\"https:\/\/www.mojabochnia.pl\/#\/schema\/person\/6cc2563b6df80713ce6940e6ed184c6c\",\"name\":\"Aleksander Rzepecki\",\"url\":\"https:\/\/www.mojabochnia.pl\/?author=9\"}]}<\/script>\n<!-- \/ Yoast SEO plugin. -->","yoast_head_json":{"title":"Prokuratura i s\u0105d: Ex-skarbnik powiatu nie sfa\u0142szowa\u0142 uchwa\u0142y Zarz\u0105du Powiatu - mojabochnia.pl - portal informacyjny","robots":{"index":"index","follow":"follow","max-snippet":"max-snippet:-1","max-image-preview":"max-image-preview:large","max-video-preview":"max-video-preview:-1"},"canonical":"https:\/\/www.mojabochnia.pl\/?p=23249","og_locale":"pl_PL","og_type":"article","og_title":"Prokuratura i s\u0105d: Ex-skarbnik powiatu nie sfa\u0142szowa\u0142 uchwa\u0142y Zarz\u0105du Powiatu - mojabochnia.pl - portal informacyjny","og_description":"Wczoraj w S\u0105dzie Rejonowym w Tarnowie \u2013 Wydzia\u0142 II Karny s\u0105d rozpatrywa\u0142 za\u017calenie starosty boche\u0144skiego na postanowienie prokuratury o odmowie wszcz\u0119cia dochodzenia w sprawie rzekomego sfa\u0142szowania uchwa\u0142y Rady Powiatu.","og_url":"https:\/\/www.mojabochnia.pl\/?p=23249","og_site_name":"mojabochnia.pl - portal informacyjny","article_publisher":"https:\/\/www.facebook.com\/mojabochnia","article_published_time":"2010-02-24T13:04:10+00:00","article_modified_time":"2010-02-25T10:02:04+00:00","author":"Aleksander Rzepecki","twitter_card":"summary_large_image","twitter_misc":{"Written by":"Aleksander Rzepecki","Est. reading time":"1 minuta"},"schema":{"@context":"https:\/\/schema.org","@graph":[{"@type":"Article","@id":"https:\/\/www.mojabochnia.pl\/?p=23249#article","isPartOf":{"@id":"https:\/\/www.mojabochnia.pl\/?p=23249"},"author":{"name":"Aleksander Rzepecki","@id":"https:\/\/www.mojabochnia.pl\/#\/schema\/person\/6cc2563b6df80713ce6940e6ed184c6c"},"headline":"Prokuratura i s\u0105d: Ex-skarbnik powiatu nie sfa\u0142szowa\u0142 uchwa\u0142y Zarz\u0105du Powiatu","datePublished":"2010-02-24T13:04:10+00:00","dateModified":"2010-02-25T10:02:04+00:00","mainEntityOfPage":{"@id":"https:\/\/www.mojabochnia.pl\/?p=23249"},"wordCount":239,"commentCount":7,"publisher":{"@id":"https:\/\/www.mojabochnia.pl\/#organization"},"keywords":["ex-skarbnik","marian kumorek","skarbnik powiatu"],"articleSection":["2_ostatnie","3_w centrum uwagi","polityka i wydarzenia","tematyka"],"inLanguage":"pl-PL","potentialAction":[{"@type":"CommentAction","name":"Comment","target":["https:\/\/www.mojabochnia.pl\/?p=23249#respond"]}]},{"@type":"WebPage","@id":"https:\/\/www.mojabochnia.pl\/?p=23249","url":"https:\/\/www.mojabochnia.pl\/?p=23249","name":"Prokuratura i s\u0105d: Ex-skarbnik powiatu nie sfa\u0142szowa\u0142 uchwa\u0142y Zarz\u0105du Powiatu - mojabochnia.pl - portal informacyjny","isPartOf":{"@id":"https:\/\/www.mojabochnia.pl\/#website"},"datePublished":"2010-02-24T13:04:10+00:00","dateModified":"2010-02-25T10:02:04+00:00","breadcrumb":{"@id":"https:\/\/www.mojabochnia.pl\/?p=23249#breadcrumb"},"inLanguage":"pl-PL","potentialAction":[{"@type":"ReadAction","target":["https:\/\/www.mojabochnia.pl\/?p=23249"]}]},{"@type":"BreadcrumbList","@id":"https:\/\/www.mojabochnia.pl\/?p=23249#breadcrumb","itemListElement":[{"@type":"ListItem","position":1,"name":"Home","item":"https:\/\/www.mojabochnia.pl\/"},{"@type":"ListItem","position":2,"name":"Prokuratura i s\u0105d: Ex-skarbnik powiatu nie sfa\u0142szowa\u0142 uchwa\u0142y Zarz\u0105du Powiatu"}]},{"@type":"WebSite","@id":"https:\/\/www.mojabochnia.pl\/#website","url":"https:\/\/www.mojabochnia.pl\/","name":"mojabochnia.pl - portal informacyjny","description":"mojaBochnia to portal informacyjny o Bochni. Codziennie o Bochni piszemy i pokazujemy najwa\u017cniejsze wydarzenia","publisher":{"@id":"https:\/\/www.mojabochnia.pl\/#organization"},"potentialAction":[{"@type":"SearchAction","target":{"@type":"EntryPoint","urlTemplate":"https:\/\/www.mojabochnia.pl\/?s={search_term_string}"},"query-input":{"@type":"PropertyValueSpecification","valueRequired":true,"valueName":"search_term_string"}}],"inLanguage":"pl-PL"},{"@type":"Organization","@id":"https:\/\/www.mojabochnia.pl\/#organization","name":"mojabochnia.pl - portal informacyjny","url":"https:\/\/www.mojabochnia.pl\/","logo":{"@type":"ImageObject","inLanguage":"pl-PL","@id":"https:\/\/www.mojabochnia.pl\/#\/schema\/logo\/image\/","url":"https:\/\/www.mojabochnia.pl\/wp-content\/uploads\/2017\/08\/logo-mb-opt.png","contentUrl":"https:\/\/www.mojabochnia.pl\/wp-content\/uploads\/2017\/08\/logo-mb-opt.png","width":250,"height":48,"caption":"mojabochnia.pl - portal informacyjny"},"image":{"@id":"https:\/\/www.mojabochnia.pl\/#\/schema\/logo\/image\/"},"sameAs":["https:\/\/www.facebook.com\/mojabochnia"]},{"@type":"Person","@id":"https:\/\/www.mojabochnia.pl\/#\/schema\/person\/6cc2563b6df80713ce6940e6ed184c6c","name":"Aleksander Rzepecki","url":"https:\/\/www.mojabochnia.pl\/?author=9"}]}},"_links":{"self":[{"href":"https:\/\/www.mojabochnia.pl\/index.php?rest_route=\/wp\/v2\/posts\/23249","targetHints":{"allow":["GET"]}}],"collection":[{"href":"https:\/\/www.mojabochnia.pl\/index.php?rest_route=\/wp\/v2\/posts"}],"about":[{"href":"https:\/\/www.mojabochnia.pl\/index.php?rest_route=\/wp\/v2\/types\/post"}],"author":[{"embeddable":true,"href":"https:\/\/www.mojabochnia.pl\/index.php?rest_route=\/wp\/v2\/users\/9"}],"replies":[{"embeddable":true,"href":"https:\/\/www.mojabochnia.pl\/index.php?rest_route=%2Fwp%2Fv2%2Fcomments&post=23249"}],"version-history":[{"count":0,"href":"https:\/\/www.mojabochnia.pl\/index.php?rest_route=\/wp\/v2\/posts\/23249\/revisions"}],"wp:attachment":[{"href":"https:\/\/www.mojabochnia.pl\/index.php?rest_route=%2Fwp%2Fv2%2Fmedia&parent=23249"}],"wp:term":[{"taxonomy":"category","embeddable":true,"href":"https:\/\/www.mojabochnia.pl\/index.php?rest_route=%2Fwp%2Fv2%2Fcategories&post=23249"},{"taxonomy":"post_tag","embeddable":true,"href":"https:\/\/www.mojabochnia.pl\/index.php?rest_route=%2Fwp%2Fv2%2Ftags&post=23249"}],"curies":[{"name":"wp","href":"https:\/\/api.w.org\/{rel}","templated":true}]}}