{"id":23239,"date":"2010-02-24T10:24:43","date_gmt":"2010-02-24T09:24:43","guid":{"rendered":"http:\/\/www.mojabochnia.pl\/?p=23239"},"modified":"2010-02-24T12:36:28","modified_gmt":"2010-02-24T11:36:28","slug":"koncert-tribute-to-tadeusz-nalepa-w-galerii-chelm","status":"publish","type":"post","link":"https:\/\/www.mojabochnia.pl\/?p=23239","title":{"rendered":"Koncert &#8211; Tribute to Tadeusz Nalepa &#8211; w Galerii Che\u0142m"},"content":{"rendered":"<p>Jako pierwsi na scenie pojawi\u0105 si\u0119 muzycy z formacji Szko\u0142a Rocka, nast\u0119pnie PL Blues Band Piotra Lekkiego i p\u00f3\u017aniej Ma\u0142y Czerwony Samolocik Piotra Szyca. Ka\u017cdy z zespo\u0142\u00f3w zagra we w\u0142asnej interpretacji po 3 utwory z repertuaru Tadeusza Nalepy. <\/p>\n<p>Pocz\u0105wszy od utworu: &#8222;Kiedy by\u0142em ma\u0142ym ch\u0142opcem&#8221; rozpocznie si\u0119 jam session z zaproszonymi krakowskimi muzykami (Tomasz Grochola \u2013 Agressiva 69, Maciej K\u0142eczek &#8211; The Cooks, Dariusz Puka \u2013 4Szmery, Grzegorz St\u0119pie\u0144 &#8211; Oddzia\u0142 Zamkni\u0119ty, Bartosz Szwed &#8211; Bartbass i Jacek Tokarczyk &#8211; Agressiva 69).<\/p>\n<p>Tadeusz Nalepa &#8211; Kompozytor, gitarzysta, wokalista, autor tekst\u00f3w. Wyst\u0119puj\u0105c z zespo\u0142ami Blackout, Breakout, pod w\u0142asnym nazwiskiem i wielu muzycznych projektach pozostawi\u0142 bardzo bogat\u0105 i co chyba jest najwa\u017cniejsze charakterystyczn\u0105 dyskografie.<\/p>\n<p>Tribute to Tadeusz Nalepa \u2013 Che\u0142m k. Bochni (Galeria Che\u0142m) 4 marca (czwartek) 2010, godz. 18:30, wst\u0119p wolny.<\/p>\n<p><strong>Zobacz:<\/strong><br \/>\n&#8211; <a onclick=\"javascript:pageTracker._trackPageview('\/outgoing\/pl.wikipedia.org\/wiki\/Tadeusz_Nalepa');\"  href=\"http:\/\/pl.wikipedia.org\/wiki\/Tadeusz_Nalepa\">Tadeusz Nalepa na Wikipedii<\/a><\/p>\n","protected":false},"excerpt":{"rendered":"<p>Boche\u0144scy muzycy pragn\u0105c odda\u0107 ho\u0142d legendzie polskiego bluesa, zapraszaj\u0105 na koncert zorganizowany w rocznic\u0119 \u015bmierci Tadeusza Nalepy.<\/p>\n","protected":false},"author":2,"featured_media":0,"comment_status":"open","ping_status":"closed","sticky":false,"template":"","format":"standard","meta":{"_acf_changed":false,"footnotes":""},"categories":[5,92,6250],"tags":[17108,6583],"class_list":["post-23239","post","type-post","status-publish","format-standard","hentry","category-biezace-wydarzenia","category-kultura","category-tematyka","tag-koncert","tag-nalepa-tadeusz"],"acf":[],"yoast_head":"<!-- This site is optimized with the Yoast SEO plugin v26.9 - https:\/\/yoast.com\/product\/yoast-seo-wordpress\/ -->\n<title>Koncert - Tribute to Tadeusz Nalepa - w Galerii Che\u0142m - mojabochnia.pl - portal informacyjny<\/title>\n<meta name=\"robots\" content=\"index, follow, max-snippet:-1, max-image-preview:large, max-video-preview:-1\" \/>\n<link rel=\"canonical\" href=\"https:\/\/www.mojabochnia.pl\/?p=23239\" \/>\n<meta property=\"og:locale\" content=\"pl_PL\" \/>\n<meta property=\"og:type\" content=\"article\" \/>\n<meta property=\"og:title\" content=\"Koncert - Tribute to Tadeusz Nalepa - w Galerii Che\u0142m - mojabochnia.pl - portal informacyjny\" \/>\n<meta property=\"og:description\" content=\"Boche\u0144scy muzycy pragn\u0105c odda\u0107 ho\u0142d legendzie polskiego bluesa, zapraszaj\u0105 na koncert zorganizowany w rocznic\u0119 \u015bmierci Tadeusza Nalepy.\" \/>\n<meta property=\"og:url\" content=\"https:\/\/www.mojabochnia.pl\/?p=23239\" \/>\n<meta property=\"og:site_name\" content=\"mojabochnia.pl - portal informacyjny\" \/>\n<meta property=\"article:publisher\" content=\"https:\/\/www.facebook.com\/mojabochnia\" \/>\n<meta property=\"article:published_time\" content=\"2010-02-24T09:24:43+00:00\" \/>\n<meta property=\"article:modified_time\" content=\"2010-02-24T11:36:28+00:00\" \/>\n<meta name=\"author\" content=\"Jacek Kucharski\" \/>\n<meta name=\"twitter:card\" content=\"summary_large_image\" \/>\n<meta name=\"twitter:label1\" content=\"Written by\" \/>\n\t<meta name=\"twitter:data1\" content=\"Jacek Kucharski\" \/>\n\t<meta name=\"twitter:label2\" content=\"Est. reading time\" \/>\n\t<meta name=\"twitter:data2\" content=\"1 minuta\" \/>\n<script type=\"application\/ld+json\" class=\"yoast-schema-graph\">{\"@context\":\"https:\/\/schema.org\",\"@graph\":[{\"@type\":\"Article\",\"@id\":\"https:\/\/www.mojabochnia.pl\/?p=23239#article\",\"isPartOf\":{\"@id\":\"https:\/\/www.mojabochnia.pl\/?p=23239\"},\"author\":{\"name\":\"Jacek Kucharski\",\"@id\":\"https:\/\/www.mojabochnia.pl\/#\/schema\/person\/cbf2046fc62995d3796f0c0160613698\"},\"headline\":\"Koncert &#8211; Tribute to Tadeusz Nalepa &#8211; w Galerii Che\u0142m\",\"datePublished\":\"2010-02-24T09:24:43+00:00\",\"dateModified\":\"2010-02-24T11:36:28+00:00\",\"mainEntityOfPage\":{\"@id\":\"https:\/\/www.mojabochnia.pl\/?p=23239\"},\"wordCount\":161,\"commentCount\":0,\"publisher\":{\"@id\":\"https:\/\/www.mojabochnia.pl\/#organization\"},\"keywords\":[\"koncert\",\"nalepa tadeusz\"],\"articleSection\":[\"2_ostatnie\",\"kultura\",\"tematyka\"],\"inLanguage\":\"pl-PL\",\"potentialAction\":[{\"@type\":\"CommentAction\",\"name\":\"Comment\",\"target\":[\"https:\/\/www.mojabochnia.pl\/?p=23239#respond\"]}]},{\"@type\":\"WebPage\",\"@id\":\"https:\/\/www.mojabochnia.pl\/?p=23239\",\"url\":\"https:\/\/www.mojabochnia.pl\/?p=23239\",\"name\":\"Koncert - Tribute to Tadeusz Nalepa - w Galerii Che\u0142m - mojabochnia.pl - portal informacyjny\",\"isPartOf\":{\"@id\":\"https:\/\/www.mojabochnia.pl\/#website\"},\"datePublished\":\"2010-02-24T09:24:43+00:00\",\"dateModified\":\"2010-02-24T11:36:28+00:00\",\"breadcrumb\":{\"@id\":\"https:\/\/www.mojabochnia.pl\/?p=23239#breadcrumb\"},\"inLanguage\":\"pl-PL\",\"potentialAction\":[{\"@type\":\"ReadAction\",\"target\":[\"https:\/\/www.mojabochnia.pl\/?p=23239\"]}]},{\"@type\":\"BreadcrumbList\",\"@id\":\"https:\/\/www.mojabochnia.pl\/?p=23239#breadcrumb\",\"itemListElement\":[{\"@type\":\"ListItem\",\"position\":1,\"name\":\"Home\",\"item\":\"https:\/\/www.mojabochnia.pl\/\"},{\"@type\":\"ListItem\",\"position\":2,\"name\":\"Koncert &#8211; Tribute to Tadeusz Nalepa &#8211; w Galerii Che\u0142m\"}]},{\"@type\":\"WebSite\",\"@id\":\"https:\/\/www.mojabochnia.pl\/#website\",\"url\":\"https:\/\/www.mojabochnia.pl\/\",\"name\":\"mojabochnia.pl - portal informacyjny\",\"description\":\"mojaBochnia to portal informacyjny o Bochni. Codziennie o Bochni piszemy i pokazujemy najwa\u017cniejsze wydarzenia\",\"publisher\":{\"@id\":\"https:\/\/www.mojabochnia.pl\/#organization\"},\"potentialAction\":[{\"@type\":\"SearchAction\",\"target\":{\"@type\":\"EntryPoint\",\"urlTemplate\":\"https:\/\/www.mojabochnia.pl\/?s={search_term_string}\"},\"query-input\":{\"@type\":\"PropertyValueSpecification\",\"valueRequired\":true,\"valueName\":\"search_term_string\"}}],\"inLanguage\":\"pl-PL\"},{\"@type\":\"Organization\",\"@id\":\"https:\/\/www.mojabochnia.pl\/#organization\",\"name\":\"mojabochnia.pl - portal informacyjny\",\"url\":\"https:\/\/www.mojabochnia.pl\/\",\"logo\":{\"@type\":\"ImageObject\",\"inLanguage\":\"pl-PL\",\"@id\":\"https:\/\/www.mojabochnia.pl\/#\/schema\/logo\/image\/\",\"url\":\"https:\/\/www.mojabochnia.pl\/wp-content\/uploads\/2017\/08\/logo-mb-opt.png\",\"contentUrl\":\"https:\/\/www.mojabochnia.pl\/wp-content\/uploads\/2017\/08\/logo-mb-opt.png\",\"width\":250,\"height\":48,\"caption\":\"mojabochnia.pl - portal informacyjny\"},\"image\":{\"@id\":\"https:\/\/www.mojabochnia.pl\/#\/schema\/logo\/image\/\"},\"sameAs\":[\"https:\/\/www.facebook.com\/mojabochnia\"]},{\"@type\":\"Person\",\"@id\":\"https:\/\/www.mojabochnia.pl\/#\/schema\/person\/cbf2046fc62995d3796f0c0160613698\",\"name\":\"Jacek Kucharski\",\"url\":\"https:\/\/www.mojabochnia.pl\/?author=2\"}]}<\/script>\n<!-- \/ Yoast SEO plugin. -->","yoast_head_json":{"title":"Koncert - Tribute to Tadeusz Nalepa - w Galerii Che\u0142m - mojabochnia.pl - portal informacyjny","robots":{"index":"index","follow":"follow","max-snippet":"max-snippet:-1","max-image-preview":"max-image-preview:large","max-video-preview":"max-video-preview:-1"},"canonical":"https:\/\/www.mojabochnia.pl\/?p=23239","og_locale":"pl_PL","og_type":"article","og_title":"Koncert - Tribute to Tadeusz Nalepa - w Galerii Che\u0142m - mojabochnia.pl - portal informacyjny","og_description":"Boche\u0144scy muzycy pragn\u0105c odda\u0107 ho\u0142d legendzie polskiego bluesa, zapraszaj\u0105 na koncert zorganizowany w rocznic\u0119 \u015bmierci Tadeusza Nalepy.","og_url":"https:\/\/www.mojabochnia.pl\/?p=23239","og_site_name":"mojabochnia.pl - portal informacyjny","article_publisher":"https:\/\/www.facebook.com\/mojabochnia","article_published_time":"2010-02-24T09:24:43+00:00","article_modified_time":"2010-02-24T11:36:28+00:00","author":"Jacek Kucharski","twitter_card":"summary_large_image","twitter_misc":{"Written by":"Jacek Kucharski","Est. reading time":"1 minuta"},"schema":{"@context":"https:\/\/schema.org","@graph":[{"@type":"Article","@id":"https:\/\/www.mojabochnia.pl\/?p=23239#article","isPartOf":{"@id":"https:\/\/www.mojabochnia.pl\/?p=23239"},"author":{"name":"Jacek Kucharski","@id":"https:\/\/www.mojabochnia.pl\/#\/schema\/person\/cbf2046fc62995d3796f0c0160613698"},"headline":"Koncert &#8211; Tribute to Tadeusz Nalepa &#8211; w Galerii Che\u0142m","datePublished":"2010-02-24T09:24:43+00:00","dateModified":"2010-02-24T11:36:28+00:00","mainEntityOfPage":{"@id":"https:\/\/www.mojabochnia.pl\/?p=23239"},"wordCount":161,"commentCount":0,"publisher":{"@id":"https:\/\/www.mojabochnia.pl\/#organization"},"keywords":["koncert","nalepa tadeusz"],"articleSection":["2_ostatnie","kultura","tematyka"],"inLanguage":"pl-PL","potentialAction":[{"@type":"CommentAction","name":"Comment","target":["https:\/\/www.mojabochnia.pl\/?p=23239#respond"]}]},{"@type":"WebPage","@id":"https:\/\/www.mojabochnia.pl\/?p=23239","url":"https:\/\/www.mojabochnia.pl\/?p=23239","name":"Koncert - Tribute to Tadeusz Nalepa - w Galerii Che\u0142m - mojabochnia.pl - portal informacyjny","isPartOf":{"@id":"https:\/\/www.mojabochnia.pl\/#website"},"datePublished":"2010-02-24T09:24:43+00:00","dateModified":"2010-02-24T11:36:28+00:00","breadcrumb":{"@id":"https:\/\/www.mojabochnia.pl\/?p=23239#breadcrumb"},"inLanguage":"pl-PL","potentialAction":[{"@type":"ReadAction","target":["https:\/\/www.mojabochnia.pl\/?p=23239"]}]},{"@type":"BreadcrumbList","@id":"https:\/\/www.mojabochnia.pl\/?p=23239#breadcrumb","itemListElement":[{"@type":"ListItem","position":1,"name":"Home","item":"https:\/\/www.mojabochnia.pl\/"},{"@type":"ListItem","position":2,"name":"Koncert &#8211; Tribute to Tadeusz Nalepa &#8211; w Galerii Che\u0142m"}]},{"@type":"WebSite","@id":"https:\/\/www.mojabochnia.pl\/#website","url":"https:\/\/www.mojabochnia.pl\/","name":"mojabochnia.pl - portal informacyjny","description":"mojaBochnia to portal informacyjny o Bochni. Codziennie o Bochni piszemy i pokazujemy najwa\u017cniejsze wydarzenia","publisher":{"@id":"https:\/\/www.mojabochnia.pl\/#organization"},"potentialAction":[{"@type":"SearchAction","target":{"@type":"EntryPoint","urlTemplate":"https:\/\/www.mojabochnia.pl\/?s={search_term_string}"},"query-input":{"@type":"PropertyValueSpecification","valueRequired":true,"valueName":"search_term_string"}}],"inLanguage":"pl-PL"},{"@type":"Organization","@id":"https:\/\/www.mojabochnia.pl\/#organization","name":"mojabochnia.pl - portal informacyjny","url":"https:\/\/www.mojabochnia.pl\/","logo":{"@type":"ImageObject","inLanguage":"pl-PL","@id":"https:\/\/www.mojabochnia.pl\/#\/schema\/logo\/image\/","url":"https:\/\/www.mojabochnia.pl\/wp-content\/uploads\/2017\/08\/logo-mb-opt.png","contentUrl":"https:\/\/www.mojabochnia.pl\/wp-content\/uploads\/2017\/08\/logo-mb-opt.png","width":250,"height":48,"caption":"mojabochnia.pl - portal informacyjny"},"image":{"@id":"https:\/\/www.mojabochnia.pl\/#\/schema\/logo\/image\/"},"sameAs":["https:\/\/www.facebook.com\/mojabochnia"]},{"@type":"Person","@id":"https:\/\/www.mojabochnia.pl\/#\/schema\/person\/cbf2046fc62995d3796f0c0160613698","name":"Jacek Kucharski","url":"https:\/\/www.mojabochnia.pl\/?author=2"}]}},"_links":{"self":[{"href":"https:\/\/www.mojabochnia.pl\/index.php?rest_route=\/wp\/v2\/posts\/23239","targetHints":{"allow":["GET"]}}],"collection":[{"href":"https:\/\/www.mojabochnia.pl\/index.php?rest_route=\/wp\/v2\/posts"}],"about":[{"href":"https:\/\/www.mojabochnia.pl\/index.php?rest_route=\/wp\/v2\/types\/post"}],"author":[{"embeddable":true,"href":"https:\/\/www.mojabochnia.pl\/index.php?rest_route=\/wp\/v2\/users\/2"}],"replies":[{"embeddable":true,"href":"https:\/\/www.mojabochnia.pl\/index.php?rest_route=%2Fwp%2Fv2%2Fcomments&post=23239"}],"version-history":[{"count":0,"href":"https:\/\/www.mojabochnia.pl\/index.php?rest_route=\/wp\/v2\/posts\/23239\/revisions"}],"wp:attachment":[{"href":"https:\/\/www.mojabochnia.pl\/index.php?rest_route=%2Fwp%2Fv2%2Fmedia&parent=23239"}],"wp:term":[{"taxonomy":"category","embeddable":true,"href":"https:\/\/www.mojabochnia.pl\/index.php?rest_route=%2Fwp%2Fv2%2Fcategories&post=23239"},{"taxonomy":"post_tag","embeddable":true,"href":"https:\/\/www.mojabochnia.pl\/index.php?rest_route=%2Fwp%2Fv2%2Ftags&post=23239"}],"curies":[{"name":"wp","href":"https:\/\/api.w.org\/{rel}","templated":true}]}}