{"id":23198,"date":"2010-02-23T14:14:21","date_gmt":"2010-02-23T13:14:21","guid":{"rendered":"http:\/\/www.mojabochnia.pl\/?p=23198"},"modified":"2010-02-23T14:28:40","modified_gmt":"2010-02-23T13:28:40","slug":"specjalne-dyzury-na-policji-i-w-powiatowym-centrum-pomocy-rodzinie","status":"publish","type":"post","link":"https:\/\/www.mojabochnia.pl\/?p=23198","title":{"rendered":"Specjalne dy\u017cury na Policji i w Powiatowym Centrum Pomocy Rodzinie"},"content":{"rendered":"<p> Zasadniczym celem tej inicjatywy jest zwr\u00f3cenie uwagi na potrzeby i prawa os\u00f3b pokrzywdzonych w wyniku przest\u0119pstwa. <\/p>\n<p><strong>Powiatowe Centrum Pomocy Rodzinie<\/strong> w Bochni przypomina, \u017ce od dnia 2 marca 2009 r. funkcjonuje na terenie powiatu Powiatowy Zesp\u00f3\u0142 Interdyscyplinarny ds. Pomocy Dziecku i Rodzinie. Powo\u0142anie Zespo\u0142u umo\u017cliwi\u0142o skoordynowanie dzia\u0142a\u0144 poszczeg\u00f3lnych instytucji pomocowych, by skutecznie nie\u015b\u0107 pomoc osobom tego wymagaj\u0105cym. <\/p>\n<p>Dzia\u0142ania Zespo\u0142u s\u0105 skierowane do rodzin w kryzysie, niewydolnych wychowawczo i ukierunkowane na rozwi\u0105zanie konkretnego problemu w rodzinie, a ich celem jest przeciwdzia\u0142anie nast\u0119pstwom zaistnienia problemu. <\/p>\n<p>W 2009 roku Zesp\u00f3\u0142 obj\u0105\u0142 swoim dzia\u0142aniem 15 rodzin z terenu powiatu boche\u0144skiego (w sprawie kilku rodzin Zesp\u00f3\u0142 spotka\u0142 si\u0119 wi\u0119cej ni\u017c jeden raz). Problemem dominuj\u0105cym w tych rodzinach by\u0142a przemoc (zar\u00f3wno fizyczna jak i psychiczna). Zesp\u00f3\u0142 nie tylko pomaga rodzinie znajduj\u0105cej si\u0119 w kryzysie ale r\u00f3wnie\u017c instytucjom, kt\u00f3re do chwili powstania zespo\u0142u samodzielnie stara\u0142y si\u0119 rozwi\u0105zywa\u0107 pojawiaj\u0105ce si\u0119 problemy. <\/p>\n<p>W sk\u0142ad Zespo\u0142u wchodz\u0105: pracownicy PCPR, o\u015brodk\u00f3w pomocy spo\u0142ecznej, pedagodzy szkolni, Policja, kuratorzy s\u0105dowi, pracownicy O\u015brodka Interwencji Kryzysowej.  <\/p>\n<p>Uruchomienie pierwszego etapu pracy zespo\u0142u interdyscyplinarnego mo\u017ce nast\u0105pi\u0107 w wyniku reakcji na: pro\u015bb\u0119 rodzic\u00f3w lub innych doros\u0142ych cz\u0142onk\u00f3w rodziny, pro\u015bb\u0119 dziecka, informacje uzyskane od cz\u0142onk\u00f3w spo\u0142eczno\u015bci lokalnej, informacji uzyskanych z plac\u00f3wek o\u015bwiatowych, informacje innych s\u0142u\u017cb (GOPS\/MOPS, policja, ko\u015bci\u00f3\u0142 , organizacje pozarz\u0105dowe). <\/p>\n<p>Wszystkich kt\u00f3rzy chcieliby uzyska\u0107 szczeg\u00f3\u0142owych informacji na temat dzia\u0142ania zespo\u0142u PCPR prosi o kontakt osobisty lub telefoniczny \u2013 tel. 0146119740. <\/p>\n<p><strong>W Komendzie Powiatowej Policji w Bochni<\/strong> w dniach od 22 do 28 lutego br w godz. 9.00 \u2013 20.00 w pe\u0142niony jest dy\u017cur policjanta udzielaj\u0105cego niezb\u0119dnej pomocy oraz informacji zainteresowanym osobom. Dy\u017cury pe\u0142ni\u0105 policjanci z du\u017cym do\u015bwiadczeniem zawodowym z zakresu przemocy domowej, wypadk\u00f3w drogowych, przest\u0119pstw i os\u00f3b poszkodowanych w\u015br\u00f3d nieletnich, przest\u0119pczo\u015bci gospodarczej i profilaktyki.<\/p>\n<p>Zg\u0142aszaj\u0105cy si\u0119 mog\u0105 liczy\u0107 na udzielenie niezb\u0119dnych informacji w zakresie pomocy osobom pokrzywdzonym w\u00a0wyniku przest\u0119pstwa, porady prawnej oraz podj\u0119cia stosownych dzia\u0142a\u0144. Akcja ta prowadzona jest wsp\u00f3lnie z\u00a0innymi instytucjami \u015bwiadcz\u0105cymi pomoc szczeg\u00f3lnie osobom uwik\u0142anym w przemoc domow\u0105, uzale\u017cnionym i wsp\u00f3\u0142uzale\u017cnionym od alkoholu. <\/p>\n<p>Ponadto ca\u0142odobowo wszelkich informacji udziela oficer dy\u017curny KPP w\u00a0Bochni pod nr tel.  14\/ 615 22 22.  <\/p>\n<p>W 2009 r. z powiecie boche\u0144skim zg\u0142oszono 157 interwencji zwi\u0105zanych z przemoc\u0105 w\u00a0rodzinie, i\u00a0tyle te\u017c wdro\u017cono procedur \u201eNiebieska karta\u201d. Procedura ta polega na tym, \u017ce policjanci wsp\u00f3lnie z\u00a0pracownikami o\u015brodk\u00f3w pomocy spo\u0142ecznej, a czasami kuratorami s\u0105dowymi odwiedzaj\u0105\u00a0systematycznie (co najmniej raz w miesi\u0105cu) rodzin\u0119, w kt\u00f3rej dosz\u0142o do przemocy. <\/p>\n<p>Je\u015bli odwiedzaj\u0105cy stwierdzi, \u017ce przemoc ju\u017c nie wyst\u0119puje, procedura zostaje zamkni\u0119ta. W razie nawrotu przemocy, powiadamiane s\u0105 Komisje Rozwi\u0105zywania Problem\u00f3w Alkoholowych, o\u015brodki pomocy spo\u0142ecznej, w niekt\u00f3rych przypadkach s\u0105d rodzinny i s\u0105d nieletnich, o\u015brodek interwencji kryzysowej czy Powiatowe Centrum Pomocy Rodzinie w Bochni. <\/p>\n<p>Te odwiedziny maj\u0105 na celu monitorowanie sytuacji, aby zapobiega\u0107 przemocy w rodzinie i\u00a0podejmowanie dzia\u0142a\u0144 wspieraj\u0105cych osoby pokrzywdzone w wyniku przemocy.<\/p>\n<p>W 2008 r. interwencji zwi\u0105zanych z przemoc\u0105 w rodzinie takich interwencji by\u0142o 220. Wi\u0119kszo\u015b\u0107 przypadk\u00f3w domowej przemocy ma miejsce pod wp\u0142ywem alkoholu. Spad\u0142a te\u017c liczba os\u00f3b poszkodowanych. \u2013 W roku 2009 mieli\u015bmy 303 osoby poszkodowane, rok wcze\u015bniej a\u017c 459, r\u00f3wnie\u017c spad\u0142a liczba pokrzywdzonych kobiet z 219 w roku 2008 do 163 w\u00a0ubieg\u0142ym roku. Pocieszaj\u0105ce jest to, \u017ce by\u0142o te\u017c mniej dzieci, kt\u00f3re by\u0142y \u015bwiadkami przemocy.<\/p>\n<p>Osoby, kt\u00f3re zg\u0142aszaj\u0105 si\u0119 na policj\u0119, dostaj\u0105 informacj\u0119 o tym, gdzie mog\u0105 uzyska\u0107 pomoc. \u2013 Takimi o\u015brodkami s\u0105 Miejskie i Gminne O\u015brodki Pomocy Spo\u0142ecznej, O\u015brodek Interwencji Kryzysowej oraz Powiatowe Centrum Pomocy Rodzinie, gdzie osoby mog\u0105 zg\u0142osi\u0107 si\u0119 na terapi\u0119 wsp\u00f3lnie z ma\u0142\u017conkiem, b\u0105d\u017a te\u017c uda\u0107 si\u0119 po prostu po porad\u0119 psychologiczn\u0105, wsparcie, pomoc prawnika. R\u00f3wnie\u017c w Bochni mamy punkt konsultacyjny dla os\u00f3b uzale\u017cnionych i os\u00f3b, wobec kt\u00f3rych stosowana jest przemoc. Taki punkt funkcjonuje r\u00f3wnie\u017c w Nowym Wi\u015bniczu.<\/p>\n","protected":false},"excerpt":{"rendered":"<p>W ramach akcji &#8222;Tydzie\u0144 Pomocy Ofiarom Przest\u0119pstw&#8221; od 22 do 28 lutego br. ustanowione zostan\u0105 specjalne dy\u017cury, w trakcie kt\u00f3rych zainteresowanym udzielane b\u0119d\u0105 niezb\u0119dne informacje w zakresie pomocy osobom pokrzywdzonym w wyniku przest\u0119pstwa, porady prawne oraz podj\u0119cia stosownych dzia\u0142a\u0144.<\/p>\n","protected":false},"author":8,"featured_media":0,"comment_status":"open","ping_status":"closed","sticky":false,"template":"","format":"standard","meta":{"_acf_changed":false,"footnotes":""},"categories":[5,6251,6250],"tags":[6568,17576,17155,6567],"class_list":["post-23198","post","type-post","status-publish","format-standard","hentry","category-biezace-wydarzenia","category-polityka-i-wydarzenia","category-tematyka","tag-dyzury","tag-pcpr","tag-policja","tag-tydzien-pomocy-ofiarom-przestepstw"],"acf":[],"yoast_head":"<!-- This site is optimized with the Yoast SEO plugin v26.9 - https:\/\/yoast.com\/product\/yoast-seo-wordpress\/ -->\n<title>Specjalne dy\u017cury na Policji i w Powiatowym Centrum Pomocy Rodzinie - mojabochnia.pl - portal informacyjny<\/title>\n<meta name=\"robots\" content=\"index, follow, max-snippet:-1, max-image-preview:large, max-video-preview:-1\" \/>\n<link rel=\"canonical\" href=\"https:\/\/www.mojabochnia.pl\/?p=23198\" \/>\n<meta property=\"og:locale\" content=\"pl_PL\" \/>\n<meta property=\"og:type\" content=\"article\" \/>\n<meta property=\"og:title\" content=\"Specjalne dy\u017cury na Policji i w Powiatowym Centrum Pomocy Rodzinie - mojabochnia.pl - portal informacyjny\" \/>\n<meta property=\"og:description\" content=\"W ramach akcji &quot;Tydzie\u0144 Pomocy Ofiarom Przest\u0119pstw&quot; od 22 do 28 lutego br. ustanowione zostan\u0105 specjalne dy\u017cury, w trakcie kt\u00f3rych zainteresowanym udzielane b\u0119d\u0105 niezb\u0119dne informacje w zakresie pomocy osobom pokrzywdzonym w wyniku przest\u0119pstwa, porady prawne oraz podj\u0119cia stosownych dzia\u0142a\u0144.\" \/>\n<meta property=\"og:url\" content=\"https:\/\/www.mojabochnia.pl\/?p=23198\" \/>\n<meta property=\"og:site_name\" content=\"mojabochnia.pl - portal informacyjny\" \/>\n<meta property=\"article:publisher\" content=\"https:\/\/www.facebook.com\/mojabochnia\" \/>\n<meta property=\"article:published_time\" content=\"2010-02-23T13:14:21+00:00\" \/>\n<meta property=\"article:modified_time\" content=\"2010-02-23T13:28:40+00:00\" \/>\n<meta name=\"author\" content=\"informacja prasowa\" \/>\n<meta name=\"twitter:card\" content=\"summary_large_image\" \/>\n<meta name=\"twitter:label1\" content=\"Written by\" \/>\n\t<meta name=\"twitter:data1\" content=\"informacja prasowa\" \/>\n\t<meta name=\"twitter:label2\" content=\"Est. reading time\" \/>\n\t<meta name=\"twitter:data2\" content=\"4 minuty\" \/>\n<script type=\"application\/ld+json\" class=\"yoast-schema-graph\">{\"@context\":\"https:\/\/schema.org\",\"@graph\":[{\"@type\":\"Article\",\"@id\":\"https:\/\/www.mojabochnia.pl\/?p=23198#article\",\"isPartOf\":{\"@id\":\"https:\/\/www.mojabochnia.pl\/?p=23198\"},\"author\":{\"name\":\"informacja prasowa\",\"@id\":\"https:\/\/www.mojabochnia.pl\/#\/schema\/person\/9e15cf1bcb74043790f124a3130fe41e\"},\"headline\":\"Specjalne dy\u017cury na Policji i w Powiatowym Centrum Pomocy Rodzinie\",\"datePublished\":\"2010-02-23T13:14:21+00:00\",\"dateModified\":\"2010-02-23T13:28:40+00:00\",\"mainEntityOfPage\":{\"@id\":\"https:\/\/www.mojabochnia.pl\/?p=23198\"},\"wordCount\":724,\"commentCount\":0,\"publisher\":{\"@id\":\"https:\/\/www.mojabochnia.pl\/#organization\"},\"keywords\":[\"dy\u017cury\",\"pcpr\",\"policja\",\"Tydzie\u0144 Pomocy Ofiarom Przest\u0119pstw\"],\"articleSection\":[\"2_ostatnie\",\"polityka i wydarzenia\",\"tematyka\"],\"inLanguage\":\"pl-PL\",\"potentialAction\":[{\"@type\":\"CommentAction\",\"name\":\"Comment\",\"target\":[\"https:\/\/www.mojabochnia.pl\/?p=23198#respond\"]}]},{\"@type\":\"WebPage\",\"@id\":\"https:\/\/www.mojabochnia.pl\/?p=23198\",\"url\":\"https:\/\/www.mojabochnia.pl\/?p=23198\",\"name\":\"Specjalne dy\u017cury na Policji i w Powiatowym Centrum Pomocy Rodzinie - mojabochnia.pl - portal informacyjny\",\"isPartOf\":{\"@id\":\"https:\/\/www.mojabochnia.pl\/#website\"},\"datePublished\":\"2010-02-23T13:14:21+00:00\",\"dateModified\":\"2010-02-23T13:28:40+00:00\",\"breadcrumb\":{\"@id\":\"https:\/\/www.mojabochnia.pl\/?p=23198#breadcrumb\"},\"inLanguage\":\"pl-PL\",\"potentialAction\":[{\"@type\":\"ReadAction\",\"target\":[\"https:\/\/www.mojabochnia.pl\/?p=23198\"]}]},{\"@type\":\"BreadcrumbList\",\"@id\":\"https:\/\/www.mojabochnia.pl\/?p=23198#breadcrumb\",\"itemListElement\":[{\"@type\":\"ListItem\",\"position\":1,\"name\":\"Home\",\"item\":\"https:\/\/www.mojabochnia.pl\/\"},{\"@type\":\"ListItem\",\"position\":2,\"name\":\"Specjalne dy\u017cury na Policji i w Powiatowym Centrum Pomocy Rodzinie\"}]},{\"@type\":\"WebSite\",\"@id\":\"https:\/\/www.mojabochnia.pl\/#website\",\"url\":\"https:\/\/www.mojabochnia.pl\/\",\"name\":\"mojabochnia.pl - portal informacyjny\",\"description\":\"mojaBochnia to portal informacyjny o Bochni. Codziennie o Bochni piszemy i pokazujemy najwa\u017cniejsze wydarzenia\",\"publisher\":{\"@id\":\"https:\/\/www.mojabochnia.pl\/#organization\"},\"potentialAction\":[{\"@type\":\"SearchAction\",\"target\":{\"@type\":\"EntryPoint\",\"urlTemplate\":\"https:\/\/www.mojabochnia.pl\/?s={search_term_string}\"},\"query-input\":{\"@type\":\"PropertyValueSpecification\",\"valueRequired\":true,\"valueName\":\"search_term_string\"}}],\"inLanguage\":\"pl-PL\"},{\"@type\":\"Organization\",\"@id\":\"https:\/\/www.mojabochnia.pl\/#organization\",\"name\":\"mojabochnia.pl - portal informacyjny\",\"url\":\"https:\/\/www.mojabochnia.pl\/\",\"logo\":{\"@type\":\"ImageObject\",\"inLanguage\":\"pl-PL\",\"@id\":\"https:\/\/www.mojabochnia.pl\/#\/schema\/logo\/image\/\",\"url\":\"https:\/\/www.mojabochnia.pl\/wp-content\/uploads\/2017\/08\/logo-mb-opt.png\",\"contentUrl\":\"https:\/\/www.mojabochnia.pl\/wp-content\/uploads\/2017\/08\/logo-mb-opt.png\",\"width\":250,\"height\":48,\"caption\":\"mojabochnia.pl - portal informacyjny\"},\"image\":{\"@id\":\"https:\/\/www.mojabochnia.pl\/#\/schema\/logo\/image\/\"},\"sameAs\":[\"https:\/\/www.facebook.com\/mojabochnia\"]},{\"@type\":\"Person\",\"@id\":\"https:\/\/www.mojabochnia.pl\/#\/schema\/person\/9e15cf1bcb74043790f124a3130fe41e\",\"name\":\"informacja prasowa\",\"sameAs\":[\"http:\/\/\"],\"url\":\"https:\/\/www.mojabochnia.pl\/?author=8\"}]}<\/script>\n<!-- \/ Yoast SEO plugin. -->","yoast_head_json":{"title":"Specjalne dy\u017cury na Policji i w Powiatowym Centrum Pomocy Rodzinie - mojabochnia.pl - portal informacyjny","robots":{"index":"index","follow":"follow","max-snippet":"max-snippet:-1","max-image-preview":"max-image-preview:large","max-video-preview":"max-video-preview:-1"},"canonical":"https:\/\/www.mojabochnia.pl\/?p=23198","og_locale":"pl_PL","og_type":"article","og_title":"Specjalne dy\u017cury na Policji i w Powiatowym Centrum Pomocy Rodzinie - mojabochnia.pl - portal informacyjny","og_description":"W ramach akcji \"Tydzie\u0144 Pomocy Ofiarom Przest\u0119pstw\" od 22 do 28 lutego br. ustanowione zostan\u0105 specjalne dy\u017cury, w trakcie kt\u00f3rych zainteresowanym udzielane b\u0119d\u0105 niezb\u0119dne informacje w zakresie pomocy osobom pokrzywdzonym w wyniku przest\u0119pstwa, porady prawne oraz podj\u0119cia stosownych dzia\u0142a\u0144.","og_url":"https:\/\/www.mojabochnia.pl\/?p=23198","og_site_name":"mojabochnia.pl - portal informacyjny","article_publisher":"https:\/\/www.facebook.com\/mojabochnia","article_published_time":"2010-02-23T13:14:21+00:00","article_modified_time":"2010-02-23T13:28:40+00:00","author":"informacja prasowa","twitter_card":"summary_large_image","twitter_misc":{"Written by":"informacja prasowa","Est. reading time":"4 minuty"},"schema":{"@context":"https:\/\/schema.org","@graph":[{"@type":"Article","@id":"https:\/\/www.mojabochnia.pl\/?p=23198#article","isPartOf":{"@id":"https:\/\/www.mojabochnia.pl\/?p=23198"},"author":{"name":"informacja prasowa","@id":"https:\/\/www.mojabochnia.pl\/#\/schema\/person\/9e15cf1bcb74043790f124a3130fe41e"},"headline":"Specjalne dy\u017cury na Policji i w Powiatowym Centrum Pomocy Rodzinie","datePublished":"2010-02-23T13:14:21+00:00","dateModified":"2010-02-23T13:28:40+00:00","mainEntityOfPage":{"@id":"https:\/\/www.mojabochnia.pl\/?p=23198"},"wordCount":724,"commentCount":0,"publisher":{"@id":"https:\/\/www.mojabochnia.pl\/#organization"},"keywords":["dy\u017cury","pcpr","policja","Tydzie\u0144 Pomocy Ofiarom Przest\u0119pstw"],"articleSection":["2_ostatnie","polityka i wydarzenia","tematyka"],"inLanguage":"pl-PL","potentialAction":[{"@type":"CommentAction","name":"Comment","target":["https:\/\/www.mojabochnia.pl\/?p=23198#respond"]}]},{"@type":"WebPage","@id":"https:\/\/www.mojabochnia.pl\/?p=23198","url":"https:\/\/www.mojabochnia.pl\/?p=23198","name":"Specjalne dy\u017cury na Policji i w Powiatowym Centrum Pomocy Rodzinie - mojabochnia.pl - portal informacyjny","isPartOf":{"@id":"https:\/\/www.mojabochnia.pl\/#website"},"datePublished":"2010-02-23T13:14:21+00:00","dateModified":"2010-02-23T13:28:40+00:00","breadcrumb":{"@id":"https:\/\/www.mojabochnia.pl\/?p=23198#breadcrumb"},"inLanguage":"pl-PL","potentialAction":[{"@type":"ReadAction","target":["https:\/\/www.mojabochnia.pl\/?p=23198"]}]},{"@type":"BreadcrumbList","@id":"https:\/\/www.mojabochnia.pl\/?p=23198#breadcrumb","itemListElement":[{"@type":"ListItem","position":1,"name":"Home","item":"https:\/\/www.mojabochnia.pl\/"},{"@type":"ListItem","position":2,"name":"Specjalne dy\u017cury na Policji i w Powiatowym Centrum Pomocy Rodzinie"}]},{"@type":"WebSite","@id":"https:\/\/www.mojabochnia.pl\/#website","url":"https:\/\/www.mojabochnia.pl\/","name":"mojabochnia.pl - portal informacyjny","description":"mojaBochnia to portal informacyjny o Bochni. Codziennie o Bochni piszemy i pokazujemy najwa\u017cniejsze wydarzenia","publisher":{"@id":"https:\/\/www.mojabochnia.pl\/#organization"},"potentialAction":[{"@type":"SearchAction","target":{"@type":"EntryPoint","urlTemplate":"https:\/\/www.mojabochnia.pl\/?s={search_term_string}"},"query-input":{"@type":"PropertyValueSpecification","valueRequired":true,"valueName":"search_term_string"}}],"inLanguage":"pl-PL"},{"@type":"Organization","@id":"https:\/\/www.mojabochnia.pl\/#organization","name":"mojabochnia.pl - portal informacyjny","url":"https:\/\/www.mojabochnia.pl\/","logo":{"@type":"ImageObject","inLanguage":"pl-PL","@id":"https:\/\/www.mojabochnia.pl\/#\/schema\/logo\/image\/","url":"https:\/\/www.mojabochnia.pl\/wp-content\/uploads\/2017\/08\/logo-mb-opt.png","contentUrl":"https:\/\/www.mojabochnia.pl\/wp-content\/uploads\/2017\/08\/logo-mb-opt.png","width":250,"height":48,"caption":"mojabochnia.pl - portal informacyjny"},"image":{"@id":"https:\/\/www.mojabochnia.pl\/#\/schema\/logo\/image\/"},"sameAs":["https:\/\/www.facebook.com\/mojabochnia"]},{"@type":"Person","@id":"https:\/\/www.mojabochnia.pl\/#\/schema\/person\/9e15cf1bcb74043790f124a3130fe41e","name":"informacja prasowa","sameAs":["http:\/\/"],"url":"https:\/\/www.mojabochnia.pl\/?author=8"}]}},"_links":{"self":[{"href":"https:\/\/www.mojabochnia.pl\/index.php?rest_route=\/wp\/v2\/posts\/23198","targetHints":{"allow":["GET"]}}],"collection":[{"href":"https:\/\/www.mojabochnia.pl\/index.php?rest_route=\/wp\/v2\/posts"}],"about":[{"href":"https:\/\/www.mojabochnia.pl\/index.php?rest_route=\/wp\/v2\/types\/post"}],"author":[{"embeddable":true,"href":"https:\/\/www.mojabochnia.pl\/index.php?rest_route=\/wp\/v2\/users\/8"}],"replies":[{"embeddable":true,"href":"https:\/\/www.mojabochnia.pl\/index.php?rest_route=%2Fwp%2Fv2%2Fcomments&post=23198"}],"version-history":[{"count":0,"href":"https:\/\/www.mojabochnia.pl\/index.php?rest_route=\/wp\/v2\/posts\/23198\/revisions"}],"wp:attachment":[{"href":"https:\/\/www.mojabochnia.pl\/index.php?rest_route=%2Fwp%2Fv2%2Fmedia&parent=23198"}],"wp:term":[{"taxonomy":"category","embeddable":true,"href":"https:\/\/www.mojabochnia.pl\/index.php?rest_route=%2Fwp%2Fv2%2Fcategories&post=23198"},{"taxonomy":"post_tag","embeddable":true,"href":"https:\/\/www.mojabochnia.pl\/index.php?rest_route=%2Fwp%2Fv2%2Ftags&post=23198"}],"curies":[{"name":"wp","href":"https:\/\/api.w.org\/{rel}","templated":true}]}}