{"id":23194,"date":"2010-02-23T13:49:59","date_gmt":"2010-02-23T12:49:59","guid":{"rendered":"http:\/\/www.mojabochnia.pl\/?p=23194"},"modified":"2010-02-23T14:16:39","modified_gmt":"2010-02-23T13:16:39","slug":"kolejne-kradzieze-samochodow","status":"publish","type":"post","link":"https:\/\/www.mojabochnia.pl\/?p=23194","title":{"rendered":"Ukrad\u0142 samoch\u00f3d, pojecha\u0142 do Brzeska i porzuci\u0142"},"content":{"rendered":"<p>W sobot\u0119 20 lutego br. w godzinach mi\u0119dzy 18.00 a 20.00 z parkingu przy ul. Legion\u00f3w Polskich w Bochni skradziony zosta\u0142 samoch\u00f3d marki Ford Mondeo kol. srebrnego. Samoch\u00f3d nie posiada\u0142 listew bocznych na drzwiach. W\u0142a\u015bciciel warto\u015b\u0107 pojazdu oszacowa\u0142 na 20 ty\u015b. z\u0142. Trwaj\u0105 czynno\u015bci maj\u0105ce na celu odnalezienie samochodu i zatrzymanie sprawcy kradzie\u017cy.<\/p>\n<p>Dwa dni wcze\u015bniej w godzinach wieczornych z parkingu przy ul. Murowanka w Bochni skradziono Citroena Picasso warto\u015bci 16 ty\u015b. z\u0142. Samoch\u00f3d bez uszkodze\u0144 odnalaz\u0142 si\u0119 na jednym z parking\u00f3w w Brzesku.  <\/p>\n","protected":false},"excerpt":{"rendered":"<p>Jak poinformowa\u0142 nas Leszek Machaj &#8211; rzecznik prasowy boche\u0144skiej policji w zesz\u0142ym tygodniu dosz\u0142o do kolejnych kradzie\u017cy samochod\u00f3w. Skradziono Forda Mondeo i Citroena Picasso.<\/p>\n","protected":false},"author":2,"featured_media":0,"comment_status":"open","ping_status":"closed","sticky":false,"template":"","format":"standard","meta":{"_acf_changed":false,"footnotes":""},"categories":[5,6251,6250],"tags":[6565,6566,17304,17238,17155,17395],"class_list":["post-23194","post","type-post","status-publish","format-standard","hentry","category-biezace-wydarzenia","category-polityka-i-wydarzenia","category-tematyka","tag-citroen-picasso","tag-ford-mondeo","tag-kradziez","tag-leszek-machaj","tag-policja","tag-samochod"],"acf":[],"yoast_head":"<!-- This site is optimized with the Yoast SEO plugin v26.9 - https:\/\/yoast.com\/product\/yoast-seo-wordpress\/ -->\n<title>Ukrad\u0142 samoch\u00f3d, pojecha\u0142 do Brzeska i porzuci\u0142 - mojabochnia.pl - portal informacyjny<\/title>\n<meta name=\"robots\" content=\"index, follow, max-snippet:-1, max-image-preview:large, max-video-preview:-1\" \/>\n<link rel=\"canonical\" href=\"https:\/\/www.mojabochnia.pl\/?p=23194\" \/>\n<meta property=\"og:locale\" content=\"pl_PL\" \/>\n<meta property=\"og:type\" content=\"article\" \/>\n<meta property=\"og:title\" content=\"Ukrad\u0142 samoch\u00f3d, pojecha\u0142 do Brzeska i porzuci\u0142 - mojabochnia.pl - portal informacyjny\" \/>\n<meta property=\"og:description\" content=\"Jak poinformowa\u0142 nas Leszek Machaj - rzecznik prasowy boche\u0144skiej policji w zesz\u0142ym tygodniu dosz\u0142o do kolejnych kradzie\u017cy samochod\u00f3w. Skradziono Forda Mondeo i Citroena Picasso.\" \/>\n<meta property=\"og:url\" content=\"https:\/\/www.mojabochnia.pl\/?p=23194\" \/>\n<meta property=\"og:site_name\" content=\"mojabochnia.pl - portal informacyjny\" \/>\n<meta property=\"article:publisher\" content=\"https:\/\/www.facebook.com\/mojabochnia\" \/>\n<meta property=\"article:published_time\" content=\"2010-02-23T12:49:59+00:00\" \/>\n<meta property=\"article:modified_time\" content=\"2010-02-23T13:16:39+00:00\" \/>\n<meta name=\"author\" content=\"Jacek Kucharski\" \/>\n<meta name=\"twitter:card\" content=\"summary_large_image\" \/>\n<meta name=\"twitter:label1\" content=\"Written by\" \/>\n\t<meta name=\"twitter:data1\" content=\"Jacek Kucharski\" \/>\n<script type=\"application\/ld+json\" class=\"yoast-schema-graph\">{\"@context\":\"https:\/\/schema.org\",\"@graph\":[{\"@type\":\"Article\",\"@id\":\"https:\/\/www.mojabochnia.pl\/?p=23194#article\",\"isPartOf\":{\"@id\":\"https:\/\/www.mojabochnia.pl\/?p=23194\"},\"author\":{\"name\":\"Jacek Kucharski\",\"@id\":\"https:\/\/www.mojabochnia.pl\/#\/schema\/person\/cbf2046fc62995d3796f0c0160613698\"},\"headline\":\"Ukrad\u0142 samoch\u00f3d, pojecha\u0142 do Brzeska i porzuci\u0142\",\"datePublished\":\"2010-02-23T12:49:59+00:00\",\"dateModified\":\"2010-02-23T13:16:39+00:00\",\"mainEntityOfPage\":{\"@id\":\"https:\/\/www.mojabochnia.pl\/?p=23194\"},\"wordCount\":100,\"commentCount\":0,\"publisher\":{\"@id\":\"https:\/\/www.mojabochnia.pl\/#organization\"},\"keywords\":[\"Citroen Picasso\",\"Ford Mondeo\",\"kradzie\u017c\",\"leszek machaj\",\"policja\",\"samoch\u00f3d\"],\"articleSection\":[\"2_ostatnie\",\"polityka i wydarzenia\",\"tematyka\"],\"inLanguage\":\"pl-PL\",\"potentialAction\":[{\"@type\":\"CommentAction\",\"name\":\"Comment\",\"target\":[\"https:\/\/www.mojabochnia.pl\/?p=23194#respond\"]}]},{\"@type\":\"WebPage\",\"@id\":\"https:\/\/www.mojabochnia.pl\/?p=23194\",\"url\":\"https:\/\/www.mojabochnia.pl\/?p=23194\",\"name\":\"Ukrad\u0142 samoch\u00f3d, pojecha\u0142 do Brzeska i porzuci\u0142 - mojabochnia.pl - portal informacyjny\",\"isPartOf\":{\"@id\":\"https:\/\/www.mojabochnia.pl\/#website\"},\"datePublished\":\"2010-02-23T12:49:59+00:00\",\"dateModified\":\"2010-02-23T13:16:39+00:00\",\"breadcrumb\":{\"@id\":\"https:\/\/www.mojabochnia.pl\/?p=23194#breadcrumb\"},\"inLanguage\":\"pl-PL\",\"potentialAction\":[{\"@type\":\"ReadAction\",\"target\":[\"https:\/\/www.mojabochnia.pl\/?p=23194\"]}]},{\"@type\":\"BreadcrumbList\",\"@id\":\"https:\/\/www.mojabochnia.pl\/?p=23194#breadcrumb\",\"itemListElement\":[{\"@type\":\"ListItem\",\"position\":1,\"name\":\"Home\",\"item\":\"https:\/\/www.mojabochnia.pl\/\"},{\"@type\":\"ListItem\",\"position\":2,\"name\":\"Ukrad\u0142 samoch\u00f3d, pojecha\u0142 do Brzeska i porzuci\u0142\"}]},{\"@type\":\"WebSite\",\"@id\":\"https:\/\/www.mojabochnia.pl\/#website\",\"url\":\"https:\/\/www.mojabochnia.pl\/\",\"name\":\"mojabochnia.pl - portal informacyjny\",\"description\":\"mojaBochnia to portal informacyjny o Bochni. Codziennie o Bochni piszemy i pokazujemy najwa\u017cniejsze wydarzenia\",\"publisher\":{\"@id\":\"https:\/\/www.mojabochnia.pl\/#organization\"},\"potentialAction\":[{\"@type\":\"SearchAction\",\"target\":{\"@type\":\"EntryPoint\",\"urlTemplate\":\"https:\/\/www.mojabochnia.pl\/?s={search_term_string}\"},\"query-input\":{\"@type\":\"PropertyValueSpecification\",\"valueRequired\":true,\"valueName\":\"search_term_string\"}}],\"inLanguage\":\"pl-PL\"},{\"@type\":\"Organization\",\"@id\":\"https:\/\/www.mojabochnia.pl\/#organization\",\"name\":\"mojabochnia.pl - portal informacyjny\",\"url\":\"https:\/\/www.mojabochnia.pl\/\",\"logo\":{\"@type\":\"ImageObject\",\"inLanguage\":\"pl-PL\",\"@id\":\"https:\/\/www.mojabochnia.pl\/#\/schema\/logo\/image\/\",\"url\":\"https:\/\/www.mojabochnia.pl\/wp-content\/uploads\/2017\/08\/logo-mb-opt.png\",\"contentUrl\":\"https:\/\/www.mojabochnia.pl\/wp-content\/uploads\/2017\/08\/logo-mb-opt.png\",\"width\":250,\"height\":48,\"caption\":\"mojabochnia.pl - portal informacyjny\"},\"image\":{\"@id\":\"https:\/\/www.mojabochnia.pl\/#\/schema\/logo\/image\/\"},\"sameAs\":[\"https:\/\/www.facebook.com\/mojabochnia\"]},{\"@type\":\"Person\",\"@id\":\"https:\/\/www.mojabochnia.pl\/#\/schema\/person\/cbf2046fc62995d3796f0c0160613698\",\"name\":\"Jacek Kucharski\",\"url\":\"https:\/\/www.mojabochnia.pl\/?author=2\"}]}<\/script>\n<!-- \/ Yoast SEO plugin. -->","yoast_head_json":{"title":"Ukrad\u0142 samoch\u00f3d, pojecha\u0142 do Brzeska i porzuci\u0142 - mojabochnia.pl - portal informacyjny","robots":{"index":"index","follow":"follow","max-snippet":"max-snippet:-1","max-image-preview":"max-image-preview:large","max-video-preview":"max-video-preview:-1"},"canonical":"https:\/\/www.mojabochnia.pl\/?p=23194","og_locale":"pl_PL","og_type":"article","og_title":"Ukrad\u0142 samoch\u00f3d, pojecha\u0142 do Brzeska i porzuci\u0142 - mojabochnia.pl - portal informacyjny","og_description":"Jak poinformowa\u0142 nas Leszek Machaj - rzecznik prasowy boche\u0144skiej policji w zesz\u0142ym tygodniu dosz\u0142o do kolejnych kradzie\u017cy samochod\u00f3w. Skradziono Forda Mondeo i Citroena Picasso.","og_url":"https:\/\/www.mojabochnia.pl\/?p=23194","og_site_name":"mojabochnia.pl - portal informacyjny","article_publisher":"https:\/\/www.facebook.com\/mojabochnia","article_published_time":"2010-02-23T12:49:59+00:00","article_modified_time":"2010-02-23T13:16:39+00:00","author":"Jacek Kucharski","twitter_card":"summary_large_image","twitter_misc":{"Written by":"Jacek Kucharski"},"schema":{"@context":"https:\/\/schema.org","@graph":[{"@type":"Article","@id":"https:\/\/www.mojabochnia.pl\/?p=23194#article","isPartOf":{"@id":"https:\/\/www.mojabochnia.pl\/?p=23194"},"author":{"name":"Jacek Kucharski","@id":"https:\/\/www.mojabochnia.pl\/#\/schema\/person\/cbf2046fc62995d3796f0c0160613698"},"headline":"Ukrad\u0142 samoch\u00f3d, pojecha\u0142 do Brzeska i porzuci\u0142","datePublished":"2010-02-23T12:49:59+00:00","dateModified":"2010-02-23T13:16:39+00:00","mainEntityOfPage":{"@id":"https:\/\/www.mojabochnia.pl\/?p=23194"},"wordCount":100,"commentCount":0,"publisher":{"@id":"https:\/\/www.mojabochnia.pl\/#organization"},"keywords":["Citroen Picasso","Ford Mondeo","kradzie\u017c","leszek machaj","policja","samoch\u00f3d"],"articleSection":["2_ostatnie","polityka i wydarzenia","tematyka"],"inLanguage":"pl-PL","potentialAction":[{"@type":"CommentAction","name":"Comment","target":["https:\/\/www.mojabochnia.pl\/?p=23194#respond"]}]},{"@type":"WebPage","@id":"https:\/\/www.mojabochnia.pl\/?p=23194","url":"https:\/\/www.mojabochnia.pl\/?p=23194","name":"Ukrad\u0142 samoch\u00f3d, pojecha\u0142 do Brzeska i porzuci\u0142 - mojabochnia.pl - portal informacyjny","isPartOf":{"@id":"https:\/\/www.mojabochnia.pl\/#website"},"datePublished":"2010-02-23T12:49:59+00:00","dateModified":"2010-02-23T13:16:39+00:00","breadcrumb":{"@id":"https:\/\/www.mojabochnia.pl\/?p=23194#breadcrumb"},"inLanguage":"pl-PL","potentialAction":[{"@type":"ReadAction","target":["https:\/\/www.mojabochnia.pl\/?p=23194"]}]},{"@type":"BreadcrumbList","@id":"https:\/\/www.mojabochnia.pl\/?p=23194#breadcrumb","itemListElement":[{"@type":"ListItem","position":1,"name":"Home","item":"https:\/\/www.mojabochnia.pl\/"},{"@type":"ListItem","position":2,"name":"Ukrad\u0142 samoch\u00f3d, pojecha\u0142 do Brzeska i porzuci\u0142"}]},{"@type":"WebSite","@id":"https:\/\/www.mojabochnia.pl\/#website","url":"https:\/\/www.mojabochnia.pl\/","name":"mojabochnia.pl - portal informacyjny","description":"mojaBochnia to portal informacyjny o Bochni. Codziennie o Bochni piszemy i pokazujemy najwa\u017cniejsze wydarzenia","publisher":{"@id":"https:\/\/www.mojabochnia.pl\/#organization"},"potentialAction":[{"@type":"SearchAction","target":{"@type":"EntryPoint","urlTemplate":"https:\/\/www.mojabochnia.pl\/?s={search_term_string}"},"query-input":{"@type":"PropertyValueSpecification","valueRequired":true,"valueName":"search_term_string"}}],"inLanguage":"pl-PL"},{"@type":"Organization","@id":"https:\/\/www.mojabochnia.pl\/#organization","name":"mojabochnia.pl - portal informacyjny","url":"https:\/\/www.mojabochnia.pl\/","logo":{"@type":"ImageObject","inLanguage":"pl-PL","@id":"https:\/\/www.mojabochnia.pl\/#\/schema\/logo\/image\/","url":"https:\/\/www.mojabochnia.pl\/wp-content\/uploads\/2017\/08\/logo-mb-opt.png","contentUrl":"https:\/\/www.mojabochnia.pl\/wp-content\/uploads\/2017\/08\/logo-mb-opt.png","width":250,"height":48,"caption":"mojabochnia.pl - portal informacyjny"},"image":{"@id":"https:\/\/www.mojabochnia.pl\/#\/schema\/logo\/image\/"},"sameAs":["https:\/\/www.facebook.com\/mojabochnia"]},{"@type":"Person","@id":"https:\/\/www.mojabochnia.pl\/#\/schema\/person\/cbf2046fc62995d3796f0c0160613698","name":"Jacek Kucharski","url":"https:\/\/www.mojabochnia.pl\/?author=2"}]}},"_links":{"self":[{"href":"https:\/\/www.mojabochnia.pl\/index.php?rest_route=\/wp\/v2\/posts\/23194","targetHints":{"allow":["GET"]}}],"collection":[{"href":"https:\/\/www.mojabochnia.pl\/index.php?rest_route=\/wp\/v2\/posts"}],"about":[{"href":"https:\/\/www.mojabochnia.pl\/index.php?rest_route=\/wp\/v2\/types\/post"}],"author":[{"embeddable":true,"href":"https:\/\/www.mojabochnia.pl\/index.php?rest_route=\/wp\/v2\/users\/2"}],"replies":[{"embeddable":true,"href":"https:\/\/www.mojabochnia.pl\/index.php?rest_route=%2Fwp%2Fv2%2Fcomments&post=23194"}],"version-history":[{"count":0,"href":"https:\/\/www.mojabochnia.pl\/index.php?rest_route=\/wp\/v2\/posts\/23194\/revisions"}],"wp:attachment":[{"href":"https:\/\/www.mojabochnia.pl\/index.php?rest_route=%2Fwp%2Fv2%2Fmedia&parent=23194"}],"wp:term":[{"taxonomy":"category","embeddable":true,"href":"https:\/\/www.mojabochnia.pl\/index.php?rest_route=%2Fwp%2Fv2%2Fcategories&post=23194"},{"taxonomy":"post_tag","embeddable":true,"href":"https:\/\/www.mojabochnia.pl\/index.php?rest_route=%2Fwp%2Fv2%2Ftags&post=23194"}],"curies":[{"name":"wp","href":"https:\/\/api.w.org\/{rel}","templated":true}]}}