{"id":22668,"date":"2010-02-15T11:23:52","date_gmt":"2010-02-15T10:23:52","guid":{"rendered":"http:\/\/www.mojabochnia.pl\/?p=22668"},"modified":"2010-02-15T14:04:40","modified_gmt":"2010-02-15T13:04:40","slug":"teofil-wojciechowski-gosciem-spotkania-autorskiego-w-domu-bochniakow","status":"publish","type":"post","link":"https:\/\/www.mojabochnia.pl\/?p=22668","title":{"rendered":"Teofil Wojciechowski go\u015bciem spotkania autorskiego w Domu Bochniak\u00f3w"},"content":{"rendered":"<p>Ksi\u0105\u017cka po\u015bwi\u0119cona jest bieszczadzkiej wsi Polana, w kt\u00f3rej mieszka\u0142y pokolenia  osadnik\u00f3w polskich i Rusini, istnia\u0142y dwa obrz\u0105dki religijne rzymski i grecki, a wielowiekowe wsp\u00f3\u0142\u017cycie wytworzy\u0142o silne wi\u0119zi mi\u0119dzyludzkie, zasady tolerancji i poszanowanie odr\u0119bno\u015bci, kt\u00f3rych nie zdo\u0142a\u0142 zniszczy\u0107 nacjonalizm w latach II wojny \u015bwiatowej i szowinizm ukrai\u0144skiej OUN.<\/p>\n<p>Z ksi\u0105\u017cki poznajemy tak\u017ce losy mieszka\u0144c\u00f3w wysiedlonych po 1954 r. na Dolny \u015al\u0105sk, mozolne starania ich przy pomocy biskupa przemyskiego Ignacego Tokarczuka o rewindykacj\u0119 parafii pola\u0144skiej, kt\u00f3ra ostatecznie nast\u0105pi\u0142a w 1982 r. przy opuszczonej cerkwi greckokatolickiej i nieustaj\u0105ce szykany tajnych i jawnych s\u0142u\u017cb PRL.<\/p>\n<p>Warto przyj\u015b\u0107 na spotkanie aby z ust Autora ksi\u0105\u017cki us\u0142ysze\u0107 o historii tej &#8222;ma\u0142ej ojczyzny&#8221; i silnych wi\u0119zach, kt\u00f3re j\u0105 wytworzy\u0142y i spajaj\u0105 na co dzie\u0144.<\/p>\n","protected":false},"excerpt":{"rendered":"<p>Stowarzyszenie Bochniak\u00f3w i Mi\u0142o\u015bnik\u00f3w Ziemi Boche\u0144skiej zaprasza na spotkanie z dr hab. Teofilem Wojciechowskim autorem ksi\u0105\u017cki &#8222;Polana, wie\u015b bieszczadzka. Dzieje cywilne i ko\u015bcielne&#8221; we wtorek 16 lutego 2010 r. o godzinie 18.00 w Domu Bochniak\u00f3w , Rynek 2.<\/p>\n","protected":false},"author":8,"featured_media":0,"comment_status":"open","ping_status":"closed","sticky":false,"template":"","format":"standard","meta":{"_acf_changed":false,"footnotes":""},"categories":[5,6251,6250],"tags":[376,6529,613,17329,6530],"class_list":["post-22668","post","type-post","status-publish","format-standard","hentry","category-biezace-wydarzenia","category-polityka-i-wydarzenia","category-tematyka","tag-dom-bochniakow","tag-polana","tag-stowarzyszenie-bochniakow-i-milosnikow-ziemi-bochenskie","tag-teofil-wojciechowski","tag-wies-bieszczadzka-dzieje-cywilne-i-koscielne"],"acf":[],"yoast_head":"<!-- This site is optimized with the Yoast SEO plugin v26.9 - https:\/\/yoast.com\/product\/yoast-seo-wordpress\/ -->\n<title>Teofil Wojciechowski go\u015bciem spotkania autorskiego w Domu Bochniak\u00f3w - mojabochnia.pl - portal informacyjny<\/title>\n<meta name=\"robots\" content=\"index, follow, max-snippet:-1, max-image-preview:large, max-video-preview:-1\" \/>\n<link rel=\"canonical\" href=\"https:\/\/www.mojabochnia.pl\/?p=22668\" \/>\n<meta property=\"og:locale\" content=\"pl_PL\" \/>\n<meta property=\"og:type\" content=\"article\" \/>\n<meta property=\"og:title\" content=\"Teofil Wojciechowski go\u015bciem spotkania autorskiego w Domu Bochniak\u00f3w - mojabochnia.pl - portal informacyjny\" \/>\n<meta property=\"og:description\" content=\"Stowarzyszenie Bochniak\u00f3w i Mi\u0142o\u015bnik\u00f3w Ziemi Boche\u0144skiej zaprasza na spotkanie z dr hab. Teofilem Wojciechowskim autorem ksi\u0105\u017cki &quot;Polana, wie\u015b bieszczadzka. Dzieje cywilne i ko\u015bcielne&quot; we wtorek 16 lutego 2010 r. o godzinie 18.00 w Domu Bochniak\u00f3w , Rynek 2.\" \/>\n<meta property=\"og:url\" content=\"https:\/\/www.mojabochnia.pl\/?p=22668\" \/>\n<meta property=\"og:site_name\" content=\"mojabochnia.pl - portal informacyjny\" \/>\n<meta property=\"article:publisher\" content=\"https:\/\/www.facebook.com\/mojabochnia\" \/>\n<meta property=\"article:published_time\" content=\"2010-02-15T10:23:52+00:00\" \/>\n<meta property=\"article:modified_time\" content=\"2010-02-15T13:04:40+00:00\" \/>\n<meta name=\"author\" content=\"informacja prasowa\" \/>\n<meta name=\"twitter:card\" content=\"summary_large_image\" \/>\n<meta name=\"twitter:label1\" content=\"Written by\" \/>\n\t<meta name=\"twitter:data1\" content=\"informacja prasowa\" \/>\n\t<meta name=\"twitter:label2\" content=\"Est. reading time\" \/>\n\t<meta name=\"twitter:data2\" content=\"1 minuta\" \/>\n<script type=\"application\/ld+json\" class=\"yoast-schema-graph\">{\"@context\":\"https:\/\/schema.org\",\"@graph\":[{\"@type\":\"Article\",\"@id\":\"https:\/\/www.mojabochnia.pl\/?p=22668#article\",\"isPartOf\":{\"@id\":\"https:\/\/www.mojabochnia.pl\/?p=22668\"},\"author\":{\"name\":\"informacja prasowa\",\"@id\":\"https:\/\/www.mojabochnia.pl\/#\/schema\/person\/9e15cf1bcb74043790f124a3130fe41e\"},\"headline\":\"Teofil Wojciechowski go\u015bciem spotkania autorskiego w Domu Bochniak\u00f3w\",\"datePublished\":\"2010-02-15T10:23:52+00:00\",\"dateModified\":\"2010-02-15T13:04:40+00:00\",\"mainEntityOfPage\":{\"@id\":\"https:\/\/www.mojabochnia.pl\/?p=22668\"},\"wordCount\":160,\"commentCount\":0,\"publisher\":{\"@id\":\"https:\/\/www.mojabochnia.pl\/#organization\"},\"keywords\":[\"dom bochniak\u00f3w\",\"Polana\",\"stowarzyszenie bochniak\u00f3w i mi\u0142osnik\u00f3w ziemi boche\u0144skie\",\"teofil wojciechowski\",\"wie\u015b bieszczadzka. Dzieje cywilne i ko\u015bcielne\"],\"articleSection\":[\"2_ostatnie\",\"polityka i wydarzenia\",\"tematyka\"],\"inLanguage\":\"pl-PL\",\"potentialAction\":[{\"@type\":\"CommentAction\",\"name\":\"Comment\",\"target\":[\"https:\/\/www.mojabochnia.pl\/?p=22668#respond\"]}]},{\"@type\":\"WebPage\",\"@id\":\"https:\/\/www.mojabochnia.pl\/?p=22668\",\"url\":\"https:\/\/www.mojabochnia.pl\/?p=22668\",\"name\":\"Teofil Wojciechowski go\u015bciem spotkania autorskiego w Domu Bochniak\u00f3w - mojabochnia.pl - portal informacyjny\",\"isPartOf\":{\"@id\":\"https:\/\/www.mojabochnia.pl\/#website\"},\"datePublished\":\"2010-02-15T10:23:52+00:00\",\"dateModified\":\"2010-02-15T13:04:40+00:00\",\"breadcrumb\":{\"@id\":\"https:\/\/www.mojabochnia.pl\/?p=22668#breadcrumb\"},\"inLanguage\":\"pl-PL\",\"potentialAction\":[{\"@type\":\"ReadAction\",\"target\":[\"https:\/\/www.mojabochnia.pl\/?p=22668\"]}]},{\"@type\":\"BreadcrumbList\",\"@id\":\"https:\/\/www.mojabochnia.pl\/?p=22668#breadcrumb\",\"itemListElement\":[{\"@type\":\"ListItem\",\"position\":1,\"name\":\"Home\",\"item\":\"https:\/\/www.mojabochnia.pl\/\"},{\"@type\":\"ListItem\",\"position\":2,\"name\":\"Teofil Wojciechowski go\u015bciem spotkania autorskiego w Domu Bochniak\u00f3w\"}]},{\"@type\":\"WebSite\",\"@id\":\"https:\/\/www.mojabochnia.pl\/#website\",\"url\":\"https:\/\/www.mojabochnia.pl\/\",\"name\":\"mojabochnia.pl - portal informacyjny\",\"description\":\"mojaBochnia to portal informacyjny o Bochni. Codziennie o Bochni piszemy i pokazujemy najwa\u017cniejsze wydarzenia\",\"publisher\":{\"@id\":\"https:\/\/www.mojabochnia.pl\/#organization\"},\"potentialAction\":[{\"@type\":\"SearchAction\",\"target\":{\"@type\":\"EntryPoint\",\"urlTemplate\":\"https:\/\/www.mojabochnia.pl\/?s={search_term_string}\"},\"query-input\":{\"@type\":\"PropertyValueSpecification\",\"valueRequired\":true,\"valueName\":\"search_term_string\"}}],\"inLanguage\":\"pl-PL\"},{\"@type\":\"Organization\",\"@id\":\"https:\/\/www.mojabochnia.pl\/#organization\",\"name\":\"mojabochnia.pl - portal informacyjny\",\"url\":\"https:\/\/www.mojabochnia.pl\/\",\"logo\":{\"@type\":\"ImageObject\",\"inLanguage\":\"pl-PL\",\"@id\":\"https:\/\/www.mojabochnia.pl\/#\/schema\/logo\/image\/\",\"url\":\"https:\/\/www.mojabochnia.pl\/wp-content\/uploads\/2017\/08\/logo-mb-opt.png\",\"contentUrl\":\"https:\/\/www.mojabochnia.pl\/wp-content\/uploads\/2017\/08\/logo-mb-opt.png\",\"width\":250,\"height\":48,\"caption\":\"mojabochnia.pl - portal informacyjny\"},\"image\":{\"@id\":\"https:\/\/www.mojabochnia.pl\/#\/schema\/logo\/image\/\"},\"sameAs\":[\"https:\/\/www.facebook.com\/mojabochnia\"]},{\"@type\":\"Person\",\"@id\":\"https:\/\/www.mojabochnia.pl\/#\/schema\/person\/9e15cf1bcb74043790f124a3130fe41e\",\"name\":\"informacja prasowa\",\"sameAs\":[\"http:\/\/\"],\"url\":\"https:\/\/www.mojabochnia.pl\/?author=8\"}]}<\/script>\n<!-- \/ Yoast SEO plugin. -->","yoast_head_json":{"title":"Teofil Wojciechowski go\u015bciem spotkania autorskiego w Domu Bochniak\u00f3w - mojabochnia.pl - portal informacyjny","robots":{"index":"index","follow":"follow","max-snippet":"max-snippet:-1","max-image-preview":"max-image-preview:large","max-video-preview":"max-video-preview:-1"},"canonical":"https:\/\/www.mojabochnia.pl\/?p=22668","og_locale":"pl_PL","og_type":"article","og_title":"Teofil Wojciechowski go\u015bciem spotkania autorskiego w Domu Bochniak\u00f3w - mojabochnia.pl - portal informacyjny","og_description":"Stowarzyszenie Bochniak\u00f3w i Mi\u0142o\u015bnik\u00f3w Ziemi Boche\u0144skiej zaprasza na spotkanie z dr hab. Teofilem Wojciechowskim autorem ksi\u0105\u017cki \"Polana, wie\u015b bieszczadzka. Dzieje cywilne i ko\u015bcielne\" we wtorek 16 lutego 2010 r. o godzinie 18.00 w Domu Bochniak\u00f3w , Rynek 2.","og_url":"https:\/\/www.mojabochnia.pl\/?p=22668","og_site_name":"mojabochnia.pl - portal informacyjny","article_publisher":"https:\/\/www.facebook.com\/mojabochnia","article_published_time":"2010-02-15T10:23:52+00:00","article_modified_time":"2010-02-15T13:04:40+00:00","author":"informacja prasowa","twitter_card":"summary_large_image","twitter_misc":{"Written by":"informacja prasowa","Est. reading time":"1 minuta"},"schema":{"@context":"https:\/\/schema.org","@graph":[{"@type":"Article","@id":"https:\/\/www.mojabochnia.pl\/?p=22668#article","isPartOf":{"@id":"https:\/\/www.mojabochnia.pl\/?p=22668"},"author":{"name":"informacja prasowa","@id":"https:\/\/www.mojabochnia.pl\/#\/schema\/person\/9e15cf1bcb74043790f124a3130fe41e"},"headline":"Teofil Wojciechowski go\u015bciem spotkania autorskiego w Domu Bochniak\u00f3w","datePublished":"2010-02-15T10:23:52+00:00","dateModified":"2010-02-15T13:04:40+00:00","mainEntityOfPage":{"@id":"https:\/\/www.mojabochnia.pl\/?p=22668"},"wordCount":160,"commentCount":0,"publisher":{"@id":"https:\/\/www.mojabochnia.pl\/#organization"},"keywords":["dom bochniak\u00f3w","Polana","stowarzyszenie bochniak\u00f3w i mi\u0142osnik\u00f3w ziemi boche\u0144skie","teofil wojciechowski","wie\u015b bieszczadzka. Dzieje cywilne i ko\u015bcielne"],"articleSection":["2_ostatnie","polityka i wydarzenia","tematyka"],"inLanguage":"pl-PL","potentialAction":[{"@type":"CommentAction","name":"Comment","target":["https:\/\/www.mojabochnia.pl\/?p=22668#respond"]}]},{"@type":"WebPage","@id":"https:\/\/www.mojabochnia.pl\/?p=22668","url":"https:\/\/www.mojabochnia.pl\/?p=22668","name":"Teofil Wojciechowski go\u015bciem spotkania autorskiego w Domu Bochniak\u00f3w - mojabochnia.pl - portal informacyjny","isPartOf":{"@id":"https:\/\/www.mojabochnia.pl\/#website"},"datePublished":"2010-02-15T10:23:52+00:00","dateModified":"2010-02-15T13:04:40+00:00","breadcrumb":{"@id":"https:\/\/www.mojabochnia.pl\/?p=22668#breadcrumb"},"inLanguage":"pl-PL","potentialAction":[{"@type":"ReadAction","target":["https:\/\/www.mojabochnia.pl\/?p=22668"]}]},{"@type":"BreadcrumbList","@id":"https:\/\/www.mojabochnia.pl\/?p=22668#breadcrumb","itemListElement":[{"@type":"ListItem","position":1,"name":"Home","item":"https:\/\/www.mojabochnia.pl\/"},{"@type":"ListItem","position":2,"name":"Teofil Wojciechowski go\u015bciem spotkania autorskiego w Domu Bochniak\u00f3w"}]},{"@type":"WebSite","@id":"https:\/\/www.mojabochnia.pl\/#website","url":"https:\/\/www.mojabochnia.pl\/","name":"mojabochnia.pl - portal informacyjny","description":"mojaBochnia to portal informacyjny o Bochni. Codziennie o Bochni piszemy i pokazujemy najwa\u017cniejsze wydarzenia","publisher":{"@id":"https:\/\/www.mojabochnia.pl\/#organization"},"potentialAction":[{"@type":"SearchAction","target":{"@type":"EntryPoint","urlTemplate":"https:\/\/www.mojabochnia.pl\/?s={search_term_string}"},"query-input":{"@type":"PropertyValueSpecification","valueRequired":true,"valueName":"search_term_string"}}],"inLanguage":"pl-PL"},{"@type":"Organization","@id":"https:\/\/www.mojabochnia.pl\/#organization","name":"mojabochnia.pl - portal informacyjny","url":"https:\/\/www.mojabochnia.pl\/","logo":{"@type":"ImageObject","inLanguage":"pl-PL","@id":"https:\/\/www.mojabochnia.pl\/#\/schema\/logo\/image\/","url":"https:\/\/www.mojabochnia.pl\/wp-content\/uploads\/2017\/08\/logo-mb-opt.png","contentUrl":"https:\/\/www.mojabochnia.pl\/wp-content\/uploads\/2017\/08\/logo-mb-opt.png","width":250,"height":48,"caption":"mojabochnia.pl - portal informacyjny"},"image":{"@id":"https:\/\/www.mojabochnia.pl\/#\/schema\/logo\/image\/"},"sameAs":["https:\/\/www.facebook.com\/mojabochnia"]},{"@type":"Person","@id":"https:\/\/www.mojabochnia.pl\/#\/schema\/person\/9e15cf1bcb74043790f124a3130fe41e","name":"informacja prasowa","sameAs":["http:\/\/"],"url":"https:\/\/www.mojabochnia.pl\/?author=8"}]}},"_links":{"self":[{"href":"https:\/\/www.mojabochnia.pl\/index.php?rest_route=\/wp\/v2\/posts\/22668","targetHints":{"allow":["GET"]}}],"collection":[{"href":"https:\/\/www.mojabochnia.pl\/index.php?rest_route=\/wp\/v2\/posts"}],"about":[{"href":"https:\/\/www.mojabochnia.pl\/index.php?rest_route=\/wp\/v2\/types\/post"}],"author":[{"embeddable":true,"href":"https:\/\/www.mojabochnia.pl\/index.php?rest_route=\/wp\/v2\/users\/8"}],"replies":[{"embeddable":true,"href":"https:\/\/www.mojabochnia.pl\/index.php?rest_route=%2Fwp%2Fv2%2Fcomments&post=22668"}],"version-history":[{"count":0,"href":"https:\/\/www.mojabochnia.pl\/index.php?rest_route=\/wp\/v2\/posts\/22668\/revisions"}],"wp:attachment":[{"href":"https:\/\/www.mojabochnia.pl\/index.php?rest_route=%2Fwp%2Fv2%2Fmedia&parent=22668"}],"wp:term":[{"taxonomy":"category","embeddable":true,"href":"https:\/\/www.mojabochnia.pl\/index.php?rest_route=%2Fwp%2Fv2%2Fcategories&post=22668"},{"taxonomy":"post_tag","embeddable":true,"href":"https:\/\/www.mojabochnia.pl\/index.php?rest_route=%2Fwp%2Fv2%2Ftags&post=22668"}],"curies":[{"name":"wp","href":"https:\/\/api.w.org\/{rel}","templated":true}]}}