{"id":2260,"date":"2008-10-22T06:11:44","date_gmt":"2008-10-22T04:11:44","guid":{"rendered":"http:\/\/www.mojabochnia.pl\/?p=2260"},"modified":"2008-10-24T12:43:40","modified_gmt":"2008-10-24T10:43:40","slug":"bochenscy-zydzi-to-nie-tylko-kupcy-i-przemyslowcy","status":"publish","type":"post","link":"https:\/\/www.mojabochnia.pl\/?p=2260","title":{"rendered":"Boche\u0144scy \u017bydzi to nie tylko kupcy i przemys\u0142owcy"},"content":{"rendered":"<p>Prelegentka wyg\u0142osi wyk\u0142ad zatytu\u0142owany \u201eNie tylko kupcy i przemys\u0142owcy&#8230; \u017bydzi z okolic Bochni do 1939 roku\u201d. Spotkanie odb\u0119dzie si\u0119 w Sali Portretowej. <\/p>\n<p>Iwona Zawidzka &#8211; starszy kustosz, etnograf boche\u0144skiego muzeum, znakomita znawczyni problematyki \u017cydowskiej, autorka wystaw obrazuj\u0105cych dzieje \u017byd\u00f3w w regionie boche\u0144skim (m. in. prezentowanej aktualnie w Muzeum ekspozycji pt. Synagoga, sidur, tefilim, autorka opracowa\u0144 monograficznych po\u015bwi\u0119conych cmentarzom \u017cydowskim w Bochni, Nowym Wi\u015bniczu i Brzesku. W ostatnim, VI tomie \u201eRocznika Boche\u0144skiego\u201d publikuje niezwykle interesuj\u0105cy tekst po\u015bwi\u0119cony synagogom w dawnej Bochni. <\/p>\n","protected":false},"excerpt":{"rendered":"<p>Muzeum im. Stanis\u0142awa Fischera w Bochni zaprasza na kolejne Czwartkowe Spotkanie Muzealne. Tym razem wyk\u0142ad wyg\u0142osi Iwona Zawidzka, na tema \u017byd\u00f3w z okolic Bochni. Spotkanie zaplanowano na najbli\u017cszy czwartek 23 pa\u017adziernika. Pocz\u0105tek o godz. 17.30.<\/p>\n","protected":false},"author":1,"featured_media":0,"comment_status":"open","ping_status":"closed","sticky":false,"template":"","format":"standard","meta":{"_acf_changed":false,"footnotes":""},"categories":[92],"tags":[120,1284,74,17118,73,133,17157,584],"class_list":["post-2260","post","type-post","status-publish","format-standard","hentry","category-kultura","tag-brzesko","tag-iwona-zawidzka","tag-muzeum-im-stanislawa-fischera","tag-wisnicz","tag-rocznik-bochenski","tag-spotkania-czwartkowe","tag-wystawa","tag-zydzi"],"acf":[],"yoast_head":"<!-- This site is optimized with the Yoast SEO plugin v26.9 - https:\/\/yoast.com\/product\/yoast-seo-wordpress\/ -->\n<title>Boche\u0144scy \u017bydzi to nie tylko kupcy i przemys\u0142owcy - mojabochnia.pl - portal informacyjny<\/title>\n<meta name=\"robots\" content=\"index, follow, max-snippet:-1, max-image-preview:large, max-video-preview:-1\" \/>\n<link rel=\"canonical\" href=\"https:\/\/www.mojabochnia.pl\/?p=2260\" \/>\n<meta property=\"og:locale\" content=\"pl_PL\" \/>\n<meta property=\"og:type\" content=\"article\" \/>\n<meta property=\"og:title\" content=\"Boche\u0144scy \u017bydzi to nie tylko kupcy i przemys\u0142owcy - mojabochnia.pl - portal informacyjny\" \/>\n<meta property=\"og:description\" content=\"Muzeum im. Stanis\u0142awa Fischera w Bochni zaprasza na kolejne Czwartkowe Spotkanie Muzealne. Tym razem wyk\u0142ad wyg\u0142osi Iwona Zawidzka, na tema \u017byd\u00f3w z okolic Bochni. Spotkanie zaplanowano na najbli\u017cszy czwartek 23 pa\u017adziernika. Pocz\u0105tek o godz. 17.30.\" \/>\n<meta property=\"og:url\" content=\"https:\/\/www.mojabochnia.pl\/?p=2260\" \/>\n<meta property=\"og:site_name\" content=\"mojabochnia.pl - portal informacyjny\" \/>\n<meta property=\"article:publisher\" content=\"https:\/\/www.facebook.com\/mojabochnia\" \/>\n<meta property=\"article:published_time\" content=\"2008-10-22T04:11:44+00:00\" \/>\n<meta property=\"article:modified_time\" content=\"2008-10-24T10:43:40+00:00\" \/>\n<meta name=\"author\" content=\"administrator\" \/>\n<meta name=\"twitter:card\" content=\"summary_large_image\" \/>\n<meta name=\"twitter:label1\" content=\"Written by\" \/>\n\t<meta name=\"twitter:data1\" content=\"administrator\" \/>\n<script type=\"application\/ld+json\" class=\"yoast-schema-graph\">{\"@context\":\"https:\/\/schema.org\",\"@graph\":[{\"@type\":\"Article\",\"@id\":\"https:\/\/www.mojabochnia.pl\/?p=2260#article\",\"isPartOf\":{\"@id\":\"https:\/\/www.mojabochnia.pl\/?p=2260\"},\"author\":{\"name\":\"administrator\",\"@id\":\"https:\/\/www.mojabochnia.pl\/#\/schema\/person\/c00e1f64e6fa0e6de6d410f2c340017f\"},\"headline\":\"Boche\u0144scy \u017bydzi to nie tylko kupcy i przemys\u0142owcy\",\"datePublished\":\"2008-10-22T04:11:44+00:00\",\"dateModified\":\"2008-10-24T10:43:40+00:00\",\"mainEntityOfPage\":{\"@id\":\"https:\/\/www.mojabochnia.pl\/?p=2260\"},\"wordCount\":105,\"commentCount\":0,\"publisher\":{\"@id\":\"https:\/\/www.mojabochnia.pl\/#organization\"},\"keywords\":[\"brzesko\",\"iwona zawidzka\",\"muzeum im. stanis\u0142awa fischera\",\"Nowy Wi\u015bnicz\",\"rocznik boche\u0144ski\",\"spotkania czwartkowe\",\"wystawa\",\"\u017cydzi\"],\"articleSection\":[\"kultura\"],\"inLanguage\":\"pl-PL\",\"potentialAction\":[{\"@type\":\"CommentAction\",\"name\":\"Comment\",\"target\":[\"https:\/\/www.mojabochnia.pl\/?p=2260#respond\"]}]},{\"@type\":\"WebPage\",\"@id\":\"https:\/\/www.mojabochnia.pl\/?p=2260\",\"url\":\"https:\/\/www.mojabochnia.pl\/?p=2260\",\"name\":\"Boche\u0144scy \u017bydzi to nie tylko kupcy i przemys\u0142owcy - mojabochnia.pl - portal informacyjny\",\"isPartOf\":{\"@id\":\"https:\/\/www.mojabochnia.pl\/#website\"},\"datePublished\":\"2008-10-22T04:11:44+00:00\",\"dateModified\":\"2008-10-24T10:43:40+00:00\",\"breadcrumb\":{\"@id\":\"https:\/\/www.mojabochnia.pl\/?p=2260#breadcrumb\"},\"inLanguage\":\"pl-PL\",\"potentialAction\":[{\"@type\":\"ReadAction\",\"target\":[\"https:\/\/www.mojabochnia.pl\/?p=2260\"]}]},{\"@type\":\"BreadcrumbList\",\"@id\":\"https:\/\/www.mojabochnia.pl\/?p=2260#breadcrumb\",\"itemListElement\":[{\"@type\":\"ListItem\",\"position\":1,\"name\":\"Home\",\"item\":\"https:\/\/www.mojabochnia.pl\/\"},{\"@type\":\"ListItem\",\"position\":2,\"name\":\"Boche\u0144scy \u017bydzi to nie tylko kupcy i przemys\u0142owcy\"}]},{\"@type\":\"WebSite\",\"@id\":\"https:\/\/www.mojabochnia.pl\/#website\",\"url\":\"https:\/\/www.mojabochnia.pl\/\",\"name\":\"mojabochnia.pl - portal informacyjny\",\"description\":\"mojaBochnia to portal informacyjny o Bochni. Codziennie o Bochni piszemy i pokazujemy najwa\u017cniejsze wydarzenia\",\"publisher\":{\"@id\":\"https:\/\/www.mojabochnia.pl\/#organization\"},\"potentialAction\":[{\"@type\":\"SearchAction\",\"target\":{\"@type\":\"EntryPoint\",\"urlTemplate\":\"https:\/\/www.mojabochnia.pl\/?s={search_term_string}\"},\"query-input\":{\"@type\":\"PropertyValueSpecification\",\"valueRequired\":true,\"valueName\":\"search_term_string\"}}],\"inLanguage\":\"pl-PL\"},{\"@type\":\"Organization\",\"@id\":\"https:\/\/www.mojabochnia.pl\/#organization\",\"name\":\"mojabochnia.pl - portal informacyjny\",\"url\":\"https:\/\/www.mojabochnia.pl\/\",\"logo\":{\"@type\":\"ImageObject\",\"inLanguage\":\"pl-PL\",\"@id\":\"https:\/\/www.mojabochnia.pl\/#\/schema\/logo\/image\/\",\"url\":\"https:\/\/www.mojabochnia.pl\/wp-content\/uploads\/2017\/08\/logo-mb-opt.png\",\"contentUrl\":\"https:\/\/www.mojabochnia.pl\/wp-content\/uploads\/2017\/08\/logo-mb-opt.png\",\"width\":250,\"height\":48,\"caption\":\"mojabochnia.pl - portal informacyjny\"},\"image\":{\"@id\":\"https:\/\/www.mojabochnia.pl\/#\/schema\/logo\/image\/\"},\"sameAs\":[\"https:\/\/www.facebook.com\/mojabochnia\"]},{\"@type\":\"Person\",\"@id\":\"https:\/\/www.mojabochnia.pl\/#\/schema\/person\/c00e1f64e6fa0e6de6d410f2c340017f\",\"name\":\"administrator\",\"url\":\"https:\/\/www.mojabochnia.pl\/?author=1\"}]}<\/script>\n<!-- \/ Yoast SEO plugin. -->","yoast_head_json":{"title":"Boche\u0144scy \u017bydzi to nie tylko kupcy i przemys\u0142owcy - mojabochnia.pl - portal informacyjny","robots":{"index":"index","follow":"follow","max-snippet":"max-snippet:-1","max-image-preview":"max-image-preview:large","max-video-preview":"max-video-preview:-1"},"canonical":"https:\/\/www.mojabochnia.pl\/?p=2260","og_locale":"pl_PL","og_type":"article","og_title":"Boche\u0144scy \u017bydzi to nie tylko kupcy i przemys\u0142owcy - mojabochnia.pl - portal informacyjny","og_description":"Muzeum im. Stanis\u0142awa Fischera w Bochni zaprasza na kolejne Czwartkowe Spotkanie Muzealne. Tym razem wyk\u0142ad wyg\u0142osi Iwona Zawidzka, na tema \u017byd\u00f3w z okolic Bochni. Spotkanie zaplanowano na najbli\u017cszy czwartek 23 pa\u017adziernika. Pocz\u0105tek o godz. 17.30.","og_url":"https:\/\/www.mojabochnia.pl\/?p=2260","og_site_name":"mojabochnia.pl - portal informacyjny","article_publisher":"https:\/\/www.facebook.com\/mojabochnia","article_published_time":"2008-10-22T04:11:44+00:00","article_modified_time":"2008-10-24T10:43:40+00:00","author":"administrator","twitter_card":"summary_large_image","twitter_misc":{"Written by":"administrator"},"schema":{"@context":"https:\/\/schema.org","@graph":[{"@type":"Article","@id":"https:\/\/www.mojabochnia.pl\/?p=2260#article","isPartOf":{"@id":"https:\/\/www.mojabochnia.pl\/?p=2260"},"author":{"name":"administrator","@id":"https:\/\/www.mojabochnia.pl\/#\/schema\/person\/c00e1f64e6fa0e6de6d410f2c340017f"},"headline":"Boche\u0144scy \u017bydzi to nie tylko kupcy i przemys\u0142owcy","datePublished":"2008-10-22T04:11:44+00:00","dateModified":"2008-10-24T10:43:40+00:00","mainEntityOfPage":{"@id":"https:\/\/www.mojabochnia.pl\/?p=2260"},"wordCount":105,"commentCount":0,"publisher":{"@id":"https:\/\/www.mojabochnia.pl\/#organization"},"keywords":["brzesko","iwona zawidzka","muzeum im. stanis\u0142awa fischera","Nowy Wi\u015bnicz","rocznik boche\u0144ski","spotkania czwartkowe","wystawa","\u017cydzi"],"articleSection":["kultura"],"inLanguage":"pl-PL","potentialAction":[{"@type":"CommentAction","name":"Comment","target":["https:\/\/www.mojabochnia.pl\/?p=2260#respond"]}]},{"@type":"WebPage","@id":"https:\/\/www.mojabochnia.pl\/?p=2260","url":"https:\/\/www.mojabochnia.pl\/?p=2260","name":"Boche\u0144scy \u017bydzi to nie tylko kupcy i przemys\u0142owcy - mojabochnia.pl - portal informacyjny","isPartOf":{"@id":"https:\/\/www.mojabochnia.pl\/#website"},"datePublished":"2008-10-22T04:11:44+00:00","dateModified":"2008-10-24T10:43:40+00:00","breadcrumb":{"@id":"https:\/\/www.mojabochnia.pl\/?p=2260#breadcrumb"},"inLanguage":"pl-PL","potentialAction":[{"@type":"ReadAction","target":["https:\/\/www.mojabochnia.pl\/?p=2260"]}]},{"@type":"BreadcrumbList","@id":"https:\/\/www.mojabochnia.pl\/?p=2260#breadcrumb","itemListElement":[{"@type":"ListItem","position":1,"name":"Home","item":"https:\/\/www.mojabochnia.pl\/"},{"@type":"ListItem","position":2,"name":"Boche\u0144scy \u017bydzi to nie tylko kupcy i przemys\u0142owcy"}]},{"@type":"WebSite","@id":"https:\/\/www.mojabochnia.pl\/#website","url":"https:\/\/www.mojabochnia.pl\/","name":"mojabochnia.pl - portal informacyjny","description":"mojaBochnia to portal informacyjny o Bochni. Codziennie o Bochni piszemy i pokazujemy najwa\u017cniejsze wydarzenia","publisher":{"@id":"https:\/\/www.mojabochnia.pl\/#organization"},"potentialAction":[{"@type":"SearchAction","target":{"@type":"EntryPoint","urlTemplate":"https:\/\/www.mojabochnia.pl\/?s={search_term_string}"},"query-input":{"@type":"PropertyValueSpecification","valueRequired":true,"valueName":"search_term_string"}}],"inLanguage":"pl-PL"},{"@type":"Organization","@id":"https:\/\/www.mojabochnia.pl\/#organization","name":"mojabochnia.pl - portal informacyjny","url":"https:\/\/www.mojabochnia.pl\/","logo":{"@type":"ImageObject","inLanguage":"pl-PL","@id":"https:\/\/www.mojabochnia.pl\/#\/schema\/logo\/image\/","url":"https:\/\/www.mojabochnia.pl\/wp-content\/uploads\/2017\/08\/logo-mb-opt.png","contentUrl":"https:\/\/www.mojabochnia.pl\/wp-content\/uploads\/2017\/08\/logo-mb-opt.png","width":250,"height":48,"caption":"mojabochnia.pl - portal informacyjny"},"image":{"@id":"https:\/\/www.mojabochnia.pl\/#\/schema\/logo\/image\/"},"sameAs":["https:\/\/www.facebook.com\/mojabochnia"]},{"@type":"Person","@id":"https:\/\/www.mojabochnia.pl\/#\/schema\/person\/c00e1f64e6fa0e6de6d410f2c340017f","name":"administrator","url":"https:\/\/www.mojabochnia.pl\/?author=1"}]}},"_links":{"self":[{"href":"https:\/\/www.mojabochnia.pl\/index.php?rest_route=\/wp\/v2\/posts\/2260","targetHints":{"allow":["GET"]}}],"collection":[{"href":"https:\/\/www.mojabochnia.pl\/index.php?rest_route=\/wp\/v2\/posts"}],"about":[{"href":"https:\/\/www.mojabochnia.pl\/index.php?rest_route=\/wp\/v2\/types\/post"}],"author":[{"embeddable":true,"href":"https:\/\/www.mojabochnia.pl\/index.php?rest_route=\/wp\/v2\/users\/1"}],"replies":[{"embeddable":true,"href":"https:\/\/www.mojabochnia.pl\/index.php?rest_route=%2Fwp%2Fv2%2Fcomments&post=2260"}],"version-history":[{"count":0,"href":"https:\/\/www.mojabochnia.pl\/index.php?rest_route=\/wp\/v2\/posts\/2260\/revisions"}],"wp:attachment":[{"href":"https:\/\/www.mojabochnia.pl\/index.php?rest_route=%2Fwp%2Fv2%2Fmedia&parent=2260"}],"wp:term":[{"taxonomy":"category","embeddable":true,"href":"https:\/\/www.mojabochnia.pl\/index.php?rest_route=%2Fwp%2Fv2%2Fcategories&post=2260"},{"taxonomy":"post_tag","embeddable":true,"href":"https:\/\/www.mojabochnia.pl\/index.php?rest_route=%2Fwp%2Fv2%2Ftags&post=2260"}],"curies":[{"name":"wp","href":"https:\/\/api.w.org\/{rel}","templated":true}]}}