{"id":2227,"date":"2008-10-21T06:53:52","date_gmt":"2008-10-21T04:53:52","guid":{"rendered":"http:\/\/www.mojabochnia.pl\/?p=2227"},"modified":"2008-10-21T09:14:26","modified_gmt":"2008-10-21T07:14:26","slug":"pajak-czytal-wiersz-pt-mucha","status":"publish","type":"post","link":"https:\/\/www.mojabochnia.pl\/?p=2227","title":{"rendered":"Paj\u0105k czyta\u0142 wiersz pt. Mucha"},"content":{"rendered":"<p>Dla wychowank\u00f3w O\u015brodka Szkolno-Wychowawczego w Bochni tego typu akcja by\u0142a okazj\u0105 zapozna\u0107 si\u0119 nie tylko z poezj\u0105, ale tak\u017ce z osobami publicznymi w Bochni. \u2013 <em>Ostatnio czyta\u0142am &#8222;Kubusia Puchatka&#8221; <\/em>\u2013 m\u00f3wi Lucyna. Jak m\u00f3wi, akcja \u201eCa\u0142a Polska czyta dzieciom\u201d bardzo jej si\u0119 podoba. <\/p>\n<p>Wiersze Jana Brzechwy i innych poet\u00f3w czytali im dziennikarze, samorz\u0105dowcy, w tym m.in. starosta boche\u0144ski Jacek Paj\u0105k. Przeczyta\u0142 on wiersz Brzechwy pt. Mucha. \u2013 <em>Du\u017co trenowa\u0142em w stosunku do mojej c\u00f3reczki, kt\u00f3ra lubi\u0142a i my\u015bl\u0119, \u017ce jeszcze wci\u0105\u017c lubi s\u0142ucha\u0107, jak czytam. Trening mam za sob\u0105, my\u015bl\u0119, \u017ce z dobrymi efektami <\/em>\u2013 m\u00f3wi starosta. <\/p>\n<p>\u2013 <em>Akcja \u201eCa\u0142a Polska Czyta Dzieciom\u201d jest bardzo wa\u017cna dla wszystkich dzieci, uwa\u017cam, \u017ce szczeg\u00f3lnie dla dzieci niepe\u0142nosprawnych intelektualnie. My\u015bl\u0119, \u017ce jest to stymulacja ich rozwoju, pobudza to ich wyobra\u017ani\u0119, dzieci s\u0105 przebrane w postaci bajkowe i s\u0142uchaj\u0105<\/em> \u2013 m\u00f3wi Jerzy Turek, wicedyrektor O\u015brodka Szkolno-Wychowawczego w Bochni. Podczas spotkania swoje umiej\u0119tno\u015bci aktorskie przed wychowankami O\u015brodka Szkolno-Wychowawczego z Bochni prezentowali m.in. gimnazjali\u015bci z Rzezawy.<\/p>\n<p>Organizatorzy zamierzaj\u0105 w przysz\u0142o\u015bci zaprosi\u0107 do czytania wierszy m.in. ojca Leona Knabita, benedyktyna z Ty\u0144ca. <\/p>\n<p><strong>Jan Brzechwa \u2013 Mucha <\/strong><\/p>\n<p>Z k\u0105pieli ka\u017cdy korzysta,<br \/>\nA mucha chcia\u0142a by\u0107 czysta.<br \/>\nW niedziel\u0119 k\u0105pa\u0142a si\u0119 w smole,<br \/>\nA w poniedzia\u0142ek w rosole,<br \/>\nWe wtorek &#8211; w czerwonym winie,<br \/>\nA znowu w \u015brod\u0119 &#8211; w czerninie,<\/p>\n<p>A potem w czwartek &#8211; w bigosie,<br \/>\nA w pi\u0105tek &#8211; w tatarskim sosie,<br \/>\nW sobot\u0119 &#8211; w soku z moreli&#8230;<br \/>\nCo mia\u0142a z takich k\u0105pieli?<br \/>\nCo mia\u0142a? Zmartwienie mia\u0142a,<br \/>\nBo z brudu lepi si\u0119 ca\u0142a,<br \/>\nA na my\u015bl jej nie przychodzi,<br \/>\n\u017beby wyk\u0105pa\u0107 si\u0119 w wodzie.<\/p>\n","protected":false},"excerpt":{"rendered":"<p>Dzieci i m\u0142odzie\u017c z O\u015brodka Szkolno-Wychowawczego w Bochni wzi\u0119\u0142y udzia\u0142 w akcji \u201eCa\u0142a Polska czyta dzieciom\u201d. Czyta\u0142 m.in. starosta boche\u0144ski Jacek Paj\u0105k, kt\u00f3ry wybra\u0142 tekst pt. Mucha.<\/p>\n","protected":false},"author":4,"featured_media":0,"comment_status":"open","ping_status":"closed","sticky":false,"template":"","format":"standard","meta":{"_acf_changed":false,"footnotes":""},"categories":[5],"tags":[17184,1262,1261,17221,1264,1260],"class_list":["post-2227","post","type-post","status-publish","format-standard","hentry","category-biezace-wydarzenia","tag-akcja","tag-cala-polska-czyta-dzieciom","tag-jerzy-turek","tag-niepelnosprawni","tag-o-leon-knabit","tag-osrodek-szkolno-wychowawczy-w-bochni"],"acf":[],"yoast_head":"<!-- This site is optimized with the Yoast SEO plugin v26.9 - https:\/\/yoast.com\/product\/yoast-seo-wordpress\/ -->\n<title>Paj\u0105k czyta\u0142 wiersz pt. Mucha - mojabochnia.pl - portal informacyjny<\/title>\n<meta name=\"robots\" content=\"index, follow, max-snippet:-1, max-image-preview:large, max-video-preview:-1\" \/>\n<link rel=\"canonical\" href=\"https:\/\/www.mojabochnia.pl\/?p=2227\" \/>\n<meta property=\"og:locale\" content=\"pl_PL\" \/>\n<meta property=\"og:type\" content=\"article\" \/>\n<meta property=\"og:title\" content=\"Paj\u0105k czyta\u0142 wiersz pt. Mucha - mojabochnia.pl - portal informacyjny\" \/>\n<meta property=\"og:description\" content=\"Dzieci i m\u0142odzie\u017c z O\u015brodka Szkolno-Wychowawczego w Bochni wzi\u0119\u0142y udzia\u0142 w akcji \u201eCa\u0142a Polska czyta dzieciom\u201d. Czyta\u0142 m.in. starosta boche\u0144ski Jacek Paj\u0105k, kt\u00f3ry wybra\u0142 tekst pt. Mucha.\" \/>\n<meta property=\"og:url\" content=\"https:\/\/www.mojabochnia.pl\/?p=2227\" \/>\n<meta property=\"og:site_name\" content=\"mojabochnia.pl - portal informacyjny\" \/>\n<meta property=\"article:publisher\" content=\"https:\/\/www.facebook.com\/mojabochnia\" \/>\n<meta property=\"article:published_time\" content=\"2008-10-21T04:53:52+00:00\" \/>\n<meta property=\"article:modified_time\" content=\"2008-10-21T07:14:26+00:00\" \/>\n<meta name=\"author\" content=\"Pawe\u0142 Michalczyk\" \/>\n<meta name=\"twitter:card\" content=\"summary_large_image\" \/>\n<meta name=\"twitter:label1\" content=\"Written by\" \/>\n\t<meta name=\"twitter:data1\" content=\"Pawe\u0142 Michalczyk\" \/>\n\t<meta name=\"twitter:label2\" content=\"Est. reading time\" \/>\n\t<meta name=\"twitter:data2\" content=\"2 minuty\" \/>\n<script type=\"application\/ld+json\" class=\"yoast-schema-graph\">{\"@context\":\"https:\/\/schema.org\",\"@graph\":[{\"@type\":\"Article\",\"@id\":\"https:\/\/www.mojabochnia.pl\/?p=2227#article\",\"isPartOf\":{\"@id\":\"https:\/\/www.mojabochnia.pl\/?p=2227\"},\"author\":{\"name\":\"Pawe\u0142 Michalczyk\",\"@id\":\"https:\/\/www.mojabochnia.pl\/#\/schema\/person\/ea042e4724a77627963f02166828ead4\"},\"headline\":\"Paj\u0105k czyta\u0142 wiersz pt. Mucha\",\"datePublished\":\"2008-10-21T04:53:52+00:00\",\"dateModified\":\"2008-10-21T07:14:26+00:00\",\"mainEntityOfPage\":{\"@id\":\"https:\/\/www.mojabochnia.pl\/?p=2227\"},\"wordCount\":313,\"commentCount\":0,\"publisher\":{\"@id\":\"https:\/\/www.mojabochnia.pl\/#organization\"},\"keywords\":[\"akcja\",\"ca\u0142a polska czyta dzieciom\",\"jerzy turek\",\"niepe\u0142nosprawni\",\"o. leon knabit\",\"o\u015brodek szkolno-wychowawczy w bochni\"],\"articleSection\":[\"2_ostatnie\"],\"inLanguage\":\"pl-PL\",\"potentialAction\":[{\"@type\":\"CommentAction\",\"name\":\"Comment\",\"target\":[\"https:\/\/www.mojabochnia.pl\/?p=2227#respond\"]}]},{\"@type\":\"WebPage\",\"@id\":\"https:\/\/www.mojabochnia.pl\/?p=2227\",\"url\":\"https:\/\/www.mojabochnia.pl\/?p=2227\",\"name\":\"Paj\u0105k czyta\u0142 wiersz pt. Mucha - mojabochnia.pl - portal informacyjny\",\"isPartOf\":{\"@id\":\"https:\/\/www.mojabochnia.pl\/#website\"},\"datePublished\":\"2008-10-21T04:53:52+00:00\",\"dateModified\":\"2008-10-21T07:14:26+00:00\",\"breadcrumb\":{\"@id\":\"https:\/\/www.mojabochnia.pl\/?p=2227#breadcrumb\"},\"inLanguage\":\"pl-PL\",\"potentialAction\":[{\"@type\":\"ReadAction\",\"target\":[\"https:\/\/www.mojabochnia.pl\/?p=2227\"]}]},{\"@type\":\"BreadcrumbList\",\"@id\":\"https:\/\/www.mojabochnia.pl\/?p=2227#breadcrumb\",\"itemListElement\":[{\"@type\":\"ListItem\",\"position\":1,\"name\":\"Home\",\"item\":\"https:\/\/www.mojabochnia.pl\/\"},{\"@type\":\"ListItem\",\"position\":2,\"name\":\"Paj\u0105k czyta\u0142 wiersz pt. Mucha\"}]},{\"@type\":\"WebSite\",\"@id\":\"https:\/\/www.mojabochnia.pl\/#website\",\"url\":\"https:\/\/www.mojabochnia.pl\/\",\"name\":\"mojabochnia.pl - portal informacyjny\",\"description\":\"mojaBochnia to portal informacyjny o Bochni. Codziennie o Bochni piszemy i pokazujemy najwa\u017cniejsze wydarzenia\",\"publisher\":{\"@id\":\"https:\/\/www.mojabochnia.pl\/#organization\"},\"potentialAction\":[{\"@type\":\"SearchAction\",\"target\":{\"@type\":\"EntryPoint\",\"urlTemplate\":\"https:\/\/www.mojabochnia.pl\/?s={search_term_string}\"},\"query-input\":{\"@type\":\"PropertyValueSpecification\",\"valueRequired\":true,\"valueName\":\"search_term_string\"}}],\"inLanguage\":\"pl-PL\"},{\"@type\":\"Organization\",\"@id\":\"https:\/\/www.mojabochnia.pl\/#organization\",\"name\":\"mojabochnia.pl - portal informacyjny\",\"url\":\"https:\/\/www.mojabochnia.pl\/\",\"logo\":{\"@type\":\"ImageObject\",\"inLanguage\":\"pl-PL\",\"@id\":\"https:\/\/www.mojabochnia.pl\/#\/schema\/logo\/image\/\",\"url\":\"https:\/\/www.mojabochnia.pl\/wp-content\/uploads\/2017\/08\/logo-mb-opt.png\",\"contentUrl\":\"https:\/\/www.mojabochnia.pl\/wp-content\/uploads\/2017\/08\/logo-mb-opt.png\",\"width\":250,\"height\":48,\"caption\":\"mojabochnia.pl - portal informacyjny\"},\"image\":{\"@id\":\"https:\/\/www.mojabochnia.pl\/#\/schema\/logo\/image\/\"},\"sameAs\":[\"https:\/\/www.facebook.com\/mojabochnia\"]},{\"@type\":\"Person\",\"@id\":\"https:\/\/www.mojabochnia.pl\/#\/schema\/person\/ea042e4724a77627963f02166828ead4\",\"name\":\"Pawe\u0142 Michalczyk\",\"url\":\"https:\/\/www.mojabochnia.pl\/?author=4\"}]}<\/script>\n<!-- \/ Yoast SEO plugin. -->","yoast_head_json":{"title":"Paj\u0105k czyta\u0142 wiersz pt. Mucha - mojabochnia.pl - portal informacyjny","robots":{"index":"index","follow":"follow","max-snippet":"max-snippet:-1","max-image-preview":"max-image-preview:large","max-video-preview":"max-video-preview:-1"},"canonical":"https:\/\/www.mojabochnia.pl\/?p=2227","og_locale":"pl_PL","og_type":"article","og_title":"Paj\u0105k czyta\u0142 wiersz pt. Mucha - mojabochnia.pl - portal informacyjny","og_description":"Dzieci i m\u0142odzie\u017c z O\u015brodka Szkolno-Wychowawczego w Bochni wzi\u0119\u0142y udzia\u0142 w akcji \u201eCa\u0142a Polska czyta dzieciom\u201d. Czyta\u0142 m.in. starosta boche\u0144ski Jacek Paj\u0105k, kt\u00f3ry wybra\u0142 tekst pt. Mucha.","og_url":"https:\/\/www.mojabochnia.pl\/?p=2227","og_site_name":"mojabochnia.pl - portal informacyjny","article_publisher":"https:\/\/www.facebook.com\/mojabochnia","article_published_time":"2008-10-21T04:53:52+00:00","article_modified_time":"2008-10-21T07:14:26+00:00","author":"Pawe\u0142 Michalczyk","twitter_card":"summary_large_image","twitter_misc":{"Written by":"Pawe\u0142 Michalczyk","Est. reading time":"2 minuty"},"schema":{"@context":"https:\/\/schema.org","@graph":[{"@type":"Article","@id":"https:\/\/www.mojabochnia.pl\/?p=2227#article","isPartOf":{"@id":"https:\/\/www.mojabochnia.pl\/?p=2227"},"author":{"name":"Pawe\u0142 Michalczyk","@id":"https:\/\/www.mojabochnia.pl\/#\/schema\/person\/ea042e4724a77627963f02166828ead4"},"headline":"Paj\u0105k czyta\u0142 wiersz pt. Mucha","datePublished":"2008-10-21T04:53:52+00:00","dateModified":"2008-10-21T07:14:26+00:00","mainEntityOfPage":{"@id":"https:\/\/www.mojabochnia.pl\/?p=2227"},"wordCount":313,"commentCount":0,"publisher":{"@id":"https:\/\/www.mojabochnia.pl\/#organization"},"keywords":["akcja","ca\u0142a polska czyta dzieciom","jerzy turek","niepe\u0142nosprawni","o. leon knabit","o\u015brodek szkolno-wychowawczy w bochni"],"articleSection":["2_ostatnie"],"inLanguage":"pl-PL","potentialAction":[{"@type":"CommentAction","name":"Comment","target":["https:\/\/www.mojabochnia.pl\/?p=2227#respond"]}]},{"@type":"WebPage","@id":"https:\/\/www.mojabochnia.pl\/?p=2227","url":"https:\/\/www.mojabochnia.pl\/?p=2227","name":"Paj\u0105k czyta\u0142 wiersz pt. Mucha - mojabochnia.pl - portal informacyjny","isPartOf":{"@id":"https:\/\/www.mojabochnia.pl\/#website"},"datePublished":"2008-10-21T04:53:52+00:00","dateModified":"2008-10-21T07:14:26+00:00","breadcrumb":{"@id":"https:\/\/www.mojabochnia.pl\/?p=2227#breadcrumb"},"inLanguage":"pl-PL","potentialAction":[{"@type":"ReadAction","target":["https:\/\/www.mojabochnia.pl\/?p=2227"]}]},{"@type":"BreadcrumbList","@id":"https:\/\/www.mojabochnia.pl\/?p=2227#breadcrumb","itemListElement":[{"@type":"ListItem","position":1,"name":"Home","item":"https:\/\/www.mojabochnia.pl\/"},{"@type":"ListItem","position":2,"name":"Paj\u0105k czyta\u0142 wiersz pt. Mucha"}]},{"@type":"WebSite","@id":"https:\/\/www.mojabochnia.pl\/#website","url":"https:\/\/www.mojabochnia.pl\/","name":"mojabochnia.pl - portal informacyjny","description":"mojaBochnia to portal informacyjny o Bochni. Codziennie o Bochni piszemy i pokazujemy najwa\u017cniejsze wydarzenia","publisher":{"@id":"https:\/\/www.mojabochnia.pl\/#organization"},"potentialAction":[{"@type":"SearchAction","target":{"@type":"EntryPoint","urlTemplate":"https:\/\/www.mojabochnia.pl\/?s={search_term_string}"},"query-input":{"@type":"PropertyValueSpecification","valueRequired":true,"valueName":"search_term_string"}}],"inLanguage":"pl-PL"},{"@type":"Organization","@id":"https:\/\/www.mojabochnia.pl\/#organization","name":"mojabochnia.pl - portal informacyjny","url":"https:\/\/www.mojabochnia.pl\/","logo":{"@type":"ImageObject","inLanguage":"pl-PL","@id":"https:\/\/www.mojabochnia.pl\/#\/schema\/logo\/image\/","url":"https:\/\/www.mojabochnia.pl\/wp-content\/uploads\/2017\/08\/logo-mb-opt.png","contentUrl":"https:\/\/www.mojabochnia.pl\/wp-content\/uploads\/2017\/08\/logo-mb-opt.png","width":250,"height":48,"caption":"mojabochnia.pl - portal informacyjny"},"image":{"@id":"https:\/\/www.mojabochnia.pl\/#\/schema\/logo\/image\/"},"sameAs":["https:\/\/www.facebook.com\/mojabochnia"]},{"@type":"Person","@id":"https:\/\/www.mojabochnia.pl\/#\/schema\/person\/ea042e4724a77627963f02166828ead4","name":"Pawe\u0142 Michalczyk","url":"https:\/\/www.mojabochnia.pl\/?author=4"}]}},"_links":{"self":[{"href":"https:\/\/www.mojabochnia.pl\/index.php?rest_route=\/wp\/v2\/posts\/2227","targetHints":{"allow":["GET"]}}],"collection":[{"href":"https:\/\/www.mojabochnia.pl\/index.php?rest_route=\/wp\/v2\/posts"}],"about":[{"href":"https:\/\/www.mojabochnia.pl\/index.php?rest_route=\/wp\/v2\/types\/post"}],"author":[{"embeddable":true,"href":"https:\/\/www.mojabochnia.pl\/index.php?rest_route=\/wp\/v2\/users\/4"}],"replies":[{"embeddable":true,"href":"https:\/\/www.mojabochnia.pl\/index.php?rest_route=%2Fwp%2Fv2%2Fcomments&post=2227"}],"version-history":[{"count":0,"href":"https:\/\/www.mojabochnia.pl\/index.php?rest_route=\/wp\/v2\/posts\/2227\/revisions"}],"wp:attachment":[{"href":"https:\/\/www.mojabochnia.pl\/index.php?rest_route=%2Fwp%2Fv2%2Fmedia&parent=2227"}],"wp:term":[{"taxonomy":"category","embeddable":true,"href":"https:\/\/www.mojabochnia.pl\/index.php?rest_route=%2Fwp%2Fv2%2Fcategories&post=2227"},{"taxonomy":"post_tag","embeddable":true,"href":"https:\/\/www.mojabochnia.pl\/index.php?rest_route=%2Fwp%2Fv2%2Ftags&post=2227"}],"curies":[{"name":"wp","href":"https:\/\/api.w.org\/{rel}","templated":true}]}}