{"id":222655,"date":"2026-04-29T06:05:36","date_gmt":"2026-04-29T04:05:36","guid":{"rendered":"https:\/\/www.mojabochnia.pl\/?p=222655"},"modified":"2026-04-29T06:12:07","modified_gmt":"2026-04-29T04:12:07","slug":"tegoroczni-maturzysci-zakonczyli-swoja-nauke-w-bochenskim-zespole-szkol-nr-1-zdjecia-video","status":"publish","type":"post","link":"https:\/\/www.mojabochnia.pl\/?p=222655","title":{"rendered":"Tegoroczni maturzy\u015bci zako\u0144czyli swoj\u0105 nauk\u0119 w Boche\u0144skim Zespole Szk\u00f3\u0142 nr 1 [zdj\u0119cia, video]"},"content":{"rendered":"<p><strong>W boche\u0144skim Mechaniku odby\u0142a si\u0119 coroczna uroczysto\u015b\u0107 po\u017cegnania maturzyst\u00f3w. <span class=\"Apple-converted-space\">\u00a0<\/span><\/strong><\/p>\n<p>Abiturienci w pi\u0105tek 24.04.2026, uczestniczyli w uroczystej akademii maj\u0105cej na celu pi\u0119kne zwie\u0144czenie ich nauki w szkole \u015bredniej.\u00a0Dyrektor szko\u0142y, Sylwia Zajt, w swoim przem\u00f3wieniu nawi\u0105zywa\u0142a do najciekawszych zdarze\u0144 z \u017cycia szkolnego ka\u017cdej z klas.<br \/>\nMow\u0119 do absolwent\u00f3w wyg\u0142osi\u0142 r\u00f3wnie\u017c starosta boche\u0144ski, Adam Korta.<\/p>\n<p>Nast\u0119pnie byli uczniowie obejrzeli prezentacj\u0119 ze zdj\u0119ciami z wycieczek z minionych lat, a w tle przygrywali im ich m\u0142odsi koledzy i kole\u017canki.<\/p>\n<p><iframe loading=\"lazy\" title=\"Tegoroczni maturzy\u015bci zako\u0144czyli swoj\u0105 nauk\u0119 w boche\u0144skim Mechaniku\" width=\"640\" height=\"360\" src=\"https:\/\/www.youtube.com\/embed\/i-FxMRrhxOk?feature=oembed\" frameborder=\"0\" allow=\"accelerometer; autoplay; clipboard-write; encrypted-media; gyroscope; picture-in-picture; web-share\" referrerpolicy=\"strict-origin-when-cross-origin\" allowfullscreen><\/iframe><\/p>\n<p>Nast\u0119pnie odby\u0142o wr\u0119czenie wyr\u00f3\u017cnie\u0144 za najwy\u017csze \u015brednie ocen w szkole, a nast\u0119pnie przekazanie \u015bwiadectw absolwentom, kt\u00f3rzy uzyskali czerwony pasek.<\/p>\n<p>Zwie\u0144czeniem uroczysto\u015bci by\u0142o uroczyste \u015blubowanie, po kt\u00f3rym m\u0142odzi ludzie udali si\u0119 po raz ostatni do sal wraz z wychowawcami, by odebra\u0107 \u015bwiadectwa uko\u0144czenia szko\u0142y.<\/p>\n<p>Tekst i zdj\u0119cia: Micha\u0142 Piekarz<\/p>\n\t  \r\n\t\r\n\t    <div class=\"mb-gallery\">\r\n\t    <a href=\"https:\/\/www.mojabochnia.pl\/?attachment_id=222657\" class=\"\"><img loading=\"lazy\" decoding=\"async\" width=\"100\" height=\"100\" src=\"https:\/\/www.mojabochnia.pl\/wp-content\/uploads\/2026\/04\/DSC_5476-100x100.jpg\" class=\"attachment-100x100 size-100x100\" alt=\"\" srcset=\"https:\/\/www.mojabochnia.pl\/wp-content\/uploads\/2026\/04\/DSC_5476-100x100.jpg 100w, https:\/\/www.mojabochnia.pl\/wp-content\/uploads\/2026\/04\/DSC_5476-96x96.jpg 96w, https:\/\/www.mojabochnia.pl\/wp-content\/uploads\/2026\/04\/DSC_5476-84x84.jpg 84w\" sizes=\"auto, (max-width: 100px) 100vw, 100px\" \/><\/a><a href=\"https:\/\/www.mojabochnia.pl\/?attachment_id=222658\" class=\"\"><img loading=\"lazy\" decoding=\"async\" width=\"100\" height=\"100\" src=\"https:\/\/www.mojabochnia.pl\/wp-content\/uploads\/2026\/04\/DSC_5483-100x100.jpg\" class=\"attachment-100x100 size-100x100\" alt=\"\" srcset=\"https:\/\/www.mojabochnia.pl\/wp-content\/uploads\/2026\/04\/DSC_5483-100x100.jpg 100w, https:\/\/www.mojabochnia.pl\/wp-content\/uploads\/2026\/04\/DSC_5483-96x96.jpg 96w, https:\/\/www.mojabochnia.pl\/wp-content\/uploads\/2026\/04\/DSC_5483-84x84.jpg 84w\" sizes=\"auto, (max-width: 100px) 100vw, 100px\" \/><\/a><a href=\"https:\/\/www.mojabochnia.pl\/?attachment_id=222659\" class=\"\"><img loading=\"lazy\" decoding=\"async\" width=\"100\" height=\"100\" src=\"https:\/\/www.mojabochnia.pl\/wp-content\/uploads\/2026\/04\/DSC_5490-100x100.jpg\" class=\"attachment-100x100 size-100x100\" alt=\"\" srcset=\"https:\/\/www.mojabochnia.pl\/wp-content\/uploads\/2026\/04\/DSC_5490-100x100.jpg 100w, https:\/\/www.mojabochnia.pl\/wp-content\/uploads\/2026\/04\/DSC_5490-96x96.jpg 96w, https:\/\/www.mojabochnia.pl\/wp-content\/uploads\/2026\/04\/DSC_5490-84x84.jpg 84w\" sizes=\"auto, (max-width: 100px) 100vw, 100px\" \/><\/a><a href=\"https:\/\/www.mojabochnia.pl\/?attachment_id=222660\" class=\"\"><img loading=\"lazy\" decoding=\"async\" width=\"100\" height=\"100\" src=\"https:\/\/www.mojabochnia.pl\/wp-content\/uploads\/2026\/04\/DSC_5532-100x100.jpg\" class=\"attachment-100x100 size-100x100\" alt=\"\" srcset=\"https:\/\/www.mojabochnia.pl\/wp-content\/uploads\/2026\/04\/DSC_5532-100x100.jpg 100w, https:\/\/www.mojabochnia.pl\/wp-content\/uploads\/2026\/04\/DSC_5532-96x96.jpg 96w, https:\/\/www.mojabochnia.pl\/wp-content\/uploads\/2026\/04\/DSC_5532-84x84.jpg 84w\" sizes=\"auto, (max-width: 100px) 100vw, 100px\" \/><\/a><a href=\"https:\/\/www.mojabochnia.pl\/?attachment_id=222661\" class=\"\"><img loading=\"lazy\" decoding=\"async\" width=\"100\" height=\"100\" src=\"https:\/\/www.mojabochnia.pl\/wp-content\/uploads\/2026\/04\/DSC_5535-100x100.jpg\" class=\"attachment-100x100 size-100x100\" alt=\"\" srcset=\"https:\/\/www.mojabochnia.pl\/wp-content\/uploads\/2026\/04\/DSC_5535-100x100.jpg 100w, https:\/\/www.mojabochnia.pl\/wp-content\/uploads\/2026\/04\/DSC_5535-96x96.jpg 96w, https:\/\/www.mojabochnia.pl\/wp-content\/uploads\/2026\/04\/DSC_5535-84x84.jpg 84w\" sizes=\"auto, (max-width: 100px) 100vw, 100px\" \/><\/a><a href=\"https:\/\/www.mojabochnia.pl\/?attachment_id=222662\" class=\"\"><img loading=\"lazy\" decoding=\"async\" width=\"100\" height=\"100\" src=\"https:\/\/www.mojabochnia.pl\/wp-content\/uploads\/2026\/04\/DSC_5542-100x100.jpg\" class=\"attachment-100x100 size-100x100\" alt=\"\" srcset=\"https:\/\/www.mojabochnia.pl\/wp-content\/uploads\/2026\/04\/DSC_5542-100x100.jpg 100w, https:\/\/www.mojabochnia.pl\/wp-content\/uploads\/2026\/04\/DSC_5542-96x96.jpg 96w, https:\/\/www.mojabochnia.pl\/wp-content\/uploads\/2026\/04\/DSC_5542-84x84.jpg 84w\" sizes=\"auto, (max-width: 100px) 100vw, 100px\" \/><\/a><a href=\"https:\/\/www.mojabochnia.pl\/?attachment_id=222663\" class=\"\"><img loading=\"lazy\" decoding=\"async\" width=\"100\" height=\"100\" src=\"https:\/\/www.mojabochnia.pl\/wp-content\/uploads\/2026\/04\/DSC_5544-100x100.jpg\" class=\"attachment-100x100 size-100x100\" alt=\"\" srcset=\"https:\/\/www.mojabochnia.pl\/wp-content\/uploads\/2026\/04\/DSC_5544-100x100.jpg 100w, https:\/\/www.mojabochnia.pl\/wp-content\/uploads\/2026\/04\/DSC_5544-96x96.jpg 96w, https:\/\/www.mojabochnia.pl\/wp-content\/uploads\/2026\/04\/DSC_5544-84x84.jpg 84w\" sizes=\"auto, (max-width: 100px) 100vw, 100px\" \/><\/a><a href=\"https:\/\/www.mojabochnia.pl\/?attachment_id=222664\" class=\"\"><img loading=\"lazy\" decoding=\"async\" width=\"100\" height=\"100\" src=\"https:\/\/www.mojabochnia.pl\/wp-content\/uploads\/2026\/04\/DSC_5547-100x100.jpg\" class=\"attachment-100x100 size-100x100\" alt=\"\" srcset=\"https:\/\/www.mojabochnia.pl\/wp-content\/uploads\/2026\/04\/DSC_5547-100x100.jpg 100w, https:\/\/www.mojabochnia.pl\/wp-content\/uploads\/2026\/04\/DSC_5547-96x96.jpg 96w, https:\/\/www.mojabochnia.pl\/wp-content\/uploads\/2026\/04\/DSC_5547-84x84.jpg 84w\" sizes=\"auto, (max-width: 100px) 100vw, 100px\" \/><\/a><a href=\"https:\/\/www.mojabochnia.pl\/?attachment_id=222665\" class=\"\"><img loading=\"lazy\" decoding=\"async\" width=\"100\" height=\"100\" src=\"https:\/\/www.mojabochnia.pl\/wp-content\/uploads\/2026\/04\/DSC_5555-100x100.jpg\" class=\"attachment-100x100 size-100x100\" alt=\"\" srcset=\"https:\/\/www.mojabochnia.pl\/wp-content\/uploads\/2026\/04\/DSC_5555-100x100.jpg 100w, https:\/\/www.mojabochnia.pl\/wp-content\/uploads\/2026\/04\/DSC_5555-96x96.jpg 96w, https:\/\/www.mojabochnia.pl\/wp-content\/uploads\/2026\/04\/DSC_5555-84x84.jpg 84w\" sizes=\"auto, (max-width: 100px) 100vw, 100px\" \/><\/a><a href=\"https:\/\/www.mojabochnia.pl\/?attachment_id=222666\" class=\"\"><img loading=\"lazy\" decoding=\"async\" width=\"100\" height=\"100\" src=\"https:\/\/www.mojabochnia.pl\/wp-content\/uploads\/2026\/04\/DSC_5569-100x100.jpg\" class=\"attachment-100x100 size-100x100\" alt=\"\" srcset=\"https:\/\/www.mojabochnia.pl\/wp-content\/uploads\/2026\/04\/DSC_5569-100x100.jpg 100w, https:\/\/www.mojabochnia.pl\/wp-content\/uploads\/2026\/04\/DSC_5569-96x96.jpg 96w, https:\/\/www.mojabochnia.pl\/wp-content\/uploads\/2026\/04\/DSC_5569-84x84.jpg 84w\" sizes=\"auto, (max-width: 100px) 100vw, 100px\" \/><\/a><a href=\"https:\/\/www.mojabochnia.pl\/?attachment_id=222667\" class=\"\"><img loading=\"lazy\" decoding=\"async\" width=\"100\" height=\"100\" src=\"https:\/\/www.mojabochnia.pl\/wp-content\/uploads\/2026\/04\/DSC_5587-100x100.jpg\" class=\"attachment-100x100 size-100x100\" alt=\"\" srcset=\"https:\/\/www.mojabochnia.pl\/wp-content\/uploads\/2026\/04\/DSC_5587-100x100.jpg 100w, https:\/\/www.mojabochnia.pl\/wp-content\/uploads\/2026\/04\/DSC_5587-96x96.jpg 96w, https:\/\/www.mojabochnia.pl\/wp-content\/uploads\/2026\/04\/DSC_5587-84x84.jpg 84w\" sizes=\"auto, (max-width: 100px) 100vw, 100px\" \/><\/a><a href=\"https:\/\/www.mojabochnia.pl\/?attachment_id=222668\" class=\"\"><img loading=\"lazy\" decoding=\"async\" width=\"100\" height=\"100\" src=\"https:\/\/www.mojabochnia.pl\/wp-content\/uploads\/2026\/04\/DSC_5614-100x100.jpg\" class=\"attachment-100x100 size-100x100\" alt=\"\" srcset=\"https:\/\/www.mojabochnia.pl\/wp-content\/uploads\/2026\/04\/DSC_5614-100x100.jpg 100w, https:\/\/www.mojabochnia.pl\/wp-content\/uploads\/2026\/04\/DSC_5614-96x96.jpg 96w, https:\/\/www.mojabochnia.pl\/wp-content\/uploads\/2026\/04\/DSC_5614-84x84.jpg 84w\" sizes=\"auto, (max-width: 100px) 100vw, 100px\" \/><\/a><a href=\"https:\/\/www.mojabochnia.pl\/?attachment_id=222669\" class=\"\"><img loading=\"lazy\" decoding=\"async\" width=\"100\" height=\"100\" src=\"https:\/\/www.mojabochnia.pl\/wp-content\/uploads\/2026\/04\/DSC_5617-100x100.jpg\" class=\"attachment-100x100 size-100x100\" alt=\"\" srcset=\"https:\/\/www.mojabochnia.pl\/wp-content\/uploads\/2026\/04\/DSC_5617-100x100.jpg 100w, https:\/\/www.mojabochnia.pl\/wp-content\/uploads\/2026\/04\/DSC_5617-96x96.jpg 96w, https:\/\/www.mojabochnia.pl\/wp-content\/uploads\/2026\/04\/DSC_5617-84x84.jpg 84w\" sizes=\"auto, (max-width: 100px) 100vw, 100px\" \/><\/a><a href=\"https:\/\/www.mojabochnia.pl\/?attachment_id=222670\" class=\"\"><img loading=\"lazy\" decoding=\"async\" width=\"100\" height=\"100\" src=\"https:\/\/www.mojabochnia.pl\/wp-content\/uploads\/2026\/04\/DSC_5624-100x100.jpg\" class=\"attachment-100x100 size-100x100\" alt=\"\" srcset=\"https:\/\/www.mojabochnia.pl\/wp-content\/uploads\/2026\/04\/DSC_5624-100x100.jpg 100w, https:\/\/www.mojabochnia.pl\/wp-content\/uploads\/2026\/04\/DSC_5624-96x96.jpg 96w, https:\/\/www.mojabochnia.pl\/wp-content\/uploads\/2026\/04\/DSC_5624-84x84.jpg 84w\" sizes=\"auto, (max-width: 100px) 100vw, 100px\" \/><\/a><a href=\"https:\/\/www.mojabochnia.pl\/?attachment_id=222671\" class=\"\"><img loading=\"lazy\" decoding=\"async\" width=\"100\" height=\"100\" src=\"https:\/\/www.mojabochnia.pl\/wp-content\/uploads\/2026\/04\/DSC_5653-100x100.jpg\" class=\"attachment-100x100 size-100x100\" alt=\"\" srcset=\"https:\/\/www.mojabochnia.pl\/wp-content\/uploads\/2026\/04\/DSC_5653-100x100.jpg 100w, https:\/\/www.mojabochnia.pl\/wp-content\/uploads\/2026\/04\/DSC_5653-96x96.jpg 96w, https:\/\/www.mojabochnia.pl\/wp-content\/uploads\/2026\/04\/DSC_5653-84x84.jpg 84w\" sizes=\"auto, (max-width: 100px) 100vw, 100px\" \/><\/a><a href=\"https:\/\/www.mojabochnia.pl\/?attachment_id=222672\" class=\"\"><img loading=\"lazy\" decoding=\"async\" width=\"100\" height=\"100\" src=\"https:\/\/www.mojabochnia.pl\/wp-content\/uploads\/2026\/04\/DSC_5655-100x100.jpg\" class=\"attachment-100x100 size-100x100\" alt=\"\" srcset=\"https:\/\/www.mojabochnia.pl\/wp-content\/uploads\/2026\/04\/DSC_5655-100x100.jpg 100w, https:\/\/www.mojabochnia.pl\/wp-content\/uploads\/2026\/04\/DSC_5655-96x96.jpg 96w, https:\/\/www.mojabochnia.pl\/wp-content\/uploads\/2026\/04\/DSC_5655-84x84.jpg 84w\" sizes=\"auto, (max-width: 100px) 100vw, 100px\" \/><\/a><a href=\"https:\/\/www.mojabochnia.pl\/?attachment_id=222673\" class=\"\"><img loading=\"lazy\" decoding=\"async\" width=\"100\" height=\"100\" src=\"https:\/\/www.mojabochnia.pl\/wp-content\/uploads\/2026\/04\/DSC_5664-100x100.jpg\" class=\"attachment-100x100 size-100x100\" alt=\"\" srcset=\"https:\/\/www.mojabochnia.pl\/wp-content\/uploads\/2026\/04\/DSC_5664-100x100.jpg 100w, https:\/\/www.mojabochnia.pl\/wp-content\/uploads\/2026\/04\/DSC_5664-96x96.jpg 96w, https:\/\/www.mojabochnia.pl\/wp-content\/uploads\/2026\/04\/DSC_5664-84x84.jpg 84w\" sizes=\"auto, (max-width: 100px) 100vw, 100px\" \/><\/a><a href=\"https:\/\/www.mojabochnia.pl\/?attachment_id=222674\" class=\"\"><img loading=\"lazy\" decoding=\"async\" width=\"100\" height=\"100\" src=\"https:\/\/www.mojabochnia.pl\/wp-content\/uploads\/2026\/04\/DSC_5673-100x100.jpg\" class=\"attachment-100x100 size-100x100\" alt=\"\" srcset=\"https:\/\/www.mojabochnia.pl\/wp-content\/uploads\/2026\/04\/DSC_5673-100x100.jpg 100w, https:\/\/www.mojabochnia.pl\/wp-content\/uploads\/2026\/04\/DSC_5673-96x96.jpg 96w, https:\/\/www.mojabochnia.pl\/wp-content\/uploads\/2026\/04\/DSC_5673-84x84.jpg 84w\" sizes=\"auto, (max-width: 100px) 100vw, 100px\" \/><\/a><a href=\"https:\/\/www.mojabochnia.pl\/?attachment_id=222675\" class=\"\"><img loading=\"lazy\" decoding=\"async\" width=\"100\" height=\"100\" src=\"https:\/\/www.mojabochnia.pl\/wp-content\/uploads\/2026\/04\/DSC_5765-100x100.jpg\" class=\"attachment-100x100 size-100x100\" alt=\"\" srcset=\"https:\/\/www.mojabochnia.pl\/wp-content\/uploads\/2026\/04\/DSC_5765-100x100.jpg 100w, https:\/\/www.mojabochnia.pl\/wp-content\/uploads\/2026\/04\/DSC_5765-96x96.jpg 96w, https:\/\/www.mojabochnia.pl\/wp-content\/uploads\/2026\/04\/DSC_5765-84x84.jpg 84w\" sizes=\"auto, (max-width: 100px) 100vw, 100px\" \/><\/a><a href=\"https:\/\/www.mojabochnia.pl\/?attachment_id=222676\" class=\"\"><img loading=\"lazy\" decoding=\"async\" width=\"100\" height=\"100\" src=\"https:\/\/www.mojabochnia.pl\/wp-content\/uploads\/2026\/04\/DSC_5779-100x100.jpg\" class=\"attachment-100x100 size-100x100\" alt=\"\" srcset=\"https:\/\/www.mojabochnia.pl\/wp-content\/uploads\/2026\/04\/DSC_5779-100x100.jpg 100w, https:\/\/www.mojabochnia.pl\/wp-content\/uploads\/2026\/04\/DSC_5779-96x96.jpg 96w, https:\/\/www.mojabochnia.pl\/wp-content\/uploads\/2026\/04\/DSC_5779-84x84.jpg 84w\" sizes=\"auto, (max-width: 100px) 100vw, 100px\" \/><\/a><a href=\"https:\/\/www.mojabochnia.pl\/?attachment_id=222677\" class=\"\"><img loading=\"lazy\" decoding=\"async\" width=\"100\" height=\"100\" src=\"https:\/\/www.mojabochnia.pl\/wp-content\/uploads\/2026\/04\/DSC_9459-100x100.jpg\" class=\"attachment-100x100 size-100x100\" alt=\"\" srcset=\"https:\/\/www.mojabochnia.pl\/wp-content\/uploads\/2026\/04\/DSC_9459-100x100.jpg 100w, https:\/\/www.mojabochnia.pl\/wp-content\/uploads\/2026\/04\/DSC_9459-96x96.jpg 96w, https:\/\/www.mojabochnia.pl\/wp-content\/uploads\/2026\/04\/DSC_9459-84x84.jpg 84w\" sizes=\"auto, (max-width: 100px) 100vw, 100px\" \/><\/a><a href=\"https:\/\/www.mojabochnia.pl\/?attachment_id=222678\" class=\"\"><img loading=\"lazy\" decoding=\"async\" width=\"100\" height=\"100\" src=\"https:\/\/www.mojabochnia.pl\/wp-content\/uploads\/2026\/04\/DSC_9499-100x100.jpg\" class=\"attachment-100x100 size-100x100\" alt=\"\" srcset=\"https:\/\/www.mojabochnia.pl\/wp-content\/uploads\/2026\/04\/DSC_9499-100x100.jpg 100w, https:\/\/www.mojabochnia.pl\/wp-content\/uploads\/2026\/04\/DSC_9499-96x96.jpg 96w, https:\/\/www.mojabochnia.pl\/wp-content\/uploads\/2026\/04\/DSC_9499-84x84.jpg 84w\" sizes=\"auto, (max-width: 100px) 100vw, 100px\" \/><\/a><a href=\"https:\/\/www.mojabochnia.pl\/?attachment_id=222679\" class=\"\"><img loading=\"lazy\" decoding=\"async\" width=\"100\" height=\"100\" src=\"https:\/\/www.mojabochnia.pl\/wp-content\/uploads\/2026\/04\/DSC_9506-100x100.jpg\" class=\"attachment-100x100 size-100x100\" alt=\"\" srcset=\"https:\/\/www.mojabochnia.pl\/wp-content\/uploads\/2026\/04\/DSC_9506-100x100.jpg 100w, https:\/\/www.mojabochnia.pl\/wp-content\/uploads\/2026\/04\/DSC_9506-96x96.jpg 96w, https:\/\/www.mojabochnia.pl\/wp-content\/uploads\/2026\/04\/DSC_9506-84x84.jpg 84w\" sizes=\"auto, (max-width: 100px) 100vw, 100px\" \/><\/a><a href=\"https:\/\/www.mojabochnia.pl\/?attachment_id=222680\" class=\"\"><img loading=\"lazy\" decoding=\"async\" width=\"100\" height=\"100\" src=\"https:\/\/www.mojabochnia.pl\/wp-content\/uploads\/2026\/04\/DSC_9520-100x100.jpg\" class=\"attachment-100x100 size-100x100\" alt=\"\" srcset=\"https:\/\/www.mojabochnia.pl\/wp-content\/uploads\/2026\/04\/DSC_9520-100x100.jpg 100w, https:\/\/www.mojabochnia.pl\/wp-content\/uploads\/2026\/04\/DSC_9520-96x96.jpg 96w, https:\/\/www.mojabochnia.pl\/wp-content\/uploads\/2026\/04\/DSC_9520-84x84.jpg 84w\" sizes=\"auto, (max-width: 100px) 100vw, 100px\" \/><\/a><a href=\"https:\/\/www.mojabochnia.pl\/?attachment_id=222681\" class=\"\"><img loading=\"lazy\" decoding=\"async\" width=\"100\" height=\"100\" src=\"https:\/\/www.mojabochnia.pl\/wp-content\/uploads\/2026\/04\/DSC_9536-100x100.jpg\" class=\"attachment-100x100 size-100x100\" alt=\"\" srcset=\"https:\/\/www.mojabochnia.pl\/wp-content\/uploads\/2026\/04\/DSC_9536-100x100.jpg 100w, https:\/\/www.mojabochnia.pl\/wp-content\/uploads\/2026\/04\/DSC_9536-96x96.jpg 96w, https:\/\/www.mojabochnia.pl\/wp-content\/uploads\/2026\/04\/DSC_9536-84x84.jpg 84w\" sizes=\"auto, (max-width: 100px) 100vw, 100px\" \/><\/a><a href=\"https:\/\/www.mojabochnia.pl\/?attachment_id=222682\" class=\"\"><img loading=\"lazy\" decoding=\"async\" width=\"100\" height=\"100\" src=\"https:\/\/www.mojabochnia.pl\/wp-content\/uploads\/2026\/04\/DSC_9545-100x100.jpg\" class=\"attachment-100x100 size-100x100\" alt=\"\" srcset=\"https:\/\/www.mojabochnia.pl\/wp-content\/uploads\/2026\/04\/DSC_9545-100x100.jpg 100w, https:\/\/www.mojabochnia.pl\/wp-content\/uploads\/2026\/04\/DSC_9545-96x96.jpg 96w, https:\/\/www.mojabochnia.pl\/wp-content\/uploads\/2026\/04\/DSC_9545-84x84.jpg 84w\" sizes=\"auto, (max-width: 100px) 100vw, 100px\" \/><\/a><a href=\"https:\/\/www.mojabochnia.pl\/?attachment_id=222683\" class=\"\"><img loading=\"lazy\" decoding=\"async\" width=\"100\" height=\"100\" src=\"https:\/\/www.mojabochnia.pl\/wp-content\/uploads\/2026\/04\/DSC_9557-100x100.jpg\" class=\"attachment-100x100 size-100x100\" alt=\"\" srcset=\"https:\/\/www.mojabochnia.pl\/wp-content\/uploads\/2026\/04\/DSC_9557-100x100.jpg 100w, https:\/\/www.mojabochnia.pl\/wp-content\/uploads\/2026\/04\/DSC_9557-96x96.jpg 96w, https:\/\/www.mojabochnia.pl\/wp-content\/uploads\/2026\/04\/DSC_9557-84x84.jpg 84w\" sizes=\"auto, (max-width: 100px) 100vw, 100px\" \/><\/a><a href=\"https:\/\/www.mojabochnia.pl\/?attachment_id=222684\" class=\"\"><img loading=\"lazy\" decoding=\"async\" width=\"100\" height=\"100\" src=\"https:\/\/www.mojabochnia.pl\/wp-content\/uploads\/2026\/04\/DSC_9563-100x100.jpg\" class=\"attachment-100x100 size-100x100\" alt=\"\" srcset=\"https:\/\/www.mojabochnia.pl\/wp-content\/uploads\/2026\/04\/DSC_9563-100x100.jpg 100w, https:\/\/www.mojabochnia.pl\/wp-content\/uploads\/2026\/04\/DSC_9563-96x96.jpg 96w, https:\/\/www.mojabochnia.pl\/wp-content\/uploads\/2026\/04\/DSC_9563-84x84.jpg 84w\" sizes=\"auto, (max-width: 100px) 100vw, 100px\" \/><\/a><a href=\"https:\/\/www.mojabochnia.pl\/?attachment_id=222685\" class=\"\"><img loading=\"lazy\" decoding=\"async\" width=\"100\" height=\"100\" src=\"https:\/\/www.mojabochnia.pl\/wp-content\/uploads\/2026\/04\/DSC_9565-100x100.jpg\" class=\"attachment-100x100 size-100x100\" alt=\"\" srcset=\"https:\/\/www.mojabochnia.pl\/wp-content\/uploads\/2026\/04\/DSC_9565-100x100.jpg 100w, https:\/\/www.mojabochnia.pl\/wp-content\/uploads\/2026\/04\/DSC_9565-96x96.jpg 96w, https:\/\/www.mojabochnia.pl\/wp-content\/uploads\/2026\/04\/DSC_9565-84x84.jpg 84w\" sizes=\"auto, (max-width: 100px) 100vw, 100px\" \/><\/a><a href=\"https:\/\/www.mojabochnia.pl\/?attachment_id=222686\" class=\"\"><img loading=\"lazy\" decoding=\"async\" width=\"100\" height=\"100\" src=\"https:\/\/www.mojabochnia.pl\/wp-content\/uploads\/2026\/04\/DSC_9571-100x100.jpg\" class=\"attachment-100x100 size-100x100\" alt=\"\" srcset=\"https:\/\/www.mojabochnia.pl\/wp-content\/uploads\/2026\/04\/DSC_9571-100x100.jpg 100w, https:\/\/www.mojabochnia.pl\/wp-content\/uploads\/2026\/04\/DSC_9571-96x96.jpg 96w, https:\/\/www.mojabochnia.pl\/wp-content\/uploads\/2026\/04\/DSC_9571-84x84.jpg 84w\" sizes=\"auto, (max-width: 100px) 100vw, 100px\" \/><\/a><a href=\"https:\/\/www.mojabochnia.pl\/?attachment_id=222687\" class=\"\"><img loading=\"lazy\" decoding=\"async\" width=\"100\" height=\"100\" src=\"https:\/\/www.mojabochnia.pl\/wp-content\/uploads\/2026\/04\/DSC_9580-100x100.jpg\" class=\"attachment-100x100 size-100x100\" alt=\"\" srcset=\"https:\/\/www.mojabochnia.pl\/wp-content\/uploads\/2026\/04\/DSC_9580-100x100.jpg 100w, https:\/\/www.mojabochnia.pl\/wp-content\/uploads\/2026\/04\/DSC_9580-96x96.jpg 96w, https:\/\/www.mojabochnia.pl\/wp-content\/uploads\/2026\/04\/DSC_9580-84x84.jpg 84w\" sizes=\"auto, (max-width: 100px) 100vw, 100px\" \/><\/a><a href=\"https:\/\/www.mojabochnia.pl\/?attachment_id=222688\" class=\"\"><img loading=\"lazy\" decoding=\"async\" width=\"100\" height=\"100\" src=\"https:\/\/www.mojabochnia.pl\/wp-content\/uploads\/2026\/04\/DSC_9585-100x100.jpg\" class=\"attachment-100x100 size-100x100\" alt=\"\" srcset=\"https:\/\/www.mojabochnia.pl\/wp-content\/uploads\/2026\/04\/DSC_9585-100x100.jpg 100w, https:\/\/www.mojabochnia.pl\/wp-content\/uploads\/2026\/04\/DSC_9585-96x96.jpg 96w, https:\/\/www.mojabochnia.pl\/wp-content\/uploads\/2026\/04\/DSC_9585-84x84.jpg 84w\" sizes=\"auto, (max-width: 100px) 100vw, 100px\" \/><\/a><a href=\"https:\/\/www.mojabochnia.pl\/?attachment_id=222689\" class=\"\"><img loading=\"lazy\" decoding=\"async\" width=\"100\" height=\"100\" src=\"https:\/\/www.mojabochnia.pl\/wp-content\/uploads\/2026\/04\/DSC_9587-100x100.jpg\" class=\"attachment-100x100 size-100x100\" alt=\"\" srcset=\"https:\/\/www.mojabochnia.pl\/wp-content\/uploads\/2026\/04\/DSC_9587-100x100.jpg 100w, https:\/\/www.mojabochnia.pl\/wp-content\/uploads\/2026\/04\/DSC_9587-96x96.jpg 96w, https:\/\/www.mojabochnia.pl\/wp-content\/uploads\/2026\/04\/DSC_9587-84x84.jpg 84w\" sizes=\"auto, (max-width: 100px) 100vw, 100px\" \/><\/a><a href=\"https:\/\/www.mojabochnia.pl\/?attachment_id=222690\" class=\"\"><img loading=\"lazy\" decoding=\"async\" width=\"100\" height=\"100\" src=\"https:\/\/www.mojabochnia.pl\/wp-content\/uploads\/2026\/04\/DSC_9601-100x100.jpg\" class=\"attachment-100x100 size-100x100\" alt=\"\" srcset=\"https:\/\/www.mojabochnia.pl\/wp-content\/uploads\/2026\/04\/DSC_9601-100x100.jpg 100w, https:\/\/www.mojabochnia.pl\/wp-content\/uploads\/2026\/04\/DSC_9601-96x96.jpg 96w, https:\/\/www.mojabochnia.pl\/wp-content\/uploads\/2026\/04\/DSC_9601-84x84.jpg 84w\" sizes=\"auto, (max-width: 100px) 100vw, 100px\" \/><\/a><a href=\"https:\/\/www.mojabochnia.pl\/?attachment_id=222691\" class=\"\"><img loading=\"lazy\" decoding=\"async\" width=\"100\" height=\"100\" src=\"https:\/\/www.mojabochnia.pl\/wp-content\/uploads\/2026\/04\/DSC_9611-100x100.jpg\" class=\"attachment-100x100 size-100x100\" alt=\"\" srcset=\"https:\/\/www.mojabochnia.pl\/wp-content\/uploads\/2026\/04\/DSC_9611-100x100.jpg 100w, https:\/\/www.mojabochnia.pl\/wp-content\/uploads\/2026\/04\/DSC_9611-96x96.jpg 96w, https:\/\/www.mojabochnia.pl\/wp-content\/uploads\/2026\/04\/DSC_9611-84x84.jpg 84w\" sizes=\"auto, (max-width: 100px) 100vw, 100px\" \/><\/a><a href=\"https:\/\/www.mojabochnia.pl\/?attachment_id=222692\" class=\"\"><img loading=\"lazy\" decoding=\"async\" width=\"100\" height=\"100\" src=\"https:\/\/www.mojabochnia.pl\/wp-content\/uploads\/2026\/04\/DSC_9636-100x100.jpg\" class=\"attachment-100x100 size-100x100\" alt=\"\" srcset=\"https:\/\/www.mojabochnia.pl\/wp-content\/uploads\/2026\/04\/DSC_9636-100x100.jpg 100w, https:\/\/www.mojabochnia.pl\/wp-content\/uploads\/2026\/04\/DSC_9636-96x96.jpg 96w, https:\/\/www.mojabochnia.pl\/wp-content\/uploads\/2026\/04\/DSC_9636-84x84.jpg 84w\" sizes=\"auto, (max-width: 100px) 100vw, 100px\" \/><\/a><a href=\"https:\/\/www.mojabochnia.pl\/?attachment_id=222693\" class=\"\"><img loading=\"lazy\" decoding=\"async\" width=\"100\" height=\"100\" src=\"https:\/\/www.mojabochnia.pl\/wp-content\/uploads\/2026\/04\/DSC_9648-100x100.jpg\" class=\"attachment-100x100 size-100x100\" alt=\"\" srcset=\"https:\/\/www.mojabochnia.pl\/wp-content\/uploads\/2026\/04\/DSC_9648-100x100.jpg 100w, https:\/\/www.mojabochnia.pl\/wp-content\/uploads\/2026\/04\/DSC_9648-96x96.jpg 96w, https:\/\/www.mojabochnia.pl\/wp-content\/uploads\/2026\/04\/DSC_9648-84x84.jpg 84w\" sizes=\"auto, (max-width: 100px) 100vw, 100px\" \/><\/a><a href=\"https:\/\/www.mojabochnia.pl\/?attachment_id=222694\" class=\"\"><img loading=\"lazy\" decoding=\"async\" width=\"100\" height=\"100\" src=\"https:\/\/www.mojabochnia.pl\/wp-content\/uploads\/2026\/04\/DSC_9650-100x100.jpg\" class=\"attachment-100x100 size-100x100\" alt=\"\" srcset=\"https:\/\/www.mojabochnia.pl\/wp-content\/uploads\/2026\/04\/DSC_9650-100x100.jpg 100w, https:\/\/www.mojabochnia.pl\/wp-content\/uploads\/2026\/04\/DSC_9650-96x96.jpg 96w, https:\/\/www.mojabochnia.pl\/wp-content\/uploads\/2026\/04\/DSC_9650-84x84.jpg 84w\" sizes=\"auto, (max-width: 100px) 100vw, 100px\" \/><\/a><a href=\"https:\/\/www.mojabochnia.pl\/?attachment_id=222695\" class=\"\"><img loading=\"lazy\" decoding=\"async\" width=\"100\" height=\"100\" src=\"https:\/\/www.mojabochnia.pl\/wp-content\/uploads\/2026\/04\/DSC_9684-100x100.jpg\" class=\"attachment-100x100 size-100x100\" alt=\"\" srcset=\"https:\/\/www.mojabochnia.pl\/wp-content\/uploads\/2026\/04\/DSC_9684-100x100.jpg 100w, https:\/\/www.mojabochnia.pl\/wp-content\/uploads\/2026\/04\/DSC_9684-96x96.jpg 96w, https:\/\/www.mojabochnia.pl\/wp-content\/uploads\/2026\/04\/DSC_9684-84x84.jpg 84w\" sizes=\"auto, (max-width: 100px) 100vw, 100px\" \/><\/a>\t    <\/div>\r\n\t    ","protected":false},"excerpt":{"rendered":"<p>W boche\u0144skim Mechaniku odby\u0142a si\u0119 coroczna uroczysto\u015b\u0107 po\u017cegnania maturzyst\u00f3w. \u00a0 Abiturienci w pi\u0105tek 24.04.2026, uczestniczyli w uroczystej akademii maj\u0105cej na celu pi\u0119kne zwie\u0144czenie ich nauki w szkole \u015bredniej.\u00a0Dyrektor szko\u0142y, Sylwia Zajt, w swoim przem\u00f3wieniu nawi\u0105zywa\u0142a do najciekawszych zdarze\u0144 z \u017cycia szkolnego ka\u017cdej z klas. Mow\u0119 do absolwent\u00f3w wyg\u0142osi\u0142 r\u00f3wnie\u017c starosta boche\u0144ski, Adam Korta. Nast\u0119pnie byli<\/p>\n","protected":false},"author":29,"featured_media":222679,"comment_status":"open","ping_status":"closed","sticky":false,"template":"","format":"standard","meta":{"_acf_changed":false,"footnotes":""},"categories":[5,22722,6251,6250],"tags":[2976,17884,17127,21726,17334,19720,20395],"class_list":["post-222655","post","type-post","status-publish","format-standard","has-post-thumbnail","hentry","category-biezace-wydarzenia","category-filmy","category-polityka-i-wydarzenia","category-tematyka","tag-abiturienci","tag-adam-korta","tag-powiat-bochenski","tag-sylwia-zajt","tag-szkoly","tag-top-temat","tag-zespol-szkol-nr-1-w-bochni-mechanik","main_tag-powiat-bochenski"],"acf":[],"yoast_head":"<!-- This site is optimized with the Yoast SEO plugin v26.9 - https:\/\/yoast.com\/product\/yoast-seo-wordpress\/ -->\n<title>Tegoroczni maturzy\u015bci zako\u0144czyli swoj\u0105 nauk\u0119 w Boche\u0144skim Zespole Szk\u00f3\u0142 nr 1 [zdj\u0119cia, video] - mojabochnia.pl - portal informacyjny<\/title>\n<meta name=\"robots\" content=\"index, follow, max-snippet:-1, max-image-preview:large, max-video-preview:-1\" \/>\n<link rel=\"canonical\" href=\"https:\/\/www.mojabochnia.pl\/?p=222655\" \/>\n<meta property=\"og:locale\" content=\"pl_PL\" \/>\n<meta property=\"og:type\" content=\"article\" \/>\n<meta property=\"og:title\" content=\"Tegoroczni maturzy\u015bci zako\u0144czyli swoj\u0105 nauk\u0119 w Boche\u0144skim Zespole Szk\u00f3\u0142 nr 1 [zdj\u0119cia, video] - mojabochnia.pl - portal informacyjny\" \/>\n<meta property=\"og:description\" content=\"W boche\u0144skim Mechaniku odby\u0142a si\u0119 coroczna uroczysto\u015b\u0107 po\u017cegnania maturzyst\u00f3w. \u00a0 Abiturienci w pi\u0105tek 24.04.2026, uczestniczyli w uroczystej akademii maj\u0105cej na celu pi\u0119kne zwie\u0144czenie ich nauki w szkole \u015bredniej.\u00a0Dyrektor szko\u0142y, Sylwia Zajt, w swoim przem\u00f3wieniu nawi\u0105zywa\u0142a do najciekawszych zdarze\u0144 z \u017cycia szkolnego ka\u017cdej z klas. Mow\u0119 do absolwent\u00f3w wyg\u0142osi\u0142 r\u00f3wnie\u017c starosta boche\u0144ski, Adam Korta. Nast\u0119pnie byli\" \/>\n<meta property=\"og:url\" content=\"https:\/\/www.mojabochnia.pl\/?p=222655\" \/>\n<meta property=\"og:site_name\" content=\"mojabochnia.pl - portal informacyjny\" \/>\n<meta property=\"article:publisher\" content=\"https:\/\/www.facebook.com\/mojabochnia\" \/>\n<meta property=\"article:published_time\" content=\"2026-04-29T04:05:36+00:00\" \/>\n<meta property=\"article:modified_time\" content=\"2026-04-29T04:12:07+00:00\" \/>\n<meta property=\"og:image\" content=\"https:\/\/www.mojabochnia.pl\/wp-content\/uploads\/2026\/04\/DSC_9506.jpg\" \/>\n\t<meta property=\"og:image:width\" content=\"1500\" \/>\n\t<meta property=\"og:image:height\" content=\"1001\" \/>\n\t<meta property=\"og:image:type\" content=\"image\/jpeg\" \/>\n<meta name=\"author\" content=\"Marcin Kalinowski\" \/>\n<meta name=\"twitter:card\" content=\"summary_large_image\" \/>\n<meta name=\"twitter:label1\" content=\"Written by\" \/>\n\t<meta name=\"twitter:data1\" content=\"Marcin Kalinowski\" \/>\n\t<meta name=\"twitter:label2\" content=\"Est. reading time\" \/>\n\t<meta name=\"twitter:data2\" content=\"1 minuta\" \/>\n<script type=\"application\/ld+json\" class=\"yoast-schema-graph\">{\"@context\":\"https:\/\/schema.org\",\"@graph\":[{\"@type\":\"Article\",\"@id\":\"https:\/\/www.mojabochnia.pl\/?p=222655#article\",\"isPartOf\":{\"@id\":\"https:\/\/www.mojabochnia.pl\/?p=222655\"},\"author\":{\"name\":\"Marcin Kalinowski\",\"@id\":\"https:\/\/www.mojabochnia.pl\/#\/schema\/person\/d4c758656c81ae00e6496831fe7b0792\"},\"headline\":\"Tegoroczni maturzy\u015bci zako\u0144czyli swoj\u0105 nauk\u0119 w Boche\u0144skim Zespole Szk\u00f3\u0142 nr 1 [zdj\u0119cia, video]\",\"datePublished\":\"2026-04-29T04:05:36+00:00\",\"dateModified\":\"2026-04-29T04:12:07+00:00\",\"mainEntityOfPage\":{\"@id\":\"https:\/\/www.mojabochnia.pl\/?p=222655\"},\"wordCount\":178,\"commentCount\":0,\"publisher\":{\"@id\":\"https:\/\/www.mojabochnia.pl\/#organization\"},\"image\":{\"@id\":\"https:\/\/www.mojabochnia.pl\/?p=222655#primaryimage\"},\"thumbnailUrl\":\"https:\/\/www.mojabochnia.pl\/wp-content\/uploads\/2026\/04\/DSC_9506.jpg\",\"keywords\":[\"abiturienci\",\"adam korta\",\"powiat boche\u0144ski\",\"sylwia zajt\",\"szko\u0142y\",\"top temat\",\"Zesp\u00f3\u0142 Szk\u00f3\u0142 Nr 1 w Bochni \u201eMechanik\u201d\"],\"articleSection\":[\"2_ostatnie\",\"Filmy\",\"polityka i wydarzenia\",\"tematyka\"],\"inLanguage\":\"pl-PL\",\"potentialAction\":[{\"@type\":\"CommentAction\",\"name\":\"Comment\",\"target\":[\"https:\/\/www.mojabochnia.pl\/?p=222655#respond\"]}]},{\"@type\":\"WebPage\",\"@id\":\"https:\/\/www.mojabochnia.pl\/?p=222655\",\"url\":\"https:\/\/www.mojabochnia.pl\/?p=222655\",\"name\":\"Tegoroczni maturzy\u015bci zako\u0144czyli swoj\u0105 nauk\u0119 w Boche\u0144skim Zespole Szk\u00f3\u0142 nr 1 [zdj\u0119cia, video] - mojabochnia.pl - portal informacyjny\",\"isPartOf\":{\"@id\":\"https:\/\/www.mojabochnia.pl\/#website\"},\"primaryImageOfPage\":{\"@id\":\"https:\/\/www.mojabochnia.pl\/?p=222655#primaryimage\"},\"image\":{\"@id\":\"https:\/\/www.mojabochnia.pl\/?p=222655#primaryimage\"},\"thumbnailUrl\":\"https:\/\/www.mojabochnia.pl\/wp-content\/uploads\/2026\/04\/DSC_9506.jpg\",\"datePublished\":\"2026-04-29T04:05:36+00:00\",\"dateModified\":\"2026-04-29T04:12:07+00:00\",\"breadcrumb\":{\"@id\":\"https:\/\/www.mojabochnia.pl\/?p=222655#breadcrumb\"},\"inLanguage\":\"pl-PL\",\"potentialAction\":[{\"@type\":\"ReadAction\",\"target\":[\"https:\/\/www.mojabochnia.pl\/?p=222655\"]}]},{\"@type\":\"ImageObject\",\"inLanguage\":\"pl-PL\",\"@id\":\"https:\/\/www.mojabochnia.pl\/?p=222655#primaryimage\",\"url\":\"https:\/\/www.mojabochnia.pl\/wp-content\/uploads\/2026\/04\/DSC_9506.jpg\",\"contentUrl\":\"https:\/\/www.mojabochnia.pl\/wp-content\/uploads\/2026\/04\/DSC_9506.jpg\",\"width\":1500,\"height\":1001,\"caption\":\"Micha\u0142 Piekarz\"},{\"@type\":\"BreadcrumbList\",\"@id\":\"https:\/\/www.mojabochnia.pl\/?p=222655#breadcrumb\",\"itemListElement\":[{\"@type\":\"ListItem\",\"position\":1,\"name\":\"Home\",\"item\":\"https:\/\/www.mojabochnia.pl\/\"},{\"@type\":\"ListItem\",\"position\":2,\"name\":\"Tegoroczni maturzy\u015bci zako\u0144czyli swoj\u0105 nauk\u0119 w Boche\u0144skim Zespole Szk\u00f3\u0142 nr 1 [zdj\u0119cia, video]\"}]},{\"@type\":\"WebSite\",\"@id\":\"https:\/\/www.mojabochnia.pl\/#website\",\"url\":\"https:\/\/www.mojabochnia.pl\/\",\"name\":\"mojabochnia.pl - portal informacyjny\",\"description\":\"mojaBochnia to portal informacyjny o Bochni. Codziennie o Bochni piszemy i pokazujemy najwa\u017cniejsze wydarzenia\",\"publisher\":{\"@id\":\"https:\/\/www.mojabochnia.pl\/#organization\"},\"potentialAction\":[{\"@type\":\"SearchAction\",\"target\":{\"@type\":\"EntryPoint\",\"urlTemplate\":\"https:\/\/www.mojabochnia.pl\/?s={search_term_string}\"},\"query-input\":{\"@type\":\"PropertyValueSpecification\",\"valueRequired\":true,\"valueName\":\"search_term_string\"}}],\"inLanguage\":\"pl-PL\"},{\"@type\":\"Organization\",\"@id\":\"https:\/\/www.mojabochnia.pl\/#organization\",\"name\":\"mojabochnia.pl - portal informacyjny\",\"url\":\"https:\/\/www.mojabochnia.pl\/\",\"logo\":{\"@type\":\"ImageObject\",\"inLanguage\":\"pl-PL\",\"@id\":\"https:\/\/www.mojabochnia.pl\/#\/schema\/logo\/image\/\",\"url\":\"https:\/\/www.mojabochnia.pl\/wp-content\/uploads\/2017\/08\/logo-mb-opt.png\",\"contentUrl\":\"https:\/\/www.mojabochnia.pl\/wp-content\/uploads\/2017\/08\/logo-mb-opt.png\",\"width\":250,\"height\":48,\"caption\":\"mojabochnia.pl - portal informacyjny\"},\"image\":{\"@id\":\"https:\/\/www.mojabochnia.pl\/#\/schema\/logo\/image\/\"},\"sameAs\":[\"https:\/\/www.facebook.com\/mojabochnia\"]},{\"@type\":\"Person\",\"@id\":\"https:\/\/www.mojabochnia.pl\/#\/schema\/person\/d4c758656c81ae00e6496831fe7b0792\",\"name\":\"Marcin Kalinowski\",\"url\":\"https:\/\/www.mojabochnia.pl\/?author=29\"}]}<\/script>\n<!-- \/ Yoast SEO plugin. -->","yoast_head_json":{"title":"Tegoroczni maturzy\u015bci zako\u0144czyli swoj\u0105 nauk\u0119 w Boche\u0144skim Zespole Szk\u00f3\u0142 nr 1 [zdj\u0119cia, video] - mojabochnia.pl - portal informacyjny","robots":{"index":"index","follow":"follow","max-snippet":"max-snippet:-1","max-image-preview":"max-image-preview:large","max-video-preview":"max-video-preview:-1"},"canonical":"https:\/\/www.mojabochnia.pl\/?p=222655","og_locale":"pl_PL","og_type":"article","og_title":"Tegoroczni maturzy\u015bci zako\u0144czyli swoj\u0105 nauk\u0119 w Boche\u0144skim Zespole Szk\u00f3\u0142 nr 1 [zdj\u0119cia, video] - mojabochnia.pl - portal informacyjny","og_description":"W boche\u0144skim Mechaniku odby\u0142a si\u0119 coroczna uroczysto\u015b\u0107 po\u017cegnania maturzyst\u00f3w. \u00a0 Abiturienci w pi\u0105tek 24.04.2026, uczestniczyli w uroczystej akademii maj\u0105cej na celu pi\u0119kne zwie\u0144czenie ich nauki w szkole \u015bredniej.\u00a0Dyrektor szko\u0142y, Sylwia Zajt, w swoim przem\u00f3wieniu nawi\u0105zywa\u0142a do najciekawszych zdarze\u0144 z \u017cycia szkolnego ka\u017cdej z klas. Mow\u0119 do absolwent\u00f3w wyg\u0142osi\u0142 r\u00f3wnie\u017c starosta boche\u0144ski, Adam Korta. Nast\u0119pnie byli","og_url":"https:\/\/www.mojabochnia.pl\/?p=222655","og_site_name":"mojabochnia.pl - portal informacyjny","article_publisher":"https:\/\/www.facebook.com\/mojabochnia","article_published_time":"2026-04-29T04:05:36+00:00","article_modified_time":"2026-04-29T04:12:07+00:00","og_image":[{"width":1500,"height":1001,"url":"https:\/\/www.mojabochnia.pl\/wp-content\/uploads\/2026\/04\/DSC_9506.jpg","type":"image\/jpeg"}],"author":"Marcin Kalinowski","twitter_card":"summary_large_image","twitter_misc":{"Written by":"Marcin Kalinowski","Est. reading time":"1 minuta"},"schema":{"@context":"https:\/\/schema.org","@graph":[{"@type":"Article","@id":"https:\/\/www.mojabochnia.pl\/?p=222655#article","isPartOf":{"@id":"https:\/\/www.mojabochnia.pl\/?p=222655"},"author":{"name":"Marcin Kalinowski","@id":"https:\/\/www.mojabochnia.pl\/#\/schema\/person\/d4c758656c81ae00e6496831fe7b0792"},"headline":"Tegoroczni maturzy\u015bci zako\u0144czyli swoj\u0105 nauk\u0119 w Boche\u0144skim Zespole Szk\u00f3\u0142 nr 1 [zdj\u0119cia, video]","datePublished":"2026-04-29T04:05:36+00:00","dateModified":"2026-04-29T04:12:07+00:00","mainEntityOfPage":{"@id":"https:\/\/www.mojabochnia.pl\/?p=222655"},"wordCount":178,"commentCount":0,"publisher":{"@id":"https:\/\/www.mojabochnia.pl\/#organization"},"image":{"@id":"https:\/\/www.mojabochnia.pl\/?p=222655#primaryimage"},"thumbnailUrl":"https:\/\/www.mojabochnia.pl\/wp-content\/uploads\/2026\/04\/DSC_9506.jpg","keywords":["abiturienci","adam korta","powiat boche\u0144ski","sylwia zajt","szko\u0142y","top temat","Zesp\u00f3\u0142 Szk\u00f3\u0142 Nr 1 w Bochni \u201eMechanik\u201d"],"articleSection":["2_ostatnie","Filmy","polityka i wydarzenia","tematyka"],"inLanguage":"pl-PL","potentialAction":[{"@type":"CommentAction","name":"Comment","target":["https:\/\/www.mojabochnia.pl\/?p=222655#respond"]}]},{"@type":"WebPage","@id":"https:\/\/www.mojabochnia.pl\/?p=222655","url":"https:\/\/www.mojabochnia.pl\/?p=222655","name":"Tegoroczni maturzy\u015bci zako\u0144czyli swoj\u0105 nauk\u0119 w Boche\u0144skim Zespole Szk\u00f3\u0142 nr 1 [zdj\u0119cia, video] - mojabochnia.pl - portal informacyjny","isPartOf":{"@id":"https:\/\/www.mojabochnia.pl\/#website"},"primaryImageOfPage":{"@id":"https:\/\/www.mojabochnia.pl\/?p=222655#primaryimage"},"image":{"@id":"https:\/\/www.mojabochnia.pl\/?p=222655#primaryimage"},"thumbnailUrl":"https:\/\/www.mojabochnia.pl\/wp-content\/uploads\/2026\/04\/DSC_9506.jpg","datePublished":"2026-04-29T04:05:36+00:00","dateModified":"2026-04-29T04:12:07+00:00","breadcrumb":{"@id":"https:\/\/www.mojabochnia.pl\/?p=222655#breadcrumb"},"inLanguage":"pl-PL","potentialAction":[{"@type":"ReadAction","target":["https:\/\/www.mojabochnia.pl\/?p=222655"]}]},{"@type":"ImageObject","inLanguage":"pl-PL","@id":"https:\/\/www.mojabochnia.pl\/?p=222655#primaryimage","url":"https:\/\/www.mojabochnia.pl\/wp-content\/uploads\/2026\/04\/DSC_9506.jpg","contentUrl":"https:\/\/www.mojabochnia.pl\/wp-content\/uploads\/2026\/04\/DSC_9506.jpg","width":1500,"height":1001,"caption":"Micha\u0142 Piekarz"},{"@type":"BreadcrumbList","@id":"https:\/\/www.mojabochnia.pl\/?p=222655#breadcrumb","itemListElement":[{"@type":"ListItem","position":1,"name":"Home","item":"https:\/\/www.mojabochnia.pl\/"},{"@type":"ListItem","position":2,"name":"Tegoroczni maturzy\u015bci zako\u0144czyli swoj\u0105 nauk\u0119 w Boche\u0144skim Zespole Szk\u00f3\u0142 nr 1 [zdj\u0119cia, video]"}]},{"@type":"WebSite","@id":"https:\/\/www.mojabochnia.pl\/#website","url":"https:\/\/www.mojabochnia.pl\/","name":"mojabochnia.pl - portal informacyjny","description":"mojaBochnia to portal informacyjny o Bochni. Codziennie o Bochni piszemy i pokazujemy najwa\u017cniejsze wydarzenia","publisher":{"@id":"https:\/\/www.mojabochnia.pl\/#organization"},"potentialAction":[{"@type":"SearchAction","target":{"@type":"EntryPoint","urlTemplate":"https:\/\/www.mojabochnia.pl\/?s={search_term_string}"},"query-input":{"@type":"PropertyValueSpecification","valueRequired":true,"valueName":"search_term_string"}}],"inLanguage":"pl-PL"},{"@type":"Organization","@id":"https:\/\/www.mojabochnia.pl\/#organization","name":"mojabochnia.pl - portal informacyjny","url":"https:\/\/www.mojabochnia.pl\/","logo":{"@type":"ImageObject","inLanguage":"pl-PL","@id":"https:\/\/www.mojabochnia.pl\/#\/schema\/logo\/image\/","url":"https:\/\/www.mojabochnia.pl\/wp-content\/uploads\/2017\/08\/logo-mb-opt.png","contentUrl":"https:\/\/www.mojabochnia.pl\/wp-content\/uploads\/2017\/08\/logo-mb-opt.png","width":250,"height":48,"caption":"mojabochnia.pl - portal informacyjny"},"image":{"@id":"https:\/\/www.mojabochnia.pl\/#\/schema\/logo\/image\/"},"sameAs":["https:\/\/www.facebook.com\/mojabochnia"]},{"@type":"Person","@id":"https:\/\/www.mojabochnia.pl\/#\/schema\/person\/d4c758656c81ae00e6496831fe7b0792","name":"Marcin Kalinowski","url":"https:\/\/www.mojabochnia.pl\/?author=29"}]}},"_links":{"self":[{"href":"https:\/\/www.mojabochnia.pl\/index.php?rest_route=\/wp\/v2\/posts\/222655","targetHints":{"allow":["GET"]}}],"collection":[{"href":"https:\/\/www.mojabochnia.pl\/index.php?rest_route=\/wp\/v2\/posts"}],"about":[{"href":"https:\/\/www.mojabochnia.pl\/index.php?rest_route=\/wp\/v2\/types\/post"}],"author":[{"embeddable":true,"href":"https:\/\/www.mojabochnia.pl\/index.php?rest_route=\/wp\/v2\/users\/29"}],"replies":[{"embeddable":true,"href":"https:\/\/www.mojabochnia.pl\/index.php?rest_route=%2Fwp%2Fv2%2Fcomments&post=222655"}],"version-history":[{"count":4,"href":"https:\/\/www.mojabochnia.pl\/index.php?rest_route=\/wp\/v2\/posts\/222655\/revisions"}],"predecessor-version":[{"id":222699,"href":"https:\/\/www.mojabochnia.pl\/index.php?rest_route=\/wp\/v2\/posts\/222655\/revisions\/222699"}],"wp:featuredmedia":[{"embeddable":true,"href":"https:\/\/www.mojabochnia.pl\/index.php?rest_route=\/wp\/v2\/media\/222679"}],"wp:attachment":[{"href":"https:\/\/www.mojabochnia.pl\/index.php?rest_route=%2Fwp%2Fv2%2Fmedia&parent=222655"}],"wp:term":[{"taxonomy":"category","embeddable":true,"href":"https:\/\/www.mojabochnia.pl\/index.php?rest_route=%2Fwp%2Fv2%2Fcategories&post=222655"},{"taxonomy":"post_tag","embeddable":true,"href":"https:\/\/www.mojabochnia.pl\/index.php?rest_route=%2Fwp%2Fv2%2Ftags&post=222655"}],"curies":[{"name":"wp","href":"https:\/\/api.w.org\/{rel}","templated":true}]}}