{"id":222579,"date":"2026-04-27T07:54:22","date_gmt":"2026-04-27T05:54:22","guid":{"rendered":"https:\/\/www.mojabochnia.pl\/?p=222579"},"modified":"2026-04-27T07:54:22","modified_gmt":"2026-04-27T05:54:22","slug":"bochnia-jutro-promocja-dwoch-ksiazek","status":"publish","type":"post","link":"https:\/\/www.mojabochnia.pl\/?p=222579","title":{"rendered":"Bochnia. Jutro promocja dw\u00f3ch ksi\u0105\u017cek"},"content":{"rendered":"<p style=\"text-align: justify;\"><strong>Wydawnictwo Regis oraz Powiatowa i Miejska Bibliotek Publiczna w Bochni zapraszaj\u0105 na spotkanie po\u015bwi\u0119cone premierze dw\u00f3ch niezwyk\u0142ych wznowie\u0144, kt\u00f3re przywracaj\u0105 czytelnikom wa\u017cne, cho\u0107 dzi\u015b nieco zapomniane g\u0142osy XIX-wiecznej literatury. Wydarzenie odb\u0119dzie si\u0119 28 kwietnia 2026 r. o godz. 17.30 w sali klubu Biblioteki.<span class=\"Apple-converted-space\">\u00a0<\/span><\/strong><\/p>\n<p style=\"text-align: justify;\">Podczas spotkania zaprezentowane zostan\u0105 dwie ksi\u0105\u017cki, kt\u00f3re w r\u00f3\u017cny spos\u00f3b opowiadaj\u0105 o do\u015bwiadczeniu historii i cz\u0142owieka.<\/p>\n<p style=\"text-align: justify;\">Pierwsza z nich to <b>\u201eKrwawe r\u0119ce\u201d <\/b>autorstwa <b>Ludwika Stasiaka<\/b> \u2013 poruszaj\u0105ca powie\u015b\u0107 historyczna osadzona w realiach rzezi galicyjskiej w 1846 roku, kt\u00f3rej akcja rozgrywa si\u0119 mi\u0119dzy innymi w Bochni i w cyrkule boche\u0144skim. Autor, znany tak\u017ce jako malarz, historyk sztuki i wydawca, tworzy wielowymiarowy obraz spo\u0142ecze\u0144stwa rozdartego mi\u0119dzy polityk\u0105 zaborcy a wewn\u0119trznymi podzia\u0142ami. Na tle dramatycznych wydarze\u0144 ukazuje losy ludzi uwik\u0142anych w brutaln\u0105 rzeczywisto\u015b\u0107 \u2013 od urz\u0119dnik\u00f3w i powsta\u0144c\u00f3w krakowskich po zwyk\u0142ych mieszka\u0144c\u00f3w. To opowie\u015b\u0107 o manipulacji, zdradzie, ale te\u017c o moralnych wyborach i konsekwencjach rozbicia wsp\u00f3lnoty.<\/p>\n<p style=\"text-align: justify;\">Drug\u0105 prezentowan\u0105 ksi\u0105\u017ck\u0105 b\u0119d\u0105 \u201e<b>Wspomnienia z pielgrzymki do Ziemi \u015awi\u0119tej w roku 1859 odbytej<\/b>\u201d autorstwa ksi\u0119dza <b>Feliksa Gondka<\/b>. To wyj\u0105tkowe \u015bwiadectwo podr\u00f3\u017cy galicyjskiego proboszcza, kt\u00f3ry z Krzy\u017canowic ko\u0142o Bochni wyrusza w dalek\u0105 drog\u0119 przez Europ\u0119 i Bliski Wsch\u00f3d. Jego relacja \u0142\u0105czy w sobie obserwacj\u0119 \u015bwiata, refleksj\u0119 religijn\u0105 i osobiste do\u015bwiadczenia pielgrzyma. Czytelnik odnajdzie tu zar\u00f3wno opisy egzotycznych miejsc i spotka\u0144, jak i g\u0142\u0119bok\u0105, duchow\u0105 narracj\u0119 o wierze, przemijaniu i poszukiwaniu sensu.<\/p>\n<p style=\"text-align: justify;\">Obie publikacje to nie tylko powr\u00f3t do wa\u017cnych tekst\u00f3w, ale tak\u017ce zaproszenie do refleksji nad histori\u0105, to\u017csamo\u015bci\u0105 i ludzkim do\u015bwiadczeniem.<\/p>\n<p style=\"text-align: justify;\">Serdecznie zapraszamy do udzia\u0142u w spotkaniu, wst\u0119p wolny! Na spotkaniu b\u0119dzie mo\u017cna zakupi\u0107 promowane ksi\u0105\u017cki.<\/p>\n","protected":false},"excerpt":{"rendered":"<p>Wydawnictwo Regis oraz Powiatowa i Miejska Bibliotek Publiczna w Bochni zapraszaj\u0105 na spotkanie po\u015bwi\u0119cone premierze dw\u00f3ch niezwyk\u0142ych wznowie\u0144, kt\u00f3re przywracaj\u0105 czytelnikom wa\u017cne, cho\u0107 dzi\u015b nieco zapomniane g\u0142osy XIX-wiecznej literatury. Wydarzenie odb\u0119dzie si\u0119 28 kwietnia 2026 r. o godz. 17.30 w sali klubu Biblioteki.\u00a0 Podczas spotkania zaprezentowane zostan\u0105 dwie ksi\u0105\u017cki, kt\u00f3re w r\u00f3\u017cny spos\u00f3b opowiadaj\u0105 o<\/p>\n","protected":false},"author":29,"featured_media":222582,"comment_status":"open","ping_status":"closed","sticky":false,"template":"","format":"standard","meta":{"_acf_changed":false,"footnotes":""},"categories":[5,92,6251,6250],"tags":[5227,17269,22753,478,15512],"class_list":["post-222579","post","type-post","status-publish","format-standard","has-post-thumbnail","hentry","category-biezace-wydarzenia","category-kultura","category-polityka-i-wydarzenia","category-tematyka","tag-biblioteka-miejska-w-bochni","tag-bochnia","tag-felka-gondek","tag-ludwik-stasiak","tag-wydawnictwo-regis","main_tag-bochnia"],"acf":[],"yoast_head":"<!-- This site is optimized with the Yoast SEO plugin v26.9 - https:\/\/yoast.com\/product\/yoast-seo-wordpress\/ -->\n<title>Bochnia. Jutro promocja dw\u00f3ch ksi\u0105\u017cek - mojabochnia.pl - portal informacyjny<\/title>\n<meta name=\"robots\" content=\"index, follow, max-snippet:-1, max-image-preview:large, max-video-preview:-1\" \/>\n<link rel=\"canonical\" href=\"https:\/\/www.mojabochnia.pl\/?p=222579\" \/>\n<meta property=\"og:locale\" content=\"pl_PL\" \/>\n<meta property=\"og:type\" content=\"article\" \/>\n<meta property=\"og:title\" content=\"Bochnia. Jutro promocja dw\u00f3ch ksi\u0105\u017cek - mojabochnia.pl - portal informacyjny\" \/>\n<meta property=\"og:description\" content=\"Wydawnictwo Regis oraz Powiatowa i Miejska Bibliotek Publiczna w Bochni zapraszaj\u0105 na spotkanie po\u015bwi\u0119cone premierze dw\u00f3ch niezwyk\u0142ych wznowie\u0144, kt\u00f3re przywracaj\u0105 czytelnikom wa\u017cne, cho\u0107 dzi\u015b nieco zapomniane g\u0142osy XIX-wiecznej literatury. Wydarzenie odb\u0119dzie si\u0119 28 kwietnia 2026 r. o godz. 17.30 w sali klubu Biblioteki.\u00a0 Podczas spotkania zaprezentowane zostan\u0105 dwie ksi\u0105\u017cki, kt\u00f3re w r\u00f3\u017cny spos\u00f3b opowiadaj\u0105 o\" \/>\n<meta property=\"og:url\" content=\"https:\/\/www.mojabochnia.pl\/?p=222579\" \/>\n<meta property=\"og:site_name\" content=\"mojabochnia.pl - portal informacyjny\" \/>\n<meta property=\"article:publisher\" content=\"https:\/\/www.facebook.com\/mojabochnia\" \/>\n<meta property=\"article:published_time\" content=\"2026-04-27T05:54:22+00:00\" \/>\n<meta property=\"og:image\" content=\"https:\/\/www.mojabochnia.pl\/wp-content\/uploads\/2026\/04\/promocja-wznowien.png\" \/>\n\t<meta property=\"og:image:width\" content=\"591\" \/>\n\t<meta property=\"og:image:height\" content=\"591\" \/>\n\t<meta property=\"og:image:type\" content=\"image\/png\" \/>\n<meta name=\"author\" content=\"Marcin Kalinowski\" \/>\n<meta name=\"twitter:card\" content=\"summary_large_image\" \/>\n<meta name=\"twitter:label1\" content=\"Written by\" \/>\n\t<meta name=\"twitter:data1\" content=\"Marcin Kalinowski\" \/>\n\t<meta name=\"twitter:label2\" content=\"Est. reading time\" \/>\n\t<meta name=\"twitter:data2\" content=\"2 minuty\" \/>\n<script type=\"application\/ld+json\" class=\"yoast-schema-graph\">{\"@context\":\"https:\/\/schema.org\",\"@graph\":[{\"@type\":\"Article\",\"@id\":\"https:\/\/www.mojabochnia.pl\/?p=222579#article\",\"isPartOf\":{\"@id\":\"https:\/\/www.mojabochnia.pl\/?p=222579\"},\"author\":{\"name\":\"Marcin Kalinowski\",\"@id\":\"https:\/\/www.mojabochnia.pl\/#\/schema\/person\/d4c758656c81ae00e6496831fe7b0792\"},\"headline\":\"Bochnia. Jutro promocja dw\u00f3ch ksi\u0105\u017cek\",\"datePublished\":\"2026-04-27T05:54:22+00:00\",\"mainEntityOfPage\":{\"@id\":\"https:\/\/www.mojabochnia.pl\/?p=222579\"},\"wordCount\":311,\"commentCount\":0,\"publisher\":{\"@id\":\"https:\/\/www.mojabochnia.pl\/#organization\"},\"image\":{\"@id\":\"https:\/\/www.mojabochnia.pl\/?p=222579#primaryimage\"},\"thumbnailUrl\":\"https:\/\/www.mojabochnia.pl\/wp-content\/uploads\/2026\/04\/promocja-wznowien.png\",\"keywords\":[\"Biblioteka Miejska w Bochni\",\"bochnia\",\"Felka gondek\",\"ludwik stasiak\",\"wydawnictwo regis\"],\"articleSection\":[\"2_ostatnie\",\"kultura\",\"polityka i wydarzenia\",\"tematyka\"],\"inLanguage\":\"pl-PL\",\"potentialAction\":[{\"@type\":\"CommentAction\",\"name\":\"Comment\",\"target\":[\"https:\/\/www.mojabochnia.pl\/?p=222579#respond\"]}]},{\"@type\":\"WebPage\",\"@id\":\"https:\/\/www.mojabochnia.pl\/?p=222579\",\"url\":\"https:\/\/www.mojabochnia.pl\/?p=222579\",\"name\":\"Bochnia. Jutro promocja dw\u00f3ch ksi\u0105\u017cek - mojabochnia.pl - portal informacyjny\",\"isPartOf\":{\"@id\":\"https:\/\/www.mojabochnia.pl\/#website\"},\"primaryImageOfPage\":{\"@id\":\"https:\/\/www.mojabochnia.pl\/?p=222579#primaryimage\"},\"image\":{\"@id\":\"https:\/\/www.mojabochnia.pl\/?p=222579#primaryimage\"},\"thumbnailUrl\":\"https:\/\/www.mojabochnia.pl\/wp-content\/uploads\/2026\/04\/promocja-wznowien.png\",\"datePublished\":\"2026-04-27T05:54:22+00:00\",\"breadcrumb\":{\"@id\":\"https:\/\/www.mojabochnia.pl\/?p=222579#breadcrumb\"},\"inLanguage\":\"pl-PL\",\"potentialAction\":[{\"@type\":\"ReadAction\",\"target\":[\"https:\/\/www.mojabochnia.pl\/?p=222579\"]}]},{\"@type\":\"ImageObject\",\"inLanguage\":\"pl-PL\",\"@id\":\"https:\/\/www.mojabochnia.pl\/?p=222579#primaryimage\",\"url\":\"https:\/\/www.mojabochnia.pl\/wp-content\/uploads\/2026\/04\/promocja-wznowien.png\",\"contentUrl\":\"https:\/\/www.mojabochnia.pl\/wp-content\/uploads\/2026\/04\/promocja-wznowien.png\",\"width\":591,\"height\":591},{\"@type\":\"BreadcrumbList\",\"@id\":\"https:\/\/www.mojabochnia.pl\/?p=222579#breadcrumb\",\"itemListElement\":[{\"@type\":\"ListItem\",\"position\":1,\"name\":\"Home\",\"item\":\"https:\/\/www.mojabochnia.pl\/\"},{\"@type\":\"ListItem\",\"position\":2,\"name\":\"Bochnia. Jutro promocja dw\u00f3ch ksi\u0105\u017cek\"}]},{\"@type\":\"WebSite\",\"@id\":\"https:\/\/www.mojabochnia.pl\/#website\",\"url\":\"https:\/\/www.mojabochnia.pl\/\",\"name\":\"mojabochnia.pl - portal informacyjny\",\"description\":\"mojaBochnia to portal informacyjny o Bochni. Codziennie o Bochni piszemy i pokazujemy najwa\u017cniejsze wydarzenia\",\"publisher\":{\"@id\":\"https:\/\/www.mojabochnia.pl\/#organization\"},\"potentialAction\":[{\"@type\":\"SearchAction\",\"target\":{\"@type\":\"EntryPoint\",\"urlTemplate\":\"https:\/\/www.mojabochnia.pl\/?s={search_term_string}\"},\"query-input\":{\"@type\":\"PropertyValueSpecification\",\"valueRequired\":true,\"valueName\":\"search_term_string\"}}],\"inLanguage\":\"pl-PL\"},{\"@type\":\"Organization\",\"@id\":\"https:\/\/www.mojabochnia.pl\/#organization\",\"name\":\"mojabochnia.pl - portal informacyjny\",\"url\":\"https:\/\/www.mojabochnia.pl\/\",\"logo\":{\"@type\":\"ImageObject\",\"inLanguage\":\"pl-PL\",\"@id\":\"https:\/\/www.mojabochnia.pl\/#\/schema\/logo\/image\/\",\"url\":\"https:\/\/www.mojabochnia.pl\/wp-content\/uploads\/2017\/08\/logo-mb-opt.png\",\"contentUrl\":\"https:\/\/www.mojabochnia.pl\/wp-content\/uploads\/2017\/08\/logo-mb-opt.png\",\"width\":250,\"height\":48,\"caption\":\"mojabochnia.pl - portal informacyjny\"},\"image\":{\"@id\":\"https:\/\/www.mojabochnia.pl\/#\/schema\/logo\/image\/\"},\"sameAs\":[\"https:\/\/www.facebook.com\/mojabochnia\"]},{\"@type\":\"Person\",\"@id\":\"https:\/\/www.mojabochnia.pl\/#\/schema\/person\/d4c758656c81ae00e6496831fe7b0792\",\"name\":\"Marcin Kalinowski\",\"url\":\"https:\/\/www.mojabochnia.pl\/?author=29\"}]}<\/script>\n<!-- \/ Yoast SEO plugin. -->","yoast_head_json":{"title":"Bochnia. Jutro promocja dw\u00f3ch ksi\u0105\u017cek - mojabochnia.pl - portal informacyjny","robots":{"index":"index","follow":"follow","max-snippet":"max-snippet:-1","max-image-preview":"max-image-preview:large","max-video-preview":"max-video-preview:-1"},"canonical":"https:\/\/www.mojabochnia.pl\/?p=222579","og_locale":"pl_PL","og_type":"article","og_title":"Bochnia. Jutro promocja dw\u00f3ch ksi\u0105\u017cek - mojabochnia.pl - portal informacyjny","og_description":"Wydawnictwo Regis oraz Powiatowa i Miejska Bibliotek Publiczna w Bochni zapraszaj\u0105 na spotkanie po\u015bwi\u0119cone premierze dw\u00f3ch niezwyk\u0142ych wznowie\u0144, kt\u00f3re przywracaj\u0105 czytelnikom wa\u017cne, cho\u0107 dzi\u015b nieco zapomniane g\u0142osy XIX-wiecznej literatury. Wydarzenie odb\u0119dzie si\u0119 28 kwietnia 2026 r. o godz. 17.30 w sali klubu Biblioteki.\u00a0 Podczas spotkania zaprezentowane zostan\u0105 dwie ksi\u0105\u017cki, kt\u00f3re w r\u00f3\u017cny spos\u00f3b opowiadaj\u0105 o","og_url":"https:\/\/www.mojabochnia.pl\/?p=222579","og_site_name":"mojabochnia.pl - portal informacyjny","article_publisher":"https:\/\/www.facebook.com\/mojabochnia","article_published_time":"2026-04-27T05:54:22+00:00","og_image":[{"width":591,"height":591,"url":"https:\/\/www.mojabochnia.pl\/wp-content\/uploads\/2026\/04\/promocja-wznowien.png","type":"image\/png"}],"author":"Marcin Kalinowski","twitter_card":"summary_large_image","twitter_misc":{"Written by":"Marcin Kalinowski","Est. reading time":"2 minuty"},"schema":{"@context":"https:\/\/schema.org","@graph":[{"@type":"Article","@id":"https:\/\/www.mojabochnia.pl\/?p=222579#article","isPartOf":{"@id":"https:\/\/www.mojabochnia.pl\/?p=222579"},"author":{"name":"Marcin Kalinowski","@id":"https:\/\/www.mojabochnia.pl\/#\/schema\/person\/d4c758656c81ae00e6496831fe7b0792"},"headline":"Bochnia. Jutro promocja dw\u00f3ch ksi\u0105\u017cek","datePublished":"2026-04-27T05:54:22+00:00","mainEntityOfPage":{"@id":"https:\/\/www.mojabochnia.pl\/?p=222579"},"wordCount":311,"commentCount":0,"publisher":{"@id":"https:\/\/www.mojabochnia.pl\/#organization"},"image":{"@id":"https:\/\/www.mojabochnia.pl\/?p=222579#primaryimage"},"thumbnailUrl":"https:\/\/www.mojabochnia.pl\/wp-content\/uploads\/2026\/04\/promocja-wznowien.png","keywords":["Biblioteka Miejska w Bochni","bochnia","Felka gondek","ludwik stasiak","wydawnictwo regis"],"articleSection":["2_ostatnie","kultura","polityka i wydarzenia","tematyka"],"inLanguage":"pl-PL","potentialAction":[{"@type":"CommentAction","name":"Comment","target":["https:\/\/www.mojabochnia.pl\/?p=222579#respond"]}]},{"@type":"WebPage","@id":"https:\/\/www.mojabochnia.pl\/?p=222579","url":"https:\/\/www.mojabochnia.pl\/?p=222579","name":"Bochnia. Jutro promocja dw\u00f3ch ksi\u0105\u017cek - mojabochnia.pl - portal informacyjny","isPartOf":{"@id":"https:\/\/www.mojabochnia.pl\/#website"},"primaryImageOfPage":{"@id":"https:\/\/www.mojabochnia.pl\/?p=222579#primaryimage"},"image":{"@id":"https:\/\/www.mojabochnia.pl\/?p=222579#primaryimage"},"thumbnailUrl":"https:\/\/www.mojabochnia.pl\/wp-content\/uploads\/2026\/04\/promocja-wznowien.png","datePublished":"2026-04-27T05:54:22+00:00","breadcrumb":{"@id":"https:\/\/www.mojabochnia.pl\/?p=222579#breadcrumb"},"inLanguage":"pl-PL","potentialAction":[{"@type":"ReadAction","target":["https:\/\/www.mojabochnia.pl\/?p=222579"]}]},{"@type":"ImageObject","inLanguage":"pl-PL","@id":"https:\/\/www.mojabochnia.pl\/?p=222579#primaryimage","url":"https:\/\/www.mojabochnia.pl\/wp-content\/uploads\/2026\/04\/promocja-wznowien.png","contentUrl":"https:\/\/www.mojabochnia.pl\/wp-content\/uploads\/2026\/04\/promocja-wznowien.png","width":591,"height":591},{"@type":"BreadcrumbList","@id":"https:\/\/www.mojabochnia.pl\/?p=222579#breadcrumb","itemListElement":[{"@type":"ListItem","position":1,"name":"Home","item":"https:\/\/www.mojabochnia.pl\/"},{"@type":"ListItem","position":2,"name":"Bochnia. Jutro promocja dw\u00f3ch ksi\u0105\u017cek"}]},{"@type":"WebSite","@id":"https:\/\/www.mojabochnia.pl\/#website","url":"https:\/\/www.mojabochnia.pl\/","name":"mojabochnia.pl - portal informacyjny","description":"mojaBochnia to portal informacyjny o Bochni. Codziennie o Bochni piszemy i pokazujemy najwa\u017cniejsze wydarzenia","publisher":{"@id":"https:\/\/www.mojabochnia.pl\/#organization"},"potentialAction":[{"@type":"SearchAction","target":{"@type":"EntryPoint","urlTemplate":"https:\/\/www.mojabochnia.pl\/?s={search_term_string}"},"query-input":{"@type":"PropertyValueSpecification","valueRequired":true,"valueName":"search_term_string"}}],"inLanguage":"pl-PL"},{"@type":"Organization","@id":"https:\/\/www.mojabochnia.pl\/#organization","name":"mojabochnia.pl - portal informacyjny","url":"https:\/\/www.mojabochnia.pl\/","logo":{"@type":"ImageObject","inLanguage":"pl-PL","@id":"https:\/\/www.mojabochnia.pl\/#\/schema\/logo\/image\/","url":"https:\/\/www.mojabochnia.pl\/wp-content\/uploads\/2017\/08\/logo-mb-opt.png","contentUrl":"https:\/\/www.mojabochnia.pl\/wp-content\/uploads\/2017\/08\/logo-mb-opt.png","width":250,"height":48,"caption":"mojabochnia.pl - portal informacyjny"},"image":{"@id":"https:\/\/www.mojabochnia.pl\/#\/schema\/logo\/image\/"},"sameAs":["https:\/\/www.facebook.com\/mojabochnia"]},{"@type":"Person","@id":"https:\/\/www.mojabochnia.pl\/#\/schema\/person\/d4c758656c81ae00e6496831fe7b0792","name":"Marcin Kalinowski","url":"https:\/\/www.mojabochnia.pl\/?author=29"}]}},"_links":{"self":[{"href":"https:\/\/www.mojabochnia.pl\/index.php?rest_route=\/wp\/v2\/posts\/222579","targetHints":{"allow":["GET"]}}],"collection":[{"href":"https:\/\/www.mojabochnia.pl\/index.php?rest_route=\/wp\/v2\/posts"}],"about":[{"href":"https:\/\/www.mojabochnia.pl\/index.php?rest_route=\/wp\/v2\/types\/post"}],"author":[{"embeddable":true,"href":"https:\/\/www.mojabochnia.pl\/index.php?rest_route=\/wp\/v2\/users\/29"}],"replies":[{"embeddable":true,"href":"https:\/\/www.mojabochnia.pl\/index.php?rest_route=%2Fwp%2Fv2%2Fcomments&post=222579"}],"version-history":[{"count":1,"href":"https:\/\/www.mojabochnia.pl\/index.php?rest_route=\/wp\/v2\/posts\/222579\/revisions"}],"predecessor-version":[{"id":222583,"href":"https:\/\/www.mojabochnia.pl\/index.php?rest_route=\/wp\/v2\/posts\/222579\/revisions\/222583"}],"wp:featuredmedia":[{"embeddable":true,"href":"https:\/\/www.mojabochnia.pl\/index.php?rest_route=\/wp\/v2\/media\/222582"}],"wp:attachment":[{"href":"https:\/\/www.mojabochnia.pl\/index.php?rest_route=%2Fwp%2Fv2%2Fmedia&parent=222579"}],"wp:term":[{"taxonomy":"category","embeddable":true,"href":"https:\/\/www.mojabochnia.pl\/index.php?rest_route=%2Fwp%2Fv2%2Fcategories&post=222579"},{"taxonomy":"post_tag","embeddable":true,"href":"https:\/\/www.mojabochnia.pl\/index.php?rest_route=%2Fwp%2Fv2%2Ftags&post=222579"}],"curies":[{"name":"wp","href":"https:\/\/api.w.org\/{rel}","templated":true}]}}