{"id":222527,"date":"2026-04-29T05:38:22","date_gmt":"2026-04-29T03:38:22","guid":{"rendered":"https:\/\/www.mojabochnia.pl\/?p=222527"},"modified":"2026-04-29T05:38:22","modified_gmt":"2026-04-29T03:38:22","slug":"po-raz-11-rajd-konny-dotarl-do-wisnicza-zdjecia","status":"publish","type":"post","link":"https:\/\/www.mojabochnia.pl\/?p=222527","title":{"rendered":"Po raz 11. Rajd Konny dotar\u0142 do Wi\u015bnicza. Zdj\u0119cia"},"content":{"rendered":"<p>W niedziel\u0119 w wi\u015bnickiej Koryzn\u00f3wce ju\u017c po raz 11. sw\u00f3j fina\u0142 znalaz\u0142 Rajd Konny tras\u0105 ucieczki rotmistrza Pileckiego z niemieckiego obozu koncentracyjnego Auschwitz do Nowego Wi\u015bnicza. Wydarzenie rozpocz\u0119\u0142o si\u0119 w pi\u0105tek a\u00a0jego trasa wiod\u0142a przez O\u015bwi\u0119cim, Alwerni\u0119, Tyniec, okolice Wieliczki, Puszcz\u0119 Niepo\u0142omick\u0105 oraz\u00a0Bochni\u0119, by ostatecznie dotrze\u0107 do Nowego Wi\u015bnicza.<\/p>\n<p>Trasa Rajdu nawi\u0105zuje do\u00a0ucieczki Witolda Pileckiego z\u00a0niemieckiego obozu koncentracyjnego w\u00a0Auschwitz w\u00a0nocy z\u00a026 na\u00a027 kwietnia 1943 roku. Pilecki wraz z\u00a0dwoma towarzyszami ucieczki: Edwardem Ciesielskim i\u00a0Janem Redzejem dotarli do\u00a0Bochni, a\u00a0stamt\u0105d Pilecki trafi\u0142 (3 maja) do\u00a0Nowego Wi\u015bnicza \u2013 do\u00a0Koryzn\u00f3wki, do\u00a0domu Tomasza Serafi\u0144skiego.<\/p>\n<p>To w\u0142a\u015bnie tam pozna\u0142 osob\u0119, pod nazwiskiem kt\u00f3rej (korzysta\u0142 z\u00a0pozostawionej w\u00a0Warszawie kenkarty nale\u017c\u0105cej do\u00a0Serafi\u0144skiego) funkcjonowa\u0142 przez ostatnie lata okupacji \u2013 przed i\u00a0w trakcie pobytu w\u00a0KL Auschwitz.<\/p>\n<p>Miejsce fina\u0142u Rajdu by\u0142a Koryzn\u00f3wka w Wi\u015bniczu. \u00a0Uroczysto\u015b\u0107 przy Muzeum Pami\u0105tek po Janie Matejce \u201eKoryzn\u00f3wka\u201d zgromadzi\u0142a licznych go\u015bci. W\u015br\u00f3d nich obecni byli m.in. pose\u0142 do Parlamentu Europejskiego Arkadiusz Mularczyk, zast\u0119pca dyrektora krakowskiego oddzia\u0142u Instytutu Pami\u0119ci Narodowej dr Micha\u0142 Wenklar oraz\u00a0burmistrz Nowego Wi\u015bnicza Ma\u0142gorzata Wi\u0119ckowska. Szczeg\u00f3lnie poruszaj\u0105cym momentem by\u0142o wspomnienie \u015bp. Marii Stanis\u0142awy-Doma\u0144skiej, wyg\u0142oszone przez pe\u0142ni\u0105c\u0105 obowi\u0105zki opiekuna muzeum Agnieszk\u0119 Opio\u0142\u0119-Ch\u0142odnick\u0105.<\/p>\n<p>Zako\u0144czenie III etapu rajdu zosta\u0142o ukoronowane meldunkiem prezesa Towarzystwa Krzewienia Tradycji Kawalerii Polskiej im. rtm. Witolda Pileckiego w\u00a0Chrzanowie, a\u00a0zarazem komendanta rajdu \u2013 Ryszarda Sobieraja.<\/p>\n<p>Po wsp\u00f3lnej modlitwie, kt\u00f3r\u0105 poprowadzi\u0142 ks. pra\u0142at Krzysztof W\u0105cha\u0142a, delegacje z\u0142o\u017cy\u0142y kwiaty i\u00a0znicze przy tablicy upami\u0119tniaj\u0105cej pobyt rotmistrza. Ho\u0142d oddali przedstawiciele muzeum, stowarzysze\u0144 historycznych, w\u0142adz rz\u0105dowych i\u00a0samorz\u0105dowych oraz\u00a0s\u0142u\u017cb mundurowych.<\/p>\n<p>Wydarzenie odby\u0142o si\u0119 pod honorowym patronatem m.in. Zofii Pileckiej-Optu\u0142owicz, Andrzeja Pileckiego, Kancelarii Prezydenta RP, Wojewody Ma\u0142opolskiego, Marsza\u0142ka Wojew\u00f3dztwa Ma\u0142opolskiego, krakowskiego oddzia\u0142u IPN oraz\u00a0starost\u00f3w powiat\u00f3w o\u015bwi\u0119cimskiego i\u00a0chrzanowskiego.<\/p>\n<p>W\u015br\u00f3d uczestnik\u00f3w rajdu znale\u017ali si\u0119 cz\u0142onkowie stowarzysze\u0144 wsp\u00f3\u0142organizuj\u0105cych wydarzenie, w\u00a0tym Towarzystwa Krzewienia Tradycji Kawalerii Polskiej im. rtm. Witolda Pileckiego w\u00a0Chrzanowie, SKO im. Krakowskiej Brygady Kawalerii w\u00a0barwach 5 Dywizjonu Artylerii Konnej z\u00a0Niepo\u0142omic oraz\u00a0Krakowskiego Szwadronu U\u0142an\u00f3w im. J\u00f3zefa Pi\u0142sudskiego.<\/p>\n<p>&nbsp;<\/p>\n\t  \r\n\t\r\n\t    <div class=\"mb-gallery\">\r\n\t    <a href=\"https:\/\/www.mojabochnia.pl\/?attachment_id=222529\" class=\"\"><img loading=\"lazy\" decoding=\"async\" width=\"100\" height=\"100\" src=\"https:\/\/www.mojabochnia.pl\/wp-content\/uploads\/2026\/04\/DSC_9256-100x100.jpg\" class=\"attachment-100x100 size-100x100\" alt=\"\" srcset=\"https:\/\/www.mojabochnia.pl\/wp-content\/uploads\/2026\/04\/DSC_9256-100x100.jpg 100w, https:\/\/www.mojabochnia.pl\/wp-content\/uploads\/2026\/04\/DSC_9256-96x96.jpg 96w, https:\/\/www.mojabochnia.pl\/wp-content\/uploads\/2026\/04\/DSC_9256-84x84.jpg 84w\" sizes=\"auto, (max-width: 100px) 100vw, 100px\" \/><\/a><a href=\"https:\/\/www.mojabochnia.pl\/?attachment_id=222530\" class=\"\"><img loading=\"lazy\" decoding=\"async\" width=\"100\" height=\"100\" src=\"https:\/\/www.mojabochnia.pl\/wp-content\/uploads\/2026\/04\/DSC_9264-100x100.jpg\" class=\"attachment-100x100 size-100x100\" alt=\"\" srcset=\"https:\/\/www.mojabochnia.pl\/wp-content\/uploads\/2026\/04\/DSC_9264-100x100.jpg 100w, https:\/\/www.mojabochnia.pl\/wp-content\/uploads\/2026\/04\/DSC_9264-96x96.jpg 96w, https:\/\/www.mojabochnia.pl\/wp-content\/uploads\/2026\/04\/DSC_9264-84x84.jpg 84w\" sizes=\"auto, (max-width: 100px) 100vw, 100px\" \/><\/a><a href=\"https:\/\/www.mojabochnia.pl\/?attachment_id=222531\" class=\"\"><img loading=\"lazy\" decoding=\"async\" width=\"100\" height=\"100\" src=\"https:\/\/www.mojabochnia.pl\/wp-content\/uploads\/2026\/04\/DSC_9101-100x100.jpg\" class=\"attachment-100x100 size-100x100\" alt=\"\" srcset=\"https:\/\/www.mojabochnia.pl\/wp-content\/uploads\/2026\/04\/DSC_9101-100x100.jpg 100w, https:\/\/www.mojabochnia.pl\/wp-content\/uploads\/2026\/04\/DSC_9101-96x96.jpg 96w, https:\/\/www.mojabochnia.pl\/wp-content\/uploads\/2026\/04\/DSC_9101-84x84.jpg 84w\" sizes=\"auto, (max-width: 100px) 100vw, 100px\" \/><\/a><a href=\"https:\/\/www.mojabochnia.pl\/?attachment_id=222532\" class=\"\"><img loading=\"lazy\" decoding=\"async\" width=\"100\" height=\"100\" src=\"https:\/\/www.mojabochnia.pl\/wp-content\/uploads\/2026\/04\/DSC_9108-100x100.jpg\" class=\"attachment-100x100 size-100x100\" alt=\"\" srcset=\"https:\/\/www.mojabochnia.pl\/wp-content\/uploads\/2026\/04\/DSC_9108-100x100.jpg 100w, https:\/\/www.mojabochnia.pl\/wp-content\/uploads\/2026\/04\/DSC_9108-96x96.jpg 96w, https:\/\/www.mojabochnia.pl\/wp-content\/uploads\/2026\/04\/DSC_9108-84x84.jpg 84w\" sizes=\"auto, (max-width: 100px) 100vw, 100px\" \/><\/a><a href=\"https:\/\/www.mojabochnia.pl\/?attachment_id=222533\" class=\"\"><img loading=\"lazy\" decoding=\"async\" width=\"100\" height=\"100\" src=\"https:\/\/www.mojabochnia.pl\/wp-content\/uploads\/2026\/04\/DSC_9279-100x100.jpg\" class=\"attachment-100x100 size-100x100\" alt=\"\" srcset=\"https:\/\/www.mojabochnia.pl\/wp-content\/uploads\/2026\/04\/DSC_9279-100x100.jpg 100w, https:\/\/www.mojabochnia.pl\/wp-content\/uploads\/2026\/04\/DSC_9279-96x96.jpg 96w, https:\/\/www.mojabochnia.pl\/wp-content\/uploads\/2026\/04\/DSC_9279-84x84.jpg 84w\" sizes=\"auto, (max-width: 100px) 100vw, 100px\" \/><\/a><a href=\"https:\/\/www.mojabochnia.pl\/?attachment_id=222534\" class=\"\"><img loading=\"lazy\" decoding=\"async\" width=\"100\" height=\"100\" src=\"https:\/\/www.mojabochnia.pl\/wp-content\/uploads\/2026\/04\/DSC_9147-100x100.jpg\" class=\"attachment-100x100 size-100x100\" alt=\"\" srcset=\"https:\/\/www.mojabochnia.pl\/wp-content\/uploads\/2026\/04\/DSC_9147-100x100.jpg 100w, https:\/\/www.mojabochnia.pl\/wp-content\/uploads\/2026\/04\/DSC_9147-96x96.jpg 96w, https:\/\/www.mojabochnia.pl\/wp-content\/uploads\/2026\/04\/DSC_9147-84x84.jpg 84w\" sizes=\"auto, (max-width: 100px) 100vw, 100px\" \/><\/a><a href=\"https:\/\/www.mojabochnia.pl\/?attachment_id=222535\" class=\"\"><img loading=\"lazy\" decoding=\"async\" width=\"100\" height=\"100\" src=\"https:\/\/www.mojabochnia.pl\/wp-content\/uploads\/2026\/04\/DSC_9294-100x100.jpg\" class=\"attachment-100x100 size-100x100\" alt=\"\" srcset=\"https:\/\/www.mojabochnia.pl\/wp-content\/uploads\/2026\/04\/DSC_9294-100x100.jpg 100w, https:\/\/www.mojabochnia.pl\/wp-content\/uploads\/2026\/04\/DSC_9294-96x96.jpg 96w, https:\/\/www.mojabochnia.pl\/wp-content\/uploads\/2026\/04\/DSC_9294-84x84.jpg 84w\" sizes=\"auto, (max-width: 100px) 100vw, 100px\" \/><\/a><a href=\"https:\/\/www.mojabochnia.pl\/?attachment_id=222536\" class=\"\"><img loading=\"lazy\" decoding=\"async\" width=\"100\" height=\"100\" src=\"https:\/\/www.mojabochnia.pl\/wp-content\/uploads\/2026\/04\/DSC_9161-100x100.jpg\" class=\"attachment-100x100 size-100x100\" alt=\"\" srcset=\"https:\/\/www.mojabochnia.pl\/wp-content\/uploads\/2026\/04\/DSC_9161-100x100.jpg 100w, https:\/\/www.mojabochnia.pl\/wp-content\/uploads\/2026\/04\/DSC_9161-96x96.jpg 96w, https:\/\/www.mojabochnia.pl\/wp-content\/uploads\/2026\/04\/DSC_9161-84x84.jpg 84w\" sizes=\"auto, (max-width: 100px) 100vw, 100px\" \/><\/a><a href=\"https:\/\/www.mojabochnia.pl\/?attachment_id=222537\" class=\"\"><img loading=\"lazy\" decoding=\"async\" width=\"100\" height=\"100\" src=\"https:\/\/www.mojabochnia.pl\/wp-content\/uploads\/2026\/04\/DSC_9106-100x100.jpg\" class=\"attachment-100x100 size-100x100\" alt=\"\" srcset=\"https:\/\/www.mojabochnia.pl\/wp-content\/uploads\/2026\/04\/DSC_9106-100x100.jpg 100w, https:\/\/www.mojabochnia.pl\/wp-content\/uploads\/2026\/04\/DSC_9106-96x96.jpg 96w, https:\/\/www.mojabochnia.pl\/wp-content\/uploads\/2026\/04\/DSC_9106-84x84.jpg 84w\" sizes=\"auto, (max-width: 100px) 100vw, 100px\" \/><\/a><a href=\"https:\/\/www.mojabochnia.pl\/?attachment_id=222538\" class=\"\"><img loading=\"lazy\" decoding=\"async\" width=\"100\" height=\"100\" src=\"https:\/\/www.mojabochnia.pl\/wp-content\/uploads\/2026\/04\/DSC_9160-100x100.jpg\" class=\"attachment-100x100 size-100x100\" alt=\"\" srcset=\"https:\/\/www.mojabochnia.pl\/wp-content\/uploads\/2026\/04\/DSC_9160-100x100.jpg 100w, https:\/\/www.mojabochnia.pl\/wp-content\/uploads\/2026\/04\/DSC_9160-96x96.jpg 96w, https:\/\/www.mojabochnia.pl\/wp-content\/uploads\/2026\/04\/DSC_9160-84x84.jpg 84w\" sizes=\"auto, (max-width: 100px) 100vw, 100px\" \/><\/a><a href=\"https:\/\/www.mojabochnia.pl\/?attachment_id=222539\" class=\"\"><img loading=\"lazy\" decoding=\"async\" width=\"100\" height=\"100\" src=\"https:\/\/www.mojabochnia.pl\/wp-content\/uploads\/2026\/04\/DSC_9129-100x100.jpg\" class=\"attachment-100x100 size-100x100\" alt=\"\" srcset=\"https:\/\/www.mojabochnia.pl\/wp-content\/uploads\/2026\/04\/DSC_9129-100x100.jpg 100w, https:\/\/www.mojabochnia.pl\/wp-content\/uploads\/2026\/04\/DSC_9129-96x96.jpg 96w, https:\/\/www.mojabochnia.pl\/wp-content\/uploads\/2026\/04\/DSC_9129-84x84.jpg 84w\" sizes=\"auto, (max-width: 100px) 100vw, 100px\" \/><\/a><a href=\"https:\/\/www.mojabochnia.pl\/?attachment_id=222540\" class=\"\"><img loading=\"lazy\" decoding=\"async\" width=\"100\" height=\"100\" src=\"https:\/\/www.mojabochnia.pl\/wp-content\/uploads\/2026\/04\/DSC_9258-100x100.jpg\" class=\"attachment-100x100 size-100x100\" alt=\"\" srcset=\"https:\/\/www.mojabochnia.pl\/wp-content\/uploads\/2026\/04\/DSC_9258-100x100.jpg 100w, https:\/\/www.mojabochnia.pl\/wp-content\/uploads\/2026\/04\/DSC_9258-96x96.jpg 96w, https:\/\/www.mojabochnia.pl\/wp-content\/uploads\/2026\/04\/DSC_9258-84x84.jpg 84w\" sizes=\"auto, (max-width: 100px) 100vw, 100px\" \/><\/a><a href=\"https:\/\/www.mojabochnia.pl\/?attachment_id=222541\" class=\"\"><img loading=\"lazy\" decoding=\"async\" width=\"100\" height=\"100\" src=\"https:\/\/www.mojabochnia.pl\/wp-content\/uploads\/2026\/04\/DSC_9109-100x100.jpg\" class=\"attachment-100x100 size-100x100\" alt=\"\" srcset=\"https:\/\/www.mojabochnia.pl\/wp-content\/uploads\/2026\/04\/DSC_9109-100x100.jpg 100w, https:\/\/www.mojabochnia.pl\/wp-content\/uploads\/2026\/04\/DSC_9109-96x96.jpg 96w, https:\/\/www.mojabochnia.pl\/wp-content\/uploads\/2026\/04\/DSC_9109-84x84.jpg 84w\" sizes=\"auto, (max-width: 100px) 100vw, 100px\" \/><\/a><a href=\"https:\/\/www.mojabochnia.pl\/?attachment_id=222542\" class=\"\"><img loading=\"lazy\" decoding=\"async\" width=\"100\" height=\"100\" src=\"https:\/\/www.mojabochnia.pl\/wp-content\/uploads\/2026\/04\/DSC_9163-100x100.jpg\" class=\"attachment-100x100 size-100x100\" alt=\"\" srcset=\"https:\/\/www.mojabochnia.pl\/wp-content\/uploads\/2026\/04\/DSC_9163-100x100.jpg 100w, https:\/\/www.mojabochnia.pl\/wp-content\/uploads\/2026\/04\/DSC_9163-96x96.jpg 96w, https:\/\/www.mojabochnia.pl\/wp-content\/uploads\/2026\/04\/DSC_9163-84x84.jpg 84w\" sizes=\"auto, (max-width: 100px) 100vw, 100px\" \/><\/a><a href=\"https:\/\/www.mojabochnia.pl\/?attachment_id=222543\" class=\"\"><img loading=\"lazy\" decoding=\"async\" width=\"100\" height=\"100\" src=\"https:\/\/www.mojabochnia.pl\/wp-content\/uploads\/2026\/04\/DSC_9133-100x100.jpg\" class=\"attachment-100x100 size-100x100\" alt=\"\" srcset=\"https:\/\/www.mojabochnia.pl\/wp-content\/uploads\/2026\/04\/DSC_9133-100x100.jpg 100w, https:\/\/www.mojabochnia.pl\/wp-content\/uploads\/2026\/04\/DSC_9133-96x96.jpg 96w, https:\/\/www.mojabochnia.pl\/wp-content\/uploads\/2026\/04\/DSC_9133-84x84.jpg 84w\" sizes=\"auto, (max-width: 100px) 100vw, 100px\" \/><\/a><a href=\"https:\/\/www.mojabochnia.pl\/?attachment_id=222544\" class=\"\"><img loading=\"lazy\" decoding=\"async\" width=\"100\" height=\"100\" src=\"https:\/\/www.mojabochnia.pl\/wp-content\/uploads\/2026\/04\/DSC_9153-100x100.jpg\" class=\"attachment-100x100 size-100x100\" alt=\"\" srcset=\"https:\/\/www.mojabochnia.pl\/wp-content\/uploads\/2026\/04\/DSC_9153-100x100.jpg 100w, https:\/\/www.mojabochnia.pl\/wp-content\/uploads\/2026\/04\/DSC_9153-96x96.jpg 96w, https:\/\/www.mojabochnia.pl\/wp-content\/uploads\/2026\/04\/DSC_9153-84x84.jpg 84w\" sizes=\"auto, (max-width: 100px) 100vw, 100px\" \/><\/a><a href=\"https:\/\/www.mojabochnia.pl\/?attachment_id=222545\" class=\"\"><img loading=\"lazy\" decoding=\"async\" width=\"100\" height=\"100\" src=\"https:\/\/www.mojabochnia.pl\/wp-content\/uploads\/2026\/04\/DSC_9291-100x100.jpg\" class=\"attachment-100x100 size-100x100\" alt=\"\" srcset=\"https:\/\/www.mojabochnia.pl\/wp-content\/uploads\/2026\/04\/DSC_9291-100x100.jpg 100w, https:\/\/www.mojabochnia.pl\/wp-content\/uploads\/2026\/04\/DSC_9291-96x96.jpg 96w, https:\/\/www.mojabochnia.pl\/wp-content\/uploads\/2026\/04\/DSC_9291-84x84.jpg 84w\" sizes=\"auto, (max-width: 100px) 100vw, 100px\" \/><\/a><a href=\"https:\/\/www.mojabochnia.pl\/?attachment_id=222546\" class=\"\"><img loading=\"lazy\" decoding=\"async\" width=\"100\" height=\"100\" src=\"https:\/\/www.mojabochnia.pl\/wp-content\/uploads\/2026\/04\/DSC_9152-100x100.jpg\" class=\"attachment-100x100 size-100x100\" alt=\"\" srcset=\"https:\/\/www.mojabochnia.pl\/wp-content\/uploads\/2026\/04\/DSC_9152-100x100.jpg 100w, https:\/\/www.mojabochnia.pl\/wp-content\/uploads\/2026\/04\/DSC_9152-96x96.jpg 96w, https:\/\/www.mojabochnia.pl\/wp-content\/uploads\/2026\/04\/DSC_9152-84x84.jpg 84w\" sizes=\"auto, (max-width: 100px) 100vw, 100px\" \/><\/a><a href=\"https:\/\/www.mojabochnia.pl\/?attachment_id=222547\" class=\"\"><img loading=\"lazy\" decoding=\"async\" width=\"100\" height=\"100\" src=\"https:\/\/www.mojabochnia.pl\/wp-content\/uploads\/2026\/04\/DSC_9155-100x100.jpg\" class=\"attachment-100x100 size-100x100\" alt=\"\" srcset=\"https:\/\/www.mojabochnia.pl\/wp-content\/uploads\/2026\/04\/DSC_9155-100x100.jpg 100w, https:\/\/www.mojabochnia.pl\/wp-content\/uploads\/2026\/04\/DSC_9155-96x96.jpg 96w, https:\/\/www.mojabochnia.pl\/wp-content\/uploads\/2026\/04\/DSC_9155-84x84.jpg 84w\" sizes=\"auto, (max-width: 100px) 100vw, 100px\" \/><\/a><a href=\"https:\/\/www.mojabochnia.pl\/?attachment_id=222548\" class=\"\"><img loading=\"lazy\" decoding=\"async\" width=\"100\" height=\"100\" src=\"https:\/\/www.mojabochnia.pl\/wp-content\/uploads\/2026\/04\/DSC_9174-100x100.jpg\" class=\"attachment-100x100 size-100x100\" alt=\"\" srcset=\"https:\/\/www.mojabochnia.pl\/wp-content\/uploads\/2026\/04\/DSC_9174-100x100.jpg 100w, https:\/\/www.mojabochnia.pl\/wp-content\/uploads\/2026\/04\/DSC_9174-96x96.jpg 96w, https:\/\/www.mojabochnia.pl\/wp-content\/uploads\/2026\/04\/DSC_9174-84x84.jpg 84w\" sizes=\"auto, (max-width: 100px) 100vw, 100px\" \/><\/a><a href=\"https:\/\/www.mojabochnia.pl\/?attachment_id=222549\" class=\"\"><img loading=\"lazy\" decoding=\"async\" width=\"100\" height=\"100\" src=\"https:\/\/www.mojabochnia.pl\/wp-content\/uploads\/2026\/04\/DSC_9221-100x100.jpg\" class=\"attachment-100x100 size-100x100\" alt=\"\" srcset=\"https:\/\/www.mojabochnia.pl\/wp-content\/uploads\/2026\/04\/DSC_9221-100x100.jpg 100w, https:\/\/www.mojabochnia.pl\/wp-content\/uploads\/2026\/04\/DSC_9221-96x96.jpg 96w, https:\/\/www.mojabochnia.pl\/wp-content\/uploads\/2026\/04\/DSC_9221-84x84.jpg 84w\" sizes=\"auto, (max-width: 100px) 100vw, 100px\" \/><\/a><a href=\"https:\/\/www.mojabochnia.pl\/?attachment_id=222550\" class=\"\"><img loading=\"lazy\" decoding=\"async\" width=\"100\" height=\"100\" src=\"https:\/\/www.mojabochnia.pl\/wp-content\/uploads\/2026\/04\/DSC_9137-100x100.jpg\" class=\"attachment-100x100 size-100x100\" alt=\"\" srcset=\"https:\/\/www.mojabochnia.pl\/wp-content\/uploads\/2026\/04\/DSC_9137-100x100.jpg 100w, https:\/\/www.mojabochnia.pl\/wp-content\/uploads\/2026\/04\/DSC_9137-96x96.jpg 96w, https:\/\/www.mojabochnia.pl\/wp-content\/uploads\/2026\/04\/DSC_9137-84x84.jpg 84w\" sizes=\"auto, (max-width: 100px) 100vw, 100px\" \/><\/a><a href=\"https:\/\/www.mojabochnia.pl\/?attachment_id=222551\" class=\"\"><img loading=\"lazy\" decoding=\"async\" width=\"100\" height=\"100\" src=\"https:\/\/www.mojabochnia.pl\/wp-content\/uploads\/2026\/04\/DSC_9125-100x100.jpg\" class=\"attachment-100x100 size-100x100\" alt=\"\" srcset=\"https:\/\/www.mojabochnia.pl\/wp-content\/uploads\/2026\/04\/DSC_9125-100x100.jpg 100w, https:\/\/www.mojabochnia.pl\/wp-content\/uploads\/2026\/04\/DSC_9125-96x96.jpg 96w, https:\/\/www.mojabochnia.pl\/wp-content\/uploads\/2026\/04\/DSC_9125-84x84.jpg 84w\" sizes=\"auto, (max-width: 100px) 100vw, 100px\" \/><\/a><a href=\"https:\/\/www.mojabochnia.pl\/?attachment_id=222552\" class=\"\"><img loading=\"lazy\" decoding=\"async\" width=\"100\" height=\"100\" src=\"https:\/\/www.mojabochnia.pl\/wp-content\/uploads\/2026\/04\/DSC_9245-100x100.jpg\" class=\"attachment-100x100 size-100x100\" alt=\"\" srcset=\"https:\/\/www.mojabochnia.pl\/wp-content\/uploads\/2026\/04\/DSC_9245-100x100.jpg 100w, https:\/\/www.mojabochnia.pl\/wp-content\/uploads\/2026\/04\/DSC_9245-96x96.jpg 96w, https:\/\/www.mojabochnia.pl\/wp-content\/uploads\/2026\/04\/DSC_9245-84x84.jpg 84w\" sizes=\"auto, (max-width: 100px) 100vw, 100px\" \/><\/a><a href=\"https:\/\/www.mojabochnia.pl\/?attachment_id=222553\" class=\"\"><img loading=\"lazy\" decoding=\"async\" width=\"100\" height=\"100\" src=\"https:\/\/www.mojabochnia.pl\/wp-content\/uploads\/2026\/04\/DSC_9206-100x100.jpg\" class=\"attachment-100x100 size-100x100\" alt=\"\" srcset=\"https:\/\/www.mojabochnia.pl\/wp-content\/uploads\/2026\/04\/DSC_9206-100x100.jpg 100w, https:\/\/www.mojabochnia.pl\/wp-content\/uploads\/2026\/04\/DSC_9206-96x96.jpg 96w, https:\/\/www.mojabochnia.pl\/wp-content\/uploads\/2026\/04\/DSC_9206-84x84.jpg 84w\" sizes=\"auto, (max-width: 100px) 100vw, 100px\" \/><\/a><a href=\"https:\/\/www.mojabochnia.pl\/?attachment_id=222554\" class=\"\"><img loading=\"lazy\" decoding=\"async\" width=\"100\" height=\"100\" src=\"https:\/\/www.mojabochnia.pl\/wp-content\/uploads\/2026\/04\/DSC_9268-100x100.jpg\" class=\"attachment-100x100 size-100x100\" alt=\"\" srcset=\"https:\/\/www.mojabochnia.pl\/wp-content\/uploads\/2026\/04\/DSC_9268-100x100.jpg 100w, https:\/\/www.mojabochnia.pl\/wp-content\/uploads\/2026\/04\/DSC_9268-96x96.jpg 96w, https:\/\/www.mojabochnia.pl\/wp-content\/uploads\/2026\/04\/DSC_9268-84x84.jpg 84w\" sizes=\"auto, (max-width: 100px) 100vw, 100px\" \/><\/a><a href=\"https:\/\/www.mojabochnia.pl\/?attachment_id=222555\" class=\"\"><img loading=\"lazy\" decoding=\"async\" width=\"100\" height=\"100\" src=\"https:\/\/www.mojabochnia.pl\/wp-content\/uploads\/2026\/04\/DSC_9235-100x100.jpg\" class=\"attachment-100x100 size-100x100\" alt=\"\" srcset=\"https:\/\/www.mojabochnia.pl\/wp-content\/uploads\/2026\/04\/DSC_9235-100x100.jpg 100w, https:\/\/www.mojabochnia.pl\/wp-content\/uploads\/2026\/04\/DSC_9235-96x96.jpg 96w, https:\/\/www.mojabochnia.pl\/wp-content\/uploads\/2026\/04\/DSC_9235-84x84.jpg 84w\" sizes=\"auto, (max-width: 100px) 100vw, 100px\" \/><\/a><a href=\"https:\/\/www.mojabochnia.pl\/?attachment_id=222556\" class=\"\"><img loading=\"lazy\" decoding=\"async\" width=\"100\" height=\"100\" src=\"https:\/\/www.mojabochnia.pl\/wp-content\/uploads\/2026\/04\/DSC_9099-100x100.jpg\" class=\"attachment-100x100 size-100x100\" alt=\"\" srcset=\"https:\/\/www.mojabochnia.pl\/wp-content\/uploads\/2026\/04\/DSC_9099-100x100.jpg 100w, https:\/\/www.mojabochnia.pl\/wp-content\/uploads\/2026\/04\/DSC_9099-96x96.jpg 96w, https:\/\/www.mojabochnia.pl\/wp-content\/uploads\/2026\/04\/DSC_9099-84x84.jpg 84w\" sizes=\"auto, (max-width: 100px) 100vw, 100px\" \/><\/a><a href=\"https:\/\/www.mojabochnia.pl\/?attachment_id=222557\" class=\"\"><img loading=\"lazy\" decoding=\"async\" width=\"100\" height=\"100\" src=\"https:\/\/www.mojabochnia.pl\/wp-content\/uploads\/2026\/04\/DSC_9217-100x100.jpg\" class=\"attachment-100x100 size-100x100\" alt=\"\" srcset=\"https:\/\/www.mojabochnia.pl\/wp-content\/uploads\/2026\/04\/DSC_9217-100x100.jpg 100w, https:\/\/www.mojabochnia.pl\/wp-content\/uploads\/2026\/04\/DSC_9217-96x96.jpg 96w, https:\/\/www.mojabochnia.pl\/wp-content\/uploads\/2026\/04\/DSC_9217-84x84.jpg 84w\" sizes=\"auto, (max-width: 100px) 100vw, 100px\" \/><\/a><a href=\"https:\/\/www.mojabochnia.pl\/?attachment_id=222558\" class=\"\"><img loading=\"lazy\" decoding=\"async\" width=\"100\" height=\"100\" src=\"https:\/\/www.mojabochnia.pl\/wp-content\/uploads\/2026\/04\/DSC_9119-100x100.jpg\" class=\"attachment-100x100 size-100x100\" alt=\"\" srcset=\"https:\/\/www.mojabochnia.pl\/wp-content\/uploads\/2026\/04\/DSC_9119-100x100.jpg 100w, https:\/\/www.mojabochnia.pl\/wp-content\/uploads\/2026\/04\/DSC_9119-96x96.jpg 96w, https:\/\/www.mojabochnia.pl\/wp-content\/uploads\/2026\/04\/DSC_9119-84x84.jpg 84w\" sizes=\"auto, (max-width: 100px) 100vw, 100px\" \/><\/a><a href=\"https:\/\/www.mojabochnia.pl\/?attachment_id=222559\" class=\"\"><img loading=\"lazy\" decoding=\"async\" width=\"100\" height=\"100\" src=\"https:\/\/www.mojabochnia.pl\/wp-content\/uploads\/2026\/04\/DSC_9232-100x100.jpg\" class=\"attachment-100x100 size-100x100\" alt=\"\" srcset=\"https:\/\/www.mojabochnia.pl\/wp-content\/uploads\/2026\/04\/DSC_9232-100x100.jpg 100w, https:\/\/www.mojabochnia.pl\/wp-content\/uploads\/2026\/04\/DSC_9232-96x96.jpg 96w, https:\/\/www.mojabochnia.pl\/wp-content\/uploads\/2026\/04\/DSC_9232-84x84.jpg 84w\" sizes=\"auto, (max-width: 100px) 100vw, 100px\" \/><\/a><a href=\"https:\/\/www.mojabochnia.pl\/?attachment_id=222560\" class=\"\"><img loading=\"lazy\" decoding=\"async\" width=\"100\" height=\"100\" src=\"https:\/\/www.mojabochnia.pl\/wp-content\/uploads\/2026\/04\/DSC_9169-100x100.jpg\" class=\"attachment-100x100 size-100x100\" alt=\"\" srcset=\"https:\/\/www.mojabochnia.pl\/wp-content\/uploads\/2026\/04\/DSC_9169-100x100.jpg 100w, https:\/\/www.mojabochnia.pl\/wp-content\/uploads\/2026\/04\/DSC_9169-96x96.jpg 96w, https:\/\/www.mojabochnia.pl\/wp-content\/uploads\/2026\/04\/DSC_9169-84x84.jpg 84w\" sizes=\"auto, (max-width: 100px) 100vw, 100px\" \/><\/a><a href=\"https:\/\/www.mojabochnia.pl\/?attachment_id=222561\" class=\"\"><img loading=\"lazy\" decoding=\"async\" width=\"100\" height=\"100\" src=\"https:\/\/www.mojabochnia.pl\/wp-content\/uploads\/2026\/04\/DSC_9237-100x100.jpg\" class=\"attachment-100x100 size-100x100\" alt=\"\" srcset=\"https:\/\/www.mojabochnia.pl\/wp-content\/uploads\/2026\/04\/DSC_9237-100x100.jpg 100w, https:\/\/www.mojabochnia.pl\/wp-content\/uploads\/2026\/04\/DSC_9237-96x96.jpg 96w, https:\/\/www.mojabochnia.pl\/wp-content\/uploads\/2026\/04\/DSC_9237-84x84.jpg 84w\" sizes=\"auto, (max-width: 100px) 100vw, 100px\" \/><\/a><a href=\"https:\/\/www.mojabochnia.pl\/?attachment_id=222562\" class=\"\"><img loading=\"lazy\" decoding=\"async\" width=\"100\" height=\"100\" src=\"https:\/\/www.mojabochnia.pl\/wp-content\/uploads\/2026\/04\/DSC_9188-100x100.jpg\" class=\"attachment-100x100 size-100x100\" alt=\"\" srcset=\"https:\/\/www.mojabochnia.pl\/wp-content\/uploads\/2026\/04\/DSC_9188-100x100.jpg 100w, https:\/\/www.mojabochnia.pl\/wp-content\/uploads\/2026\/04\/DSC_9188-96x96.jpg 96w, https:\/\/www.mojabochnia.pl\/wp-content\/uploads\/2026\/04\/DSC_9188-84x84.jpg 84w\" sizes=\"auto, (max-width: 100px) 100vw, 100px\" \/><\/a><a href=\"https:\/\/www.mojabochnia.pl\/?attachment_id=222563\" class=\"\"><img loading=\"lazy\" decoding=\"async\" width=\"100\" height=\"100\" src=\"https:\/\/www.mojabochnia.pl\/wp-content\/uploads\/2026\/04\/DSC_9200-100x100.jpg\" class=\"attachment-100x100 size-100x100\" alt=\"\" srcset=\"https:\/\/www.mojabochnia.pl\/wp-content\/uploads\/2026\/04\/DSC_9200-100x100.jpg 100w, https:\/\/www.mojabochnia.pl\/wp-content\/uploads\/2026\/04\/DSC_9200-96x96.jpg 96w, https:\/\/www.mojabochnia.pl\/wp-content\/uploads\/2026\/04\/DSC_9200-84x84.jpg 84w\" sizes=\"auto, (max-width: 100px) 100vw, 100px\" \/><\/a><a href=\"https:\/\/www.mojabochnia.pl\/?attachment_id=222564\" class=\"\"><img loading=\"lazy\" decoding=\"async\" width=\"100\" height=\"100\" src=\"https:\/\/www.mojabochnia.pl\/wp-content\/uploads\/2026\/04\/DSC_9226-100x100.jpg\" class=\"attachment-100x100 size-100x100\" alt=\"\" srcset=\"https:\/\/www.mojabochnia.pl\/wp-content\/uploads\/2026\/04\/DSC_9226-100x100.jpg 100w, https:\/\/www.mojabochnia.pl\/wp-content\/uploads\/2026\/04\/DSC_9226-96x96.jpg 96w, https:\/\/www.mojabochnia.pl\/wp-content\/uploads\/2026\/04\/DSC_9226-84x84.jpg 84w\" sizes=\"auto, (max-width: 100px) 100vw, 100px\" \/><\/a><a href=\"https:\/\/www.mojabochnia.pl\/?attachment_id=222565\" class=\"\"><img loading=\"lazy\" decoding=\"async\" width=\"100\" height=\"100\" src=\"https:\/\/www.mojabochnia.pl\/wp-content\/uploads\/2026\/04\/DSC_9194-100x100.jpg\" class=\"attachment-100x100 size-100x100\" alt=\"\" srcset=\"https:\/\/www.mojabochnia.pl\/wp-content\/uploads\/2026\/04\/DSC_9194-100x100.jpg 100w, https:\/\/www.mojabochnia.pl\/wp-content\/uploads\/2026\/04\/DSC_9194-96x96.jpg 96w, https:\/\/www.mojabochnia.pl\/wp-content\/uploads\/2026\/04\/DSC_9194-84x84.jpg 84w\" sizes=\"auto, (max-width: 100px) 100vw, 100px\" \/><\/a><a href=\"https:\/\/www.mojabochnia.pl\/?attachment_id=222566\" class=\"\"><img loading=\"lazy\" decoding=\"async\" width=\"100\" height=\"100\" src=\"https:\/\/www.mojabochnia.pl\/wp-content\/uploads\/2026\/04\/DSC_9183-100x100.jpg\" class=\"attachment-100x100 size-100x100\" alt=\"\" srcset=\"https:\/\/www.mojabochnia.pl\/wp-content\/uploads\/2026\/04\/DSC_9183-100x100.jpg 100w, https:\/\/www.mojabochnia.pl\/wp-content\/uploads\/2026\/04\/DSC_9183-96x96.jpg 96w, https:\/\/www.mojabochnia.pl\/wp-content\/uploads\/2026\/04\/DSC_9183-84x84.jpg 84w\" sizes=\"auto, (max-width: 100px) 100vw, 100px\" \/><\/a><a href=\"https:\/\/www.mojabochnia.pl\/?attachment_id=222567\" class=\"\"><img loading=\"lazy\" decoding=\"async\" width=\"100\" height=\"100\" src=\"https:\/\/www.mojabochnia.pl\/wp-content\/uploads\/2026\/04\/DSC_9180-100x100.jpg\" class=\"attachment-100x100 size-100x100\" alt=\"\" srcset=\"https:\/\/www.mojabochnia.pl\/wp-content\/uploads\/2026\/04\/DSC_9180-100x100.jpg 100w, https:\/\/www.mojabochnia.pl\/wp-content\/uploads\/2026\/04\/DSC_9180-96x96.jpg 96w, https:\/\/www.mojabochnia.pl\/wp-content\/uploads\/2026\/04\/DSC_9180-84x84.jpg 84w\" sizes=\"auto, (max-width: 100px) 100vw, 100px\" \/><\/a><a href=\"https:\/\/www.mojabochnia.pl\/?attachment_id=222568\" class=\"\"><img loading=\"lazy\" decoding=\"async\" width=\"100\" height=\"100\" src=\"https:\/\/www.mojabochnia.pl\/wp-content\/uploads\/2026\/04\/DSC_9209-100x100.jpg\" class=\"attachment-100x100 size-100x100\" alt=\"\" srcset=\"https:\/\/www.mojabochnia.pl\/wp-content\/uploads\/2026\/04\/DSC_9209-100x100.jpg 100w, https:\/\/www.mojabochnia.pl\/wp-content\/uploads\/2026\/04\/DSC_9209-96x96.jpg 96w, https:\/\/www.mojabochnia.pl\/wp-content\/uploads\/2026\/04\/DSC_9209-84x84.jpg 84w\" sizes=\"auto, (max-width: 100px) 100vw, 100px\" \/><\/a><a href=\"https:\/\/www.mojabochnia.pl\/?attachment_id=222569\" class=\"\"><img loading=\"lazy\" decoding=\"async\" width=\"100\" height=\"100\" src=\"https:\/\/www.mojabochnia.pl\/wp-content\/uploads\/2026\/04\/DSC_9176-100x100.jpg\" class=\"attachment-100x100 size-100x100\" alt=\"\" srcset=\"https:\/\/www.mojabochnia.pl\/wp-content\/uploads\/2026\/04\/DSC_9176-100x100.jpg 100w, https:\/\/www.mojabochnia.pl\/wp-content\/uploads\/2026\/04\/DSC_9176-96x96.jpg 96w, https:\/\/www.mojabochnia.pl\/wp-content\/uploads\/2026\/04\/DSC_9176-84x84.jpg 84w\" sizes=\"auto, (max-width: 100px) 100vw, 100px\" \/><\/a><a href=\"https:\/\/www.mojabochnia.pl\/?attachment_id=222570\" class=\"\"><img loading=\"lazy\" decoding=\"async\" width=\"100\" height=\"100\" src=\"https:\/\/www.mojabochnia.pl\/wp-content\/uploads\/2026\/04\/DSC_9121-100x100.jpg\" class=\"attachment-100x100 size-100x100\" alt=\"\" srcset=\"https:\/\/www.mojabochnia.pl\/wp-content\/uploads\/2026\/04\/DSC_9121-100x100.jpg 100w, https:\/\/www.mojabochnia.pl\/wp-content\/uploads\/2026\/04\/DSC_9121-96x96.jpg 96w, https:\/\/www.mojabochnia.pl\/wp-content\/uploads\/2026\/04\/DSC_9121-84x84.jpg 84w\" sizes=\"auto, (max-width: 100px) 100vw, 100px\" \/><\/a><a href=\"https:\/\/www.mojabochnia.pl\/?attachment_id=222571\" class=\"\"><img loading=\"lazy\" decoding=\"async\" width=\"100\" height=\"100\" src=\"https:\/\/www.mojabochnia.pl\/wp-content\/uploads\/2026\/04\/DSC_9225-100x100.jpg\" class=\"attachment-100x100 size-100x100\" alt=\"\" srcset=\"https:\/\/www.mojabochnia.pl\/wp-content\/uploads\/2026\/04\/DSC_9225-100x100.jpg 100w, https:\/\/www.mojabochnia.pl\/wp-content\/uploads\/2026\/04\/DSC_9225-96x96.jpg 96w, https:\/\/www.mojabochnia.pl\/wp-content\/uploads\/2026\/04\/DSC_9225-84x84.jpg 84w\" sizes=\"auto, (max-width: 100px) 100vw, 100px\" \/><\/a><a href=\"https:\/\/www.mojabochnia.pl\/?attachment_id=222572\" class=\"\"><img loading=\"lazy\" decoding=\"async\" width=\"100\" height=\"100\" src=\"https:\/\/www.mojabochnia.pl\/wp-content\/uploads\/2026\/04\/DSC_9118-100x100.jpg\" class=\"attachment-100x100 size-100x100\" alt=\"\" srcset=\"https:\/\/www.mojabochnia.pl\/wp-content\/uploads\/2026\/04\/DSC_9118-100x100.jpg 100w, https:\/\/www.mojabochnia.pl\/wp-content\/uploads\/2026\/04\/DSC_9118-96x96.jpg 96w, https:\/\/www.mojabochnia.pl\/wp-content\/uploads\/2026\/04\/DSC_9118-84x84.jpg 84w\" sizes=\"auto, (max-width: 100px) 100vw, 100px\" \/><\/a><a href=\"https:\/\/www.mojabochnia.pl\/?attachment_id=222573\" class=\"\"><img loading=\"lazy\" decoding=\"async\" width=\"100\" height=\"100\" src=\"https:\/\/www.mojabochnia.pl\/wp-content\/uploads\/2026\/04\/DSC_9295-100x100.jpg\" class=\"attachment-100x100 size-100x100\" alt=\"\" srcset=\"https:\/\/www.mojabochnia.pl\/wp-content\/uploads\/2026\/04\/DSC_9295-100x100.jpg 100w, https:\/\/www.mojabochnia.pl\/wp-content\/uploads\/2026\/04\/DSC_9295-96x96.jpg 96w, https:\/\/www.mojabochnia.pl\/wp-content\/uploads\/2026\/04\/DSC_9295-84x84.jpg 84w\" sizes=\"auto, (max-width: 100px) 100vw, 100px\" \/><\/a>\t    <\/div>\r\n\t    ","protected":false},"excerpt":{"rendered":"<p>W niedziel\u0119 w wi\u015bnickiej Koryzn\u00f3wce ju\u017c po raz 11. sw\u00f3j fina\u0142 znalaz\u0142 Rajd Konny tras\u0105 ucieczki rotmistrza Pileckiego z niemieckiego obozu koncentracyjnego Auschwitz do Nowego Wi\u015bnicza. Wydarzenie rozpocz\u0119\u0142o si\u0119 w pi\u0105tek a\u00a0jego trasa wiod\u0142a przez O\u015bwi\u0119cim, Alwerni\u0119, Tyniec, okolice Wieliczki, Puszcz\u0119 Niepo\u0142omick\u0105 oraz\u00a0Bochni\u0119, by ostatecznie dotrze\u0107 do Nowego Wi\u015bnicza. Trasa Rajdu nawi\u0105zuje do\u00a0ucieczki Witolda Pileckiego<\/p>\n","protected":false},"author":29,"featured_media":222551,"comment_status":"open","ping_status":"closed","sticky":false,"template":"","format":"standard","meta":{"_acf_changed":false,"footnotes":""},"categories":[5,6251,6250],"tags":[17269,17986,17118,17127,7358,10221,19720],"class_list":["post-222527","post","type-post","status-publish","format-standard","has-post-thumbnail","hentry","category-biezace-wydarzenia","category-polityka-i-wydarzenia","category-tematyka","tag-bochnia","tag-gmina-nowy-wisnicz1","tag-wisnicz","tag-powiat-bochenski","tag-rajd-konny","tag-rotmistrz-witold-pilecki","tag-top-temat","main_tag-gmina-nowy-wisnicz"],"acf":[],"yoast_head":"<!-- This site is optimized with the Yoast SEO plugin v26.9 - https:\/\/yoast.com\/product\/yoast-seo-wordpress\/ -->\n<title>Po raz 11. Rajd Konny dotar\u0142 do Wi\u015bnicza. Zdj\u0119cia - mojabochnia.pl - portal informacyjny<\/title>\n<meta name=\"robots\" content=\"index, follow, max-snippet:-1, max-image-preview:large, max-video-preview:-1\" \/>\n<link rel=\"canonical\" href=\"https:\/\/www.mojabochnia.pl\/?p=222527\" \/>\n<meta property=\"og:locale\" content=\"pl_PL\" \/>\n<meta property=\"og:type\" content=\"article\" \/>\n<meta property=\"og:title\" content=\"Po raz 11. Rajd Konny dotar\u0142 do Wi\u015bnicza. Zdj\u0119cia - mojabochnia.pl - portal informacyjny\" \/>\n<meta property=\"og:description\" content=\"W niedziel\u0119 w wi\u015bnickiej Koryzn\u00f3wce ju\u017c po raz 11. sw\u00f3j fina\u0142 znalaz\u0142 Rajd Konny tras\u0105 ucieczki rotmistrza Pileckiego z niemieckiego obozu koncentracyjnego Auschwitz do Nowego Wi\u015bnicza. Wydarzenie rozpocz\u0119\u0142o si\u0119 w pi\u0105tek a\u00a0jego trasa wiod\u0142a przez O\u015bwi\u0119cim, Alwerni\u0119, Tyniec, okolice Wieliczki, Puszcz\u0119 Niepo\u0142omick\u0105 oraz\u00a0Bochni\u0119, by ostatecznie dotrze\u0107 do Nowego Wi\u015bnicza. Trasa Rajdu nawi\u0105zuje do\u00a0ucieczki Witolda Pileckiego\" \/>\n<meta property=\"og:url\" content=\"https:\/\/www.mojabochnia.pl\/?p=222527\" \/>\n<meta property=\"og:site_name\" content=\"mojabochnia.pl - portal informacyjny\" \/>\n<meta property=\"article:publisher\" content=\"https:\/\/www.facebook.com\/mojabochnia\" \/>\n<meta property=\"article:published_time\" content=\"2026-04-29T03:38:22+00:00\" \/>\n<meta property=\"og:image\" content=\"https:\/\/www.mojabochnia.pl\/wp-content\/uploads\/2026\/04\/DSC_9125.jpg\" \/>\n\t<meta property=\"og:image:width\" content=\"1500\" \/>\n\t<meta property=\"og:image:height\" content=\"1000\" \/>\n\t<meta property=\"og:image:type\" content=\"image\/jpeg\" \/>\n<meta name=\"author\" content=\"Marcin Kalinowski\" \/>\n<meta name=\"twitter:card\" content=\"summary_large_image\" \/>\n<meta name=\"twitter:label1\" content=\"Written by\" \/>\n\t<meta name=\"twitter:data1\" content=\"Marcin Kalinowski\" \/>\n\t<meta name=\"twitter:label2\" content=\"Est. reading time\" \/>\n\t<meta name=\"twitter:data2\" content=\"3 minuty\" \/>\n<script type=\"application\/ld+json\" class=\"yoast-schema-graph\">{\"@context\":\"https:\/\/schema.org\",\"@graph\":[{\"@type\":\"Article\",\"@id\":\"https:\/\/www.mojabochnia.pl\/?p=222527#article\",\"isPartOf\":{\"@id\":\"https:\/\/www.mojabochnia.pl\/?p=222527\"},\"author\":{\"name\":\"Marcin Kalinowski\",\"@id\":\"https:\/\/www.mojabochnia.pl\/#\/schema\/person\/d4c758656c81ae00e6496831fe7b0792\"},\"headline\":\"Po raz 11. Rajd Konny dotar\u0142 do Wi\u015bnicza. Zdj\u0119cia\",\"datePublished\":\"2026-04-29T03:38:22+00:00\",\"mainEntityOfPage\":{\"@id\":\"https:\/\/www.mojabochnia.pl\/?p=222527\"},\"wordCount\":416,\"commentCount\":0,\"publisher\":{\"@id\":\"https:\/\/www.mojabochnia.pl\/#organization\"},\"image\":{\"@id\":\"https:\/\/www.mojabochnia.pl\/?p=222527#primaryimage\"},\"thumbnailUrl\":\"https:\/\/www.mojabochnia.pl\/wp-content\/uploads\/2026\/04\/DSC_9125.jpg\",\"keywords\":[\"bochnia\",\"gmina nowy wi\u015bnicz\",\"Nowy Wi\u015bnicz\",\"powiat boche\u0144ski\",\"rajd konny\",\"rotmistrz witold pilecki\",\"top temat\"],\"articleSection\":[\"2_ostatnie\",\"polityka i wydarzenia\",\"tematyka\"],\"inLanguage\":\"pl-PL\",\"potentialAction\":[{\"@type\":\"CommentAction\",\"name\":\"Comment\",\"target\":[\"https:\/\/www.mojabochnia.pl\/?p=222527#respond\"]}]},{\"@type\":\"WebPage\",\"@id\":\"https:\/\/www.mojabochnia.pl\/?p=222527\",\"url\":\"https:\/\/www.mojabochnia.pl\/?p=222527\",\"name\":\"Po raz 11. Rajd Konny dotar\u0142 do Wi\u015bnicza. Zdj\u0119cia - mojabochnia.pl - portal informacyjny\",\"isPartOf\":{\"@id\":\"https:\/\/www.mojabochnia.pl\/#website\"},\"primaryImageOfPage\":{\"@id\":\"https:\/\/www.mojabochnia.pl\/?p=222527#primaryimage\"},\"image\":{\"@id\":\"https:\/\/www.mojabochnia.pl\/?p=222527#primaryimage\"},\"thumbnailUrl\":\"https:\/\/www.mojabochnia.pl\/wp-content\/uploads\/2026\/04\/DSC_9125.jpg\",\"datePublished\":\"2026-04-29T03:38:22+00:00\",\"breadcrumb\":{\"@id\":\"https:\/\/www.mojabochnia.pl\/?p=222527#breadcrumb\"},\"inLanguage\":\"pl-PL\",\"potentialAction\":[{\"@type\":\"ReadAction\",\"target\":[\"https:\/\/www.mojabochnia.pl\/?p=222527\"]}]},{\"@type\":\"ImageObject\",\"inLanguage\":\"pl-PL\",\"@id\":\"https:\/\/www.mojabochnia.pl\/?p=222527#primaryimage\",\"url\":\"https:\/\/www.mojabochnia.pl\/wp-content\/uploads\/2026\/04\/DSC_9125.jpg\",\"contentUrl\":\"https:\/\/www.mojabochnia.pl\/wp-content\/uploads\/2026\/04\/DSC_9125.jpg\",\"width\":1500,\"height\":1000},{\"@type\":\"BreadcrumbList\",\"@id\":\"https:\/\/www.mojabochnia.pl\/?p=222527#breadcrumb\",\"itemListElement\":[{\"@type\":\"ListItem\",\"position\":1,\"name\":\"Home\",\"item\":\"https:\/\/www.mojabochnia.pl\/\"},{\"@type\":\"ListItem\",\"position\":2,\"name\":\"Po raz 11. Rajd Konny dotar\u0142 do Wi\u015bnicza. Zdj\u0119cia\"}]},{\"@type\":\"WebSite\",\"@id\":\"https:\/\/www.mojabochnia.pl\/#website\",\"url\":\"https:\/\/www.mojabochnia.pl\/\",\"name\":\"mojabochnia.pl - portal informacyjny\",\"description\":\"mojaBochnia to portal informacyjny o Bochni. Codziennie o Bochni piszemy i pokazujemy najwa\u017cniejsze wydarzenia\",\"publisher\":{\"@id\":\"https:\/\/www.mojabochnia.pl\/#organization\"},\"potentialAction\":[{\"@type\":\"SearchAction\",\"target\":{\"@type\":\"EntryPoint\",\"urlTemplate\":\"https:\/\/www.mojabochnia.pl\/?s={search_term_string}\"},\"query-input\":{\"@type\":\"PropertyValueSpecification\",\"valueRequired\":true,\"valueName\":\"search_term_string\"}}],\"inLanguage\":\"pl-PL\"},{\"@type\":\"Organization\",\"@id\":\"https:\/\/www.mojabochnia.pl\/#organization\",\"name\":\"mojabochnia.pl - portal informacyjny\",\"url\":\"https:\/\/www.mojabochnia.pl\/\",\"logo\":{\"@type\":\"ImageObject\",\"inLanguage\":\"pl-PL\",\"@id\":\"https:\/\/www.mojabochnia.pl\/#\/schema\/logo\/image\/\",\"url\":\"https:\/\/www.mojabochnia.pl\/wp-content\/uploads\/2017\/08\/logo-mb-opt.png\",\"contentUrl\":\"https:\/\/www.mojabochnia.pl\/wp-content\/uploads\/2017\/08\/logo-mb-opt.png\",\"width\":250,\"height\":48,\"caption\":\"mojabochnia.pl - portal informacyjny\"},\"image\":{\"@id\":\"https:\/\/www.mojabochnia.pl\/#\/schema\/logo\/image\/\"},\"sameAs\":[\"https:\/\/www.facebook.com\/mojabochnia\"]},{\"@type\":\"Person\",\"@id\":\"https:\/\/www.mojabochnia.pl\/#\/schema\/person\/d4c758656c81ae00e6496831fe7b0792\",\"name\":\"Marcin Kalinowski\",\"url\":\"https:\/\/www.mojabochnia.pl\/?author=29\"}]}<\/script>\n<!-- \/ Yoast SEO plugin. -->","yoast_head_json":{"title":"Po raz 11. Rajd Konny dotar\u0142 do Wi\u015bnicza. Zdj\u0119cia - mojabochnia.pl - portal informacyjny","robots":{"index":"index","follow":"follow","max-snippet":"max-snippet:-1","max-image-preview":"max-image-preview:large","max-video-preview":"max-video-preview:-1"},"canonical":"https:\/\/www.mojabochnia.pl\/?p=222527","og_locale":"pl_PL","og_type":"article","og_title":"Po raz 11. Rajd Konny dotar\u0142 do Wi\u015bnicza. Zdj\u0119cia - mojabochnia.pl - portal informacyjny","og_description":"W niedziel\u0119 w wi\u015bnickiej Koryzn\u00f3wce ju\u017c po raz 11. sw\u00f3j fina\u0142 znalaz\u0142 Rajd Konny tras\u0105 ucieczki rotmistrza Pileckiego z niemieckiego obozu koncentracyjnego Auschwitz do Nowego Wi\u015bnicza. Wydarzenie rozpocz\u0119\u0142o si\u0119 w pi\u0105tek a\u00a0jego trasa wiod\u0142a przez O\u015bwi\u0119cim, Alwerni\u0119, Tyniec, okolice Wieliczki, Puszcz\u0119 Niepo\u0142omick\u0105 oraz\u00a0Bochni\u0119, by ostatecznie dotrze\u0107 do Nowego Wi\u015bnicza. Trasa Rajdu nawi\u0105zuje do\u00a0ucieczki Witolda Pileckiego","og_url":"https:\/\/www.mojabochnia.pl\/?p=222527","og_site_name":"mojabochnia.pl - portal informacyjny","article_publisher":"https:\/\/www.facebook.com\/mojabochnia","article_published_time":"2026-04-29T03:38:22+00:00","og_image":[{"width":1500,"height":1000,"url":"https:\/\/www.mojabochnia.pl\/wp-content\/uploads\/2026\/04\/DSC_9125.jpg","type":"image\/jpeg"}],"author":"Marcin Kalinowski","twitter_card":"summary_large_image","twitter_misc":{"Written by":"Marcin Kalinowski","Est. reading time":"3 minuty"},"schema":{"@context":"https:\/\/schema.org","@graph":[{"@type":"Article","@id":"https:\/\/www.mojabochnia.pl\/?p=222527#article","isPartOf":{"@id":"https:\/\/www.mojabochnia.pl\/?p=222527"},"author":{"name":"Marcin Kalinowski","@id":"https:\/\/www.mojabochnia.pl\/#\/schema\/person\/d4c758656c81ae00e6496831fe7b0792"},"headline":"Po raz 11. Rajd Konny dotar\u0142 do Wi\u015bnicza. Zdj\u0119cia","datePublished":"2026-04-29T03:38:22+00:00","mainEntityOfPage":{"@id":"https:\/\/www.mojabochnia.pl\/?p=222527"},"wordCount":416,"commentCount":0,"publisher":{"@id":"https:\/\/www.mojabochnia.pl\/#organization"},"image":{"@id":"https:\/\/www.mojabochnia.pl\/?p=222527#primaryimage"},"thumbnailUrl":"https:\/\/www.mojabochnia.pl\/wp-content\/uploads\/2026\/04\/DSC_9125.jpg","keywords":["bochnia","gmina nowy wi\u015bnicz","Nowy Wi\u015bnicz","powiat boche\u0144ski","rajd konny","rotmistrz witold pilecki","top temat"],"articleSection":["2_ostatnie","polityka i wydarzenia","tematyka"],"inLanguage":"pl-PL","potentialAction":[{"@type":"CommentAction","name":"Comment","target":["https:\/\/www.mojabochnia.pl\/?p=222527#respond"]}]},{"@type":"WebPage","@id":"https:\/\/www.mojabochnia.pl\/?p=222527","url":"https:\/\/www.mojabochnia.pl\/?p=222527","name":"Po raz 11. Rajd Konny dotar\u0142 do Wi\u015bnicza. Zdj\u0119cia - mojabochnia.pl - portal informacyjny","isPartOf":{"@id":"https:\/\/www.mojabochnia.pl\/#website"},"primaryImageOfPage":{"@id":"https:\/\/www.mojabochnia.pl\/?p=222527#primaryimage"},"image":{"@id":"https:\/\/www.mojabochnia.pl\/?p=222527#primaryimage"},"thumbnailUrl":"https:\/\/www.mojabochnia.pl\/wp-content\/uploads\/2026\/04\/DSC_9125.jpg","datePublished":"2026-04-29T03:38:22+00:00","breadcrumb":{"@id":"https:\/\/www.mojabochnia.pl\/?p=222527#breadcrumb"},"inLanguage":"pl-PL","potentialAction":[{"@type":"ReadAction","target":["https:\/\/www.mojabochnia.pl\/?p=222527"]}]},{"@type":"ImageObject","inLanguage":"pl-PL","@id":"https:\/\/www.mojabochnia.pl\/?p=222527#primaryimage","url":"https:\/\/www.mojabochnia.pl\/wp-content\/uploads\/2026\/04\/DSC_9125.jpg","contentUrl":"https:\/\/www.mojabochnia.pl\/wp-content\/uploads\/2026\/04\/DSC_9125.jpg","width":1500,"height":1000},{"@type":"BreadcrumbList","@id":"https:\/\/www.mojabochnia.pl\/?p=222527#breadcrumb","itemListElement":[{"@type":"ListItem","position":1,"name":"Home","item":"https:\/\/www.mojabochnia.pl\/"},{"@type":"ListItem","position":2,"name":"Po raz 11. Rajd Konny dotar\u0142 do Wi\u015bnicza. Zdj\u0119cia"}]},{"@type":"WebSite","@id":"https:\/\/www.mojabochnia.pl\/#website","url":"https:\/\/www.mojabochnia.pl\/","name":"mojabochnia.pl - portal informacyjny","description":"mojaBochnia to portal informacyjny o Bochni. Codziennie o Bochni piszemy i pokazujemy najwa\u017cniejsze wydarzenia","publisher":{"@id":"https:\/\/www.mojabochnia.pl\/#organization"},"potentialAction":[{"@type":"SearchAction","target":{"@type":"EntryPoint","urlTemplate":"https:\/\/www.mojabochnia.pl\/?s={search_term_string}"},"query-input":{"@type":"PropertyValueSpecification","valueRequired":true,"valueName":"search_term_string"}}],"inLanguage":"pl-PL"},{"@type":"Organization","@id":"https:\/\/www.mojabochnia.pl\/#organization","name":"mojabochnia.pl - portal informacyjny","url":"https:\/\/www.mojabochnia.pl\/","logo":{"@type":"ImageObject","inLanguage":"pl-PL","@id":"https:\/\/www.mojabochnia.pl\/#\/schema\/logo\/image\/","url":"https:\/\/www.mojabochnia.pl\/wp-content\/uploads\/2017\/08\/logo-mb-opt.png","contentUrl":"https:\/\/www.mojabochnia.pl\/wp-content\/uploads\/2017\/08\/logo-mb-opt.png","width":250,"height":48,"caption":"mojabochnia.pl - portal informacyjny"},"image":{"@id":"https:\/\/www.mojabochnia.pl\/#\/schema\/logo\/image\/"},"sameAs":["https:\/\/www.facebook.com\/mojabochnia"]},{"@type":"Person","@id":"https:\/\/www.mojabochnia.pl\/#\/schema\/person\/d4c758656c81ae00e6496831fe7b0792","name":"Marcin Kalinowski","url":"https:\/\/www.mojabochnia.pl\/?author=29"}]}},"_links":{"self":[{"href":"https:\/\/www.mojabochnia.pl\/index.php?rest_route=\/wp\/v2\/posts\/222527","targetHints":{"allow":["GET"]}}],"collection":[{"href":"https:\/\/www.mojabochnia.pl\/index.php?rest_route=\/wp\/v2\/posts"}],"about":[{"href":"https:\/\/www.mojabochnia.pl\/index.php?rest_route=\/wp\/v2\/types\/post"}],"author":[{"embeddable":true,"href":"https:\/\/www.mojabochnia.pl\/index.php?rest_route=\/wp\/v2\/users\/29"}],"replies":[{"embeddable":true,"href":"https:\/\/www.mojabochnia.pl\/index.php?rest_route=%2Fwp%2Fv2%2Fcomments&post=222527"}],"version-history":[{"count":2,"href":"https:\/\/www.mojabochnia.pl\/index.php?rest_route=\/wp\/v2\/posts\/222527\/revisions"}],"predecessor-version":[{"id":222654,"href":"https:\/\/www.mojabochnia.pl\/index.php?rest_route=\/wp\/v2\/posts\/222527\/revisions\/222654"}],"wp:featuredmedia":[{"embeddable":true,"href":"https:\/\/www.mojabochnia.pl\/index.php?rest_route=\/wp\/v2\/media\/222551"}],"wp:attachment":[{"href":"https:\/\/www.mojabochnia.pl\/index.php?rest_route=%2Fwp%2Fv2%2Fmedia&parent=222527"}],"wp:term":[{"taxonomy":"category","embeddable":true,"href":"https:\/\/www.mojabochnia.pl\/index.php?rest_route=%2Fwp%2Fv2%2Fcategories&post=222527"},{"taxonomy":"post_tag","embeddable":true,"href":"https:\/\/www.mojabochnia.pl\/index.php?rest_route=%2Fwp%2Fv2%2Ftags&post=222527"}],"curies":[{"name":"wp","href":"https:\/\/api.w.org\/{rel}","templated":true}]}}